{"id":5010,"date":"2023-09-05T09:15:37","date_gmt":"2023-09-05T14:15:37","guid":{"rendered":"https:\/\/21panorama.com\/?p=5010"},"modified":"2023-09-13T09:30:55","modified_gmt":"2023-09-13T14:30:55","slug":"inauguran-puente-entre-santa-maria-del-llano-y-dolores-amarillas","status":"publish","type":"post","link":"https:\/\/21panorama.com\/index.php\/2023\/09\/05\/inauguran-puente-entre-santa-maria-del-llano-y-dolores-amarillas\/","title":{"rendered":"INAUGURAN PUENTE ENTRE SANTA MAR\u00cdA DEL LLANO Y DOLORES AMARILLAS"},"content":{"rendered":"\n<p><\/p>\n\n\n\n<p>El Diputado Federal y Vicecoordinador del GP del PRI Gustavo C\u00e1rdenas Monroy, estuvo de visita en Santa Mar\u00eda del Llano para acompa\u00f1ar al Presidente Municipal de Ixtlahuaca Abuzeid Lozano Casta\u00f1eda y al Presidente Municipal de Jiquipilco Felipe S\u00e1nchez D\u00e1vila, para inaugurar un puente y el camino que comunica a Santa Mar\u00eda del Llano y Dolores Amarillas, una obra tripartita, que fue gestionada por el Diputado y los Alcaldes.<\/p>\n\n\n\n<p>Cardenas Monroy coment\u00f3 que estos apoyos se gestionaron desde antes que entraran en funciones los alcaldes y que seguir\u00e1n trabajando para buscar m\u00e1s apoyos para carreteras y el campo. Destac\u00f3 la importancia de la construcci\u00f3n de infraestructura que comunique a las distintas comunidades con los caminos principales para que logren su desarrollo en todos los aspectos.<\/p>\n\n\n\n<p>El Diputado Federal insisti\u00f3 en que el esfuerzo tripartita es la mejor forma de lograr el avance de los municipios. Este esfuerzo se ha visto reflejado en el aporte de infraestructura en las comunidades m\u00e1s alejadas de cada municipio, lo que permite a la poblaci\u00f3n de gozar de los servicio b\u00e1sicos y necesarios para tener una calidad de vida mejor.<\/p>\n","protected":false},"excerpt":{"rendered":"<p>El Diputado Federal y Vicecoordinador del GP del PRI Gustavo C\u00e1rdenas Monroy, estuvo de visita en Santa Mar\u00eda del Llano para acompa\u00f1ar al Presidente Municipal de Ixtlahuaca Abuzeid Lozano Casta\u00f1eda y al Presidente Municipal de Jiquipilco Felipe S\u00e1nchez D\u00e1vila, para inaugurar un puente y el camino que comunica a Santa Mar\u00eda del Llano y Dolores Amarillas, una obra tripartita, que fue gestionada por el Diputado y los Alcaldes.<\/p>\n","protected":false},"author":1,"featured_media":5011,"comment_status":"open","ping_status":"open","sticky":false,"template":"","format":"standard","meta":{"footnotes":""},"categories":[3,12,1],"tags":[97,222,315,244,257,33],"class_list":["post-5010","post","type-post","status-publish","format-standard","has-post-thumbnail","hentry","category-ecomomia","category-politica","category-sociedad","tag-edomex","tag-gem","tag-gustavo-cardenas","tag-ixtlahuaca","tag-jiquipilco","tag-pri"],"yoast_head":"<!-- This site is optimized with the Yoast SEO plugin v24.9 - https:\/\/yoast.com\/wordpress\/plugins\/seo\/ -->\n<title>INAUGURAN PUENTE ENTRE SANTA MAR\u00cdA DEL LLANO Y DOLORES AMARILLAS - 21 Panorama<\/title>\n<meta name=\"robots\" content=\"index, follow, max-snippet:-1, max-image-preview:large, max-video-preview:-1\" \/>\n<link rel=\"canonical\" href=\"https:\/\/21panorama.com\/index.php\/2023\/09\/05\/inauguran-puente-entre-santa-maria-del-llano-y-dolores-amarillas\/\" \/>\n<meta property=\"og:locale\" content=\"es_MX\" \/>\n<meta property=\"og:type\" content=\"article\" \/>\n<meta property=\"og:title\" content=\"INAUGURAN PUENTE ENTRE SANTA MAR\u00cdA DEL LLANO Y DOLORES AMARILLAS - 21 Panorama\" \/>\n<meta property=\"og:description\" content=\"El Diputado Federal y Vicecoordinador del GP del PRI Gustavo C\u00e1rdenas Monroy, estuvo de visita en Santa Mar\u00eda del Llano para acompa\u00f1ar al Presidente Municipal de Ixtlahuaca Abuzeid Lozano Casta\u00f1eda y al Presidente Municipal de Jiquipilco Felipe S\u00e1nchez D\u00e1vila, para inaugurar un puente y el camino que comunica a Santa Mar\u00eda del Llano y Dolores Amarillas, una obra tripartita, que fue gestionada por el Diputado y los Alcaldes.\" \/>\n<meta property=\"og:url\" content=\"https:\/\/21panorama.com\/index.php\/2023\/09\/05\/inauguran-puente-entre-santa-maria-del-llano-y-dolores-amarillas\/\" \/>\n<meta property=\"og:site_name\" content=\"21 Panorama\" \/>\n<meta property=\"article:published_time\" content=\"2023-09-05T14:15:37+00:00\" \/>\n<meta property=\"article:modified_time\" content=\"2023-09-13T14:30:55+00:00\" \/>\n<meta property=\"og:image\" content=\"https:\/\/21panorama.com\/wp-content\/uploads\/2023\/09\/Gustavo-Cardenas-040923-3.jpg\" \/>\n\t<meta property=\"og:image:width\" content=\"1024\" \/>\n\t<meta property=\"og:image:height\" content=\"768\" \/>\n\t<meta property=\"og:image:type\" content=\"image\/jpeg\" \/>\n<meta name=\"author\" content=\"admin\" \/>\n<meta name=\"twitter:card\" content=\"summary_large_image\" \/>\n<meta name=\"twitter:label1\" content=\"Escrito por\" \/>\n\t<meta name=\"twitter:data1\" content=\"admin\" \/>\n\t<meta name=\"twitter:label2\" content=\"Tiempo de lectura\" \/>\n\t<meta name=\"twitter:data2\" content=\"1 minuto\" \/>\n<script type=\"application\/ld+json\" class=\"yoast-schema-graph\">{\"@context\":\"https:\/\/schema.org\",\"@graph\":[{\"@type\":\"Article\",\"@id\":\"https:\/\/21panorama.com\/index.php\/2023\/09\/05\/inauguran-puente-entre-santa-maria-del-llano-y-dolores-amarillas\/#article\",\"isPartOf\":{\"@id\":\"https:\/\/21panorama.com\/index.php\/2023\/09\/05\/inauguran-puente-entre-santa-maria-del-llano-y-dolores-amarillas\/\"},\"author\":{\"name\":\"admin\",\"@id\":\"https:\/\/21panorama.com\/#\/schema\/person\/1afc291b96d5792a158768324287319f\"},\"headline\":\"INAUGURAN PUENTE ENTRE SANTA MAR\u00cdA DEL LLANO Y DOLORES AMARILLAS\",\"datePublished\":\"2023-09-05T14:15:37+00:00\",\"dateModified\":\"2023-09-13T14:30:55+00:00\",\"mainEntityOfPage\":{\"@id\":\"https:\/\/21panorama.com\/index.php\/2023\/09\/05\/inauguran-puente-entre-santa-maria-del-llano-y-dolores-amarillas\/\"},\"wordCount\":208,\"commentCount\":0,\"publisher\":{\"@id\":\"https:\/\/21panorama.com\/#organization\"},\"image\":{\"@id\":\"https:\/\/21panorama.com\/index.php\/2023\/09\/05\/inauguran-puente-entre-santa-maria-del-llano-y-dolores-amarillas\/#primaryimage\"},\"thumbnailUrl\":\"https:\/\/21panorama.com\/wp-content\/uploads\/2023\/09\/Gustavo-Cardenas-040923-3.jpg\",\"keywords\":[\"EDOMEX\",\"GEM\",\"GUSTAVO C\u00c1RDENAS\",\"IXTLAHUACA\",\"Jiquipilco\",\"PRI\"],\"articleSection\":[\"Econom\u00eda\",\"Politica\",\"Sociedad\"],\"inLanguage\":\"es\",\"potentialAction\":[{\"@type\":\"CommentAction\",\"name\":\"Comment\",\"target\":[\"https:\/\/21panorama.com\/index.php\/2023\/09\/05\/inauguran-puente-entre-santa-maria-del-llano-y-dolores-amarillas\/#respond\"]}]},{\"@type\":\"WebPage\",\"@id\":\"https:\/\/21panorama.com\/index.php\/2023\/09\/05\/inauguran-puente-entre-santa-maria-del-llano-y-dolores-amarillas\/\",\"url\":\"https:\/\/21panorama.com\/index.php\/2023\/09\/05\/inauguran-puente-entre-santa-maria-del-llano-y-dolores-amarillas\/\",\"name\":\"INAUGURAN PUENTE ENTRE SANTA MAR\u00cdA DEL LLANO Y DOLORES AMARILLAS - 21 Panorama\",\"isPartOf\":{\"@id\":\"https:\/\/21panorama.com\/#website\"},\"primaryImageOfPage\":{\"@id\":\"https:\/\/21panorama.com\/index.php\/2023\/09\/05\/inauguran-puente-entre-santa-maria-del-llano-y-dolores-amarillas\/#primaryimage\"},\"image\":{\"@id\":\"https:\/\/21panorama.com\/index.php\/2023\/09\/05\/inauguran-puente-entre-santa-maria-del-llano-y-dolores-amarillas\/#primaryimage\"},\"thumbnailUrl\":\"https:\/\/21panorama.com\/wp-content\/uploads\/2023\/09\/Gustavo-Cardenas-040923-3.jpg\",\"datePublished\":\"2023-09-05T14:15:37+00:00\",\"dateModified\":\"2023-09-13T14:30:55+00:00\",\"breadcrumb\":{\"@id\":\"https:\/\/21panorama.com\/index.php\/2023\/09\/05\/inauguran-puente-entre-santa-maria-del-llano-y-dolores-amarillas\/#breadcrumb\"},\"inLanguage\":\"es\",\"potentialAction\":[{\"@type\":\"ReadAction\",\"target\":[\"https:\/\/21panorama.com\/index.php\/2023\/09\/05\/inauguran-puente-entre-santa-maria-del-llano-y-dolores-amarillas\/\"]}]},{\"@type\":\"ImageObject\",\"inLanguage\":\"es\",\"@id\":\"https:\/\/21panorama.com\/index.php\/2023\/09\/05\/inauguran-puente-entre-santa-maria-del-llano-y-dolores-amarillas\/#primaryimage\",\"url\":\"https:\/\/21panorama.com\/wp-content\/uploads\/2023\/09\/Gustavo-Cardenas-040923-3.jpg\",\"contentUrl\":\"https:\/\/21panorama.com\/wp-content\/uploads\/2023\/09\/Gustavo-Cardenas-040923-3.jpg\",\"width\":1024,\"height\":768},{\"@type\":\"BreadcrumbList\",\"@id\":\"https:\/\/21panorama.com\/index.php\/2023\/09\/05\/inauguran-puente-entre-santa-maria-del-llano-y-dolores-amarillas\/#breadcrumb\",\"itemListElement\":[{\"@type\":\"ListItem\",\"position\":1,\"name\":\"Inicio\",\"item\":\"https:\/\/21panorama.com\/\"},{\"@type\":\"ListItem\",\"position\":2,\"name\":\"INAUGURAN PUENTE ENTRE SANTA MAR\u00cdA DEL LLANO Y DOLORES AMARILLAS\"}]},{\"@type\":\"WebSite\",\"@id\":\"https:\/\/21panorama.com\/#website\",\"url\":\"https:\/\/21panorama.com\/\",\"name\":\"21 Panorama\",\"description\":\"La construcci\u00f3n de la opini\u00f3n p\u00fablica merece un mejor Panorama en este siglo 21 para alcanzar una sociedad con mayor transparencia y sin corrupci\u00f3n.\",\"publisher\":{\"@id\":\"https:\/\/21panorama.com\/#organization\"},\"potentialAction\":[{\"@type\":\"SearchAction\",\"target\":{\"@type\":\"EntryPoint\",\"urlTemplate\":\"https:\/\/21panorama.com\/?s={search_term_string}\"},\"query-input\":{\"@type\":\"PropertyValueSpecification\",\"valueRequired\":true,\"valueName\":\"search_term_string\"}}],\"inLanguage\":\"es\"},{\"@type\":\"Organization\",\"@id\":\"https:\/\/21panorama.com\/#organization\",\"name\":\"21 Panorama\",\"url\":\"https:\/\/21panorama.com\/\",\"logo\":{\"@type\":\"ImageObject\",\"inLanguage\":\"es\",\"@id\":\"https:\/\/21panorama.com\/#\/schema\/logo\/image\/\",\"url\":\"https:\/\/21panorama.com\/wp-content\/uploads\/2019\/07\/cropped-Logo-Panorama-01.jpeg\",\"contentUrl\":\"https:\/\/21panorama.com\/wp-content\/uploads\/2019\/07\/cropped-Logo-Panorama-01.jpeg\",\"width\":290,\"height\":70,\"caption\":\"21 Panorama\"},\"image\":{\"@id\":\"https:\/\/21panorama.com\/#\/schema\/logo\/image\/\"}},{\"@type\":\"Person\",\"@id\":\"https:\/\/21panorama.com\/#\/schema\/person\/1afc291b96d5792a158768324287319f\",\"name\":\"admin\",\"image\":{\"@type\":\"ImageObject\",\"inLanguage\":\"es\",\"@id\":\"https:\/\/21panorama.com\/#\/schema\/person\/image\/\",\"url\":\"https:\/\/secure.gravatar.com\/avatar\/ad365d9d9f46719215b0d042cc3df92a5a8683e09ef13d102233e5491985f0f0?s=96&d=mm&r=g\",\"contentUrl\":\"https:\/\/secure.gravatar.com\/avatar\/ad365d9d9f46719215b0d042cc3df92a5a8683e09ef13d102233e5491985f0f0?s=96&d=mm&r=g\",\"caption\":\"admin\"},\"url\":\"https:\/\/21panorama.com\/index.php\/author\/admin\/\"}]}<\/script>\n<!-- \/ Yoast SEO plugin. -->","yoast_head_json":{"title":"INAUGURAN PUENTE ENTRE SANTA MAR\u00cdA DEL LLANO Y DOLORES AMARILLAS - 21 Panorama","robots":{"index":"index","follow":"follow","max-snippet":"max-snippet:-1","max-image-preview":"max-image-preview:large","max-video-preview":"max-video-preview:-1"},"canonical":"https:\/\/21panorama.com\/index.php\/2023\/09\/05\/inauguran-puente-entre-santa-maria-del-llano-y-dolores-amarillas\/","og_locale":"es_MX","og_type":"article","og_title":"INAUGURAN PUENTE ENTRE SANTA MAR\u00cdA DEL LLANO Y DOLORES AMARILLAS - 21 Panorama","og_description":"El Diputado Federal y Vicecoordinador del GP del PRI Gustavo C\u00e1rdenas Monroy, estuvo de visita en Santa Mar\u00eda del Llano para acompa\u00f1ar al Presidente Municipal de Ixtlahuaca Abuzeid Lozano Casta\u00f1eda y al Presidente Municipal de Jiquipilco Felipe S\u00e1nchez D\u00e1vila, para inaugurar un puente y el camino que comunica a Santa Mar\u00eda del Llano y Dolores Amarillas, una obra tripartita, que fue gestionada por el Diputado y los Alcaldes.","og_url":"https:\/\/21panorama.com\/index.php\/2023\/09\/05\/inauguran-puente-entre-santa-maria-del-llano-y-dolores-amarillas\/","og_site_name":"21 Panorama","article_published_time":"2023-09-05T14:15:37+00:00","article_modified_time":"2023-09-13T14:30:55+00:00","og_image":[{"width":1024,"height":768,"url":"https:\/\/21panorama.com\/wp-content\/uploads\/2023\/09\/Gustavo-Cardenas-040923-3.jpg","type":"image\/jpeg"}],"author":"admin","twitter_card":"summary_large_image","twitter_misc":{"Escrito por":"admin","Tiempo de lectura":"1 minuto"},"schema":{"@context":"https:\/\/schema.org","@graph":[{"@type":"Article","@id":"https:\/\/21panorama.com\/index.php\/2023\/09\/05\/inauguran-puente-entre-santa-maria-del-llano-y-dolores-amarillas\/#article","isPartOf":{"@id":"https:\/\/21panorama.com\/index.php\/2023\/09\/05\/inauguran-puente-entre-santa-maria-del-llano-y-dolores-amarillas\/"},"author":{"name":"admin","@id":"https:\/\/21panorama.com\/#\/schema\/person\/1afc291b96d5792a158768324287319f"},"headline":"INAUGURAN PUENTE ENTRE SANTA MAR\u00cdA DEL LLANO Y DOLORES AMARILLAS","datePublished":"2023-09-05T14:15:37+00:00","dateModified":"2023-09-13T14:30:55+00:00","mainEntityOfPage":{"@id":"https:\/\/21panorama.com\/index.php\/2023\/09\/05\/inauguran-puente-entre-santa-maria-del-llano-y-dolores-amarillas\/"},"wordCount":208,"commentCount":0,"publisher":{"@id":"https:\/\/21panorama.com\/#organization"},"image":{"@id":"https:\/\/21panorama.com\/index.php\/2023\/09\/05\/inauguran-puente-entre-santa-maria-del-llano-y-dolores-amarillas\/#primaryimage"},"thumbnailUrl":"https:\/\/21panorama.com\/wp-content\/uploads\/2023\/09\/Gustavo-Cardenas-040923-3.jpg","keywords":["EDOMEX","GEM","GUSTAVO C\u00c1RDENAS","IXTLAHUACA","Jiquipilco","PRI"],"articleSection":["Econom\u00eda","Politica","Sociedad"],"inLanguage":"es","potentialAction":[{"@type":"CommentAction","name":"Comment","target":["https:\/\/21panorama.com\/index.php\/2023\/09\/05\/inauguran-puente-entre-santa-maria-del-llano-y-dolores-amarillas\/#respond"]}]},{"@type":"WebPage","@id":"https:\/\/21panorama.com\/index.php\/2023\/09\/05\/inauguran-puente-entre-santa-maria-del-llano-y-dolores-amarillas\/","url":"https:\/\/21panorama.com\/index.php\/2023\/09\/05\/inauguran-puente-entre-santa-maria-del-llano-y-dolores-amarillas\/","name":"INAUGURAN PUENTE ENTRE SANTA MAR\u00cdA DEL LLANO Y DOLORES AMARILLAS - 21 Panorama","isPartOf":{"@id":"https:\/\/21panorama.com\/#website"},"primaryImageOfPage":{"@id":"https:\/\/21panorama.com\/index.php\/2023\/09\/05\/inauguran-puente-entre-santa-maria-del-llano-y-dolores-amarillas\/#primaryimage"},"image":{"@id":"https:\/\/21panorama.com\/index.php\/2023\/09\/05\/inauguran-puente-entre-santa-maria-del-llano-y-dolores-amarillas\/#primaryimage"},"thumbnailUrl":"https:\/\/21panorama.com\/wp-content\/uploads\/2023\/09\/Gustavo-Cardenas-040923-3.jpg","datePublished":"2023-09-05T14:15:37+00:00","dateModified":"2023-09-13T14:30:55+00:00","breadcrumb":{"@id":"https:\/\/21panorama.com\/index.php\/2023\/09\/05\/inauguran-puente-entre-santa-maria-del-llano-y-dolores-amarillas\/#breadcrumb"},"inLanguage":"es","potentialAction":[{"@type":"ReadAction","target":["https:\/\/21panorama.com\/index.php\/2023\/09\/05\/inauguran-puente-entre-santa-maria-del-llano-y-dolores-amarillas\/"]}]},{"@type":"ImageObject","inLanguage":"es","@id":"https:\/\/21panorama.com\/index.php\/2023\/09\/05\/inauguran-puente-entre-santa-maria-del-llano-y-dolores-amarillas\/#primaryimage","url":"https:\/\/21panorama.com\/wp-content\/uploads\/2023\/09\/Gustavo-Cardenas-040923-3.jpg","contentUrl":"https:\/\/21panorama.com\/wp-content\/uploads\/2023\/09\/Gustavo-Cardenas-040923-3.jpg","width":1024,"height":768},{"@type":"BreadcrumbList","@id":"https:\/\/21panorama.com\/index.php\/2023\/09\/05\/inauguran-puente-entre-santa-maria-del-llano-y-dolores-amarillas\/#breadcrumb","itemListElement":[{"@type":"ListItem","position":1,"name":"Inicio","item":"https:\/\/21panorama.com\/"},{"@type":"ListItem","position":2,"name":"INAUGURAN PUENTE ENTRE SANTA MAR\u00cdA DEL LLANO Y DOLORES AMARILLAS"}]},{"@type":"WebSite","@id":"https:\/\/21panorama.com\/#website","url":"https:\/\/21panorama.com\/","name":"21 Panorama","description":"La construcci\u00f3n de la opini\u00f3n p\u00fablica merece un mejor Panorama en este siglo 21 para alcanzar una sociedad con mayor transparencia y sin corrupci\u00f3n.","publisher":{"@id":"https:\/\/21panorama.com\/#organization"},"potentialAction":[{"@type":"SearchAction","target":{"@type":"EntryPoint","urlTemplate":"https:\/\/21panorama.com\/?s={search_term_string}"},"query-input":{"@type":"PropertyValueSpecification","valueRequired":true,"valueName":"search_term_string"}}],"inLanguage":"es"},{"@type":"Organization","@id":"https:\/\/21panorama.com\/#organization","name":"21 Panorama","url":"https:\/\/21panorama.com\/","logo":{"@type":"ImageObject","inLanguage":"es","@id":"https:\/\/21panorama.com\/#\/schema\/logo\/image\/","url":"https:\/\/21panorama.com\/wp-content\/uploads\/2019\/07\/cropped-Logo-Panorama-01.jpeg","contentUrl":"https:\/\/21panorama.com\/wp-content\/uploads\/2019\/07\/cropped-Logo-Panorama-01.jpeg","width":290,"height":70,"caption":"21 Panorama"},"image":{"@id":"https:\/\/21panorama.com\/#\/schema\/logo\/image\/"}},{"@type":"Person","@id":"https:\/\/21panorama.com\/#\/schema\/person\/1afc291b96d5792a158768324287319f","name":"admin","image":{"@type":"ImageObject","inLanguage":"es","@id":"https:\/\/21panorama.com\/#\/schema\/person\/image\/","url":"https:\/\/secure.gravatar.com\/avatar\/ad365d9d9f46719215b0d042cc3df92a5a8683e09ef13d102233e5491985f0f0?s=96&d=mm&r=g","contentUrl":"https:\/\/secure.gravatar.com\/avatar\/ad365d9d9f46719215b0d042cc3df92a5a8683e09ef13d102233e5491985f0f0?s=96&d=mm&r=g","caption":"admin"},"url":"https:\/\/21panorama.com\/index.php\/author\/admin\/"}]}},"_links":{"self":[{"href":"https:\/\/21panorama.com\/index.php\/wp-json\/wp\/v2\/posts\/5010","targetHints":{"allow":["GET"]}}],"collection":[{"href":"https:\/\/21panorama.com\/index.php\/wp-json\/wp\/v2\/posts"}],"about":[{"href":"https:\/\/21panorama.com\/index.php\/wp-json\/wp\/v2\/types\/post"}],"author":[{"embeddable":true,"href":"https:\/\/21panorama.com\/index.php\/wp-json\/wp\/v2\/users\/1"}],"replies":[{"embeddable":true,"href":"https:\/\/21panorama.com\/index.php\/wp-json\/wp\/v2\/comments?post=5010"}],"version-history":[{"count":1,"href":"https:\/\/21panorama.com\/index.php\/wp-json\/wp\/v2\/posts\/5010\/revisions"}],"predecessor-version":[{"id":5012,"href":"https:\/\/21panorama.com\/index.php\/wp-json\/wp\/v2\/posts\/5010\/revisions\/5012"}],"wp:featuredmedia":[{"embeddable":true,"href":"https:\/\/21panorama.com\/index.php\/wp-json\/wp\/v2\/media\/5011"}],"wp:attachment":[{"href":"https:\/\/21panorama.com\/index.php\/wp-json\/wp\/v2\/media?parent=5010"}],"wp:term":[{"taxonomy":"category","embeddable":true,"href":"https:\/\/21panorama.com\/index.php\/wp-json\/wp\/v2\/categories?post=5010"},{"taxonomy":"post_tag","embeddable":true,"href":"https:\/\/21panorama.com\/index.php\/wp-json\/wp\/v2\/tags?post=5010"}],"curies":[{"name":"wp","href":"https:\/\/api.w.org\/{rel}","templated":true}]}}