{"id":4994,"date":"2023-09-06T23:05:01","date_gmt":"2023-09-07T04:05:01","guid":{"rendered":"https:\/\/21panorama.com\/?p=4994"},"modified":"2023-09-06T23:05:02","modified_gmt":"2023-09-07T04:05:02","slug":"aculco-presente-en-la-inauguracion-de-aqua-tech-mexico-2023","status":"publish","type":"post","link":"https:\/\/21panorama.com\/index.php\/2023\/09\/06\/aculco-presente-en-la-inauguracion-de-aqua-tech-mexico-2023\/","title":{"rendered":"ACULCO PRESENTE EN LA INAUGURACI\u00d3N DE AQUA TECH M\u00c9XICO 2023"},"content":{"rendered":"\n<p><\/p>\n\n\n\n<p>Como seguimiento a la conferencia del \u201cAgua 2023\u201d brindada por la ONU; el Presidente Municipal de Aculco, Jorge Alfredo Osornio Victoria asisti\u00f3 a la inauguraci\u00f3n de Aqua Tech M\u00e9xico 2023, evento organizado por los Pa\u00edses Bajos y en donde se abordaron temas importantes con respecto al agua potable.<\/p>\n\n\n\n<p>Se presentar\u00e1n diferentes expositores, profesionales y expertos en las industrias de tecnolog\u00eda del agua en Am\u00e9rica. Podr\u00e1n conocer las \u00faltimas tendencias, desarrollos y soluciones de los retos de la industria del agua. Tambi\u00e9n podr\u00e1 participar en las diferentes sesiones y conocer nuevos socios durante el evento.<\/p>\n\n\n\n<p>Se espera una gran afluencia de participantes que podr\u00e1n entablar relaciones comerciales rentables, intercambiar ideas y aprender todo sobre las oportunidades en esta regi\u00f3n espec\u00edfica para la tecnolog\u00eda del agua.<\/p>\n\n\n\n<p>Es bien sabido que el agua es un gran desaf\u00edo en M\u00e9xico, es por esto que la CONAGUA plantea garantizar los derechos humanos al agua y al saneamiento, especialmente para la poblaci\u00f3n m\u00e1s vulnerable y aprovechar eficientemente el agua para contribuir al desarrollo sustentable de los sectores productivos.<\/p>\n\n\n\n<p>Asimismo, se busca reducir la vulnerabilidad de la poblaci\u00f3n ante inundaciones y sequ\u00edas, preservar la integridad del ciclo del agua para garantizar los servicios h\u00eddricos que dependen de cuencas y acu\u00edferos, as\u00ed como mejorar la gobernanza del agua.<\/p>\n\n\n\n<p>Aqua Tech se llevar\u00e1 a cabo del 05 al 07 de septiembre en el Centro Citibanamex en la CDMX de las 12 hrs a las 19 hrs. El acceso ser\u00e1 sin costo, previo registro, al piso de exposici\u00f3n de AquaTech Mexico y a los eventos paralelos The Green Expo, Intersolar Mexico y Mexico Wind Power.<\/p>\n","protected":false},"excerpt":{"rendered":"<p>Como seguimiento a la conferencia del \u201cAgua 2023\u201d brindada por la ONU; el Presidente Municipal de Aculco, Jorge Alfredo Osornio Victoria asisti\u00f3 a la inauguraci\u00f3n de Aqua Tech M\u00e9xico 2023, evento organizado por los Pa\u00edses Bajos y en donde se abordaron temas importantes con respecto al agua potable.<\/p>\n","protected":false},"author":1,"featured_media":4995,"comment_status":"open","ping_status":"open","sticky":false,"template":"","format":"standard","meta":{"footnotes":""},"categories":[11,12,1,4],"tags":[166,97,222,317],"class_list":["post-4994","post","type-post","status-publish","format-standard","has-post-thumbnail","hentry","category-medio-ambiente","category-politica","category-sociedad","category-tecnologia","tag-aculco","tag-edomex","tag-gem","tag-jorge-osornio"],"yoast_head":"<!-- This site is optimized with the Yoast SEO plugin v24.9 - https:\/\/yoast.com\/wordpress\/plugins\/seo\/ -->\n<title>ACULCO PRESENTE EN LA INAUGURACI\u00d3N DE AQUA TECH M\u00c9XICO 2023 - 21 Panorama<\/title>\n<meta name=\"robots\" content=\"index, follow, max-snippet:-1, max-image-preview:large, max-video-preview:-1\" \/>\n<link rel=\"canonical\" href=\"https:\/\/21panorama.com\/index.php\/2023\/09\/06\/aculco-presente-en-la-inauguracion-de-aqua-tech-mexico-2023\/\" \/>\n<meta property=\"og:locale\" content=\"es_MX\" \/>\n<meta property=\"og:type\" content=\"article\" \/>\n<meta property=\"og:title\" content=\"ACULCO PRESENTE EN LA INAUGURACI\u00d3N DE AQUA TECH M\u00c9XICO 2023 - 21 Panorama\" \/>\n<meta property=\"og:description\" content=\"Como seguimiento a la conferencia del \u201cAgua 2023\u201d brindada por la ONU; el Presidente Municipal de Aculco, Jorge Alfredo Osornio Victoria asisti\u00f3 a la inauguraci\u00f3n de Aqua Tech M\u00e9xico 2023, evento organizado por los Pa\u00edses Bajos y en donde se abordaron temas importantes con respecto al agua potable.\" \/>\n<meta property=\"og:url\" content=\"https:\/\/21panorama.com\/index.php\/2023\/09\/06\/aculco-presente-en-la-inauguracion-de-aqua-tech-mexico-2023\/\" \/>\n<meta property=\"og:site_name\" content=\"21 Panorama\" \/>\n<meta property=\"article:published_time\" content=\"2023-09-07T04:05:01+00:00\" \/>\n<meta property=\"article:modified_time\" content=\"2023-09-07T04:05:02+00:00\" \/>\n<meta property=\"og:image\" content=\"https:\/\/21panorama.com\/wp-content\/uploads\/2023\/09\/Aculco-Aqua-Tech-060923-3.jpg\" \/>\n\t<meta property=\"og:image:width\" content=\"711\" \/>\n\t<meta property=\"og:image:height\" content=\"508\" \/>\n\t<meta property=\"og:image:type\" content=\"image\/jpeg\" \/>\n<meta name=\"author\" content=\"admin\" \/>\n<meta name=\"twitter:card\" content=\"summary_large_image\" \/>\n<meta name=\"twitter:label1\" content=\"Escrito por\" \/>\n\t<meta name=\"twitter:data1\" content=\"admin\" \/>\n\t<meta name=\"twitter:label2\" content=\"Tiempo de lectura\" \/>\n\t<meta name=\"twitter:data2\" content=\"2 minutos\" \/>\n<script type=\"application\/ld+json\" class=\"yoast-schema-graph\">{\"@context\":\"https:\/\/schema.org\",\"@graph\":[{\"@type\":\"Article\",\"@id\":\"https:\/\/21panorama.com\/index.php\/2023\/09\/06\/aculco-presente-en-la-inauguracion-de-aqua-tech-mexico-2023\/#article\",\"isPartOf\":{\"@id\":\"https:\/\/21panorama.com\/index.php\/2023\/09\/06\/aculco-presente-en-la-inauguracion-de-aqua-tech-mexico-2023\/\"},\"author\":{\"name\":\"admin\",\"@id\":\"https:\/\/21panorama.com\/#\/schema\/person\/1afc291b96d5792a158768324287319f\"},\"headline\":\"ACULCO PRESENTE EN LA INAUGURACI\u00d3N DE AQUA TECH M\u00c9XICO 2023\",\"datePublished\":\"2023-09-07T04:05:01+00:00\",\"dateModified\":\"2023-09-07T04:05:02+00:00\",\"mainEntityOfPage\":{\"@id\":\"https:\/\/21panorama.com\/index.php\/2023\/09\/06\/aculco-presente-en-la-inauguracion-de-aqua-tech-mexico-2023\/\"},\"wordCount\":291,\"commentCount\":0,\"publisher\":{\"@id\":\"https:\/\/21panorama.com\/#organization\"},\"image\":{\"@id\":\"https:\/\/21panorama.com\/index.php\/2023\/09\/06\/aculco-presente-en-la-inauguracion-de-aqua-tech-mexico-2023\/#primaryimage\"},\"thumbnailUrl\":\"https:\/\/21panorama.com\/wp-content\/uploads\/2023\/09\/Aculco-Aqua-Tech-060923-3.jpg\",\"keywords\":[\"aculco\",\"EDOMEX\",\"GEM\",\"JORGE OSORNIO\"],\"articleSection\":[\"Medio Ambiente\",\"Politica\",\"Sociedad\",\"Tecnolog\u00eda\"],\"inLanguage\":\"es\",\"potentialAction\":[{\"@type\":\"CommentAction\",\"name\":\"Comment\",\"target\":[\"https:\/\/21panorama.com\/index.php\/2023\/09\/06\/aculco-presente-en-la-inauguracion-de-aqua-tech-mexico-2023\/#respond\"]}]},{\"@type\":\"WebPage\",\"@id\":\"https:\/\/21panorama.com\/index.php\/2023\/09\/06\/aculco-presente-en-la-inauguracion-de-aqua-tech-mexico-2023\/\",\"url\":\"https:\/\/21panorama.com\/index.php\/2023\/09\/06\/aculco-presente-en-la-inauguracion-de-aqua-tech-mexico-2023\/\",\"name\":\"ACULCO PRESENTE EN LA INAUGURACI\u00d3N DE AQUA TECH M\u00c9XICO 2023 - 21 Panorama\",\"isPartOf\":{\"@id\":\"https:\/\/21panorama.com\/#website\"},\"primaryImageOfPage\":{\"@id\":\"https:\/\/21panorama.com\/index.php\/2023\/09\/06\/aculco-presente-en-la-inauguracion-de-aqua-tech-mexico-2023\/#primaryimage\"},\"image\":{\"@id\":\"https:\/\/21panorama.com\/index.php\/2023\/09\/06\/aculco-presente-en-la-inauguracion-de-aqua-tech-mexico-2023\/#primaryimage\"},\"thumbnailUrl\":\"https:\/\/21panorama.com\/wp-content\/uploads\/2023\/09\/Aculco-Aqua-Tech-060923-3.jpg\",\"datePublished\":\"2023-09-07T04:05:01+00:00\",\"dateModified\":\"2023-09-07T04:05:02+00:00\",\"breadcrumb\":{\"@id\":\"https:\/\/21panorama.com\/index.php\/2023\/09\/06\/aculco-presente-en-la-inauguracion-de-aqua-tech-mexico-2023\/#breadcrumb\"},\"inLanguage\":\"es\",\"potentialAction\":[{\"@type\":\"ReadAction\",\"target\":[\"https:\/\/21panorama.com\/index.php\/2023\/09\/06\/aculco-presente-en-la-inauguracion-de-aqua-tech-mexico-2023\/\"]}]},{\"@type\":\"ImageObject\",\"inLanguage\":\"es\",\"@id\":\"https:\/\/21panorama.com\/index.php\/2023\/09\/06\/aculco-presente-en-la-inauguracion-de-aqua-tech-mexico-2023\/#primaryimage\",\"url\":\"https:\/\/21panorama.com\/wp-content\/uploads\/2023\/09\/Aculco-Aqua-Tech-060923-3.jpg\",\"contentUrl\":\"https:\/\/21panorama.com\/wp-content\/uploads\/2023\/09\/Aculco-Aqua-Tech-060923-3.jpg\",\"width\":711,\"height\":508},{\"@type\":\"BreadcrumbList\",\"@id\":\"https:\/\/21panorama.com\/index.php\/2023\/09\/06\/aculco-presente-en-la-inauguracion-de-aqua-tech-mexico-2023\/#breadcrumb\",\"itemListElement\":[{\"@type\":\"ListItem\",\"position\":1,\"name\":\"Inicio\",\"item\":\"https:\/\/21panorama.com\/\"},{\"@type\":\"ListItem\",\"position\":2,\"name\":\"ACULCO PRESENTE EN LA INAUGURACI\u00d3N DE AQUA TECH M\u00c9XICO 2023\"}]},{\"@type\":\"WebSite\",\"@id\":\"https:\/\/21panorama.com\/#website\",\"url\":\"https:\/\/21panorama.com\/\",\"name\":\"21 Panorama\",\"description\":\"La construcci\u00f3n de la opini\u00f3n p\u00fablica merece un mejor Panorama en este siglo 21 para alcanzar una sociedad con mayor transparencia y sin corrupci\u00f3n.\",\"publisher\":{\"@id\":\"https:\/\/21panorama.com\/#organization\"},\"potentialAction\":[{\"@type\":\"SearchAction\",\"target\":{\"@type\":\"EntryPoint\",\"urlTemplate\":\"https:\/\/21panorama.com\/?s={search_term_string}\"},\"query-input\":{\"@type\":\"PropertyValueSpecification\",\"valueRequired\":true,\"valueName\":\"search_term_string\"}}],\"inLanguage\":\"es\"},{\"@type\":\"Organization\",\"@id\":\"https:\/\/21panorama.com\/#organization\",\"name\":\"21 Panorama\",\"url\":\"https:\/\/21panorama.com\/\",\"logo\":{\"@type\":\"ImageObject\",\"inLanguage\":\"es\",\"@id\":\"https:\/\/21panorama.com\/#\/schema\/logo\/image\/\",\"url\":\"https:\/\/21panorama.com\/wp-content\/uploads\/2019\/07\/cropped-Logo-Panorama-01.jpeg\",\"contentUrl\":\"https:\/\/21panorama.com\/wp-content\/uploads\/2019\/07\/cropped-Logo-Panorama-01.jpeg\",\"width\":290,\"height\":70,\"caption\":\"21 Panorama\"},\"image\":{\"@id\":\"https:\/\/21panorama.com\/#\/schema\/logo\/image\/\"}},{\"@type\":\"Person\",\"@id\":\"https:\/\/21panorama.com\/#\/schema\/person\/1afc291b96d5792a158768324287319f\",\"name\":\"admin\",\"image\":{\"@type\":\"ImageObject\",\"inLanguage\":\"es\",\"@id\":\"https:\/\/21panorama.com\/#\/schema\/person\/image\/\",\"url\":\"https:\/\/secure.gravatar.com\/avatar\/ad365d9d9f46719215b0d042cc3df92a5a8683e09ef13d102233e5491985f0f0?s=96&d=mm&r=g\",\"contentUrl\":\"https:\/\/secure.gravatar.com\/avatar\/ad365d9d9f46719215b0d042cc3df92a5a8683e09ef13d102233e5491985f0f0?s=96&d=mm&r=g\",\"caption\":\"admin\"},\"url\":\"https:\/\/21panorama.com\/index.php\/author\/admin\/\"}]}<\/script>\n<!-- \/ Yoast SEO plugin. -->","yoast_head_json":{"title":"ACULCO PRESENTE EN LA INAUGURACI\u00d3N DE AQUA TECH M\u00c9XICO 2023 - 21 Panorama","robots":{"index":"index","follow":"follow","max-snippet":"max-snippet:-1","max-image-preview":"max-image-preview:large","max-video-preview":"max-video-preview:-1"},"canonical":"https:\/\/21panorama.com\/index.php\/2023\/09\/06\/aculco-presente-en-la-inauguracion-de-aqua-tech-mexico-2023\/","og_locale":"es_MX","og_type":"article","og_title":"ACULCO PRESENTE EN LA INAUGURACI\u00d3N DE AQUA TECH M\u00c9XICO 2023 - 21 Panorama","og_description":"Como seguimiento a la conferencia del \u201cAgua 2023\u201d brindada por la ONU; el Presidente Municipal de Aculco, Jorge Alfredo Osornio Victoria asisti\u00f3 a la inauguraci\u00f3n de Aqua Tech M\u00e9xico 2023, evento organizado por los Pa\u00edses Bajos y en donde se abordaron temas importantes con respecto al agua potable.","og_url":"https:\/\/21panorama.com\/index.php\/2023\/09\/06\/aculco-presente-en-la-inauguracion-de-aqua-tech-mexico-2023\/","og_site_name":"21 Panorama","article_published_time":"2023-09-07T04:05:01+00:00","article_modified_time":"2023-09-07T04:05:02+00:00","og_image":[{"width":711,"height":508,"url":"https:\/\/21panorama.com\/wp-content\/uploads\/2023\/09\/Aculco-Aqua-Tech-060923-3.jpg","type":"image\/jpeg"}],"author":"admin","twitter_card":"summary_large_image","twitter_misc":{"Escrito por":"admin","Tiempo de lectura":"2 minutos"},"schema":{"@context":"https:\/\/schema.org","@graph":[{"@type":"Article","@id":"https:\/\/21panorama.com\/index.php\/2023\/09\/06\/aculco-presente-en-la-inauguracion-de-aqua-tech-mexico-2023\/#article","isPartOf":{"@id":"https:\/\/21panorama.com\/index.php\/2023\/09\/06\/aculco-presente-en-la-inauguracion-de-aqua-tech-mexico-2023\/"},"author":{"name":"admin","@id":"https:\/\/21panorama.com\/#\/schema\/person\/1afc291b96d5792a158768324287319f"},"headline":"ACULCO PRESENTE EN LA INAUGURACI\u00d3N DE AQUA TECH M\u00c9XICO 2023","datePublished":"2023-09-07T04:05:01+00:00","dateModified":"2023-09-07T04:05:02+00:00","mainEntityOfPage":{"@id":"https:\/\/21panorama.com\/index.php\/2023\/09\/06\/aculco-presente-en-la-inauguracion-de-aqua-tech-mexico-2023\/"},"wordCount":291,"commentCount":0,"publisher":{"@id":"https:\/\/21panorama.com\/#organization"},"image":{"@id":"https:\/\/21panorama.com\/index.php\/2023\/09\/06\/aculco-presente-en-la-inauguracion-de-aqua-tech-mexico-2023\/#primaryimage"},"thumbnailUrl":"https:\/\/21panorama.com\/wp-content\/uploads\/2023\/09\/Aculco-Aqua-Tech-060923-3.jpg","keywords":["aculco","EDOMEX","GEM","JORGE OSORNIO"],"articleSection":["Medio Ambiente","Politica","Sociedad","Tecnolog\u00eda"],"inLanguage":"es","potentialAction":[{"@type":"CommentAction","name":"Comment","target":["https:\/\/21panorama.com\/index.php\/2023\/09\/06\/aculco-presente-en-la-inauguracion-de-aqua-tech-mexico-2023\/#respond"]}]},{"@type":"WebPage","@id":"https:\/\/21panorama.com\/index.php\/2023\/09\/06\/aculco-presente-en-la-inauguracion-de-aqua-tech-mexico-2023\/","url":"https:\/\/21panorama.com\/index.php\/2023\/09\/06\/aculco-presente-en-la-inauguracion-de-aqua-tech-mexico-2023\/","name":"ACULCO PRESENTE EN LA INAUGURACI\u00d3N DE AQUA TECH M\u00c9XICO 2023 - 21 Panorama","isPartOf":{"@id":"https:\/\/21panorama.com\/#website"},"primaryImageOfPage":{"@id":"https:\/\/21panorama.com\/index.php\/2023\/09\/06\/aculco-presente-en-la-inauguracion-de-aqua-tech-mexico-2023\/#primaryimage"},"image":{"@id":"https:\/\/21panorama.com\/index.php\/2023\/09\/06\/aculco-presente-en-la-inauguracion-de-aqua-tech-mexico-2023\/#primaryimage"},"thumbnailUrl":"https:\/\/21panorama.com\/wp-content\/uploads\/2023\/09\/Aculco-Aqua-Tech-060923-3.jpg","datePublished":"2023-09-07T04:05:01+00:00","dateModified":"2023-09-07T04:05:02+00:00","breadcrumb":{"@id":"https:\/\/21panorama.com\/index.php\/2023\/09\/06\/aculco-presente-en-la-inauguracion-de-aqua-tech-mexico-2023\/#breadcrumb"},"inLanguage":"es","potentialAction":[{"@type":"ReadAction","target":["https:\/\/21panorama.com\/index.php\/2023\/09\/06\/aculco-presente-en-la-inauguracion-de-aqua-tech-mexico-2023\/"]}]},{"@type":"ImageObject","inLanguage":"es","@id":"https:\/\/21panorama.com\/index.php\/2023\/09\/06\/aculco-presente-en-la-inauguracion-de-aqua-tech-mexico-2023\/#primaryimage","url":"https:\/\/21panorama.com\/wp-content\/uploads\/2023\/09\/Aculco-Aqua-Tech-060923-3.jpg","contentUrl":"https:\/\/21panorama.com\/wp-content\/uploads\/2023\/09\/Aculco-Aqua-Tech-060923-3.jpg","width":711,"height":508},{"@type":"BreadcrumbList","@id":"https:\/\/21panorama.com\/index.php\/2023\/09\/06\/aculco-presente-en-la-inauguracion-de-aqua-tech-mexico-2023\/#breadcrumb","itemListElement":[{"@type":"ListItem","position":1,"name":"Inicio","item":"https:\/\/21panorama.com\/"},{"@type":"ListItem","position":2,"name":"ACULCO PRESENTE EN LA INAUGURACI\u00d3N DE AQUA TECH M\u00c9XICO 2023"}]},{"@type":"WebSite","@id":"https:\/\/21panorama.com\/#website","url":"https:\/\/21panorama.com\/","name":"21 Panorama","description":"La construcci\u00f3n de la opini\u00f3n p\u00fablica merece un mejor Panorama en este siglo 21 para alcanzar una sociedad con mayor transparencia y sin corrupci\u00f3n.","publisher":{"@id":"https:\/\/21panorama.com\/#organization"},"potentialAction":[{"@type":"SearchAction","target":{"@type":"EntryPoint","urlTemplate":"https:\/\/21panorama.com\/?s={search_term_string}"},"query-input":{"@type":"PropertyValueSpecification","valueRequired":true,"valueName":"search_term_string"}}],"inLanguage":"es"},{"@type":"Organization","@id":"https:\/\/21panorama.com\/#organization","name":"21 Panorama","url":"https:\/\/21panorama.com\/","logo":{"@type":"ImageObject","inLanguage":"es","@id":"https:\/\/21panorama.com\/#\/schema\/logo\/image\/","url":"https:\/\/21panorama.com\/wp-content\/uploads\/2019\/07\/cropped-Logo-Panorama-01.jpeg","contentUrl":"https:\/\/21panorama.com\/wp-content\/uploads\/2019\/07\/cropped-Logo-Panorama-01.jpeg","width":290,"height":70,"caption":"21 Panorama"},"image":{"@id":"https:\/\/21panorama.com\/#\/schema\/logo\/image\/"}},{"@type":"Person","@id":"https:\/\/21panorama.com\/#\/schema\/person\/1afc291b96d5792a158768324287319f","name":"admin","image":{"@type":"ImageObject","inLanguage":"es","@id":"https:\/\/21panorama.com\/#\/schema\/person\/image\/","url":"https:\/\/secure.gravatar.com\/avatar\/ad365d9d9f46719215b0d042cc3df92a5a8683e09ef13d102233e5491985f0f0?s=96&d=mm&r=g","contentUrl":"https:\/\/secure.gravatar.com\/avatar\/ad365d9d9f46719215b0d042cc3df92a5a8683e09ef13d102233e5491985f0f0?s=96&d=mm&r=g","caption":"admin"},"url":"https:\/\/21panorama.com\/index.php\/author\/admin\/"}]}},"_links":{"self":[{"href":"https:\/\/21panorama.com\/index.php\/wp-json\/wp\/v2\/posts\/4994","targetHints":{"allow":["GET"]}}],"collection":[{"href":"https:\/\/21panorama.com\/index.php\/wp-json\/wp\/v2\/posts"}],"about":[{"href":"https:\/\/21panorama.com\/index.php\/wp-json\/wp\/v2\/types\/post"}],"author":[{"embeddable":true,"href":"https:\/\/21panorama.com\/index.php\/wp-json\/wp\/v2\/users\/1"}],"replies":[{"embeddable":true,"href":"https:\/\/21panorama.com\/index.php\/wp-json\/wp\/v2\/comments?post=4994"}],"version-history":[{"count":1,"href":"https:\/\/21panorama.com\/index.php\/wp-json\/wp\/v2\/posts\/4994\/revisions"}],"predecessor-version":[{"id":4996,"href":"https:\/\/21panorama.com\/index.php\/wp-json\/wp\/v2\/posts\/4994\/revisions\/4996"}],"wp:featuredmedia":[{"embeddable":true,"href":"https:\/\/21panorama.com\/index.php\/wp-json\/wp\/v2\/media\/4995"}],"wp:attachment":[{"href":"https:\/\/21panorama.com\/index.php\/wp-json\/wp\/v2\/media?parent=4994"}],"wp:term":[{"taxonomy":"category","embeddable":true,"href":"https:\/\/21panorama.com\/index.php\/wp-json\/wp\/v2\/categories?post=4994"},{"taxonomy":"post_tag","embeddable":true,"href":"https:\/\/21panorama.com\/index.php\/wp-json\/wp\/v2\/tags?post=4994"}],"curies":[{"name":"wp","href":"https:\/\/api.w.org\/{rel}","templated":true}]}}