{"id":4984,"date":"2023-08-18T00:07:47","date_gmt":"2023-08-18T05:07:47","guid":{"rendered":"https:\/\/21panorama.com\/?p=4984"},"modified":"2023-11-07T06:46:58","modified_gmt":"2023-11-07T12:46:58","slug":"tianguis-de-la-economia-campesina-oportunidad-para-que-los-aculquenses-impulsen-la-economia-local","status":"publish","type":"post","link":"https:\/\/21panorama.com\/index.php\/2023\/08\/18\/tianguis-de-la-economia-campesina-oportunidad-para-que-los-aculquenses-impulsen-la-economia-local\/","title":{"rendered":"\u201cTIANGUIS DE LA ECONOM\u00cdA CAMPESINA\u201d, OPORTUNIDAD PARA QUE LOS ACULQUENSES IMPULSEN LA ECONOM\u00cdA LOCAL"},"content":{"rendered":"\n<p><\/p>\n\n\n\n<p>El Gobierno Municipal de Aculco 2022-2024, encabezado por el Presidente Municipal, Jorge Alfredo Osornio Victoria, en coordinaci\u00f3n con la Secretar\u00eda del Campo, dieron luz verde al \u201cTianguis de la Econom\u00eda Campesina\u201d donde productores de las distintas comunidades de Aculco ofrecieron sus productos en el Kiosco Municipal.<\/p>\n\n\n\n<p>Este evento tiene el prop\u00f3sito de apoyar la econom\u00eda campesina, y en el que se pusieron a la venta productos elaborados y comercializados por productores y productoras de la regi\u00f3n. El alcalde indic\u00f3 que la finalidad de este tianguis es la de fortalecer la actividad agropecuaria en el Municipio de Aculco y fomentar acciones que impulsen la econom\u00eda de las y los productores del campo local.<\/p>\n\n\n\n<p>Jorge Osornio reafirm\u00f3 su preocupaci\u00f3n el bienestar de las y los productores y de sus familias, buscando siempre brindar apoyos al sector para que mejore su productividad y promueva su sustentabilidad fomentando un desarrollo regional m\u00e1s equilibrado.<\/p>\n\n\n\n<p>Osornio destac\u00f3 que el progreso del campo mexiquense compromete a todos porque implica el impulso a las econom\u00edas locales, posibilita el bienestar de las familias productoras y permite valorar la cultura rural que los identifica, los une y los enorgullece.<\/p>\n","protected":false},"excerpt":{"rendered":"<p>El Gobierno Municipal de Aculco 2022-2024, encabezado por el Presidente Municipal, Jorge Alfredo Osornio Victoria, en coordinaci\u00f3n con la Secretar\u00eda del Campo, dieron luz verde al \u201cTianguis de la Econom\u00eda Campesina\u201d donde productores de las distintas comunidades de Aculco ofrecieron sus productos en el Kiosco Municipal.<\/p>\n","protected":false},"author":1,"featured_media":4985,"comment_status":"open","ping_status":"open","sticky":false,"template":"","format":"standard","meta":{"footnotes":""},"categories":[3,12,1],"tags":[166,97,222,317],"class_list":["post-4984","post","type-post","status-publish","format-standard","has-post-thumbnail","hentry","category-ecomomia","category-politica","category-sociedad","tag-aculco","tag-edomex","tag-gem","tag-jorge-osornio"],"yoast_head":"<!-- This site is optimized with the Yoast SEO plugin v24.9 - https:\/\/yoast.com\/wordpress\/plugins\/seo\/ -->\n<title>\u201cTIANGUIS DE LA ECONOM\u00cdA CAMPESINA\u201d, OPORTUNIDAD PARA QUE LOS ACULQUENSES IMPULSEN LA ECONOM\u00cdA LOCAL - 21 Panorama<\/title>\n<meta name=\"robots\" content=\"index, follow, max-snippet:-1, max-image-preview:large, max-video-preview:-1\" \/>\n<link rel=\"canonical\" href=\"https:\/\/21panorama.com\/index.php\/2023\/08\/18\/tianguis-de-la-economia-campesina-oportunidad-para-que-los-aculquenses-impulsen-la-economia-local\/\" \/>\n<meta property=\"og:locale\" content=\"es_MX\" \/>\n<meta property=\"og:type\" content=\"article\" \/>\n<meta property=\"og:title\" content=\"\u201cTIANGUIS DE LA ECONOM\u00cdA CAMPESINA\u201d, OPORTUNIDAD PARA QUE LOS ACULQUENSES IMPULSEN LA ECONOM\u00cdA LOCAL - 21 Panorama\" \/>\n<meta property=\"og:description\" content=\"El Gobierno Municipal de Aculco 2022-2024, encabezado por el Presidente Municipal, Jorge Alfredo Osornio Victoria, en coordinaci\u00f3n con la Secretar\u00eda del Campo, dieron luz verde al \u201cTianguis de la Econom\u00eda Campesina\u201d donde productores de las distintas comunidades de Aculco ofrecieron sus productos en el Kiosco Municipal.\" \/>\n<meta property=\"og:url\" content=\"https:\/\/21panorama.com\/index.php\/2023\/08\/18\/tianguis-de-la-economia-campesina-oportunidad-para-que-los-aculquenses-impulsen-la-economia-local\/\" \/>\n<meta property=\"og:site_name\" content=\"21 Panorama\" \/>\n<meta property=\"article:published_time\" content=\"2023-08-18T05:07:47+00:00\" \/>\n<meta property=\"article:modified_time\" content=\"2023-11-07T12:46:58+00:00\" \/>\n<meta property=\"og:image\" content=\"https:\/\/21panorama.com\/wp-content\/uploads\/2023\/09\/Aculco-Tianguis-de-la-Economia-Campesina-180823-3.jpg\" \/>\n\t<meta property=\"og:image:width\" content=\"628\" \/>\n\t<meta property=\"og:image:height\" content=\"535\" \/>\n\t<meta property=\"og:image:type\" content=\"image\/jpeg\" \/>\n<meta name=\"author\" content=\"admin\" \/>\n<meta name=\"twitter:card\" content=\"summary_large_image\" \/>\n<meta name=\"twitter:label1\" content=\"Escrito por\" \/>\n\t<meta name=\"twitter:data1\" content=\"admin\" \/>\n\t<meta name=\"twitter:label2\" content=\"Tiempo de lectura\" \/>\n\t<meta name=\"twitter:data2\" content=\"1 minuto\" \/>\n<script type=\"application\/ld+json\" class=\"yoast-schema-graph\">{\"@context\":\"https:\/\/schema.org\",\"@graph\":[{\"@type\":\"Article\",\"@id\":\"https:\/\/21panorama.com\/index.php\/2023\/08\/18\/tianguis-de-la-economia-campesina-oportunidad-para-que-los-aculquenses-impulsen-la-economia-local\/#article\",\"isPartOf\":{\"@id\":\"https:\/\/21panorama.com\/index.php\/2023\/08\/18\/tianguis-de-la-economia-campesina-oportunidad-para-que-los-aculquenses-impulsen-la-economia-local\/\"},\"author\":{\"name\":\"admin\",\"@id\":\"https:\/\/21panorama.com\/#\/schema\/person\/1afc291b96d5792a158768324287319f\"},\"headline\":\"\u201cTIANGUIS DE LA ECONOM\u00cdA CAMPESINA\u201d, OPORTUNIDAD PARA QUE LOS ACULQUENSES IMPULSEN LA ECONOM\u00cdA LOCAL\",\"datePublished\":\"2023-08-18T05:07:47+00:00\",\"dateModified\":\"2023-11-07T12:46:58+00:00\",\"mainEntityOfPage\":{\"@id\":\"https:\/\/21panorama.com\/index.php\/2023\/08\/18\/tianguis-de-la-economia-campesina-oportunidad-para-que-los-aculquenses-impulsen-la-economia-local\/\"},\"wordCount\":215,\"commentCount\":0,\"publisher\":{\"@id\":\"https:\/\/21panorama.com\/#organization\"},\"image\":{\"@id\":\"https:\/\/21panorama.com\/index.php\/2023\/08\/18\/tianguis-de-la-economia-campesina-oportunidad-para-que-los-aculquenses-impulsen-la-economia-local\/#primaryimage\"},\"thumbnailUrl\":\"https:\/\/21panorama.com\/wp-content\/uploads\/2023\/09\/Aculco-Tianguis-de-la-Economia-Campesina-180823-3.jpg\",\"keywords\":[\"aculco\",\"EDOMEX\",\"GEM\",\"JORGE OSORNIO\"],\"articleSection\":[\"Econom\u00eda\",\"Politica\",\"Sociedad\"],\"inLanguage\":\"es\",\"potentialAction\":[{\"@type\":\"CommentAction\",\"name\":\"Comment\",\"target\":[\"https:\/\/21panorama.com\/index.php\/2023\/08\/18\/tianguis-de-la-economia-campesina-oportunidad-para-que-los-aculquenses-impulsen-la-economia-local\/#respond\"]}]},{\"@type\":\"WebPage\",\"@id\":\"https:\/\/21panorama.com\/index.php\/2023\/08\/18\/tianguis-de-la-economia-campesina-oportunidad-para-que-los-aculquenses-impulsen-la-economia-local\/\",\"url\":\"https:\/\/21panorama.com\/index.php\/2023\/08\/18\/tianguis-de-la-economia-campesina-oportunidad-para-que-los-aculquenses-impulsen-la-economia-local\/\",\"name\":\"\u201cTIANGUIS DE LA ECONOM\u00cdA CAMPESINA\u201d, OPORTUNIDAD PARA QUE LOS ACULQUENSES IMPULSEN LA ECONOM\u00cdA LOCAL - 21 Panorama\",\"isPartOf\":{\"@id\":\"https:\/\/21panorama.com\/#website\"},\"primaryImageOfPage\":{\"@id\":\"https:\/\/21panorama.com\/index.php\/2023\/08\/18\/tianguis-de-la-economia-campesina-oportunidad-para-que-los-aculquenses-impulsen-la-economia-local\/#primaryimage\"},\"image\":{\"@id\":\"https:\/\/21panorama.com\/index.php\/2023\/08\/18\/tianguis-de-la-economia-campesina-oportunidad-para-que-los-aculquenses-impulsen-la-economia-local\/#primaryimage\"},\"thumbnailUrl\":\"https:\/\/21panorama.com\/wp-content\/uploads\/2023\/09\/Aculco-Tianguis-de-la-Economia-Campesina-180823-3.jpg\",\"datePublished\":\"2023-08-18T05:07:47+00:00\",\"dateModified\":\"2023-11-07T12:46:58+00:00\",\"breadcrumb\":{\"@id\":\"https:\/\/21panorama.com\/index.php\/2023\/08\/18\/tianguis-de-la-economia-campesina-oportunidad-para-que-los-aculquenses-impulsen-la-economia-local\/#breadcrumb\"},\"inLanguage\":\"es\",\"potentialAction\":[{\"@type\":\"ReadAction\",\"target\":[\"https:\/\/21panorama.com\/index.php\/2023\/08\/18\/tianguis-de-la-economia-campesina-oportunidad-para-que-los-aculquenses-impulsen-la-economia-local\/\"]}]},{\"@type\":\"ImageObject\",\"inLanguage\":\"es\",\"@id\":\"https:\/\/21panorama.com\/index.php\/2023\/08\/18\/tianguis-de-la-economia-campesina-oportunidad-para-que-los-aculquenses-impulsen-la-economia-local\/#primaryimage\",\"url\":\"https:\/\/21panorama.com\/wp-content\/uploads\/2023\/09\/Aculco-Tianguis-de-la-Economia-Campesina-180823-3.jpg\",\"contentUrl\":\"https:\/\/21panorama.com\/wp-content\/uploads\/2023\/09\/Aculco-Tianguis-de-la-Economia-Campesina-180823-3.jpg\",\"width\":628,\"height\":535},{\"@type\":\"BreadcrumbList\",\"@id\":\"https:\/\/21panorama.com\/index.php\/2023\/08\/18\/tianguis-de-la-economia-campesina-oportunidad-para-que-los-aculquenses-impulsen-la-economia-local\/#breadcrumb\",\"itemListElement\":[{\"@type\":\"ListItem\",\"position\":1,\"name\":\"Inicio\",\"item\":\"https:\/\/21panorama.com\/\"},{\"@type\":\"ListItem\",\"position\":2,\"name\":\"\u201cTIANGUIS DE LA ECONOM\u00cdA CAMPESINA\u201d, OPORTUNIDAD PARA QUE LOS ACULQUENSES IMPULSEN LA ECONOM\u00cdA LOCAL\"}]},{\"@type\":\"WebSite\",\"@id\":\"https:\/\/21panorama.com\/#website\",\"url\":\"https:\/\/21panorama.com\/\",\"name\":\"21 Panorama\",\"description\":\"La construcci\u00f3n de la opini\u00f3n p\u00fablica merece un mejor Panorama en este siglo 21 para alcanzar una sociedad con mayor transparencia y sin corrupci\u00f3n.\",\"publisher\":{\"@id\":\"https:\/\/21panorama.com\/#organization\"},\"potentialAction\":[{\"@type\":\"SearchAction\",\"target\":{\"@type\":\"EntryPoint\",\"urlTemplate\":\"https:\/\/21panorama.com\/?s={search_term_string}\"},\"query-input\":{\"@type\":\"PropertyValueSpecification\",\"valueRequired\":true,\"valueName\":\"search_term_string\"}}],\"inLanguage\":\"es\"},{\"@type\":\"Organization\",\"@id\":\"https:\/\/21panorama.com\/#organization\",\"name\":\"21 Panorama\",\"url\":\"https:\/\/21panorama.com\/\",\"logo\":{\"@type\":\"ImageObject\",\"inLanguage\":\"es\",\"@id\":\"https:\/\/21panorama.com\/#\/schema\/logo\/image\/\",\"url\":\"https:\/\/21panorama.com\/wp-content\/uploads\/2019\/07\/cropped-Logo-Panorama-01.jpeg\",\"contentUrl\":\"https:\/\/21panorama.com\/wp-content\/uploads\/2019\/07\/cropped-Logo-Panorama-01.jpeg\",\"width\":290,\"height\":70,\"caption\":\"21 Panorama\"},\"image\":{\"@id\":\"https:\/\/21panorama.com\/#\/schema\/logo\/image\/\"}},{\"@type\":\"Person\",\"@id\":\"https:\/\/21panorama.com\/#\/schema\/person\/1afc291b96d5792a158768324287319f\",\"name\":\"admin\",\"image\":{\"@type\":\"ImageObject\",\"inLanguage\":\"es\",\"@id\":\"https:\/\/21panorama.com\/#\/schema\/person\/image\/\",\"url\":\"https:\/\/secure.gravatar.com\/avatar\/ad365d9d9f46719215b0d042cc3df92a5a8683e09ef13d102233e5491985f0f0?s=96&d=mm&r=g\",\"contentUrl\":\"https:\/\/secure.gravatar.com\/avatar\/ad365d9d9f46719215b0d042cc3df92a5a8683e09ef13d102233e5491985f0f0?s=96&d=mm&r=g\",\"caption\":\"admin\"},\"url\":\"https:\/\/21panorama.com\/index.php\/author\/admin\/\"}]}<\/script>\n<!-- \/ Yoast SEO plugin. -->","yoast_head_json":{"title":"\u201cTIANGUIS DE LA ECONOM\u00cdA CAMPESINA\u201d, OPORTUNIDAD PARA QUE LOS ACULQUENSES IMPULSEN LA ECONOM\u00cdA LOCAL - 21 Panorama","robots":{"index":"index","follow":"follow","max-snippet":"max-snippet:-1","max-image-preview":"max-image-preview:large","max-video-preview":"max-video-preview:-1"},"canonical":"https:\/\/21panorama.com\/index.php\/2023\/08\/18\/tianguis-de-la-economia-campesina-oportunidad-para-que-los-aculquenses-impulsen-la-economia-local\/","og_locale":"es_MX","og_type":"article","og_title":"\u201cTIANGUIS DE LA ECONOM\u00cdA CAMPESINA\u201d, OPORTUNIDAD PARA QUE LOS ACULQUENSES IMPULSEN LA ECONOM\u00cdA LOCAL - 21 Panorama","og_description":"El Gobierno Municipal de Aculco 2022-2024, encabezado por el Presidente Municipal, Jorge Alfredo Osornio Victoria, en coordinaci\u00f3n con la Secretar\u00eda del Campo, dieron luz verde al \u201cTianguis de la Econom\u00eda Campesina\u201d donde productores de las distintas comunidades de Aculco ofrecieron sus productos en el Kiosco Municipal.","og_url":"https:\/\/21panorama.com\/index.php\/2023\/08\/18\/tianguis-de-la-economia-campesina-oportunidad-para-que-los-aculquenses-impulsen-la-economia-local\/","og_site_name":"21 Panorama","article_published_time":"2023-08-18T05:07:47+00:00","article_modified_time":"2023-11-07T12:46:58+00:00","og_image":[{"width":628,"height":535,"url":"https:\/\/21panorama.com\/wp-content\/uploads\/2023\/09\/Aculco-Tianguis-de-la-Economia-Campesina-180823-3.jpg","type":"image\/jpeg"}],"author":"admin","twitter_card":"summary_large_image","twitter_misc":{"Escrito por":"admin","Tiempo de lectura":"1 minuto"},"schema":{"@context":"https:\/\/schema.org","@graph":[{"@type":"Article","@id":"https:\/\/21panorama.com\/index.php\/2023\/08\/18\/tianguis-de-la-economia-campesina-oportunidad-para-que-los-aculquenses-impulsen-la-economia-local\/#article","isPartOf":{"@id":"https:\/\/21panorama.com\/index.php\/2023\/08\/18\/tianguis-de-la-economia-campesina-oportunidad-para-que-los-aculquenses-impulsen-la-economia-local\/"},"author":{"name":"admin","@id":"https:\/\/21panorama.com\/#\/schema\/person\/1afc291b96d5792a158768324287319f"},"headline":"\u201cTIANGUIS DE LA ECONOM\u00cdA CAMPESINA\u201d, OPORTUNIDAD PARA QUE LOS ACULQUENSES IMPULSEN LA ECONOM\u00cdA LOCAL","datePublished":"2023-08-18T05:07:47+00:00","dateModified":"2023-11-07T12:46:58+00:00","mainEntityOfPage":{"@id":"https:\/\/21panorama.com\/index.php\/2023\/08\/18\/tianguis-de-la-economia-campesina-oportunidad-para-que-los-aculquenses-impulsen-la-economia-local\/"},"wordCount":215,"commentCount":0,"publisher":{"@id":"https:\/\/21panorama.com\/#organization"},"image":{"@id":"https:\/\/21panorama.com\/index.php\/2023\/08\/18\/tianguis-de-la-economia-campesina-oportunidad-para-que-los-aculquenses-impulsen-la-economia-local\/#primaryimage"},"thumbnailUrl":"https:\/\/21panorama.com\/wp-content\/uploads\/2023\/09\/Aculco-Tianguis-de-la-Economia-Campesina-180823-3.jpg","keywords":["aculco","EDOMEX","GEM","JORGE OSORNIO"],"articleSection":["Econom\u00eda","Politica","Sociedad"],"inLanguage":"es","potentialAction":[{"@type":"CommentAction","name":"Comment","target":["https:\/\/21panorama.com\/index.php\/2023\/08\/18\/tianguis-de-la-economia-campesina-oportunidad-para-que-los-aculquenses-impulsen-la-economia-local\/#respond"]}]},{"@type":"WebPage","@id":"https:\/\/21panorama.com\/index.php\/2023\/08\/18\/tianguis-de-la-economia-campesina-oportunidad-para-que-los-aculquenses-impulsen-la-economia-local\/","url":"https:\/\/21panorama.com\/index.php\/2023\/08\/18\/tianguis-de-la-economia-campesina-oportunidad-para-que-los-aculquenses-impulsen-la-economia-local\/","name":"\u201cTIANGUIS DE LA ECONOM\u00cdA CAMPESINA\u201d, OPORTUNIDAD PARA QUE LOS ACULQUENSES IMPULSEN LA ECONOM\u00cdA LOCAL - 21 Panorama","isPartOf":{"@id":"https:\/\/21panorama.com\/#website"},"primaryImageOfPage":{"@id":"https:\/\/21panorama.com\/index.php\/2023\/08\/18\/tianguis-de-la-economia-campesina-oportunidad-para-que-los-aculquenses-impulsen-la-economia-local\/#primaryimage"},"image":{"@id":"https:\/\/21panorama.com\/index.php\/2023\/08\/18\/tianguis-de-la-economia-campesina-oportunidad-para-que-los-aculquenses-impulsen-la-economia-local\/#primaryimage"},"thumbnailUrl":"https:\/\/21panorama.com\/wp-content\/uploads\/2023\/09\/Aculco-Tianguis-de-la-Economia-Campesina-180823-3.jpg","datePublished":"2023-08-18T05:07:47+00:00","dateModified":"2023-11-07T12:46:58+00:00","breadcrumb":{"@id":"https:\/\/21panorama.com\/index.php\/2023\/08\/18\/tianguis-de-la-economia-campesina-oportunidad-para-que-los-aculquenses-impulsen-la-economia-local\/#breadcrumb"},"inLanguage":"es","potentialAction":[{"@type":"ReadAction","target":["https:\/\/21panorama.com\/index.php\/2023\/08\/18\/tianguis-de-la-economia-campesina-oportunidad-para-que-los-aculquenses-impulsen-la-economia-local\/"]}]},{"@type":"ImageObject","inLanguage":"es","@id":"https:\/\/21panorama.com\/index.php\/2023\/08\/18\/tianguis-de-la-economia-campesina-oportunidad-para-que-los-aculquenses-impulsen-la-economia-local\/#primaryimage","url":"https:\/\/21panorama.com\/wp-content\/uploads\/2023\/09\/Aculco-Tianguis-de-la-Economia-Campesina-180823-3.jpg","contentUrl":"https:\/\/21panorama.com\/wp-content\/uploads\/2023\/09\/Aculco-Tianguis-de-la-Economia-Campesina-180823-3.jpg","width":628,"height":535},{"@type":"BreadcrumbList","@id":"https:\/\/21panorama.com\/index.php\/2023\/08\/18\/tianguis-de-la-economia-campesina-oportunidad-para-que-los-aculquenses-impulsen-la-economia-local\/#breadcrumb","itemListElement":[{"@type":"ListItem","position":1,"name":"Inicio","item":"https:\/\/21panorama.com\/"},{"@type":"ListItem","position":2,"name":"\u201cTIANGUIS DE LA ECONOM\u00cdA CAMPESINA\u201d, OPORTUNIDAD PARA QUE LOS ACULQUENSES IMPULSEN LA ECONOM\u00cdA LOCAL"}]},{"@type":"WebSite","@id":"https:\/\/21panorama.com\/#website","url":"https:\/\/21panorama.com\/","name":"21 Panorama","description":"La construcci\u00f3n de la opini\u00f3n p\u00fablica merece un mejor Panorama en este siglo 21 para alcanzar una sociedad con mayor transparencia y sin corrupci\u00f3n.","publisher":{"@id":"https:\/\/21panorama.com\/#organization"},"potentialAction":[{"@type":"SearchAction","target":{"@type":"EntryPoint","urlTemplate":"https:\/\/21panorama.com\/?s={search_term_string}"},"query-input":{"@type":"PropertyValueSpecification","valueRequired":true,"valueName":"search_term_string"}}],"inLanguage":"es"},{"@type":"Organization","@id":"https:\/\/21panorama.com\/#organization","name":"21 Panorama","url":"https:\/\/21panorama.com\/","logo":{"@type":"ImageObject","inLanguage":"es","@id":"https:\/\/21panorama.com\/#\/schema\/logo\/image\/","url":"https:\/\/21panorama.com\/wp-content\/uploads\/2019\/07\/cropped-Logo-Panorama-01.jpeg","contentUrl":"https:\/\/21panorama.com\/wp-content\/uploads\/2019\/07\/cropped-Logo-Panorama-01.jpeg","width":290,"height":70,"caption":"21 Panorama"},"image":{"@id":"https:\/\/21panorama.com\/#\/schema\/logo\/image\/"}},{"@type":"Person","@id":"https:\/\/21panorama.com\/#\/schema\/person\/1afc291b96d5792a158768324287319f","name":"admin","image":{"@type":"ImageObject","inLanguage":"es","@id":"https:\/\/21panorama.com\/#\/schema\/person\/image\/","url":"https:\/\/secure.gravatar.com\/avatar\/ad365d9d9f46719215b0d042cc3df92a5a8683e09ef13d102233e5491985f0f0?s=96&d=mm&r=g","contentUrl":"https:\/\/secure.gravatar.com\/avatar\/ad365d9d9f46719215b0d042cc3df92a5a8683e09ef13d102233e5491985f0f0?s=96&d=mm&r=g","caption":"admin"},"url":"https:\/\/21panorama.com\/index.php\/author\/admin\/"}]}},"_links":{"self":[{"href":"https:\/\/21panorama.com\/index.php\/wp-json\/wp\/v2\/posts\/4984","targetHints":{"allow":["GET"]}}],"collection":[{"href":"https:\/\/21panorama.com\/index.php\/wp-json\/wp\/v2\/posts"}],"about":[{"href":"https:\/\/21panorama.com\/index.php\/wp-json\/wp\/v2\/types\/post"}],"author":[{"embeddable":true,"href":"https:\/\/21panorama.com\/index.php\/wp-json\/wp\/v2\/users\/1"}],"replies":[{"embeddable":true,"href":"https:\/\/21panorama.com\/index.php\/wp-json\/wp\/v2\/comments?post=4984"}],"version-history":[{"count":1,"href":"https:\/\/21panorama.com\/index.php\/wp-json\/wp\/v2\/posts\/4984\/revisions"}],"predecessor-version":[{"id":4986,"href":"https:\/\/21panorama.com\/index.php\/wp-json\/wp\/v2\/posts\/4984\/revisions\/4986"}],"wp:featuredmedia":[{"embeddable":true,"href":"https:\/\/21panorama.com\/index.php\/wp-json\/wp\/v2\/media\/4985"}],"wp:attachment":[{"href":"https:\/\/21panorama.com\/index.php\/wp-json\/wp\/v2\/media?parent=4984"}],"wp:term":[{"taxonomy":"category","embeddable":true,"href":"https:\/\/21panorama.com\/index.php\/wp-json\/wp\/v2\/categories?post=4984"},{"taxonomy":"post_tag","embeddable":true,"href":"https:\/\/21panorama.com\/index.php\/wp-json\/wp\/v2\/tags?post=4984"}],"curies":[{"name":"wp","href":"https:\/\/api.w.org\/{rel}","templated":true}]}}