{"id":4978,"date":"2023-09-04T14:39:10","date_gmt":"2023-09-04T19:39:10","guid":{"rendered":"https:\/\/21panorama.com\/?p=4978"},"modified":"2023-09-04T14:39:11","modified_gmt":"2023-09-04T19:39:11","slug":"prepara-orquesta-sinfonica-del-estado-de-mexico-temporada-149-de-conciertos","status":"publish","type":"post","link":"https:\/\/21panorama.com\/index.php\/2023\/09\/04\/prepara-orquesta-sinfonica-del-estado-de-mexico-temporada-149-de-conciertos\/","title":{"rendered":"PREPARA ORQUESTA SINF\u00d3NICA DEL ESTADO DE M\u00c9XICO TEMPORADA 149 DE CONCIERTOS"},"content":{"rendered":"\n<p><\/p>\n\n\n\n<p>\u2022 Inicia el 8 de septiembre en la Sala de Conciertos \u201cFelipe Villanueva\u201d, en Toluca.<\/p>\n\n\n\n<p>\u2022 Consta de 14 programas donde interpretar\u00e1n obras de Tchaikovsky, Mozart, Mahler, Elgar, Strauss y Bruckner, entre otros.<\/p>\n\n\n\n<p><\/p>\n\n\n\n<p>Para dar continuidad a su encomienda de acercar el arte a la sociedad mexiquense, a trav\u00e9s de la m\u00fasica, la Orquesta Sinf\u00f3nica del Estado de M\u00e9xico (OSEM) prepara su Temporada de conciertos 149, bajo el liderazgo de su Director General, Rodrigo Mac\u00edas.<\/p>\n\n\n\n<p>Dicha temporada constar\u00e1 de 14 programas e inicia el 8 de septiembre, a las 20:00 horas, en la Sala de Conciertos \u201cFelipe Villanueva\u201d, en Toluca, con un programa muy mexicano, integrado por obras de Silvestre Revueltas, Candelario Huizar, Carlos Jim\u00e9nez Mobarak y Samuel Zyman.<\/p>\n\n\n\n<p>Las y los amantes de la m\u00fasica, que acompa\u00f1en a la OSEM durante la temporada, podr\u00e1n disfrutar de los estrenos del \u201cConcierto para tromb\u00f3n\u201d, de Bryce Dressner, &#8220;Knight of the Holy Kettles&#8221;, de Kai Stensgaard, &#8220;Farewell&#8221;, de Israel L\u00f3pez Estelche, y &#8220;Renacer&#8221;, de Lilia V\u00e1zquez Kuntze.<\/p>\n\n\n\n<p>Tambi\u00e9n podr\u00e1n deleitarse con obras de C\u00e9cile Chaminade, Piotr Ilich Tchaikovsky, Eduardo Gamboa, Jos\u00e9 Elizondo, Paul Hindemith, Igor Stravinsky, Anton Bruckner, Nicol\u00f2 Paganini, Edward Elgar, Richard Strauss, Sergei Rachmaninov, Gustav Mahler, Wolfgang Amadeus Mozart y B\u00e9la Bartok, entre otros.<\/p>\n\n\n\n<p>La OSEM recibir\u00e1 a solistas como F\u00e9lix Parra, Nana Babayeva, Chinguiz Mamedov y Dwight Bryan, integrantes destacados de la propia Orquesta, adem\u00e1s de Sebasti\u00e1n Kwapisz, Ildefonso Cedillo, Claudia Machuca, Ignacio Cornejo, Sergio Quesada y Rom\u00e1n Revueltas, as\u00ed como de los directores invitados, Gustavo Rivero Weber, Augusto Carri\u00f3n, Luis Manuel Garc\u00eda, Pablo Varela, Gordon Campbell y Fernando Lozano.<\/p>\n\n\n\n<p>Gracias a la respuesta de su p\u00fablico, la OSEM pone a la venta abonos, que permite a las y los asistentes, garantizar su mismo asiento durante todas las presentaciones en la Sala de Conciertos \u201cFelipe Villanueva\u201d, as\u00ed como beneficios especiales. Dicho abono puede adquirirse en la taquilla de la sala en menci\u00f3n.<\/p>\n\n\n\n<p>Para conocer m\u00e1s acerca de esta temporada o de alg\u00fan programa espec\u00edfico, la Orquesta Sinf\u00f3nica del Estado de M\u00e9xico invita a seguirla en Facebook, X e Instagram como @OSEMoficial.<\/p>\n","protected":false},"excerpt":{"rendered":"<p>Para dar continuidad a su encomienda de acercar el arte a la sociedad mexiquense, a trav\u00e9s de la m\u00fasica, la Orquesta Sinf\u00f3nica del Estado de M\u00e9xico (OSEM) prepara su Temporada de conciertos 149, bajo el liderazgo de su Director General, Rodrigo Mac\u00edas.<\/p>\n","protected":false},"author":1,"featured_media":4979,"comment_status":"open","ping_status":"open","sticky":false,"template":"","format":"standard","meta":{"footnotes":""},"categories":[5,1],"tags":[97,386,387],"class_list":["post-4978","post","type-post","status-publish","format-standard","has-post-thumbnail","hentry","category-cultura","category-sociedad","tag-edomex","tag-osem","tag-rodrigo-macias"],"yoast_head":"<!-- This site is optimized with the Yoast SEO plugin v24.9 - https:\/\/yoast.com\/wordpress\/plugins\/seo\/ -->\n<title>PREPARA ORQUESTA SINF\u00d3NICA DEL ESTADO DE M\u00c9XICO TEMPORADA 149 DE CONCIERTOS - 21 Panorama<\/title>\n<meta name=\"robots\" content=\"index, follow, max-snippet:-1, max-image-preview:large, max-video-preview:-1\" \/>\n<link rel=\"canonical\" href=\"https:\/\/21panorama.com\/index.php\/2023\/09\/04\/prepara-orquesta-sinfonica-del-estado-de-mexico-temporada-149-de-conciertos\/\" \/>\n<meta property=\"og:locale\" content=\"es_MX\" \/>\n<meta property=\"og:type\" content=\"article\" \/>\n<meta property=\"og:title\" content=\"PREPARA ORQUESTA SINF\u00d3NICA DEL ESTADO DE M\u00c9XICO TEMPORADA 149 DE CONCIERTOS - 21 Panorama\" \/>\n<meta property=\"og:description\" content=\"Para dar continuidad a su encomienda de acercar el arte a la sociedad mexiquense, a trav\u00e9s de la m\u00fasica, la Orquesta Sinf\u00f3nica del Estado de M\u00e9xico (OSEM) prepara su Temporada de conciertos 149, bajo el liderazgo de su Director General, Rodrigo Mac\u00edas.\" \/>\n<meta property=\"og:url\" content=\"https:\/\/21panorama.com\/index.php\/2023\/09\/04\/prepara-orquesta-sinfonica-del-estado-de-mexico-temporada-149-de-conciertos\/\" \/>\n<meta property=\"og:site_name\" content=\"21 Panorama\" \/>\n<meta property=\"article:published_time\" content=\"2023-09-04T19:39:10+00:00\" \/>\n<meta property=\"article:modified_time\" content=\"2023-09-04T19:39:11+00:00\" \/>\n<meta property=\"og:image\" content=\"https:\/\/21panorama.com\/wp-content\/uploads\/2023\/09\/OSEM-020923-3.jpg\" \/>\n\t<meta property=\"og:image:width\" content=\"1024\" \/>\n\t<meta property=\"og:image:height\" content=\"683\" \/>\n\t<meta property=\"og:image:type\" content=\"image\/jpeg\" \/>\n<meta name=\"author\" content=\"admin\" \/>\n<meta name=\"twitter:card\" content=\"summary_large_image\" \/>\n<meta name=\"twitter:label1\" content=\"Escrito por\" \/>\n\t<meta name=\"twitter:data1\" content=\"admin\" \/>\n\t<meta name=\"twitter:label2\" content=\"Tiempo de lectura\" \/>\n\t<meta name=\"twitter:data2\" content=\"2 minutos\" \/>\n<script type=\"application\/ld+json\" class=\"yoast-schema-graph\">{\"@context\":\"https:\/\/schema.org\",\"@graph\":[{\"@type\":\"Article\",\"@id\":\"https:\/\/21panorama.com\/index.php\/2023\/09\/04\/prepara-orquesta-sinfonica-del-estado-de-mexico-temporada-149-de-conciertos\/#article\",\"isPartOf\":{\"@id\":\"https:\/\/21panorama.com\/index.php\/2023\/09\/04\/prepara-orquesta-sinfonica-del-estado-de-mexico-temporada-149-de-conciertos\/\"},\"author\":{\"name\":\"admin\",\"@id\":\"https:\/\/21panorama.com\/#\/schema\/person\/1afc291b96d5792a158768324287319f\"},\"headline\":\"PREPARA ORQUESTA SINF\u00d3NICA DEL ESTADO DE M\u00c9XICO TEMPORADA 149 DE CONCIERTOS\",\"datePublished\":\"2023-09-04T19:39:10+00:00\",\"dateModified\":\"2023-09-04T19:39:11+00:00\",\"mainEntityOfPage\":{\"@id\":\"https:\/\/21panorama.com\/index.php\/2023\/09\/04\/prepara-orquesta-sinfonica-del-estado-de-mexico-temporada-149-de-conciertos\/\"},\"wordCount\":376,\"commentCount\":0,\"publisher\":{\"@id\":\"https:\/\/21panorama.com\/#organization\"},\"image\":{\"@id\":\"https:\/\/21panorama.com\/index.php\/2023\/09\/04\/prepara-orquesta-sinfonica-del-estado-de-mexico-temporada-149-de-conciertos\/#primaryimage\"},\"thumbnailUrl\":\"https:\/\/21panorama.com\/wp-content\/uploads\/2023\/09\/OSEM-020923-3.jpg\",\"keywords\":[\"EDOMEX\",\"OSEM\",\"Rodrigo Mac\u00edas\"],\"articleSection\":[\"Cultura\",\"Sociedad\"],\"inLanguage\":\"es\",\"potentialAction\":[{\"@type\":\"CommentAction\",\"name\":\"Comment\",\"target\":[\"https:\/\/21panorama.com\/index.php\/2023\/09\/04\/prepara-orquesta-sinfonica-del-estado-de-mexico-temporada-149-de-conciertos\/#respond\"]}]},{\"@type\":\"WebPage\",\"@id\":\"https:\/\/21panorama.com\/index.php\/2023\/09\/04\/prepara-orquesta-sinfonica-del-estado-de-mexico-temporada-149-de-conciertos\/\",\"url\":\"https:\/\/21panorama.com\/index.php\/2023\/09\/04\/prepara-orquesta-sinfonica-del-estado-de-mexico-temporada-149-de-conciertos\/\",\"name\":\"PREPARA ORQUESTA SINF\u00d3NICA DEL ESTADO DE M\u00c9XICO TEMPORADA 149 DE CONCIERTOS - 21 Panorama\",\"isPartOf\":{\"@id\":\"https:\/\/21panorama.com\/#website\"},\"primaryImageOfPage\":{\"@id\":\"https:\/\/21panorama.com\/index.php\/2023\/09\/04\/prepara-orquesta-sinfonica-del-estado-de-mexico-temporada-149-de-conciertos\/#primaryimage\"},\"image\":{\"@id\":\"https:\/\/21panorama.com\/index.php\/2023\/09\/04\/prepara-orquesta-sinfonica-del-estado-de-mexico-temporada-149-de-conciertos\/#primaryimage\"},\"thumbnailUrl\":\"https:\/\/21panorama.com\/wp-content\/uploads\/2023\/09\/OSEM-020923-3.jpg\",\"datePublished\":\"2023-09-04T19:39:10+00:00\",\"dateModified\":\"2023-09-04T19:39:11+00:00\",\"breadcrumb\":{\"@id\":\"https:\/\/21panorama.com\/index.php\/2023\/09\/04\/prepara-orquesta-sinfonica-del-estado-de-mexico-temporada-149-de-conciertos\/#breadcrumb\"},\"inLanguage\":\"es\",\"potentialAction\":[{\"@type\":\"ReadAction\",\"target\":[\"https:\/\/21panorama.com\/index.php\/2023\/09\/04\/prepara-orquesta-sinfonica-del-estado-de-mexico-temporada-149-de-conciertos\/\"]}]},{\"@type\":\"ImageObject\",\"inLanguage\":\"es\",\"@id\":\"https:\/\/21panorama.com\/index.php\/2023\/09\/04\/prepara-orquesta-sinfonica-del-estado-de-mexico-temporada-149-de-conciertos\/#primaryimage\",\"url\":\"https:\/\/21panorama.com\/wp-content\/uploads\/2023\/09\/OSEM-020923-3.jpg\",\"contentUrl\":\"https:\/\/21panorama.com\/wp-content\/uploads\/2023\/09\/OSEM-020923-3.jpg\",\"width\":1024,\"height\":683},{\"@type\":\"BreadcrumbList\",\"@id\":\"https:\/\/21panorama.com\/index.php\/2023\/09\/04\/prepara-orquesta-sinfonica-del-estado-de-mexico-temporada-149-de-conciertos\/#breadcrumb\",\"itemListElement\":[{\"@type\":\"ListItem\",\"position\":1,\"name\":\"Inicio\",\"item\":\"https:\/\/21panorama.com\/\"},{\"@type\":\"ListItem\",\"position\":2,\"name\":\"PREPARA ORQUESTA SINF\u00d3NICA DEL ESTADO DE M\u00c9XICO TEMPORADA 149 DE CONCIERTOS\"}]},{\"@type\":\"WebSite\",\"@id\":\"https:\/\/21panorama.com\/#website\",\"url\":\"https:\/\/21panorama.com\/\",\"name\":\"21 Panorama\",\"description\":\"La construcci\u00f3n de la opini\u00f3n p\u00fablica merece un mejor Panorama en este siglo 21 para alcanzar una sociedad con mayor transparencia y sin corrupci\u00f3n.\",\"publisher\":{\"@id\":\"https:\/\/21panorama.com\/#organization\"},\"potentialAction\":[{\"@type\":\"SearchAction\",\"target\":{\"@type\":\"EntryPoint\",\"urlTemplate\":\"https:\/\/21panorama.com\/?s={search_term_string}\"},\"query-input\":{\"@type\":\"PropertyValueSpecification\",\"valueRequired\":true,\"valueName\":\"search_term_string\"}}],\"inLanguage\":\"es\"},{\"@type\":\"Organization\",\"@id\":\"https:\/\/21panorama.com\/#organization\",\"name\":\"21 Panorama\",\"url\":\"https:\/\/21panorama.com\/\",\"logo\":{\"@type\":\"ImageObject\",\"inLanguage\":\"es\",\"@id\":\"https:\/\/21panorama.com\/#\/schema\/logo\/image\/\",\"url\":\"https:\/\/21panorama.com\/wp-content\/uploads\/2019\/07\/cropped-Logo-Panorama-01.jpeg\",\"contentUrl\":\"https:\/\/21panorama.com\/wp-content\/uploads\/2019\/07\/cropped-Logo-Panorama-01.jpeg\",\"width\":290,\"height\":70,\"caption\":\"21 Panorama\"},\"image\":{\"@id\":\"https:\/\/21panorama.com\/#\/schema\/logo\/image\/\"}},{\"@type\":\"Person\",\"@id\":\"https:\/\/21panorama.com\/#\/schema\/person\/1afc291b96d5792a158768324287319f\",\"name\":\"admin\",\"image\":{\"@type\":\"ImageObject\",\"inLanguage\":\"es\",\"@id\":\"https:\/\/21panorama.com\/#\/schema\/person\/image\/\",\"url\":\"https:\/\/secure.gravatar.com\/avatar\/ad365d9d9f46719215b0d042cc3df92a5a8683e09ef13d102233e5491985f0f0?s=96&d=mm&r=g\",\"contentUrl\":\"https:\/\/secure.gravatar.com\/avatar\/ad365d9d9f46719215b0d042cc3df92a5a8683e09ef13d102233e5491985f0f0?s=96&d=mm&r=g\",\"caption\":\"admin\"},\"url\":\"https:\/\/21panorama.com\/index.php\/author\/admin\/\"}]}<\/script>\n<!-- \/ Yoast SEO plugin. -->","yoast_head_json":{"title":"PREPARA ORQUESTA SINF\u00d3NICA DEL ESTADO DE M\u00c9XICO TEMPORADA 149 DE CONCIERTOS - 21 Panorama","robots":{"index":"index","follow":"follow","max-snippet":"max-snippet:-1","max-image-preview":"max-image-preview:large","max-video-preview":"max-video-preview:-1"},"canonical":"https:\/\/21panorama.com\/index.php\/2023\/09\/04\/prepara-orquesta-sinfonica-del-estado-de-mexico-temporada-149-de-conciertos\/","og_locale":"es_MX","og_type":"article","og_title":"PREPARA ORQUESTA SINF\u00d3NICA DEL ESTADO DE M\u00c9XICO TEMPORADA 149 DE CONCIERTOS - 21 Panorama","og_description":"Para dar continuidad a su encomienda de acercar el arte a la sociedad mexiquense, a trav\u00e9s de la m\u00fasica, la Orquesta Sinf\u00f3nica del Estado de M\u00e9xico (OSEM) prepara su Temporada de conciertos 149, bajo el liderazgo de su Director General, Rodrigo Mac\u00edas.","og_url":"https:\/\/21panorama.com\/index.php\/2023\/09\/04\/prepara-orquesta-sinfonica-del-estado-de-mexico-temporada-149-de-conciertos\/","og_site_name":"21 Panorama","article_published_time":"2023-09-04T19:39:10+00:00","article_modified_time":"2023-09-04T19:39:11+00:00","og_image":[{"width":1024,"height":683,"url":"https:\/\/21panorama.com\/wp-content\/uploads\/2023\/09\/OSEM-020923-3.jpg","type":"image\/jpeg"}],"author":"admin","twitter_card":"summary_large_image","twitter_misc":{"Escrito por":"admin","Tiempo de lectura":"2 minutos"},"schema":{"@context":"https:\/\/schema.org","@graph":[{"@type":"Article","@id":"https:\/\/21panorama.com\/index.php\/2023\/09\/04\/prepara-orquesta-sinfonica-del-estado-de-mexico-temporada-149-de-conciertos\/#article","isPartOf":{"@id":"https:\/\/21panorama.com\/index.php\/2023\/09\/04\/prepara-orquesta-sinfonica-del-estado-de-mexico-temporada-149-de-conciertos\/"},"author":{"name":"admin","@id":"https:\/\/21panorama.com\/#\/schema\/person\/1afc291b96d5792a158768324287319f"},"headline":"PREPARA ORQUESTA SINF\u00d3NICA DEL ESTADO DE M\u00c9XICO TEMPORADA 149 DE CONCIERTOS","datePublished":"2023-09-04T19:39:10+00:00","dateModified":"2023-09-04T19:39:11+00:00","mainEntityOfPage":{"@id":"https:\/\/21panorama.com\/index.php\/2023\/09\/04\/prepara-orquesta-sinfonica-del-estado-de-mexico-temporada-149-de-conciertos\/"},"wordCount":376,"commentCount":0,"publisher":{"@id":"https:\/\/21panorama.com\/#organization"},"image":{"@id":"https:\/\/21panorama.com\/index.php\/2023\/09\/04\/prepara-orquesta-sinfonica-del-estado-de-mexico-temporada-149-de-conciertos\/#primaryimage"},"thumbnailUrl":"https:\/\/21panorama.com\/wp-content\/uploads\/2023\/09\/OSEM-020923-3.jpg","keywords":["EDOMEX","OSEM","Rodrigo Mac\u00edas"],"articleSection":["Cultura","Sociedad"],"inLanguage":"es","potentialAction":[{"@type":"CommentAction","name":"Comment","target":["https:\/\/21panorama.com\/index.php\/2023\/09\/04\/prepara-orquesta-sinfonica-del-estado-de-mexico-temporada-149-de-conciertos\/#respond"]}]},{"@type":"WebPage","@id":"https:\/\/21panorama.com\/index.php\/2023\/09\/04\/prepara-orquesta-sinfonica-del-estado-de-mexico-temporada-149-de-conciertos\/","url":"https:\/\/21panorama.com\/index.php\/2023\/09\/04\/prepara-orquesta-sinfonica-del-estado-de-mexico-temporada-149-de-conciertos\/","name":"PREPARA ORQUESTA SINF\u00d3NICA DEL ESTADO DE M\u00c9XICO TEMPORADA 149 DE CONCIERTOS - 21 Panorama","isPartOf":{"@id":"https:\/\/21panorama.com\/#website"},"primaryImageOfPage":{"@id":"https:\/\/21panorama.com\/index.php\/2023\/09\/04\/prepara-orquesta-sinfonica-del-estado-de-mexico-temporada-149-de-conciertos\/#primaryimage"},"image":{"@id":"https:\/\/21panorama.com\/index.php\/2023\/09\/04\/prepara-orquesta-sinfonica-del-estado-de-mexico-temporada-149-de-conciertos\/#primaryimage"},"thumbnailUrl":"https:\/\/21panorama.com\/wp-content\/uploads\/2023\/09\/OSEM-020923-3.jpg","datePublished":"2023-09-04T19:39:10+00:00","dateModified":"2023-09-04T19:39:11+00:00","breadcrumb":{"@id":"https:\/\/21panorama.com\/index.php\/2023\/09\/04\/prepara-orquesta-sinfonica-del-estado-de-mexico-temporada-149-de-conciertos\/#breadcrumb"},"inLanguage":"es","potentialAction":[{"@type":"ReadAction","target":["https:\/\/21panorama.com\/index.php\/2023\/09\/04\/prepara-orquesta-sinfonica-del-estado-de-mexico-temporada-149-de-conciertos\/"]}]},{"@type":"ImageObject","inLanguage":"es","@id":"https:\/\/21panorama.com\/index.php\/2023\/09\/04\/prepara-orquesta-sinfonica-del-estado-de-mexico-temporada-149-de-conciertos\/#primaryimage","url":"https:\/\/21panorama.com\/wp-content\/uploads\/2023\/09\/OSEM-020923-3.jpg","contentUrl":"https:\/\/21panorama.com\/wp-content\/uploads\/2023\/09\/OSEM-020923-3.jpg","width":1024,"height":683},{"@type":"BreadcrumbList","@id":"https:\/\/21panorama.com\/index.php\/2023\/09\/04\/prepara-orquesta-sinfonica-del-estado-de-mexico-temporada-149-de-conciertos\/#breadcrumb","itemListElement":[{"@type":"ListItem","position":1,"name":"Inicio","item":"https:\/\/21panorama.com\/"},{"@type":"ListItem","position":2,"name":"PREPARA ORQUESTA SINF\u00d3NICA DEL ESTADO DE M\u00c9XICO TEMPORADA 149 DE CONCIERTOS"}]},{"@type":"WebSite","@id":"https:\/\/21panorama.com\/#website","url":"https:\/\/21panorama.com\/","name":"21 Panorama","description":"La construcci\u00f3n de la opini\u00f3n p\u00fablica merece un mejor Panorama en este siglo 21 para alcanzar una sociedad con mayor transparencia y sin corrupci\u00f3n.","publisher":{"@id":"https:\/\/21panorama.com\/#organization"},"potentialAction":[{"@type":"SearchAction","target":{"@type":"EntryPoint","urlTemplate":"https:\/\/21panorama.com\/?s={search_term_string}"},"query-input":{"@type":"PropertyValueSpecification","valueRequired":true,"valueName":"search_term_string"}}],"inLanguage":"es"},{"@type":"Organization","@id":"https:\/\/21panorama.com\/#organization","name":"21 Panorama","url":"https:\/\/21panorama.com\/","logo":{"@type":"ImageObject","inLanguage":"es","@id":"https:\/\/21panorama.com\/#\/schema\/logo\/image\/","url":"https:\/\/21panorama.com\/wp-content\/uploads\/2019\/07\/cropped-Logo-Panorama-01.jpeg","contentUrl":"https:\/\/21panorama.com\/wp-content\/uploads\/2019\/07\/cropped-Logo-Panorama-01.jpeg","width":290,"height":70,"caption":"21 Panorama"},"image":{"@id":"https:\/\/21panorama.com\/#\/schema\/logo\/image\/"}},{"@type":"Person","@id":"https:\/\/21panorama.com\/#\/schema\/person\/1afc291b96d5792a158768324287319f","name":"admin","image":{"@type":"ImageObject","inLanguage":"es","@id":"https:\/\/21panorama.com\/#\/schema\/person\/image\/","url":"https:\/\/secure.gravatar.com\/avatar\/ad365d9d9f46719215b0d042cc3df92a5a8683e09ef13d102233e5491985f0f0?s=96&d=mm&r=g","contentUrl":"https:\/\/secure.gravatar.com\/avatar\/ad365d9d9f46719215b0d042cc3df92a5a8683e09ef13d102233e5491985f0f0?s=96&d=mm&r=g","caption":"admin"},"url":"https:\/\/21panorama.com\/index.php\/author\/admin\/"}]}},"_links":{"self":[{"href":"https:\/\/21panorama.com\/index.php\/wp-json\/wp\/v2\/posts\/4978","targetHints":{"allow":["GET"]}}],"collection":[{"href":"https:\/\/21panorama.com\/index.php\/wp-json\/wp\/v2\/posts"}],"about":[{"href":"https:\/\/21panorama.com\/index.php\/wp-json\/wp\/v2\/types\/post"}],"author":[{"embeddable":true,"href":"https:\/\/21panorama.com\/index.php\/wp-json\/wp\/v2\/users\/1"}],"replies":[{"embeddable":true,"href":"https:\/\/21panorama.com\/index.php\/wp-json\/wp\/v2\/comments?post=4978"}],"version-history":[{"count":1,"href":"https:\/\/21panorama.com\/index.php\/wp-json\/wp\/v2\/posts\/4978\/revisions"}],"predecessor-version":[{"id":4980,"href":"https:\/\/21panorama.com\/index.php\/wp-json\/wp\/v2\/posts\/4978\/revisions\/4980"}],"wp:featuredmedia":[{"embeddable":true,"href":"https:\/\/21panorama.com\/index.php\/wp-json\/wp\/v2\/media\/4979"}],"wp:attachment":[{"href":"https:\/\/21panorama.com\/index.php\/wp-json\/wp\/v2\/media?parent=4978"}],"wp:term":[{"taxonomy":"category","embeddable":true,"href":"https:\/\/21panorama.com\/index.php\/wp-json\/wp\/v2\/categories?post=4978"},{"taxonomy":"post_tag","embeddable":true,"href":"https:\/\/21panorama.com\/index.php\/wp-json\/wp\/v2\/tags?post=4978"}],"curies":[{"name":"wp","href":"https:\/\/api.w.org\/{rel}","templated":true}]}}