{"id":4965,"date":"2023-08-31T22:54:35","date_gmt":"2023-09-01T03:54:35","guid":{"rendered":"https:\/\/21panorama.com\/?p=4965"},"modified":"2023-08-31T22:54:36","modified_gmt":"2023-09-01T03:54:36","slug":"recibe-abuzeid-lozano-premio-alcaldes-de-mexico-por-acciones-en-proteccion-civil-en-ixtlahuaca","status":"publish","type":"post","link":"https:\/\/21panorama.com\/index.php\/2023\/08\/31\/recibe-abuzeid-lozano-premio-alcaldes-de-mexico-por-acciones-en-proteccion-civil-en-ixtlahuaca\/","title":{"rendered":"RECIBE ABUZEID LOZANO PREMIO ALCALDES DE M\u00c9XICO POR ACCIONES EN PROTECCI\u00d3N CIVIL EN IXTLAHUACA"},"content":{"rendered":"\n<p><\/p>\n\n\n\n<p>El presidente municipal, Abuzeid Lozano Casta\u00f1eda, recibi\u00f3 el Premio Alcaldes de M\u00e9xico a las Mejores Pr\u00e1cticas Locales, por las acciones implementadas en el municipio de Ixtlahuaca en materia de protecci\u00f3n civil.<\/p>\n\n\n\n<p>En el Centro CitiBanamex de la ciudad de M\u00e9xico, donde se dieron cita alcaldes, as\u00ed como funcionarios de los tres niveles de gobierno de todo el pa\u00eds, se llev\u00f3 a cabo la 13\u00aa edici\u00f3n de este galard\u00f3n, el cual reconoce las mejores pol\u00edticas de gobiernos municipales, que esta ocasi\u00f3n destac\u00f3 el trabajo de 37 ayuntamientos de un total de 2 mil 446 de todo M\u00e9xico.<\/p>\n\n\n\n<p>En ese sentido, Abuzeid Lozano destac\u00f3 que este galard\u00f3n es un reflejo m\u00e1s de que el trabajo en equipo est\u00e1 dando resultados y aunque el reto en materia de seguridad y protecci\u00f3n civil no es sencillo al gobernar un municipio de 53 comunidades y m\u00e1s de 160 mil habitantes, la clave es manos a la obra.<\/p>\n\n\n\n<p>\u201cEsto nos motiva, pero nos exige a no bajar el ritmo y a dejar un buen terreno trabajado para los gobiernos posteriores del municipio, para que la gente viva mejor, sobre todo con tranquilidad\u201d, apunt\u00f3 el edil.<\/p>\n\n\n\n<p>Las y los ganadores son seleccionados mediante una investigaci\u00f3n que a\u00f1o con a\u00f1o realiza Alcaldes de M\u00e9xico, a trav\u00e9s de distintos estudios como: mediciones, rankings y reconocimientos otorgados por diversas instituciones p\u00fablicas, privadas, acad\u00e9micas y de la sociedad civil, tanto a nivel nacional como internacional.<\/p>\n\n\n\n<p>Este a\u00f1o Alcaldes de M\u00e9xico agrup\u00f3 seis bloques tem\u00e1ticos. Desarrollo Econ\u00f3mico y Finanzas, Desarrollo Social, Desarrollo Urbano Sostenible, Innovaci\u00f3n y Transparencia, Seguridad P\u00fablica y Estados; adem\u00e1s de la distinci\u00f3n hecha a un gobierno local espa\u00f1ol. Ixtlahuaca fue premiada en el rubro de seguridad p\u00fablica.<\/p>\n","protected":false},"excerpt":{"rendered":"<p>El presidente municipal, Abuzeid Lozano Casta\u00f1eda, recibi\u00f3 el Premio Alcaldes de M\u00e9xico a las Mejores Pr\u00e1cticas Locales, por las acciones implementadas en el municipio de Ixtlahuaca en materia de protecci\u00f3n civil.<\/p>\n","protected":false},"author":1,"featured_media":4966,"comment_status":"open","ping_status":"open","sticky":false,"template":"","format":"standard","meta":{"footnotes":""},"categories":[12,1],"tags":[380,97,222,244],"class_list":["post-4965","post","type-post","status-publish","format-standard","has-post-thumbnail","hentry","category-politica","category-sociedad","tag-abuzeid-lozano","tag-edomex","tag-gem","tag-ixtlahuaca"],"yoast_head":"<!-- This site is optimized with the Yoast SEO plugin v24.9 - https:\/\/yoast.com\/wordpress\/plugins\/seo\/ -->\n<title>RECIBE ABUZEID LOZANO PREMIO ALCALDES DE M\u00c9XICO POR ACCIONES EN PROTECCI\u00d3N CIVIL EN IXTLAHUACA - 21 Panorama<\/title>\n<meta name=\"robots\" content=\"index, follow, max-snippet:-1, max-image-preview:large, max-video-preview:-1\" \/>\n<link rel=\"canonical\" href=\"https:\/\/21panorama.com\/index.php\/2023\/08\/31\/recibe-abuzeid-lozano-premio-alcaldes-de-mexico-por-acciones-en-proteccion-civil-en-ixtlahuaca\/\" \/>\n<meta property=\"og:locale\" content=\"es_MX\" \/>\n<meta property=\"og:type\" content=\"article\" \/>\n<meta property=\"og:title\" content=\"RECIBE ABUZEID LOZANO PREMIO ALCALDES DE M\u00c9XICO POR ACCIONES EN PROTECCI\u00d3N CIVIL EN IXTLAHUACA - 21 Panorama\" \/>\n<meta property=\"og:description\" content=\"El presidente municipal, Abuzeid Lozano Casta\u00f1eda, recibi\u00f3 el Premio Alcaldes de M\u00e9xico a las Mejores Pr\u00e1cticas Locales, por las acciones implementadas en el municipio de Ixtlahuaca en materia de protecci\u00f3n civil.\" \/>\n<meta property=\"og:url\" content=\"https:\/\/21panorama.com\/index.php\/2023\/08\/31\/recibe-abuzeid-lozano-premio-alcaldes-de-mexico-por-acciones-en-proteccion-civil-en-ixtlahuaca\/\" \/>\n<meta property=\"og:site_name\" content=\"21 Panorama\" \/>\n<meta property=\"article:published_time\" content=\"2023-09-01T03:54:35+00:00\" \/>\n<meta property=\"article:modified_time\" content=\"2023-09-01T03:54:36+00:00\" \/>\n<meta property=\"og:image\" content=\"https:\/\/21panorama.com\/wp-content\/uploads\/2023\/08\/Ixtlahuaca-Premio-Abuzeid-310823-3.jpg\" \/>\n\t<meta property=\"og:image:width\" content=\"1286\" \/>\n\t<meta property=\"og:image:height\" content=\"857\" \/>\n\t<meta property=\"og:image:type\" content=\"image\/jpeg\" \/>\n<meta name=\"author\" content=\"admin\" \/>\n<meta name=\"twitter:card\" content=\"summary_large_image\" \/>\n<meta name=\"twitter:label1\" content=\"Escrito por\" \/>\n\t<meta name=\"twitter:data1\" content=\"admin\" \/>\n\t<meta name=\"twitter:label2\" content=\"Tiempo de lectura\" \/>\n\t<meta name=\"twitter:data2\" content=\"2 minutos\" \/>\n<script type=\"application\/ld+json\" class=\"yoast-schema-graph\">{\"@context\":\"https:\/\/schema.org\",\"@graph\":[{\"@type\":\"Article\",\"@id\":\"https:\/\/21panorama.com\/index.php\/2023\/08\/31\/recibe-abuzeid-lozano-premio-alcaldes-de-mexico-por-acciones-en-proteccion-civil-en-ixtlahuaca\/#article\",\"isPartOf\":{\"@id\":\"https:\/\/21panorama.com\/index.php\/2023\/08\/31\/recibe-abuzeid-lozano-premio-alcaldes-de-mexico-por-acciones-en-proteccion-civil-en-ixtlahuaca\/\"},\"author\":{\"name\":\"admin\",\"@id\":\"https:\/\/21panorama.com\/#\/schema\/person\/1afc291b96d5792a158768324287319f\"},\"headline\":\"RECIBE ABUZEID LOZANO PREMIO ALCALDES DE M\u00c9XICO POR ACCIONES EN PROTECCI\u00d3N CIVIL EN IXTLAHUACA\",\"datePublished\":\"2023-09-01T03:54:35+00:00\",\"dateModified\":\"2023-09-01T03:54:36+00:00\",\"mainEntityOfPage\":{\"@id\":\"https:\/\/21panorama.com\/index.php\/2023\/08\/31\/recibe-abuzeid-lozano-premio-alcaldes-de-mexico-por-acciones-en-proteccion-civil-en-ixtlahuaca\/\"},\"wordCount\":320,\"commentCount\":0,\"publisher\":{\"@id\":\"https:\/\/21panorama.com\/#organization\"},\"image\":{\"@id\":\"https:\/\/21panorama.com\/index.php\/2023\/08\/31\/recibe-abuzeid-lozano-premio-alcaldes-de-mexico-por-acciones-en-proteccion-civil-en-ixtlahuaca\/#primaryimage\"},\"thumbnailUrl\":\"https:\/\/21panorama.com\/wp-content\/uploads\/2023\/08\/Ixtlahuaca-Premio-Abuzeid-310823-3.jpg\",\"keywords\":[\"Abuzeid Lozano\",\"EDOMEX\",\"GEM\",\"IXTLAHUACA\"],\"articleSection\":[\"Politica\",\"Sociedad\"],\"inLanguage\":\"es\",\"potentialAction\":[{\"@type\":\"CommentAction\",\"name\":\"Comment\",\"target\":[\"https:\/\/21panorama.com\/index.php\/2023\/08\/31\/recibe-abuzeid-lozano-premio-alcaldes-de-mexico-por-acciones-en-proteccion-civil-en-ixtlahuaca\/#respond\"]}]},{\"@type\":\"WebPage\",\"@id\":\"https:\/\/21panorama.com\/index.php\/2023\/08\/31\/recibe-abuzeid-lozano-premio-alcaldes-de-mexico-por-acciones-en-proteccion-civil-en-ixtlahuaca\/\",\"url\":\"https:\/\/21panorama.com\/index.php\/2023\/08\/31\/recibe-abuzeid-lozano-premio-alcaldes-de-mexico-por-acciones-en-proteccion-civil-en-ixtlahuaca\/\",\"name\":\"RECIBE ABUZEID LOZANO PREMIO ALCALDES DE M\u00c9XICO POR ACCIONES EN PROTECCI\u00d3N CIVIL EN IXTLAHUACA - 21 Panorama\",\"isPartOf\":{\"@id\":\"https:\/\/21panorama.com\/#website\"},\"primaryImageOfPage\":{\"@id\":\"https:\/\/21panorama.com\/index.php\/2023\/08\/31\/recibe-abuzeid-lozano-premio-alcaldes-de-mexico-por-acciones-en-proteccion-civil-en-ixtlahuaca\/#primaryimage\"},\"image\":{\"@id\":\"https:\/\/21panorama.com\/index.php\/2023\/08\/31\/recibe-abuzeid-lozano-premio-alcaldes-de-mexico-por-acciones-en-proteccion-civil-en-ixtlahuaca\/#primaryimage\"},\"thumbnailUrl\":\"https:\/\/21panorama.com\/wp-content\/uploads\/2023\/08\/Ixtlahuaca-Premio-Abuzeid-310823-3.jpg\",\"datePublished\":\"2023-09-01T03:54:35+00:00\",\"dateModified\":\"2023-09-01T03:54:36+00:00\",\"breadcrumb\":{\"@id\":\"https:\/\/21panorama.com\/index.php\/2023\/08\/31\/recibe-abuzeid-lozano-premio-alcaldes-de-mexico-por-acciones-en-proteccion-civil-en-ixtlahuaca\/#breadcrumb\"},\"inLanguage\":\"es\",\"potentialAction\":[{\"@type\":\"ReadAction\",\"target\":[\"https:\/\/21panorama.com\/index.php\/2023\/08\/31\/recibe-abuzeid-lozano-premio-alcaldes-de-mexico-por-acciones-en-proteccion-civil-en-ixtlahuaca\/\"]}]},{\"@type\":\"ImageObject\",\"inLanguage\":\"es\",\"@id\":\"https:\/\/21panorama.com\/index.php\/2023\/08\/31\/recibe-abuzeid-lozano-premio-alcaldes-de-mexico-por-acciones-en-proteccion-civil-en-ixtlahuaca\/#primaryimage\",\"url\":\"https:\/\/21panorama.com\/wp-content\/uploads\/2023\/08\/Ixtlahuaca-Premio-Abuzeid-310823-3.jpg\",\"contentUrl\":\"https:\/\/21panorama.com\/wp-content\/uploads\/2023\/08\/Ixtlahuaca-Premio-Abuzeid-310823-3.jpg\",\"width\":1286,\"height\":857},{\"@type\":\"BreadcrumbList\",\"@id\":\"https:\/\/21panorama.com\/index.php\/2023\/08\/31\/recibe-abuzeid-lozano-premio-alcaldes-de-mexico-por-acciones-en-proteccion-civil-en-ixtlahuaca\/#breadcrumb\",\"itemListElement\":[{\"@type\":\"ListItem\",\"position\":1,\"name\":\"Inicio\",\"item\":\"https:\/\/21panorama.com\/\"},{\"@type\":\"ListItem\",\"position\":2,\"name\":\"RECIBE ABUZEID LOZANO PREMIO ALCALDES DE M\u00c9XICO POR ACCIONES EN PROTECCI\u00d3N CIVIL EN IXTLAHUACA\"}]},{\"@type\":\"WebSite\",\"@id\":\"https:\/\/21panorama.com\/#website\",\"url\":\"https:\/\/21panorama.com\/\",\"name\":\"21 Panorama\",\"description\":\"La construcci\u00f3n de la opini\u00f3n p\u00fablica merece un mejor Panorama en este siglo 21 para alcanzar una sociedad con mayor transparencia y sin corrupci\u00f3n.\",\"publisher\":{\"@id\":\"https:\/\/21panorama.com\/#organization\"},\"potentialAction\":[{\"@type\":\"SearchAction\",\"target\":{\"@type\":\"EntryPoint\",\"urlTemplate\":\"https:\/\/21panorama.com\/?s={search_term_string}\"},\"query-input\":{\"@type\":\"PropertyValueSpecification\",\"valueRequired\":true,\"valueName\":\"search_term_string\"}}],\"inLanguage\":\"es\"},{\"@type\":\"Organization\",\"@id\":\"https:\/\/21panorama.com\/#organization\",\"name\":\"21 Panorama\",\"url\":\"https:\/\/21panorama.com\/\",\"logo\":{\"@type\":\"ImageObject\",\"inLanguage\":\"es\",\"@id\":\"https:\/\/21panorama.com\/#\/schema\/logo\/image\/\",\"url\":\"https:\/\/21panorama.com\/wp-content\/uploads\/2019\/07\/cropped-Logo-Panorama-01.jpeg\",\"contentUrl\":\"https:\/\/21panorama.com\/wp-content\/uploads\/2019\/07\/cropped-Logo-Panorama-01.jpeg\",\"width\":290,\"height\":70,\"caption\":\"21 Panorama\"},\"image\":{\"@id\":\"https:\/\/21panorama.com\/#\/schema\/logo\/image\/\"}},{\"@type\":\"Person\",\"@id\":\"https:\/\/21panorama.com\/#\/schema\/person\/1afc291b96d5792a158768324287319f\",\"name\":\"admin\",\"image\":{\"@type\":\"ImageObject\",\"inLanguage\":\"es\",\"@id\":\"https:\/\/21panorama.com\/#\/schema\/person\/image\/\",\"url\":\"https:\/\/secure.gravatar.com\/avatar\/ad365d9d9f46719215b0d042cc3df92a5a8683e09ef13d102233e5491985f0f0?s=96&d=mm&r=g\",\"contentUrl\":\"https:\/\/secure.gravatar.com\/avatar\/ad365d9d9f46719215b0d042cc3df92a5a8683e09ef13d102233e5491985f0f0?s=96&d=mm&r=g\",\"caption\":\"admin\"},\"url\":\"https:\/\/21panorama.com\/index.php\/author\/admin\/\"}]}<\/script>\n<!-- \/ Yoast SEO plugin. -->","yoast_head_json":{"title":"RECIBE ABUZEID LOZANO PREMIO ALCALDES DE M\u00c9XICO POR ACCIONES EN PROTECCI\u00d3N CIVIL EN IXTLAHUACA - 21 Panorama","robots":{"index":"index","follow":"follow","max-snippet":"max-snippet:-1","max-image-preview":"max-image-preview:large","max-video-preview":"max-video-preview:-1"},"canonical":"https:\/\/21panorama.com\/index.php\/2023\/08\/31\/recibe-abuzeid-lozano-premio-alcaldes-de-mexico-por-acciones-en-proteccion-civil-en-ixtlahuaca\/","og_locale":"es_MX","og_type":"article","og_title":"RECIBE ABUZEID LOZANO PREMIO ALCALDES DE M\u00c9XICO POR ACCIONES EN PROTECCI\u00d3N CIVIL EN IXTLAHUACA - 21 Panorama","og_description":"El presidente municipal, Abuzeid Lozano Casta\u00f1eda, recibi\u00f3 el Premio Alcaldes de M\u00e9xico a las Mejores Pr\u00e1cticas Locales, por las acciones implementadas en el municipio de Ixtlahuaca en materia de protecci\u00f3n civil.","og_url":"https:\/\/21panorama.com\/index.php\/2023\/08\/31\/recibe-abuzeid-lozano-premio-alcaldes-de-mexico-por-acciones-en-proteccion-civil-en-ixtlahuaca\/","og_site_name":"21 Panorama","article_published_time":"2023-09-01T03:54:35+00:00","article_modified_time":"2023-09-01T03:54:36+00:00","og_image":[{"width":1286,"height":857,"url":"https:\/\/21panorama.com\/wp-content\/uploads\/2023\/08\/Ixtlahuaca-Premio-Abuzeid-310823-3.jpg","type":"image\/jpeg"}],"author":"admin","twitter_card":"summary_large_image","twitter_misc":{"Escrito por":"admin","Tiempo de lectura":"2 minutos"},"schema":{"@context":"https:\/\/schema.org","@graph":[{"@type":"Article","@id":"https:\/\/21panorama.com\/index.php\/2023\/08\/31\/recibe-abuzeid-lozano-premio-alcaldes-de-mexico-por-acciones-en-proteccion-civil-en-ixtlahuaca\/#article","isPartOf":{"@id":"https:\/\/21panorama.com\/index.php\/2023\/08\/31\/recibe-abuzeid-lozano-premio-alcaldes-de-mexico-por-acciones-en-proteccion-civil-en-ixtlahuaca\/"},"author":{"name":"admin","@id":"https:\/\/21panorama.com\/#\/schema\/person\/1afc291b96d5792a158768324287319f"},"headline":"RECIBE ABUZEID LOZANO PREMIO ALCALDES DE M\u00c9XICO POR ACCIONES EN PROTECCI\u00d3N CIVIL EN IXTLAHUACA","datePublished":"2023-09-01T03:54:35+00:00","dateModified":"2023-09-01T03:54:36+00:00","mainEntityOfPage":{"@id":"https:\/\/21panorama.com\/index.php\/2023\/08\/31\/recibe-abuzeid-lozano-premio-alcaldes-de-mexico-por-acciones-en-proteccion-civil-en-ixtlahuaca\/"},"wordCount":320,"commentCount":0,"publisher":{"@id":"https:\/\/21panorama.com\/#organization"},"image":{"@id":"https:\/\/21panorama.com\/index.php\/2023\/08\/31\/recibe-abuzeid-lozano-premio-alcaldes-de-mexico-por-acciones-en-proteccion-civil-en-ixtlahuaca\/#primaryimage"},"thumbnailUrl":"https:\/\/21panorama.com\/wp-content\/uploads\/2023\/08\/Ixtlahuaca-Premio-Abuzeid-310823-3.jpg","keywords":["Abuzeid Lozano","EDOMEX","GEM","IXTLAHUACA"],"articleSection":["Politica","Sociedad"],"inLanguage":"es","potentialAction":[{"@type":"CommentAction","name":"Comment","target":["https:\/\/21panorama.com\/index.php\/2023\/08\/31\/recibe-abuzeid-lozano-premio-alcaldes-de-mexico-por-acciones-en-proteccion-civil-en-ixtlahuaca\/#respond"]}]},{"@type":"WebPage","@id":"https:\/\/21panorama.com\/index.php\/2023\/08\/31\/recibe-abuzeid-lozano-premio-alcaldes-de-mexico-por-acciones-en-proteccion-civil-en-ixtlahuaca\/","url":"https:\/\/21panorama.com\/index.php\/2023\/08\/31\/recibe-abuzeid-lozano-premio-alcaldes-de-mexico-por-acciones-en-proteccion-civil-en-ixtlahuaca\/","name":"RECIBE ABUZEID LOZANO PREMIO ALCALDES DE M\u00c9XICO POR ACCIONES EN PROTECCI\u00d3N CIVIL EN IXTLAHUACA - 21 Panorama","isPartOf":{"@id":"https:\/\/21panorama.com\/#website"},"primaryImageOfPage":{"@id":"https:\/\/21panorama.com\/index.php\/2023\/08\/31\/recibe-abuzeid-lozano-premio-alcaldes-de-mexico-por-acciones-en-proteccion-civil-en-ixtlahuaca\/#primaryimage"},"image":{"@id":"https:\/\/21panorama.com\/index.php\/2023\/08\/31\/recibe-abuzeid-lozano-premio-alcaldes-de-mexico-por-acciones-en-proteccion-civil-en-ixtlahuaca\/#primaryimage"},"thumbnailUrl":"https:\/\/21panorama.com\/wp-content\/uploads\/2023\/08\/Ixtlahuaca-Premio-Abuzeid-310823-3.jpg","datePublished":"2023-09-01T03:54:35+00:00","dateModified":"2023-09-01T03:54:36+00:00","breadcrumb":{"@id":"https:\/\/21panorama.com\/index.php\/2023\/08\/31\/recibe-abuzeid-lozano-premio-alcaldes-de-mexico-por-acciones-en-proteccion-civil-en-ixtlahuaca\/#breadcrumb"},"inLanguage":"es","potentialAction":[{"@type":"ReadAction","target":["https:\/\/21panorama.com\/index.php\/2023\/08\/31\/recibe-abuzeid-lozano-premio-alcaldes-de-mexico-por-acciones-en-proteccion-civil-en-ixtlahuaca\/"]}]},{"@type":"ImageObject","inLanguage":"es","@id":"https:\/\/21panorama.com\/index.php\/2023\/08\/31\/recibe-abuzeid-lozano-premio-alcaldes-de-mexico-por-acciones-en-proteccion-civil-en-ixtlahuaca\/#primaryimage","url":"https:\/\/21panorama.com\/wp-content\/uploads\/2023\/08\/Ixtlahuaca-Premio-Abuzeid-310823-3.jpg","contentUrl":"https:\/\/21panorama.com\/wp-content\/uploads\/2023\/08\/Ixtlahuaca-Premio-Abuzeid-310823-3.jpg","width":1286,"height":857},{"@type":"BreadcrumbList","@id":"https:\/\/21panorama.com\/index.php\/2023\/08\/31\/recibe-abuzeid-lozano-premio-alcaldes-de-mexico-por-acciones-en-proteccion-civil-en-ixtlahuaca\/#breadcrumb","itemListElement":[{"@type":"ListItem","position":1,"name":"Inicio","item":"https:\/\/21panorama.com\/"},{"@type":"ListItem","position":2,"name":"RECIBE ABUZEID LOZANO PREMIO ALCALDES DE M\u00c9XICO POR ACCIONES EN PROTECCI\u00d3N CIVIL EN IXTLAHUACA"}]},{"@type":"WebSite","@id":"https:\/\/21panorama.com\/#website","url":"https:\/\/21panorama.com\/","name":"21 Panorama","description":"La construcci\u00f3n de la opini\u00f3n p\u00fablica merece un mejor Panorama en este siglo 21 para alcanzar una sociedad con mayor transparencia y sin corrupci\u00f3n.","publisher":{"@id":"https:\/\/21panorama.com\/#organization"},"potentialAction":[{"@type":"SearchAction","target":{"@type":"EntryPoint","urlTemplate":"https:\/\/21panorama.com\/?s={search_term_string}"},"query-input":{"@type":"PropertyValueSpecification","valueRequired":true,"valueName":"search_term_string"}}],"inLanguage":"es"},{"@type":"Organization","@id":"https:\/\/21panorama.com\/#organization","name":"21 Panorama","url":"https:\/\/21panorama.com\/","logo":{"@type":"ImageObject","inLanguage":"es","@id":"https:\/\/21panorama.com\/#\/schema\/logo\/image\/","url":"https:\/\/21panorama.com\/wp-content\/uploads\/2019\/07\/cropped-Logo-Panorama-01.jpeg","contentUrl":"https:\/\/21panorama.com\/wp-content\/uploads\/2019\/07\/cropped-Logo-Panorama-01.jpeg","width":290,"height":70,"caption":"21 Panorama"},"image":{"@id":"https:\/\/21panorama.com\/#\/schema\/logo\/image\/"}},{"@type":"Person","@id":"https:\/\/21panorama.com\/#\/schema\/person\/1afc291b96d5792a158768324287319f","name":"admin","image":{"@type":"ImageObject","inLanguage":"es","@id":"https:\/\/21panorama.com\/#\/schema\/person\/image\/","url":"https:\/\/secure.gravatar.com\/avatar\/ad365d9d9f46719215b0d042cc3df92a5a8683e09ef13d102233e5491985f0f0?s=96&d=mm&r=g","contentUrl":"https:\/\/secure.gravatar.com\/avatar\/ad365d9d9f46719215b0d042cc3df92a5a8683e09ef13d102233e5491985f0f0?s=96&d=mm&r=g","caption":"admin"},"url":"https:\/\/21panorama.com\/index.php\/author\/admin\/"}]}},"_links":{"self":[{"href":"https:\/\/21panorama.com\/index.php\/wp-json\/wp\/v2\/posts\/4965","targetHints":{"allow":["GET"]}}],"collection":[{"href":"https:\/\/21panorama.com\/index.php\/wp-json\/wp\/v2\/posts"}],"about":[{"href":"https:\/\/21panorama.com\/index.php\/wp-json\/wp\/v2\/types\/post"}],"author":[{"embeddable":true,"href":"https:\/\/21panorama.com\/index.php\/wp-json\/wp\/v2\/users\/1"}],"replies":[{"embeddable":true,"href":"https:\/\/21panorama.com\/index.php\/wp-json\/wp\/v2\/comments?post=4965"}],"version-history":[{"count":1,"href":"https:\/\/21panorama.com\/index.php\/wp-json\/wp\/v2\/posts\/4965\/revisions"}],"predecessor-version":[{"id":4967,"href":"https:\/\/21panorama.com\/index.php\/wp-json\/wp\/v2\/posts\/4965\/revisions\/4967"}],"wp:featuredmedia":[{"embeddable":true,"href":"https:\/\/21panorama.com\/index.php\/wp-json\/wp\/v2\/media\/4966"}],"wp:attachment":[{"href":"https:\/\/21panorama.com\/index.php\/wp-json\/wp\/v2\/media?parent=4965"}],"wp:term":[{"taxonomy":"category","embeddable":true,"href":"https:\/\/21panorama.com\/index.php\/wp-json\/wp\/v2\/categories?post=4965"},{"taxonomy":"post_tag","embeddable":true,"href":"https:\/\/21panorama.com\/index.php\/wp-json\/wp\/v2\/tags?post=4965"}],"curies":[{"name":"wp","href":"https:\/\/api.w.org\/{rel}","templated":true}]}}