{"id":4951,"date":"2023-07-28T00:17:13","date_gmt":"2023-07-28T05:17:13","guid":{"rendered":"https:\/\/21panorama.com\/?p=4951"},"modified":"2023-08-31T00:29:51","modified_gmt":"2023-08-31T05:29:51","slug":"avances-en-la-transicion-al-modelo-homologado-de-justicia-civica-aculco","status":"publish","type":"post","link":"https:\/\/21panorama.com\/index.php\/2023\/07\/28\/avances-en-la-transicion-al-modelo-homologado-de-justicia-civica-aculco\/","title":{"rendered":"AVANCES EN LA \u201cTRANSICI\u00d3N AL MODELO HOMOLOGADO DE JUSTICIA C\u00cdVICA\u201d: ACULCO"},"content":{"rendered":"\n<p><\/p>\n\n\n\n<p>El Presidente Municipal, Jorge Osornio Victoria, recibi\u00f3 la visita del Presidente Municipal de Apaxco, Jes\u00fas Gaspar Montiel, y su equipo de trabajo. Se les dio un recorrido en las instalaciones de Seguridad P\u00fablica, con la finalidad de mostrar el trabajo realizado en la &#8220;Transici\u00f3n al Modelo Homologado de Justicia C\u00edvica\u201d.<\/p>\n\n\n\n<p>La Justicia C\u00edvica es el conjunto de procedimientos e instrumentos de Buen Gobierno orientados a fomentar la Cultura de la Legalidad y a dar soluci\u00f3n de forma pronta, transparente y expedita a conflictos comunitarios en la convivencia cotidiana en una sociedad democr\u00e1tica, que tiene como objetivo facilitar y mejorar la convivencia en una comunidad y evitar que los conflictos escalen a conductas delictivas o actos de violencia.<\/p>\n\n\n\n<p>Lo anterior, a trav\u00e9s de diferentes acciones: fomento y difusi\u00f3n de reglas de convivencia, utilizaci\u00f3n de mecanismos alternativos de soluci\u00f3n de controversias, y atenci\u00f3n y sanci\u00f3n de faltas administrativas; todo lo anterior, sin perjuicio de los usos y costumbres de los pueblos ind\u00edgenas y de sus comunidades.<\/p>\n","protected":false},"excerpt":{"rendered":"<p>El Presidente Municipal, Jorge Osornio Victoria, recibi\u00f3 la visita del Presidente Municipal de Apaxco, Jes\u00fas Gaspar Montiel, y su equipo de trabajo. Se les dio un recorrido en las instalaciones de Seguridad P\u00fablica, con la finalidad de mostrar el trabajo realizado en la &#8220;Transici\u00f3n al Modelo Homologado de Justicia C\u00edvica\u201d.<\/p>\n","protected":false},"author":1,"featured_media":4952,"comment_status":"open","ping_status":"open","sticky":false,"template":"","format":"standard","meta":{"footnotes":""},"categories":[5,12,1],"tags":[166,97,222,317],"class_list":["post-4951","post","type-post","status-publish","format-standard","has-post-thumbnail","hentry","category-cultura","category-politica","category-sociedad","tag-aculco","tag-edomex","tag-gem","tag-jorge-osornio"],"yoast_head":"<!-- This site is optimized with the Yoast SEO plugin v24.9 - https:\/\/yoast.com\/wordpress\/plugins\/seo\/ -->\n<title>AVANCES EN LA \u201cTRANSICI\u00d3N AL MODELO HOMOLOGADO DE JUSTICIA C\u00cdVICA\u201d: ACULCO - 21 Panorama<\/title>\n<meta name=\"robots\" content=\"index, follow, max-snippet:-1, max-image-preview:large, max-video-preview:-1\" \/>\n<link rel=\"canonical\" href=\"https:\/\/21panorama.com\/index.php\/2023\/07\/28\/avances-en-la-transicion-al-modelo-homologado-de-justicia-civica-aculco\/\" \/>\n<meta property=\"og:locale\" content=\"es_MX\" \/>\n<meta property=\"og:type\" content=\"article\" \/>\n<meta property=\"og:title\" content=\"AVANCES EN LA \u201cTRANSICI\u00d3N AL MODELO HOMOLOGADO DE JUSTICIA C\u00cdVICA\u201d: ACULCO - 21 Panorama\" \/>\n<meta property=\"og:description\" content=\"El Presidente Municipal, Jorge Osornio Victoria, recibi\u00f3 la visita del Presidente Municipal de Apaxco, Jes\u00fas Gaspar Montiel, y su equipo de trabajo. Se les dio un recorrido en las instalaciones de Seguridad P\u00fablica, con la finalidad de mostrar el trabajo realizado en la &quot;Transici\u00f3n al Modelo Homologado de Justicia C\u00edvica\u201d.\" \/>\n<meta property=\"og:url\" content=\"https:\/\/21panorama.com\/index.php\/2023\/07\/28\/avances-en-la-transicion-al-modelo-homologado-de-justicia-civica-aculco\/\" \/>\n<meta property=\"og:site_name\" content=\"21 Panorama\" \/>\n<meta property=\"article:published_time\" content=\"2023-07-28T05:17:13+00:00\" \/>\n<meta property=\"article:modified_time\" content=\"2023-08-31T05:29:51+00:00\" \/>\n<meta property=\"og:image\" content=\"https:\/\/21panorama.com\/wp-content\/uploads\/2023\/08\/Aculco-Justicia-Civica-280723-3.jpg\" \/>\n\t<meta property=\"og:image:width\" content=\"604\" \/>\n\t<meta property=\"og:image:height\" content=\"404\" \/>\n\t<meta property=\"og:image:type\" content=\"image\/jpeg\" \/>\n<meta name=\"author\" content=\"admin\" \/>\n<meta name=\"twitter:card\" content=\"summary_large_image\" \/>\n<meta name=\"twitter:label1\" content=\"Escrito por\" \/>\n\t<meta name=\"twitter:data1\" content=\"admin\" \/>\n\t<meta name=\"twitter:label2\" content=\"Tiempo de lectura\" \/>\n\t<meta name=\"twitter:data2\" content=\"1 minuto\" \/>\n<script type=\"application\/ld+json\" class=\"yoast-schema-graph\">{\"@context\":\"https:\/\/schema.org\",\"@graph\":[{\"@type\":\"Article\",\"@id\":\"https:\/\/21panorama.com\/index.php\/2023\/07\/28\/avances-en-la-transicion-al-modelo-homologado-de-justicia-civica-aculco\/#article\",\"isPartOf\":{\"@id\":\"https:\/\/21panorama.com\/index.php\/2023\/07\/28\/avances-en-la-transicion-al-modelo-homologado-de-justicia-civica-aculco\/\"},\"author\":{\"name\":\"admin\",\"@id\":\"https:\/\/21panorama.com\/#\/schema\/person\/1afc291b96d5792a158768324287319f\"},\"headline\":\"AVANCES EN LA \u201cTRANSICI\u00d3N AL MODELO HOMOLOGADO DE JUSTICIA C\u00cdVICA\u201d: ACULCO\",\"datePublished\":\"2023-07-28T05:17:13+00:00\",\"dateModified\":\"2023-08-31T05:29:51+00:00\",\"mainEntityOfPage\":{\"@id\":\"https:\/\/21panorama.com\/index.php\/2023\/07\/28\/avances-en-la-transicion-al-modelo-homologado-de-justicia-civica-aculco\/\"},\"wordCount\":191,\"commentCount\":0,\"publisher\":{\"@id\":\"https:\/\/21panorama.com\/#organization\"},\"image\":{\"@id\":\"https:\/\/21panorama.com\/index.php\/2023\/07\/28\/avances-en-la-transicion-al-modelo-homologado-de-justicia-civica-aculco\/#primaryimage\"},\"thumbnailUrl\":\"https:\/\/21panorama.com\/wp-content\/uploads\/2023\/08\/Aculco-Justicia-Civica-280723-3.jpg\",\"keywords\":[\"aculco\",\"EDOMEX\",\"GEM\",\"JORGE OSORNIO\"],\"articleSection\":[\"Cultura\",\"Politica\",\"Sociedad\"],\"inLanguage\":\"es\",\"potentialAction\":[{\"@type\":\"CommentAction\",\"name\":\"Comment\",\"target\":[\"https:\/\/21panorama.com\/index.php\/2023\/07\/28\/avances-en-la-transicion-al-modelo-homologado-de-justicia-civica-aculco\/#respond\"]}]},{\"@type\":\"WebPage\",\"@id\":\"https:\/\/21panorama.com\/index.php\/2023\/07\/28\/avances-en-la-transicion-al-modelo-homologado-de-justicia-civica-aculco\/\",\"url\":\"https:\/\/21panorama.com\/index.php\/2023\/07\/28\/avances-en-la-transicion-al-modelo-homologado-de-justicia-civica-aculco\/\",\"name\":\"AVANCES EN LA \u201cTRANSICI\u00d3N AL MODELO HOMOLOGADO DE JUSTICIA C\u00cdVICA\u201d: ACULCO - 21 Panorama\",\"isPartOf\":{\"@id\":\"https:\/\/21panorama.com\/#website\"},\"primaryImageOfPage\":{\"@id\":\"https:\/\/21panorama.com\/index.php\/2023\/07\/28\/avances-en-la-transicion-al-modelo-homologado-de-justicia-civica-aculco\/#primaryimage\"},\"image\":{\"@id\":\"https:\/\/21panorama.com\/index.php\/2023\/07\/28\/avances-en-la-transicion-al-modelo-homologado-de-justicia-civica-aculco\/#primaryimage\"},\"thumbnailUrl\":\"https:\/\/21panorama.com\/wp-content\/uploads\/2023\/08\/Aculco-Justicia-Civica-280723-3.jpg\",\"datePublished\":\"2023-07-28T05:17:13+00:00\",\"dateModified\":\"2023-08-31T05:29:51+00:00\",\"breadcrumb\":{\"@id\":\"https:\/\/21panorama.com\/index.php\/2023\/07\/28\/avances-en-la-transicion-al-modelo-homologado-de-justicia-civica-aculco\/#breadcrumb\"},\"inLanguage\":\"es\",\"potentialAction\":[{\"@type\":\"ReadAction\",\"target\":[\"https:\/\/21panorama.com\/index.php\/2023\/07\/28\/avances-en-la-transicion-al-modelo-homologado-de-justicia-civica-aculco\/\"]}]},{\"@type\":\"ImageObject\",\"inLanguage\":\"es\",\"@id\":\"https:\/\/21panorama.com\/index.php\/2023\/07\/28\/avances-en-la-transicion-al-modelo-homologado-de-justicia-civica-aculco\/#primaryimage\",\"url\":\"https:\/\/21panorama.com\/wp-content\/uploads\/2023\/08\/Aculco-Justicia-Civica-280723-3.jpg\",\"contentUrl\":\"https:\/\/21panorama.com\/wp-content\/uploads\/2023\/08\/Aculco-Justicia-Civica-280723-3.jpg\",\"width\":604,\"height\":404},{\"@type\":\"BreadcrumbList\",\"@id\":\"https:\/\/21panorama.com\/index.php\/2023\/07\/28\/avances-en-la-transicion-al-modelo-homologado-de-justicia-civica-aculco\/#breadcrumb\",\"itemListElement\":[{\"@type\":\"ListItem\",\"position\":1,\"name\":\"Inicio\",\"item\":\"https:\/\/21panorama.com\/\"},{\"@type\":\"ListItem\",\"position\":2,\"name\":\"AVANCES EN LA \u201cTRANSICI\u00d3N AL MODELO HOMOLOGADO DE JUSTICIA C\u00cdVICA\u201d: ACULCO\"}]},{\"@type\":\"WebSite\",\"@id\":\"https:\/\/21panorama.com\/#website\",\"url\":\"https:\/\/21panorama.com\/\",\"name\":\"21 Panorama\",\"description\":\"La construcci\u00f3n de la opini\u00f3n p\u00fablica merece un mejor Panorama en este siglo 21 para alcanzar una sociedad con mayor transparencia y sin corrupci\u00f3n.\",\"publisher\":{\"@id\":\"https:\/\/21panorama.com\/#organization\"},\"potentialAction\":[{\"@type\":\"SearchAction\",\"target\":{\"@type\":\"EntryPoint\",\"urlTemplate\":\"https:\/\/21panorama.com\/?s={search_term_string}\"},\"query-input\":{\"@type\":\"PropertyValueSpecification\",\"valueRequired\":true,\"valueName\":\"search_term_string\"}}],\"inLanguage\":\"es\"},{\"@type\":\"Organization\",\"@id\":\"https:\/\/21panorama.com\/#organization\",\"name\":\"21 Panorama\",\"url\":\"https:\/\/21panorama.com\/\",\"logo\":{\"@type\":\"ImageObject\",\"inLanguage\":\"es\",\"@id\":\"https:\/\/21panorama.com\/#\/schema\/logo\/image\/\",\"url\":\"https:\/\/21panorama.com\/wp-content\/uploads\/2019\/07\/cropped-Logo-Panorama-01.jpeg\",\"contentUrl\":\"https:\/\/21panorama.com\/wp-content\/uploads\/2019\/07\/cropped-Logo-Panorama-01.jpeg\",\"width\":290,\"height\":70,\"caption\":\"21 Panorama\"},\"image\":{\"@id\":\"https:\/\/21panorama.com\/#\/schema\/logo\/image\/\"}},{\"@type\":\"Person\",\"@id\":\"https:\/\/21panorama.com\/#\/schema\/person\/1afc291b96d5792a158768324287319f\",\"name\":\"admin\",\"image\":{\"@type\":\"ImageObject\",\"inLanguage\":\"es\",\"@id\":\"https:\/\/21panorama.com\/#\/schema\/person\/image\/\",\"url\":\"https:\/\/secure.gravatar.com\/avatar\/ad365d9d9f46719215b0d042cc3df92a5a8683e09ef13d102233e5491985f0f0?s=96&d=mm&r=g\",\"contentUrl\":\"https:\/\/secure.gravatar.com\/avatar\/ad365d9d9f46719215b0d042cc3df92a5a8683e09ef13d102233e5491985f0f0?s=96&d=mm&r=g\",\"caption\":\"admin\"},\"url\":\"https:\/\/21panorama.com\/index.php\/author\/admin\/\"}]}<\/script>\n<!-- \/ Yoast SEO plugin. -->","yoast_head_json":{"title":"AVANCES EN LA \u201cTRANSICI\u00d3N AL MODELO HOMOLOGADO DE JUSTICIA C\u00cdVICA\u201d: ACULCO - 21 Panorama","robots":{"index":"index","follow":"follow","max-snippet":"max-snippet:-1","max-image-preview":"max-image-preview:large","max-video-preview":"max-video-preview:-1"},"canonical":"https:\/\/21panorama.com\/index.php\/2023\/07\/28\/avances-en-la-transicion-al-modelo-homologado-de-justicia-civica-aculco\/","og_locale":"es_MX","og_type":"article","og_title":"AVANCES EN LA \u201cTRANSICI\u00d3N AL MODELO HOMOLOGADO DE JUSTICIA C\u00cdVICA\u201d: ACULCO - 21 Panorama","og_description":"El Presidente Municipal, Jorge Osornio Victoria, recibi\u00f3 la visita del Presidente Municipal de Apaxco, Jes\u00fas Gaspar Montiel, y su equipo de trabajo. Se les dio un recorrido en las instalaciones de Seguridad P\u00fablica, con la finalidad de mostrar el trabajo realizado en la \"Transici\u00f3n al Modelo Homologado de Justicia C\u00edvica\u201d.","og_url":"https:\/\/21panorama.com\/index.php\/2023\/07\/28\/avances-en-la-transicion-al-modelo-homologado-de-justicia-civica-aculco\/","og_site_name":"21 Panorama","article_published_time":"2023-07-28T05:17:13+00:00","article_modified_time":"2023-08-31T05:29:51+00:00","og_image":[{"width":604,"height":404,"url":"https:\/\/21panorama.com\/wp-content\/uploads\/2023\/08\/Aculco-Justicia-Civica-280723-3.jpg","type":"image\/jpeg"}],"author":"admin","twitter_card":"summary_large_image","twitter_misc":{"Escrito por":"admin","Tiempo de lectura":"1 minuto"},"schema":{"@context":"https:\/\/schema.org","@graph":[{"@type":"Article","@id":"https:\/\/21panorama.com\/index.php\/2023\/07\/28\/avances-en-la-transicion-al-modelo-homologado-de-justicia-civica-aculco\/#article","isPartOf":{"@id":"https:\/\/21panorama.com\/index.php\/2023\/07\/28\/avances-en-la-transicion-al-modelo-homologado-de-justicia-civica-aculco\/"},"author":{"name":"admin","@id":"https:\/\/21panorama.com\/#\/schema\/person\/1afc291b96d5792a158768324287319f"},"headline":"AVANCES EN LA \u201cTRANSICI\u00d3N AL MODELO HOMOLOGADO DE JUSTICIA C\u00cdVICA\u201d: ACULCO","datePublished":"2023-07-28T05:17:13+00:00","dateModified":"2023-08-31T05:29:51+00:00","mainEntityOfPage":{"@id":"https:\/\/21panorama.com\/index.php\/2023\/07\/28\/avances-en-la-transicion-al-modelo-homologado-de-justicia-civica-aculco\/"},"wordCount":191,"commentCount":0,"publisher":{"@id":"https:\/\/21panorama.com\/#organization"},"image":{"@id":"https:\/\/21panorama.com\/index.php\/2023\/07\/28\/avances-en-la-transicion-al-modelo-homologado-de-justicia-civica-aculco\/#primaryimage"},"thumbnailUrl":"https:\/\/21panorama.com\/wp-content\/uploads\/2023\/08\/Aculco-Justicia-Civica-280723-3.jpg","keywords":["aculco","EDOMEX","GEM","JORGE OSORNIO"],"articleSection":["Cultura","Politica","Sociedad"],"inLanguage":"es","potentialAction":[{"@type":"CommentAction","name":"Comment","target":["https:\/\/21panorama.com\/index.php\/2023\/07\/28\/avances-en-la-transicion-al-modelo-homologado-de-justicia-civica-aculco\/#respond"]}]},{"@type":"WebPage","@id":"https:\/\/21panorama.com\/index.php\/2023\/07\/28\/avances-en-la-transicion-al-modelo-homologado-de-justicia-civica-aculco\/","url":"https:\/\/21panorama.com\/index.php\/2023\/07\/28\/avances-en-la-transicion-al-modelo-homologado-de-justicia-civica-aculco\/","name":"AVANCES EN LA \u201cTRANSICI\u00d3N AL MODELO HOMOLOGADO DE JUSTICIA C\u00cdVICA\u201d: ACULCO - 21 Panorama","isPartOf":{"@id":"https:\/\/21panorama.com\/#website"},"primaryImageOfPage":{"@id":"https:\/\/21panorama.com\/index.php\/2023\/07\/28\/avances-en-la-transicion-al-modelo-homologado-de-justicia-civica-aculco\/#primaryimage"},"image":{"@id":"https:\/\/21panorama.com\/index.php\/2023\/07\/28\/avances-en-la-transicion-al-modelo-homologado-de-justicia-civica-aculco\/#primaryimage"},"thumbnailUrl":"https:\/\/21panorama.com\/wp-content\/uploads\/2023\/08\/Aculco-Justicia-Civica-280723-3.jpg","datePublished":"2023-07-28T05:17:13+00:00","dateModified":"2023-08-31T05:29:51+00:00","breadcrumb":{"@id":"https:\/\/21panorama.com\/index.php\/2023\/07\/28\/avances-en-la-transicion-al-modelo-homologado-de-justicia-civica-aculco\/#breadcrumb"},"inLanguage":"es","potentialAction":[{"@type":"ReadAction","target":["https:\/\/21panorama.com\/index.php\/2023\/07\/28\/avances-en-la-transicion-al-modelo-homologado-de-justicia-civica-aculco\/"]}]},{"@type":"ImageObject","inLanguage":"es","@id":"https:\/\/21panorama.com\/index.php\/2023\/07\/28\/avances-en-la-transicion-al-modelo-homologado-de-justicia-civica-aculco\/#primaryimage","url":"https:\/\/21panorama.com\/wp-content\/uploads\/2023\/08\/Aculco-Justicia-Civica-280723-3.jpg","contentUrl":"https:\/\/21panorama.com\/wp-content\/uploads\/2023\/08\/Aculco-Justicia-Civica-280723-3.jpg","width":604,"height":404},{"@type":"BreadcrumbList","@id":"https:\/\/21panorama.com\/index.php\/2023\/07\/28\/avances-en-la-transicion-al-modelo-homologado-de-justicia-civica-aculco\/#breadcrumb","itemListElement":[{"@type":"ListItem","position":1,"name":"Inicio","item":"https:\/\/21panorama.com\/"},{"@type":"ListItem","position":2,"name":"AVANCES EN LA \u201cTRANSICI\u00d3N AL MODELO HOMOLOGADO DE JUSTICIA C\u00cdVICA\u201d: ACULCO"}]},{"@type":"WebSite","@id":"https:\/\/21panorama.com\/#website","url":"https:\/\/21panorama.com\/","name":"21 Panorama","description":"La construcci\u00f3n de la opini\u00f3n p\u00fablica merece un mejor Panorama en este siglo 21 para alcanzar una sociedad con mayor transparencia y sin corrupci\u00f3n.","publisher":{"@id":"https:\/\/21panorama.com\/#organization"},"potentialAction":[{"@type":"SearchAction","target":{"@type":"EntryPoint","urlTemplate":"https:\/\/21panorama.com\/?s={search_term_string}"},"query-input":{"@type":"PropertyValueSpecification","valueRequired":true,"valueName":"search_term_string"}}],"inLanguage":"es"},{"@type":"Organization","@id":"https:\/\/21panorama.com\/#organization","name":"21 Panorama","url":"https:\/\/21panorama.com\/","logo":{"@type":"ImageObject","inLanguage":"es","@id":"https:\/\/21panorama.com\/#\/schema\/logo\/image\/","url":"https:\/\/21panorama.com\/wp-content\/uploads\/2019\/07\/cropped-Logo-Panorama-01.jpeg","contentUrl":"https:\/\/21panorama.com\/wp-content\/uploads\/2019\/07\/cropped-Logo-Panorama-01.jpeg","width":290,"height":70,"caption":"21 Panorama"},"image":{"@id":"https:\/\/21panorama.com\/#\/schema\/logo\/image\/"}},{"@type":"Person","@id":"https:\/\/21panorama.com\/#\/schema\/person\/1afc291b96d5792a158768324287319f","name":"admin","image":{"@type":"ImageObject","inLanguage":"es","@id":"https:\/\/21panorama.com\/#\/schema\/person\/image\/","url":"https:\/\/secure.gravatar.com\/avatar\/ad365d9d9f46719215b0d042cc3df92a5a8683e09ef13d102233e5491985f0f0?s=96&d=mm&r=g","contentUrl":"https:\/\/secure.gravatar.com\/avatar\/ad365d9d9f46719215b0d042cc3df92a5a8683e09ef13d102233e5491985f0f0?s=96&d=mm&r=g","caption":"admin"},"url":"https:\/\/21panorama.com\/index.php\/author\/admin\/"}]}},"_links":{"self":[{"href":"https:\/\/21panorama.com\/index.php\/wp-json\/wp\/v2\/posts\/4951","targetHints":{"allow":["GET"]}}],"collection":[{"href":"https:\/\/21panorama.com\/index.php\/wp-json\/wp\/v2\/posts"}],"about":[{"href":"https:\/\/21panorama.com\/index.php\/wp-json\/wp\/v2\/types\/post"}],"author":[{"embeddable":true,"href":"https:\/\/21panorama.com\/index.php\/wp-json\/wp\/v2\/users\/1"}],"replies":[{"embeddable":true,"href":"https:\/\/21panorama.com\/index.php\/wp-json\/wp\/v2\/comments?post=4951"}],"version-history":[{"count":1,"href":"https:\/\/21panorama.com\/index.php\/wp-json\/wp\/v2\/posts\/4951\/revisions"}],"predecessor-version":[{"id":4953,"href":"https:\/\/21panorama.com\/index.php\/wp-json\/wp\/v2\/posts\/4951\/revisions\/4953"}],"wp:featuredmedia":[{"embeddable":true,"href":"https:\/\/21panorama.com\/index.php\/wp-json\/wp\/v2\/media\/4952"}],"wp:attachment":[{"href":"https:\/\/21panorama.com\/index.php\/wp-json\/wp\/v2\/media?parent=4951"}],"wp:term":[{"taxonomy":"category","embeddable":true,"href":"https:\/\/21panorama.com\/index.php\/wp-json\/wp\/v2\/categories?post=4951"},{"taxonomy":"post_tag","embeddable":true,"href":"https:\/\/21panorama.com\/index.php\/wp-json\/wp\/v2\/tags?post=4951"}],"curies":[{"name":"wp","href":"https:\/\/api.w.org\/{rel}","templated":true}]}}