{"id":4948,"date":"2023-08-30T23:21:23","date_gmt":"2023-08-31T04:21:23","guid":{"rendered":"https:\/\/21panorama.com\/?p=4948"},"modified":"2023-08-30T23:21:24","modified_gmt":"2023-08-31T04:21:24","slug":"jornada-itinerante-y-medico-asistencial-en-jiquipilco","status":"publish","type":"post","link":"https:\/\/21panorama.com\/index.php\/2023\/08\/30\/jornada-itinerante-y-medico-asistencial-en-jiquipilco\/","title":{"rendered":"JORNADA ITINERANTE Y M\u00c9DICO ASISTENCIAL EN JIQUIPILCO"},"content":{"rendered":"\n<p><\/p>\n\n\n\n<p>Se llev\u00f3 a cabo la Jornada Itinerante y m\u00e9dico asistencial en el Municipio de Jiquipilco, labor que se ejecut\u00f3 en conjunto, el CEDIPIEM y el Gobierno Municipal. Encabezando el evento, el Presidente Municipal, Felipe de Jes\u00fas S\u00e1nchez D\u00e1vila; acompa\u00f1ado del representante del CEDIPIEM, Lic. Nahum Jaimes Pichardo y del Coordinador Regional del INEA, Mario Lara Oca\u00f1a.<\/p>\n\n\n\n<p>El Coordinador Regional del INEA, Mario Lara, ofreci\u00f3, por medio del INEA, la conclusi\u00f3n de estudios de primaria y secundaria a todos aquellos adultos que desean seguir avanzando en su formaci\u00f3n educativa. Destac\u00f3 que la educaci\u00f3n es la llave para la transformaci\u00f3n de los pueblos ind\u00edgenas y de las comunidades, ya que es el \u00fanico camino posible para mejorar la vida de las personas.<\/p>\n\n\n\n<p>&nbsp;El INEA trabajar\u00e1 en coordinaci\u00f3n con las bibliotecas del municipio. En Santa Cruz Tepexpan se instalar\u00e1 una Plaza Comunitaria del INEA. Dicha Plaza es la combinaci\u00f3n del acercamiento de las personas a las tecnolog\u00edas de la informaci\u00f3n con la parte educativa.<\/p>\n\n\n\n<p>Finalmente, Mario Lara exhort\u00f3 a las autoridades locales a motivar a la poblaci\u00f3n para que concluyan sus estudios b\u00e1sicos, utilizando tecnolog\u00eda de punta. Adem\u00e1s, el INEA ofrece servicios de educaci\u00f3n al modelo ind\u00edgena biling\u00fce, tanto en otom\u00ed como en mazahua, se cuenta con materiales de ayuda y de apoyo en las dos lenguas.<\/p>\n\n\n\n<p>El Presidente Municipal, Felipe S\u00e1nchez D\u00e1vila, resalt\u00f3 que los pueblos ind\u00edgenas son quienes preservan las tradiciones y la cultura. Es por ellos que se proveen estos servicios de educaci\u00f3n y de asistencia m\u00e9dica. El edil agradeci\u00f3 la presencia, tambi\u00e9n, de la iniciativa privada, que ofrecieron sus servicios educativos y de salud.<\/p>\n","protected":false},"excerpt":{"rendered":"<p>Se llev\u00f3 a cabo la Jornada Itinerante y m\u00e9dico asistencial en el Municipio de Jiquipilco, labor que se ejecut\u00f3 en conjunto, el CEDIPIEM y el Gobierno Municipal. Encabezando el evento, el Presidente Municipal, Felipe de Jes\u00fas S\u00e1nchez D\u00e1vila; acompa\u00f1ado del representante del CEDIPIEM, Lic. Nahum Jaimes Pichardo y del Coordinador Regional del INEA, Mario Lara Oca\u00f1a.<\/p>\n","protected":false},"author":1,"featured_media":4949,"comment_status":"open","ping_status":"open","sticky":false,"template":"","format":"standard","meta":{"footnotes":""},"categories":[6,374,12,1,4],"tags":[97,327,222,257,33],"class_list":["post-4948","post","type-post","status-publish","format-standard","has-post-thumbnail","hentry","category-cienciaysalud","category-educacion","category-politica","category-sociedad","category-tecnologia","tag-edomex","tag-felipe-sanchez-davila","tag-gem","tag-jiquipilco","tag-pri"],"yoast_head":"<!-- This site is optimized with the Yoast SEO plugin v24.9 - https:\/\/yoast.com\/wordpress\/plugins\/seo\/ -->\n<title>JORNADA ITINERANTE Y M\u00c9DICO ASISTENCIAL EN JIQUIPILCO - 21 Panorama<\/title>\n<meta name=\"robots\" content=\"index, follow, max-snippet:-1, max-image-preview:large, max-video-preview:-1\" \/>\n<link rel=\"canonical\" href=\"https:\/\/21panorama.com\/index.php\/2023\/08\/30\/jornada-itinerante-y-medico-asistencial-en-jiquipilco\/\" \/>\n<meta property=\"og:locale\" content=\"es_MX\" \/>\n<meta property=\"og:type\" content=\"article\" \/>\n<meta property=\"og:title\" content=\"JORNADA ITINERANTE Y M\u00c9DICO ASISTENCIAL EN JIQUIPILCO - 21 Panorama\" \/>\n<meta property=\"og:description\" content=\"Se llev\u00f3 a cabo la Jornada Itinerante y m\u00e9dico asistencial en el Municipio de Jiquipilco, labor que se ejecut\u00f3 en conjunto, el CEDIPIEM y el Gobierno Municipal. Encabezando el evento, el Presidente Municipal, Felipe de Jes\u00fas S\u00e1nchez D\u00e1vila; acompa\u00f1ado del representante del CEDIPIEM, Lic. Nahum Jaimes Pichardo y del Coordinador Regional del INEA, Mario Lara Oca\u00f1a.\" \/>\n<meta property=\"og:url\" content=\"https:\/\/21panorama.com\/index.php\/2023\/08\/30\/jornada-itinerante-y-medico-asistencial-en-jiquipilco\/\" \/>\n<meta property=\"og:site_name\" content=\"21 Panorama\" \/>\n<meta property=\"article:published_time\" content=\"2023-08-31T04:21:23+00:00\" \/>\n<meta property=\"article:modified_time\" content=\"2023-08-31T04:21:24+00:00\" \/>\n<meta property=\"og:image\" content=\"https:\/\/21panorama.com\/wp-content\/uploads\/2023\/08\/Jiquipilco-CEDIPIEM-280823-3.jpg\" \/>\n\t<meta property=\"og:image:width\" content=\"744\" \/>\n\t<meta property=\"og:image:height\" content=\"570\" \/>\n\t<meta property=\"og:image:type\" content=\"image\/jpeg\" \/>\n<meta name=\"author\" content=\"admin\" \/>\n<meta name=\"twitter:card\" content=\"summary_large_image\" \/>\n<meta name=\"twitter:label1\" content=\"Escrito por\" \/>\n\t<meta name=\"twitter:data1\" content=\"admin\" \/>\n\t<meta name=\"twitter:label2\" content=\"Tiempo de lectura\" \/>\n\t<meta name=\"twitter:data2\" content=\"2 minutos\" \/>\n<script type=\"application\/ld+json\" class=\"yoast-schema-graph\">{\"@context\":\"https:\/\/schema.org\",\"@graph\":[{\"@type\":\"Article\",\"@id\":\"https:\/\/21panorama.com\/index.php\/2023\/08\/30\/jornada-itinerante-y-medico-asistencial-en-jiquipilco\/#article\",\"isPartOf\":{\"@id\":\"https:\/\/21panorama.com\/index.php\/2023\/08\/30\/jornada-itinerante-y-medico-asistencial-en-jiquipilco\/\"},\"author\":{\"name\":\"admin\",\"@id\":\"https:\/\/21panorama.com\/#\/schema\/person\/1afc291b96d5792a158768324287319f\"},\"headline\":\"JORNADA ITINERANTE Y M\u00c9DICO ASISTENCIAL EN JIQUIPILCO\",\"datePublished\":\"2023-08-31T04:21:23+00:00\",\"dateModified\":\"2023-08-31T04:21:24+00:00\",\"mainEntityOfPage\":{\"@id\":\"https:\/\/21panorama.com\/index.php\/2023\/08\/30\/jornada-itinerante-y-medico-asistencial-en-jiquipilco\/\"},\"wordCount\":302,\"commentCount\":0,\"publisher\":{\"@id\":\"https:\/\/21panorama.com\/#organization\"},\"image\":{\"@id\":\"https:\/\/21panorama.com\/index.php\/2023\/08\/30\/jornada-itinerante-y-medico-asistencial-en-jiquipilco\/#primaryimage\"},\"thumbnailUrl\":\"https:\/\/21panorama.com\/wp-content\/uploads\/2023\/08\/Jiquipilco-CEDIPIEM-280823-3.jpg\",\"keywords\":[\"EDOMEX\",\"Felipe S\u00e1nchez D\u00e1vila\",\"GEM\",\"Jiquipilco\",\"PRI\"],\"articleSection\":[\"Ciencia y Salud\",\"Educaci\u00f3n\",\"Politica\",\"Sociedad\",\"Tecnolog\u00eda\"],\"inLanguage\":\"es\",\"potentialAction\":[{\"@type\":\"CommentAction\",\"name\":\"Comment\",\"target\":[\"https:\/\/21panorama.com\/index.php\/2023\/08\/30\/jornada-itinerante-y-medico-asistencial-en-jiquipilco\/#respond\"]}]},{\"@type\":\"WebPage\",\"@id\":\"https:\/\/21panorama.com\/index.php\/2023\/08\/30\/jornada-itinerante-y-medico-asistencial-en-jiquipilco\/\",\"url\":\"https:\/\/21panorama.com\/index.php\/2023\/08\/30\/jornada-itinerante-y-medico-asistencial-en-jiquipilco\/\",\"name\":\"JORNADA ITINERANTE Y M\u00c9DICO ASISTENCIAL EN JIQUIPILCO - 21 Panorama\",\"isPartOf\":{\"@id\":\"https:\/\/21panorama.com\/#website\"},\"primaryImageOfPage\":{\"@id\":\"https:\/\/21panorama.com\/index.php\/2023\/08\/30\/jornada-itinerante-y-medico-asistencial-en-jiquipilco\/#primaryimage\"},\"image\":{\"@id\":\"https:\/\/21panorama.com\/index.php\/2023\/08\/30\/jornada-itinerante-y-medico-asistencial-en-jiquipilco\/#primaryimage\"},\"thumbnailUrl\":\"https:\/\/21panorama.com\/wp-content\/uploads\/2023\/08\/Jiquipilco-CEDIPIEM-280823-3.jpg\",\"datePublished\":\"2023-08-31T04:21:23+00:00\",\"dateModified\":\"2023-08-31T04:21:24+00:00\",\"breadcrumb\":{\"@id\":\"https:\/\/21panorama.com\/index.php\/2023\/08\/30\/jornada-itinerante-y-medico-asistencial-en-jiquipilco\/#breadcrumb\"},\"inLanguage\":\"es\",\"potentialAction\":[{\"@type\":\"ReadAction\",\"target\":[\"https:\/\/21panorama.com\/index.php\/2023\/08\/30\/jornada-itinerante-y-medico-asistencial-en-jiquipilco\/\"]}]},{\"@type\":\"ImageObject\",\"inLanguage\":\"es\",\"@id\":\"https:\/\/21panorama.com\/index.php\/2023\/08\/30\/jornada-itinerante-y-medico-asistencial-en-jiquipilco\/#primaryimage\",\"url\":\"https:\/\/21panorama.com\/wp-content\/uploads\/2023\/08\/Jiquipilco-CEDIPIEM-280823-3.jpg\",\"contentUrl\":\"https:\/\/21panorama.com\/wp-content\/uploads\/2023\/08\/Jiquipilco-CEDIPIEM-280823-3.jpg\",\"width\":744,\"height\":570},{\"@type\":\"BreadcrumbList\",\"@id\":\"https:\/\/21panorama.com\/index.php\/2023\/08\/30\/jornada-itinerante-y-medico-asistencial-en-jiquipilco\/#breadcrumb\",\"itemListElement\":[{\"@type\":\"ListItem\",\"position\":1,\"name\":\"Inicio\",\"item\":\"https:\/\/21panorama.com\/\"},{\"@type\":\"ListItem\",\"position\":2,\"name\":\"JORNADA ITINERANTE Y M\u00c9DICO ASISTENCIAL EN JIQUIPILCO\"}]},{\"@type\":\"WebSite\",\"@id\":\"https:\/\/21panorama.com\/#website\",\"url\":\"https:\/\/21panorama.com\/\",\"name\":\"21 Panorama\",\"description\":\"La construcci\u00f3n de la opini\u00f3n p\u00fablica merece un mejor Panorama en este siglo 21 para alcanzar una sociedad con mayor transparencia y sin corrupci\u00f3n.\",\"publisher\":{\"@id\":\"https:\/\/21panorama.com\/#organization\"},\"potentialAction\":[{\"@type\":\"SearchAction\",\"target\":{\"@type\":\"EntryPoint\",\"urlTemplate\":\"https:\/\/21panorama.com\/?s={search_term_string}\"},\"query-input\":{\"@type\":\"PropertyValueSpecification\",\"valueRequired\":true,\"valueName\":\"search_term_string\"}}],\"inLanguage\":\"es\"},{\"@type\":\"Organization\",\"@id\":\"https:\/\/21panorama.com\/#organization\",\"name\":\"21 Panorama\",\"url\":\"https:\/\/21panorama.com\/\",\"logo\":{\"@type\":\"ImageObject\",\"inLanguage\":\"es\",\"@id\":\"https:\/\/21panorama.com\/#\/schema\/logo\/image\/\",\"url\":\"https:\/\/21panorama.com\/wp-content\/uploads\/2019\/07\/cropped-Logo-Panorama-01.jpeg\",\"contentUrl\":\"https:\/\/21panorama.com\/wp-content\/uploads\/2019\/07\/cropped-Logo-Panorama-01.jpeg\",\"width\":290,\"height\":70,\"caption\":\"21 Panorama\"},\"image\":{\"@id\":\"https:\/\/21panorama.com\/#\/schema\/logo\/image\/\"}},{\"@type\":\"Person\",\"@id\":\"https:\/\/21panorama.com\/#\/schema\/person\/1afc291b96d5792a158768324287319f\",\"name\":\"admin\",\"image\":{\"@type\":\"ImageObject\",\"inLanguage\":\"es\",\"@id\":\"https:\/\/21panorama.com\/#\/schema\/person\/image\/\",\"url\":\"https:\/\/secure.gravatar.com\/avatar\/ad365d9d9f46719215b0d042cc3df92a5a8683e09ef13d102233e5491985f0f0?s=96&d=mm&r=g\",\"contentUrl\":\"https:\/\/secure.gravatar.com\/avatar\/ad365d9d9f46719215b0d042cc3df92a5a8683e09ef13d102233e5491985f0f0?s=96&d=mm&r=g\",\"caption\":\"admin\"},\"url\":\"https:\/\/21panorama.com\/index.php\/author\/admin\/\"}]}<\/script>\n<!-- \/ Yoast SEO plugin. -->","yoast_head_json":{"title":"JORNADA ITINERANTE Y M\u00c9DICO ASISTENCIAL EN JIQUIPILCO - 21 Panorama","robots":{"index":"index","follow":"follow","max-snippet":"max-snippet:-1","max-image-preview":"max-image-preview:large","max-video-preview":"max-video-preview:-1"},"canonical":"https:\/\/21panorama.com\/index.php\/2023\/08\/30\/jornada-itinerante-y-medico-asistencial-en-jiquipilco\/","og_locale":"es_MX","og_type":"article","og_title":"JORNADA ITINERANTE Y M\u00c9DICO ASISTENCIAL EN JIQUIPILCO - 21 Panorama","og_description":"Se llev\u00f3 a cabo la Jornada Itinerante y m\u00e9dico asistencial en el Municipio de Jiquipilco, labor que se ejecut\u00f3 en conjunto, el CEDIPIEM y el Gobierno Municipal. Encabezando el evento, el Presidente Municipal, Felipe de Jes\u00fas S\u00e1nchez D\u00e1vila; acompa\u00f1ado del representante del CEDIPIEM, Lic. Nahum Jaimes Pichardo y del Coordinador Regional del INEA, Mario Lara Oca\u00f1a.","og_url":"https:\/\/21panorama.com\/index.php\/2023\/08\/30\/jornada-itinerante-y-medico-asistencial-en-jiquipilco\/","og_site_name":"21 Panorama","article_published_time":"2023-08-31T04:21:23+00:00","article_modified_time":"2023-08-31T04:21:24+00:00","og_image":[{"width":744,"height":570,"url":"https:\/\/21panorama.com\/wp-content\/uploads\/2023\/08\/Jiquipilco-CEDIPIEM-280823-3.jpg","type":"image\/jpeg"}],"author":"admin","twitter_card":"summary_large_image","twitter_misc":{"Escrito por":"admin","Tiempo de lectura":"2 minutos"},"schema":{"@context":"https:\/\/schema.org","@graph":[{"@type":"Article","@id":"https:\/\/21panorama.com\/index.php\/2023\/08\/30\/jornada-itinerante-y-medico-asistencial-en-jiquipilco\/#article","isPartOf":{"@id":"https:\/\/21panorama.com\/index.php\/2023\/08\/30\/jornada-itinerante-y-medico-asistencial-en-jiquipilco\/"},"author":{"name":"admin","@id":"https:\/\/21panorama.com\/#\/schema\/person\/1afc291b96d5792a158768324287319f"},"headline":"JORNADA ITINERANTE Y M\u00c9DICO ASISTENCIAL EN JIQUIPILCO","datePublished":"2023-08-31T04:21:23+00:00","dateModified":"2023-08-31T04:21:24+00:00","mainEntityOfPage":{"@id":"https:\/\/21panorama.com\/index.php\/2023\/08\/30\/jornada-itinerante-y-medico-asistencial-en-jiquipilco\/"},"wordCount":302,"commentCount":0,"publisher":{"@id":"https:\/\/21panorama.com\/#organization"},"image":{"@id":"https:\/\/21panorama.com\/index.php\/2023\/08\/30\/jornada-itinerante-y-medico-asistencial-en-jiquipilco\/#primaryimage"},"thumbnailUrl":"https:\/\/21panorama.com\/wp-content\/uploads\/2023\/08\/Jiquipilco-CEDIPIEM-280823-3.jpg","keywords":["EDOMEX","Felipe S\u00e1nchez D\u00e1vila","GEM","Jiquipilco","PRI"],"articleSection":["Ciencia y Salud","Educaci\u00f3n","Politica","Sociedad","Tecnolog\u00eda"],"inLanguage":"es","potentialAction":[{"@type":"CommentAction","name":"Comment","target":["https:\/\/21panorama.com\/index.php\/2023\/08\/30\/jornada-itinerante-y-medico-asistencial-en-jiquipilco\/#respond"]}]},{"@type":"WebPage","@id":"https:\/\/21panorama.com\/index.php\/2023\/08\/30\/jornada-itinerante-y-medico-asistencial-en-jiquipilco\/","url":"https:\/\/21panorama.com\/index.php\/2023\/08\/30\/jornada-itinerante-y-medico-asistencial-en-jiquipilco\/","name":"JORNADA ITINERANTE Y M\u00c9DICO ASISTENCIAL EN JIQUIPILCO - 21 Panorama","isPartOf":{"@id":"https:\/\/21panorama.com\/#website"},"primaryImageOfPage":{"@id":"https:\/\/21panorama.com\/index.php\/2023\/08\/30\/jornada-itinerante-y-medico-asistencial-en-jiquipilco\/#primaryimage"},"image":{"@id":"https:\/\/21panorama.com\/index.php\/2023\/08\/30\/jornada-itinerante-y-medico-asistencial-en-jiquipilco\/#primaryimage"},"thumbnailUrl":"https:\/\/21panorama.com\/wp-content\/uploads\/2023\/08\/Jiquipilco-CEDIPIEM-280823-3.jpg","datePublished":"2023-08-31T04:21:23+00:00","dateModified":"2023-08-31T04:21:24+00:00","breadcrumb":{"@id":"https:\/\/21panorama.com\/index.php\/2023\/08\/30\/jornada-itinerante-y-medico-asistencial-en-jiquipilco\/#breadcrumb"},"inLanguage":"es","potentialAction":[{"@type":"ReadAction","target":["https:\/\/21panorama.com\/index.php\/2023\/08\/30\/jornada-itinerante-y-medico-asistencial-en-jiquipilco\/"]}]},{"@type":"ImageObject","inLanguage":"es","@id":"https:\/\/21panorama.com\/index.php\/2023\/08\/30\/jornada-itinerante-y-medico-asistencial-en-jiquipilco\/#primaryimage","url":"https:\/\/21panorama.com\/wp-content\/uploads\/2023\/08\/Jiquipilco-CEDIPIEM-280823-3.jpg","contentUrl":"https:\/\/21panorama.com\/wp-content\/uploads\/2023\/08\/Jiquipilco-CEDIPIEM-280823-3.jpg","width":744,"height":570},{"@type":"BreadcrumbList","@id":"https:\/\/21panorama.com\/index.php\/2023\/08\/30\/jornada-itinerante-y-medico-asistencial-en-jiquipilco\/#breadcrumb","itemListElement":[{"@type":"ListItem","position":1,"name":"Inicio","item":"https:\/\/21panorama.com\/"},{"@type":"ListItem","position":2,"name":"JORNADA ITINERANTE Y M\u00c9DICO ASISTENCIAL EN JIQUIPILCO"}]},{"@type":"WebSite","@id":"https:\/\/21panorama.com\/#website","url":"https:\/\/21panorama.com\/","name":"21 Panorama","description":"La construcci\u00f3n de la opini\u00f3n p\u00fablica merece un mejor Panorama en este siglo 21 para alcanzar una sociedad con mayor transparencia y sin corrupci\u00f3n.","publisher":{"@id":"https:\/\/21panorama.com\/#organization"},"potentialAction":[{"@type":"SearchAction","target":{"@type":"EntryPoint","urlTemplate":"https:\/\/21panorama.com\/?s={search_term_string}"},"query-input":{"@type":"PropertyValueSpecification","valueRequired":true,"valueName":"search_term_string"}}],"inLanguage":"es"},{"@type":"Organization","@id":"https:\/\/21panorama.com\/#organization","name":"21 Panorama","url":"https:\/\/21panorama.com\/","logo":{"@type":"ImageObject","inLanguage":"es","@id":"https:\/\/21panorama.com\/#\/schema\/logo\/image\/","url":"https:\/\/21panorama.com\/wp-content\/uploads\/2019\/07\/cropped-Logo-Panorama-01.jpeg","contentUrl":"https:\/\/21panorama.com\/wp-content\/uploads\/2019\/07\/cropped-Logo-Panorama-01.jpeg","width":290,"height":70,"caption":"21 Panorama"},"image":{"@id":"https:\/\/21panorama.com\/#\/schema\/logo\/image\/"}},{"@type":"Person","@id":"https:\/\/21panorama.com\/#\/schema\/person\/1afc291b96d5792a158768324287319f","name":"admin","image":{"@type":"ImageObject","inLanguage":"es","@id":"https:\/\/21panorama.com\/#\/schema\/person\/image\/","url":"https:\/\/secure.gravatar.com\/avatar\/ad365d9d9f46719215b0d042cc3df92a5a8683e09ef13d102233e5491985f0f0?s=96&d=mm&r=g","contentUrl":"https:\/\/secure.gravatar.com\/avatar\/ad365d9d9f46719215b0d042cc3df92a5a8683e09ef13d102233e5491985f0f0?s=96&d=mm&r=g","caption":"admin"},"url":"https:\/\/21panorama.com\/index.php\/author\/admin\/"}]}},"_links":{"self":[{"href":"https:\/\/21panorama.com\/index.php\/wp-json\/wp\/v2\/posts\/4948","targetHints":{"allow":["GET"]}}],"collection":[{"href":"https:\/\/21panorama.com\/index.php\/wp-json\/wp\/v2\/posts"}],"about":[{"href":"https:\/\/21panorama.com\/index.php\/wp-json\/wp\/v2\/types\/post"}],"author":[{"embeddable":true,"href":"https:\/\/21panorama.com\/index.php\/wp-json\/wp\/v2\/users\/1"}],"replies":[{"embeddable":true,"href":"https:\/\/21panorama.com\/index.php\/wp-json\/wp\/v2\/comments?post=4948"}],"version-history":[{"count":1,"href":"https:\/\/21panorama.com\/index.php\/wp-json\/wp\/v2\/posts\/4948\/revisions"}],"predecessor-version":[{"id":4950,"href":"https:\/\/21panorama.com\/index.php\/wp-json\/wp\/v2\/posts\/4948\/revisions\/4950"}],"wp:featuredmedia":[{"embeddable":true,"href":"https:\/\/21panorama.com\/index.php\/wp-json\/wp\/v2\/media\/4949"}],"wp:attachment":[{"href":"https:\/\/21panorama.com\/index.php\/wp-json\/wp\/v2\/media?parent=4948"}],"wp:term":[{"taxonomy":"category","embeddable":true,"href":"https:\/\/21panorama.com\/index.php\/wp-json\/wp\/v2\/categories?post=4948"},{"taxonomy":"post_tag","embeddable":true,"href":"https:\/\/21panorama.com\/index.php\/wp-json\/wp\/v2\/tags?post=4948"}],"curies":[{"name":"wp","href":"https:\/\/api.w.org\/{rel}","templated":true}]}}