{"id":4925,"date":"2023-08-26T10:34:52","date_gmt":"2023-08-26T15:34:52","guid":{"rendered":"https:\/\/21panorama.com\/?p=4925"},"modified":"2023-08-26T10:34:53","modified_gmt":"2023-08-26T15:34:53","slug":"estamos-en-la-antesala-de-recuperar-al-pais-eric-sevilla","status":"publish","type":"post","link":"https:\/\/21panorama.com\/index.php\/2023\/08\/26\/estamos-en-la-antesala-de-recuperar-al-pais-eric-sevilla\/","title":{"rendered":"ESTAMOS EN LA ANTESALA DE RECUPERAR AL PA\u00cdS: ERIC SEVILLA"},"content":{"rendered":"\n<p><\/p>\n\n\n\n<p>\u2022 Los diputados pri\u00edstas del Estado de M\u00e9xico cierran filas en torno al Frente Amplio por M\u00e9xico.<\/p>\n\n\n\n<p><\/p>\n\n\n\n<p>La construcci\u00f3n del Frente Amplio por M\u00e9xico es la antesala para competir y ganar la Presidencia de la Rep\u00fablica en el 2024 y, con ello, regresar al pa\u00eds al camino del desarrollo, asegur\u00f3 el presidente del Comit\u00e9 Directivo Estatal (CDE) del PRI, Eric Sevilla.<\/p>\n\n\n\n<p>En reuni\u00f3n con el Grupo Parlamentario del PRI del Estado de M\u00e9xico, encabezado por su coordinador El\u00edas Rescala, el jefe de partido destac\u00f3 la participaci\u00f3n del priismo mexiquense en este proceso que conduce el comit\u00e9 organizador integrado por sociedad civil y partidos pol\u00edticos.<\/p>\n\n\n\n<p>\u201cEs un proceso in\u00e9dito que terminar\u00e1 con una consulta directa en la que participa una gran priista como Beatriz Paredes, estamos metidos a fondo y trabajamos en la etapa final que concluir\u00e1 el pr\u00f3ximo 3 de septiembre\u201d, dijo el dirigente estatal.<\/p>\n\n\n\n<p>Acompa\u00f1ado de la delegada del CEN del PRI en la entidad mexiquense, Ana Lilia Herrera Anzaldo, el l\u00edder partidista reconoci\u00f3 que las y los priistas est\u00e1n en campo y en la calle, permanentemente, para construir con los ciudadanos un proyecto de Naci\u00f3n.<\/p>\n\n\n\n<p>\u201cTenemos las mejores condiciones para construir un bloque de partidos y sociedad, este proceso es de unidad, respeto e inclusi\u00f3n, caminaremos juntos en esta primera prueba que se extiende por todo el territorio estatal para defender nuestros colores\u201d, subray\u00f3 Eric Sevilla.<\/p>\n\n\n\n<p>En su intervenci\u00f3n, la delegada del CEN del PRI asever\u00f3 que en este proceso innovador e in\u00e9dito se tienen muchas virtudes, \u201cnuestro origen y destino es el PRI, vamos a demostrar nuevamente la fortaleza del partido\u201d.<\/p>\n\n\n\n<p>\u201cAqu\u00ed no hay dedazo, hay reglas claras y hay unidad construida con respeto e inclusi\u00f3n, tenemos una nueva oportunidad de hacer valer la fuerza que tenemos como partidos pol\u00edticos con la construcci\u00f3n del Frente Amplio por M\u00e9xico de la mano con la sociedad civil\u201d, afirm\u00f3.<\/p>\n\n\n\n<p>El diputado Elias Rescala, enfatiz\u00f3 que los legisladores priistas est\u00e1n m\u00e1s que puestos para atender el llamado de nuestro instituto pol\u00edtico, \u201cestamos listos y comprometidos para trabajar por las causas del PRI y para llegar a las metas que se han trazado para consolidar este Frente Amplio por M\u00e9xico\u201d.<\/p>\n","protected":false},"excerpt":{"rendered":"<p>La construcci\u00f3n del Frente Amplio por M\u00e9xico es la antesala para competir y ganar la Presidencia de la Rep\u00fablica en el 2024 y, con ello, regresar al pa\u00eds al camino del desarrollo, asegur\u00f3 el presidente del Comit\u00e9 Directivo Estatal (CDE) del PRI, Eric Sevilla.<\/p>\n","protected":false},"author":1,"featured_media":4926,"comment_status":"open","ping_status":"open","sticky":false,"template":"","format":"standard","meta":{"footnotes":""},"categories":[12,1],"tags":[97,310,222,33],"class_list":["post-4925","post","type-post","status-publish","format-standard","has-post-thumbnail","hentry","category-politica","category-sociedad","tag-edomex","tag-eric-sevilla","tag-gem","tag-pri"],"yoast_head":"<!-- This site is optimized with the Yoast SEO plugin v24.9 - https:\/\/yoast.com\/wordpress\/plugins\/seo\/ -->\n<title>ESTAMOS EN LA ANTESALA DE RECUPERAR AL PA\u00cdS: ERIC SEVILLA - 21 Panorama<\/title>\n<meta name=\"robots\" content=\"index, follow, max-snippet:-1, max-image-preview:large, max-video-preview:-1\" \/>\n<link rel=\"canonical\" href=\"https:\/\/21panorama.com\/index.php\/2023\/08\/26\/estamos-en-la-antesala-de-recuperar-al-pais-eric-sevilla\/\" \/>\n<meta property=\"og:locale\" content=\"es_MX\" \/>\n<meta property=\"og:type\" content=\"article\" \/>\n<meta property=\"og:title\" content=\"ESTAMOS EN LA ANTESALA DE RECUPERAR AL PA\u00cdS: ERIC SEVILLA - 21 Panorama\" \/>\n<meta property=\"og:description\" content=\"La construcci\u00f3n del Frente Amplio por M\u00e9xico es la antesala para competir y ganar la Presidencia de la Rep\u00fablica en el 2024 y, con ello, regresar al pa\u00eds al camino del desarrollo, asegur\u00f3 el presidente del Comit\u00e9 Directivo Estatal (CDE) del PRI, Eric Sevilla.\" \/>\n<meta property=\"og:url\" content=\"https:\/\/21panorama.com\/index.php\/2023\/08\/26\/estamos-en-la-antesala-de-recuperar-al-pais-eric-sevilla\/\" \/>\n<meta property=\"og:site_name\" content=\"21 Panorama\" \/>\n<meta property=\"article:published_time\" content=\"2023-08-26T15:34:52+00:00\" \/>\n<meta property=\"article:modified_time\" content=\"2023-08-26T15:34:53+00:00\" \/>\n<meta property=\"og:image\" content=\"https:\/\/21panorama.com\/wp-content\/uploads\/2023\/08\/Eric-Sevilla-250823.jpg\" \/>\n\t<meta property=\"og:image:width\" content=\"1179\" \/>\n\t<meta property=\"og:image:height\" content=\"727\" \/>\n\t<meta property=\"og:image:type\" content=\"image\/jpeg\" \/>\n<meta name=\"author\" content=\"admin\" \/>\n<meta name=\"twitter:card\" content=\"summary_large_image\" \/>\n<meta name=\"twitter:label1\" content=\"Escrito por\" \/>\n\t<meta name=\"twitter:data1\" content=\"admin\" \/>\n\t<meta name=\"twitter:label2\" content=\"Tiempo de lectura\" \/>\n\t<meta name=\"twitter:data2\" content=\"2 minutos\" \/>\n<script type=\"application\/ld+json\" class=\"yoast-schema-graph\">{\"@context\":\"https:\/\/schema.org\",\"@graph\":[{\"@type\":\"Article\",\"@id\":\"https:\/\/21panorama.com\/index.php\/2023\/08\/26\/estamos-en-la-antesala-de-recuperar-al-pais-eric-sevilla\/#article\",\"isPartOf\":{\"@id\":\"https:\/\/21panorama.com\/index.php\/2023\/08\/26\/estamos-en-la-antesala-de-recuperar-al-pais-eric-sevilla\/\"},\"author\":{\"name\":\"admin\",\"@id\":\"https:\/\/21panorama.com\/#\/schema\/person\/1afc291b96d5792a158768324287319f\"},\"headline\":\"ESTAMOS EN LA ANTESALA DE RECUPERAR AL PA\u00cdS: ERIC SEVILLA\",\"datePublished\":\"2023-08-26T15:34:52+00:00\",\"dateModified\":\"2023-08-26T15:34:53+00:00\",\"mainEntityOfPage\":{\"@id\":\"https:\/\/21panorama.com\/index.php\/2023\/08\/26\/estamos-en-la-antesala-de-recuperar-al-pais-eric-sevilla\/\"},\"wordCount\":395,\"commentCount\":0,\"publisher\":{\"@id\":\"https:\/\/21panorama.com\/#organization\"},\"image\":{\"@id\":\"https:\/\/21panorama.com\/index.php\/2023\/08\/26\/estamos-en-la-antesala-de-recuperar-al-pais-eric-sevilla\/#primaryimage\"},\"thumbnailUrl\":\"https:\/\/21panorama.com\/wp-content\/uploads\/2023\/08\/Eric-Sevilla-250823.jpg\",\"keywords\":[\"EDOMEX\",\"ERIC SEVILLA\",\"GEM\",\"PRI\"],\"articleSection\":[\"Politica\",\"Sociedad\"],\"inLanguage\":\"es\",\"potentialAction\":[{\"@type\":\"CommentAction\",\"name\":\"Comment\",\"target\":[\"https:\/\/21panorama.com\/index.php\/2023\/08\/26\/estamos-en-la-antesala-de-recuperar-al-pais-eric-sevilla\/#respond\"]}]},{\"@type\":\"WebPage\",\"@id\":\"https:\/\/21panorama.com\/index.php\/2023\/08\/26\/estamos-en-la-antesala-de-recuperar-al-pais-eric-sevilla\/\",\"url\":\"https:\/\/21panorama.com\/index.php\/2023\/08\/26\/estamos-en-la-antesala-de-recuperar-al-pais-eric-sevilla\/\",\"name\":\"ESTAMOS EN LA ANTESALA DE RECUPERAR AL PA\u00cdS: ERIC SEVILLA - 21 Panorama\",\"isPartOf\":{\"@id\":\"https:\/\/21panorama.com\/#website\"},\"primaryImageOfPage\":{\"@id\":\"https:\/\/21panorama.com\/index.php\/2023\/08\/26\/estamos-en-la-antesala-de-recuperar-al-pais-eric-sevilla\/#primaryimage\"},\"image\":{\"@id\":\"https:\/\/21panorama.com\/index.php\/2023\/08\/26\/estamos-en-la-antesala-de-recuperar-al-pais-eric-sevilla\/#primaryimage\"},\"thumbnailUrl\":\"https:\/\/21panorama.com\/wp-content\/uploads\/2023\/08\/Eric-Sevilla-250823.jpg\",\"datePublished\":\"2023-08-26T15:34:52+00:00\",\"dateModified\":\"2023-08-26T15:34:53+00:00\",\"breadcrumb\":{\"@id\":\"https:\/\/21panorama.com\/index.php\/2023\/08\/26\/estamos-en-la-antesala-de-recuperar-al-pais-eric-sevilla\/#breadcrumb\"},\"inLanguage\":\"es\",\"potentialAction\":[{\"@type\":\"ReadAction\",\"target\":[\"https:\/\/21panorama.com\/index.php\/2023\/08\/26\/estamos-en-la-antesala-de-recuperar-al-pais-eric-sevilla\/\"]}]},{\"@type\":\"ImageObject\",\"inLanguage\":\"es\",\"@id\":\"https:\/\/21panorama.com\/index.php\/2023\/08\/26\/estamos-en-la-antesala-de-recuperar-al-pais-eric-sevilla\/#primaryimage\",\"url\":\"https:\/\/21panorama.com\/wp-content\/uploads\/2023\/08\/Eric-Sevilla-250823.jpg\",\"contentUrl\":\"https:\/\/21panorama.com\/wp-content\/uploads\/2023\/08\/Eric-Sevilla-250823.jpg\",\"width\":1179,\"height\":727},{\"@type\":\"BreadcrumbList\",\"@id\":\"https:\/\/21panorama.com\/index.php\/2023\/08\/26\/estamos-en-la-antesala-de-recuperar-al-pais-eric-sevilla\/#breadcrumb\",\"itemListElement\":[{\"@type\":\"ListItem\",\"position\":1,\"name\":\"Inicio\",\"item\":\"https:\/\/21panorama.com\/\"},{\"@type\":\"ListItem\",\"position\":2,\"name\":\"ESTAMOS EN LA ANTESALA DE RECUPERAR AL PA\u00cdS: ERIC SEVILLA\"}]},{\"@type\":\"WebSite\",\"@id\":\"https:\/\/21panorama.com\/#website\",\"url\":\"https:\/\/21panorama.com\/\",\"name\":\"21 Panorama\",\"description\":\"La construcci\u00f3n de la opini\u00f3n p\u00fablica merece un mejor Panorama en este siglo 21 para alcanzar una sociedad con mayor transparencia y sin corrupci\u00f3n.\",\"publisher\":{\"@id\":\"https:\/\/21panorama.com\/#organization\"},\"potentialAction\":[{\"@type\":\"SearchAction\",\"target\":{\"@type\":\"EntryPoint\",\"urlTemplate\":\"https:\/\/21panorama.com\/?s={search_term_string}\"},\"query-input\":{\"@type\":\"PropertyValueSpecification\",\"valueRequired\":true,\"valueName\":\"search_term_string\"}}],\"inLanguage\":\"es\"},{\"@type\":\"Organization\",\"@id\":\"https:\/\/21panorama.com\/#organization\",\"name\":\"21 Panorama\",\"url\":\"https:\/\/21panorama.com\/\",\"logo\":{\"@type\":\"ImageObject\",\"inLanguage\":\"es\",\"@id\":\"https:\/\/21panorama.com\/#\/schema\/logo\/image\/\",\"url\":\"https:\/\/21panorama.com\/wp-content\/uploads\/2019\/07\/cropped-Logo-Panorama-01.jpeg\",\"contentUrl\":\"https:\/\/21panorama.com\/wp-content\/uploads\/2019\/07\/cropped-Logo-Panorama-01.jpeg\",\"width\":290,\"height\":70,\"caption\":\"21 Panorama\"},\"image\":{\"@id\":\"https:\/\/21panorama.com\/#\/schema\/logo\/image\/\"}},{\"@type\":\"Person\",\"@id\":\"https:\/\/21panorama.com\/#\/schema\/person\/1afc291b96d5792a158768324287319f\",\"name\":\"admin\",\"image\":{\"@type\":\"ImageObject\",\"inLanguage\":\"es\",\"@id\":\"https:\/\/21panorama.com\/#\/schema\/person\/image\/\",\"url\":\"https:\/\/secure.gravatar.com\/avatar\/ad365d9d9f46719215b0d042cc3df92a5a8683e09ef13d102233e5491985f0f0?s=96&d=mm&r=g\",\"contentUrl\":\"https:\/\/secure.gravatar.com\/avatar\/ad365d9d9f46719215b0d042cc3df92a5a8683e09ef13d102233e5491985f0f0?s=96&d=mm&r=g\",\"caption\":\"admin\"},\"url\":\"https:\/\/21panorama.com\/index.php\/author\/admin\/\"}]}<\/script>\n<!-- \/ Yoast SEO plugin. -->","yoast_head_json":{"title":"ESTAMOS EN LA ANTESALA DE RECUPERAR AL PA\u00cdS: ERIC SEVILLA - 21 Panorama","robots":{"index":"index","follow":"follow","max-snippet":"max-snippet:-1","max-image-preview":"max-image-preview:large","max-video-preview":"max-video-preview:-1"},"canonical":"https:\/\/21panorama.com\/index.php\/2023\/08\/26\/estamos-en-la-antesala-de-recuperar-al-pais-eric-sevilla\/","og_locale":"es_MX","og_type":"article","og_title":"ESTAMOS EN LA ANTESALA DE RECUPERAR AL PA\u00cdS: ERIC SEVILLA - 21 Panorama","og_description":"La construcci\u00f3n del Frente Amplio por M\u00e9xico es la antesala para competir y ganar la Presidencia de la Rep\u00fablica en el 2024 y, con ello, regresar al pa\u00eds al camino del desarrollo, asegur\u00f3 el presidente del Comit\u00e9 Directivo Estatal (CDE) del PRI, Eric Sevilla.","og_url":"https:\/\/21panorama.com\/index.php\/2023\/08\/26\/estamos-en-la-antesala-de-recuperar-al-pais-eric-sevilla\/","og_site_name":"21 Panorama","article_published_time":"2023-08-26T15:34:52+00:00","article_modified_time":"2023-08-26T15:34:53+00:00","og_image":[{"width":1179,"height":727,"url":"https:\/\/21panorama.com\/wp-content\/uploads\/2023\/08\/Eric-Sevilla-250823.jpg","type":"image\/jpeg"}],"author":"admin","twitter_card":"summary_large_image","twitter_misc":{"Escrito por":"admin","Tiempo de lectura":"2 minutos"},"schema":{"@context":"https:\/\/schema.org","@graph":[{"@type":"Article","@id":"https:\/\/21panorama.com\/index.php\/2023\/08\/26\/estamos-en-la-antesala-de-recuperar-al-pais-eric-sevilla\/#article","isPartOf":{"@id":"https:\/\/21panorama.com\/index.php\/2023\/08\/26\/estamos-en-la-antesala-de-recuperar-al-pais-eric-sevilla\/"},"author":{"name":"admin","@id":"https:\/\/21panorama.com\/#\/schema\/person\/1afc291b96d5792a158768324287319f"},"headline":"ESTAMOS EN LA ANTESALA DE RECUPERAR AL PA\u00cdS: ERIC SEVILLA","datePublished":"2023-08-26T15:34:52+00:00","dateModified":"2023-08-26T15:34:53+00:00","mainEntityOfPage":{"@id":"https:\/\/21panorama.com\/index.php\/2023\/08\/26\/estamos-en-la-antesala-de-recuperar-al-pais-eric-sevilla\/"},"wordCount":395,"commentCount":0,"publisher":{"@id":"https:\/\/21panorama.com\/#organization"},"image":{"@id":"https:\/\/21panorama.com\/index.php\/2023\/08\/26\/estamos-en-la-antesala-de-recuperar-al-pais-eric-sevilla\/#primaryimage"},"thumbnailUrl":"https:\/\/21panorama.com\/wp-content\/uploads\/2023\/08\/Eric-Sevilla-250823.jpg","keywords":["EDOMEX","ERIC SEVILLA","GEM","PRI"],"articleSection":["Politica","Sociedad"],"inLanguage":"es","potentialAction":[{"@type":"CommentAction","name":"Comment","target":["https:\/\/21panorama.com\/index.php\/2023\/08\/26\/estamos-en-la-antesala-de-recuperar-al-pais-eric-sevilla\/#respond"]}]},{"@type":"WebPage","@id":"https:\/\/21panorama.com\/index.php\/2023\/08\/26\/estamos-en-la-antesala-de-recuperar-al-pais-eric-sevilla\/","url":"https:\/\/21panorama.com\/index.php\/2023\/08\/26\/estamos-en-la-antesala-de-recuperar-al-pais-eric-sevilla\/","name":"ESTAMOS EN LA ANTESALA DE RECUPERAR AL PA\u00cdS: ERIC SEVILLA - 21 Panorama","isPartOf":{"@id":"https:\/\/21panorama.com\/#website"},"primaryImageOfPage":{"@id":"https:\/\/21panorama.com\/index.php\/2023\/08\/26\/estamos-en-la-antesala-de-recuperar-al-pais-eric-sevilla\/#primaryimage"},"image":{"@id":"https:\/\/21panorama.com\/index.php\/2023\/08\/26\/estamos-en-la-antesala-de-recuperar-al-pais-eric-sevilla\/#primaryimage"},"thumbnailUrl":"https:\/\/21panorama.com\/wp-content\/uploads\/2023\/08\/Eric-Sevilla-250823.jpg","datePublished":"2023-08-26T15:34:52+00:00","dateModified":"2023-08-26T15:34:53+00:00","breadcrumb":{"@id":"https:\/\/21panorama.com\/index.php\/2023\/08\/26\/estamos-en-la-antesala-de-recuperar-al-pais-eric-sevilla\/#breadcrumb"},"inLanguage":"es","potentialAction":[{"@type":"ReadAction","target":["https:\/\/21panorama.com\/index.php\/2023\/08\/26\/estamos-en-la-antesala-de-recuperar-al-pais-eric-sevilla\/"]}]},{"@type":"ImageObject","inLanguage":"es","@id":"https:\/\/21panorama.com\/index.php\/2023\/08\/26\/estamos-en-la-antesala-de-recuperar-al-pais-eric-sevilla\/#primaryimage","url":"https:\/\/21panorama.com\/wp-content\/uploads\/2023\/08\/Eric-Sevilla-250823.jpg","contentUrl":"https:\/\/21panorama.com\/wp-content\/uploads\/2023\/08\/Eric-Sevilla-250823.jpg","width":1179,"height":727},{"@type":"BreadcrumbList","@id":"https:\/\/21panorama.com\/index.php\/2023\/08\/26\/estamos-en-la-antesala-de-recuperar-al-pais-eric-sevilla\/#breadcrumb","itemListElement":[{"@type":"ListItem","position":1,"name":"Inicio","item":"https:\/\/21panorama.com\/"},{"@type":"ListItem","position":2,"name":"ESTAMOS EN LA ANTESALA DE RECUPERAR AL PA\u00cdS: ERIC SEVILLA"}]},{"@type":"WebSite","@id":"https:\/\/21panorama.com\/#website","url":"https:\/\/21panorama.com\/","name":"21 Panorama","description":"La construcci\u00f3n de la opini\u00f3n p\u00fablica merece un mejor Panorama en este siglo 21 para alcanzar una sociedad con mayor transparencia y sin corrupci\u00f3n.","publisher":{"@id":"https:\/\/21panorama.com\/#organization"},"potentialAction":[{"@type":"SearchAction","target":{"@type":"EntryPoint","urlTemplate":"https:\/\/21panorama.com\/?s={search_term_string}"},"query-input":{"@type":"PropertyValueSpecification","valueRequired":true,"valueName":"search_term_string"}}],"inLanguage":"es"},{"@type":"Organization","@id":"https:\/\/21panorama.com\/#organization","name":"21 Panorama","url":"https:\/\/21panorama.com\/","logo":{"@type":"ImageObject","inLanguage":"es","@id":"https:\/\/21panorama.com\/#\/schema\/logo\/image\/","url":"https:\/\/21panorama.com\/wp-content\/uploads\/2019\/07\/cropped-Logo-Panorama-01.jpeg","contentUrl":"https:\/\/21panorama.com\/wp-content\/uploads\/2019\/07\/cropped-Logo-Panorama-01.jpeg","width":290,"height":70,"caption":"21 Panorama"},"image":{"@id":"https:\/\/21panorama.com\/#\/schema\/logo\/image\/"}},{"@type":"Person","@id":"https:\/\/21panorama.com\/#\/schema\/person\/1afc291b96d5792a158768324287319f","name":"admin","image":{"@type":"ImageObject","inLanguage":"es","@id":"https:\/\/21panorama.com\/#\/schema\/person\/image\/","url":"https:\/\/secure.gravatar.com\/avatar\/ad365d9d9f46719215b0d042cc3df92a5a8683e09ef13d102233e5491985f0f0?s=96&d=mm&r=g","contentUrl":"https:\/\/secure.gravatar.com\/avatar\/ad365d9d9f46719215b0d042cc3df92a5a8683e09ef13d102233e5491985f0f0?s=96&d=mm&r=g","caption":"admin"},"url":"https:\/\/21panorama.com\/index.php\/author\/admin\/"}]}},"_links":{"self":[{"href":"https:\/\/21panorama.com\/index.php\/wp-json\/wp\/v2\/posts\/4925","targetHints":{"allow":["GET"]}}],"collection":[{"href":"https:\/\/21panorama.com\/index.php\/wp-json\/wp\/v2\/posts"}],"about":[{"href":"https:\/\/21panorama.com\/index.php\/wp-json\/wp\/v2\/types\/post"}],"author":[{"embeddable":true,"href":"https:\/\/21panorama.com\/index.php\/wp-json\/wp\/v2\/users\/1"}],"replies":[{"embeddable":true,"href":"https:\/\/21panorama.com\/index.php\/wp-json\/wp\/v2\/comments?post=4925"}],"version-history":[{"count":1,"href":"https:\/\/21panorama.com\/index.php\/wp-json\/wp\/v2\/posts\/4925\/revisions"}],"predecessor-version":[{"id":4927,"href":"https:\/\/21panorama.com\/index.php\/wp-json\/wp\/v2\/posts\/4925\/revisions\/4927"}],"wp:featuredmedia":[{"embeddable":true,"href":"https:\/\/21panorama.com\/index.php\/wp-json\/wp\/v2\/media\/4926"}],"wp:attachment":[{"href":"https:\/\/21panorama.com\/index.php\/wp-json\/wp\/v2\/media?parent=4925"}],"wp:term":[{"taxonomy":"category","embeddable":true,"href":"https:\/\/21panorama.com\/index.php\/wp-json\/wp\/v2\/categories?post=4925"},{"taxonomy":"post_tag","embeddable":true,"href":"https:\/\/21panorama.com\/index.php\/wp-json\/wp\/v2\/tags?post=4925"}],"curies":[{"name":"wp","href":"https:\/\/api.w.org\/{rel}","templated":true}]}}