{"id":4911,"date":"2023-08-24T12:39:24","date_gmt":"2023-08-24T17:39:24","guid":{"rendered":"https:\/\/21panorama.com\/?p=4911"},"modified":"2023-08-24T12:39:25","modified_gmt":"2023-08-24T17:39:25","slug":"ofrecer-educacion-de-calidad-en-todos-los-espacios-universitarios-prioridad-de-la-uaemex-cebd","status":"publish","type":"post","link":"https:\/\/21panorama.com\/index.php\/2023\/08\/24\/ofrecer-educacion-de-calidad-en-todos-los-espacios-universitarios-prioridad-de-la-uaemex-cebd\/","title":{"rendered":"OFRECER EDUCACI\u00d3N DE CALIDAD EN TODOS LOS ESPACIOS UNIVERSITARIOS, PRIORIDAD DE LA UAEM\u00c9X: CEBD"},"content":{"rendered":"\n<p><\/p>\n\n\n\n<p>* El rector Carlos Eduardo Barrera D\u00edaz entreg\u00f3 43 pantallas de 65 pulgadas, 18 proyectores y 250 butacas a las comunidades de los dos planteles de la Escuela Preparatoria y los tres campus de nivel superior con que la instituci\u00f3n cuenta en la zona sur de la entidad.<\/p>\n\n\n\n<p><\/p>\n\n\n\n<p>La Administraci\u00f3n 2021-2025 de la Universidad Aut\u00f3noma del Estado de M\u00e9xico (UAEM\u00e9x) \u2013reconocida como la mejor universidad p\u00fablica estatal del pa\u00eds- tiene como prioridad ofrecer una educaci\u00f3n de calidad en los niveles medio, superior y posgrado, que contribuya a la formaci\u00f3n de profesionistas que atiendan las necesidades m\u00e1s inmediatas de la sociedad, afirm\u00f3 el rector Carlos Eduardo Barrera D\u00edaz.<\/p>\n\n\n\n<p>En el Centro Universitario Tenancingo, donde entreg\u00f3 43 pantallas de 65 pulgadas, 18 proyectores y 250 butacas a las comunidades de los dos planteles de la Escuela Preparatoria y los tres campus de nivel superior con que la instituci\u00f3n cuenta en la zona sur de la entidad, el rector destac\u00f3 que la gesti\u00f3n que encabeza realiza un esfuerzo importante para que las y los estudiantes verde y oro cuenten para su servicio con la bibliograf\u00eda y hemerograf\u00eda m\u00e1s actuales, as\u00ed como equipamiento de vanguardia.<\/p>\n\n\n\n<p>\u201cEn la actualidad, la comunidad verde y oro, pero principalmente estudiantes y acad\u00e9micos, cuentan a su disposici\u00f3n y de manera totalmente gratuita, con m\u00e1s de medio mill\u00f3n de libros y revistas electr\u00f3nicas, lo que les permite realizar su trabajo acad\u00e9mico de manera m\u00e1s f\u00e1cil\u201d, asever\u00f3.<\/p>\n\n\n\n<p>A la comunidad del Plantel \u201cDr. Pablo Gonz\u00e1lez Casanova\u201d de la Escuela Preparatoria, ubicado en el municipio de Tenancingo, entreg\u00f3 10 pantallas, 7 proyectores y 50 butacas; a la del Plantel &#8220;Mtro. Jos\u00e9 Ignacio Pichardo Pagaza&#8221; de la Escuela Preparatoria, ubicado en Almoloya de Alquisiras, 4 pantallas y 2 proyectores.<\/p>\n\n\n\n<p>En tanto, a la del Centro Universitario Tenancingo entreg\u00f3 10 pantallas; a la del Centro Universitario Temascaltepec, 12 pantallas, 5 proyectores y 200 butacas, y a la de la Unidad Acad\u00e9mica Profesional Tejupilco, 7 pantallas y 4 proyectores.<\/p>\n","protected":false},"excerpt":{"rendered":"<p>El rector Carlos Eduardo Barrera D\u00edaz entreg\u00f3 43 pantallas de 65 pulgadas, 18 proyectores y 250 butacas a las comunidades de los dos planteles de la Escuela Preparatoria y los tres campus de nivel superior con que la instituci\u00f3n cuenta en la zona sur de la entidad.<\/p>\n","protected":false},"author":1,"featured_media":4912,"comment_status":"open","ping_status":"open","sticky":false,"template":"","format":"standard","meta":{"footnotes":""},"categories":[3,374,1,4],"tags":[323,97,23],"class_list":["post-4911","post","type-post","status-publish","format-standard","has-post-thumbnail","hentry","category-ecomomia","category-educacion","category-sociedad","category-tecnologia","tag-carlos-eduardo-barrera-diaz","tag-edomex","tag-uaemex"],"yoast_head":"<!-- This site is optimized with the Yoast SEO plugin v24.9 - https:\/\/yoast.com\/wordpress\/plugins\/seo\/ -->\n<title>OFRECER EDUCACI\u00d3N DE CALIDAD EN TODOS LOS ESPACIOS UNIVERSITARIOS, PRIORIDAD DE LA UAEM\u00c9X: CEBD - 21 Panorama<\/title>\n<meta name=\"robots\" content=\"index, follow, max-snippet:-1, max-image-preview:large, max-video-preview:-1\" \/>\n<link rel=\"canonical\" href=\"https:\/\/21panorama.com\/index.php\/2023\/08\/24\/ofrecer-educacion-de-calidad-en-todos-los-espacios-universitarios-prioridad-de-la-uaemex-cebd\/\" \/>\n<meta property=\"og:locale\" content=\"es_MX\" \/>\n<meta property=\"og:type\" content=\"article\" \/>\n<meta property=\"og:title\" content=\"OFRECER EDUCACI\u00d3N DE CALIDAD EN TODOS LOS ESPACIOS UNIVERSITARIOS, PRIORIDAD DE LA UAEM\u00c9X: CEBD - 21 Panorama\" \/>\n<meta property=\"og:description\" content=\"El rector Carlos Eduardo Barrera D\u00edaz entreg\u00f3 43 pantallas de 65 pulgadas, 18 proyectores y 250 butacas a las comunidades de los dos planteles de la Escuela Preparatoria y los tres campus de nivel superior con que la instituci\u00f3n cuenta en la zona sur de la entidad.\" \/>\n<meta property=\"og:url\" content=\"https:\/\/21panorama.com\/index.php\/2023\/08\/24\/ofrecer-educacion-de-calidad-en-todos-los-espacios-universitarios-prioridad-de-la-uaemex-cebd\/\" \/>\n<meta property=\"og:site_name\" content=\"21 Panorama\" \/>\n<meta property=\"article:published_time\" content=\"2023-08-24T17:39:24+00:00\" \/>\n<meta property=\"article:modified_time\" content=\"2023-08-24T17:39:25+00:00\" \/>\n<meta property=\"og:image\" content=\"https:\/\/21panorama.com\/wp-content\/uploads\/2023\/08\/UAEM-Educacion-de-calidad-240823-3.jpg\" \/>\n\t<meta property=\"og:image:width\" content=\"1440\" \/>\n\t<meta property=\"og:image:height\" content=\"960\" \/>\n\t<meta property=\"og:image:type\" content=\"image\/jpeg\" \/>\n<meta name=\"author\" content=\"admin\" \/>\n<meta name=\"twitter:card\" content=\"summary_large_image\" \/>\n<meta name=\"twitter:label1\" content=\"Escrito por\" \/>\n\t<meta name=\"twitter:data1\" content=\"admin\" \/>\n\t<meta name=\"twitter:label2\" content=\"Tiempo de lectura\" \/>\n\t<meta name=\"twitter:data2\" content=\"2 minutos\" \/>\n<script type=\"application\/ld+json\" class=\"yoast-schema-graph\">{\"@context\":\"https:\/\/schema.org\",\"@graph\":[{\"@type\":\"Article\",\"@id\":\"https:\/\/21panorama.com\/index.php\/2023\/08\/24\/ofrecer-educacion-de-calidad-en-todos-los-espacios-universitarios-prioridad-de-la-uaemex-cebd\/#article\",\"isPartOf\":{\"@id\":\"https:\/\/21panorama.com\/index.php\/2023\/08\/24\/ofrecer-educacion-de-calidad-en-todos-los-espacios-universitarios-prioridad-de-la-uaemex-cebd\/\"},\"author\":{\"name\":\"admin\",\"@id\":\"https:\/\/21panorama.com\/#\/schema\/person\/1afc291b96d5792a158768324287319f\"},\"headline\":\"OFRECER EDUCACI\u00d3N DE CALIDAD EN TODOS LOS ESPACIOS UNIVERSITARIOS, PRIORIDAD DE LA UAEM\u00c9X: CEBD\",\"datePublished\":\"2023-08-24T17:39:24+00:00\",\"dateModified\":\"2023-08-24T17:39:25+00:00\",\"mainEntityOfPage\":{\"@id\":\"https:\/\/21panorama.com\/index.php\/2023\/08\/24\/ofrecer-educacion-de-calidad-en-todos-los-espacios-universitarios-prioridad-de-la-uaemex-cebd\/\"},\"wordCount\":347,\"commentCount\":0,\"publisher\":{\"@id\":\"https:\/\/21panorama.com\/#organization\"},\"image\":{\"@id\":\"https:\/\/21panorama.com\/index.php\/2023\/08\/24\/ofrecer-educacion-de-calidad-en-todos-los-espacios-universitarios-prioridad-de-la-uaemex-cebd\/#primaryimage\"},\"thumbnailUrl\":\"https:\/\/21panorama.com\/wp-content\/uploads\/2023\/08\/UAEM-Educacion-de-calidad-240823-3.jpg\",\"keywords\":[\"Carlos Eduardo Barrera D\u00edaz\",\"EDOMEX\",\"UAEMex\"],\"articleSection\":[\"Econom\u00eda\",\"Educaci\u00f3n\",\"Sociedad\",\"Tecnolog\u00eda\"],\"inLanguage\":\"es\",\"potentialAction\":[{\"@type\":\"CommentAction\",\"name\":\"Comment\",\"target\":[\"https:\/\/21panorama.com\/index.php\/2023\/08\/24\/ofrecer-educacion-de-calidad-en-todos-los-espacios-universitarios-prioridad-de-la-uaemex-cebd\/#respond\"]}]},{\"@type\":\"WebPage\",\"@id\":\"https:\/\/21panorama.com\/index.php\/2023\/08\/24\/ofrecer-educacion-de-calidad-en-todos-los-espacios-universitarios-prioridad-de-la-uaemex-cebd\/\",\"url\":\"https:\/\/21panorama.com\/index.php\/2023\/08\/24\/ofrecer-educacion-de-calidad-en-todos-los-espacios-universitarios-prioridad-de-la-uaemex-cebd\/\",\"name\":\"OFRECER EDUCACI\u00d3N DE CALIDAD EN TODOS LOS ESPACIOS UNIVERSITARIOS, PRIORIDAD DE LA UAEM\u00c9X: CEBD - 21 Panorama\",\"isPartOf\":{\"@id\":\"https:\/\/21panorama.com\/#website\"},\"primaryImageOfPage\":{\"@id\":\"https:\/\/21panorama.com\/index.php\/2023\/08\/24\/ofrecer-educacion-de-calidad-en-todos-los-espacios-universitarios-prioridad-de-la-uaemex-cebd\/#primaryimage\"},\"image\":{\"@id\":\"https:\/\/21panorama.com\/index.php\/2023\/08\/24\/ofrecer-educacion-de-calidad-en-todos-los-espacios-universitarios-prioridad-de-la-uaemex-cebd\/#primaryimage\"},\"thumbnailUrl\":\"https:\/\/21panorama.com\/wp-content\/uploads\/2023\/08\/UAEM-Educacion-de-calidad-240823-3.jpg\",\"datePublished\":\"2023-08-24T17:39:24+00:00\",\"dateModified\":\"2023-08-24T17:39:25+00:00\",\"breadcrumb\":{\"@id\":\"https:\/\/21panorama.com\/index.php\/2023\/08\/24\/ofrecer-educacion-de-calidad-en-todos-los-espacios-universitarios-prioridad-de-la-uaemex-cebd\/#breadcrumb\"},\"inLanguage\":\"es\",\"potentialAction\":[{\"@type\":\"ReadAction\",\"target\":[\"https:\/\/21panorama.com\/index.php\/2023\/08\/24\/ofrecer-educacion-de-calidad-en-todos-los-espacios-universitarios-prioridad-de-la-uaemex-cebd\/\"]}]},{\"@type\":\"ImageObject\",\"inLanguage\":\"es\",\"@id\":\"https:\/\/21panorama.com\/index.php\/2023\/08\/24\/ofrecer-educacion-de-calidad-en-todos-los-espacios-universitarios-prioridad-de-la-uaemex-cebd\/#primaryimage\",\"url\":\"https:\/\/21panorama.com\/wp-content\/uploads\/2023\/08\/UAEM-Educacion-de-calidad-240823-3.jpg\",\"contentUrl\":\"https:\/\/21panorama.com\/wp-content\/uploads\/2023\/08\/UAEM-Educacion-de-calidad-240823-3.jpg\",\"width\":1440,\"height\":960},{\"@type\":\"BreadcrumbList\",\"@id\":\"https:\/\/21panorama.com\/index.php\/2023\/08\/24\/ofrecer-educacion-de-calidad-en-todos-los-espacios-universitarios-prioridad-de-la-uaemex-cebd\/#breadcrumb\",\"itemListElement\":[{\"@type\":\"ListItem\",\"position\":1,\"name\":\"Inicio\",\"item\":\"https:\/\/21panorama.com\/\"},{\"@type\":\"ListItem\",\"position\":2,\"name\":\"OFRECER EDUCACI\u00d3N DE CALIDAD EN TODOS LOS ESPACIOS UNIVERSITARIOS, PRIORIDAD DE LA UAEM\u00c9X: CEBD\"}]},{\"@type\":\"WebSite\",\"@id\":\"https:\/\/21panorama.com\/#website\",\"url\":\"https:\/\/21panorama.com\/\",\"name\":\"21 Panorama\",\"description\":\"La construcci\u00f3n de la opini\u00f3n p\u00fablica merece un mejor Panorama en este siglo 21 para alcanzar una sociedad con mayor transparencia y sin corrupci\u00f3n.\",\"publisher\":{\"@id\":\"https:\/\/21panorama.com\/#organization\"},\"potentialAction\":[{\"@type\":\"SearchAction\",\"target\":{\"@type\":\"EntryPoint\",\"urlTemplate\":\"https:\/\/21panorama.com\/?s={search_term_string}\"},\"query-input\":{\"@type\":\"PropertyValueSpecification\",\"valueRequired\":true,\"valueName\":\"search_term_string\"}}],\"inLanguage\":\"es\"},{\"@type\":\"Organization\",\"@id\":\"https:\/\/21panorama.com\/#organization\",\"name\":\"21 Panorama\",\"url\":\"https:\/\/21panorama.com\/\",\"logo\":{\"@type\":\"ImageObject\",\"inLanguage\":\"es\",\"@id\":\"https:\/\/21panorama.com\/#\/schema\/logo\/image\/\",\"url\":\"https:\/\/21panorama.com\/wp-content\/uploads\/2019\/07\/cropped-Logo-Panorama-01.jpeg\",\"contentUrl\":\"https:\/\/21panorama.com\/wp-content\/uploads\/2019\/07\/cropped-Logo-Panorama-01.jpeg\",\"width\":290,\"height\":70,\"caption\":\"21 Panorama\"},\"image\":{\"@id\":\"https:\/\/21panorama.com\/#\/schema\/logo\/image\/\"}},{\"@type\":\"Person\",\"@id\":\"https:\/\/21panorama.com\/#\/schema\/person\/1afc291b96d5792a158768324287319f\",\"name\":\"admin\",\"image\":{\"@type\":\"ImageObject\",\"inLanguage\":\"es\",\"@id\":\"https:\/\/21panorama.com\/#\/schema\/person\/image\/\",\"url\":\"https:\/\/secure.gravatar.com\/avatar\/ad365d9d9f46719215b0d042cc3df92a5a8683e09ef13d102233e5491985f0f0?s=96&d=mm&r=g\",\"contentUrl\":\"https:\/\/secure.gravatar.com\/avatar\/ad365d9d9f46719215b0d042cc3df92a5a8683e09ef13d102233e5491985f0f0?s=96&d=mm&r=g\",\"caption\":\"admin\"},\"url\":\"https:\/\/21panorama.com\/index.php\/author\/admin\/\"}]}<\/script>\n<!-- \/ Yoast SEO plugin. -->","yoast_head_json":{"title":"OFRECER EDUCACI\u00d3N DE CALIDAD EN TODOS LOS ESPACIOS UNIVERSITARIOS, PRIORIDAD DE LA UAEM\u00c9X: CEBD - 21 Panorama","robots":{"index":"index","follow":"follow","max-snippet":"max-snippet:-1","max-image-preview":"max-image-preview:large","max-video-preview":"max-video-preview:-1"},"canonical":"https:\/\/21panorama.com\/index.php\/2023\/08\/24\/ofrecer-educacion-de-calidad-en-todos-los-espacios-universitarios-prioridad-de-la-uaemex-cebd\/","og_locale":"es_MX","og_type":"article","og_title":"OFRECER EDUCACI\u00d3N DE CALIDAD EN TODOS LOS ESPACIOS UNIVERSITARIOS, PRIORIDAD DE LA UAEM\u00c9X: CEBD - 21 Panorama","og_description":"El rector Carlos Eduardo Barrera D\u00edaz entreg\u00f3 43 pantallas de 65 pulgadas, 18 proyectores y 250 butacas a las comunidades de los dos planteles de la Escuela Preparatoria y los tres campus de nivel superior con que la instituci\u00f3n cuenta en la zona sur de la entidad.","og_url":"https:\/\/21panorama.com\/index.php\/2023\/08\/24\/ofrecer-educacion-de-calidad-en-todos-los-espacios-universitarios-prioridad-de-la-uaemex-cebd\/","og_site_name":"21 Panorama","article_published_time":"2023-08-24T17:39:24+00:00","article_modified_time":"2023-08-24T17:39:25+00:00","og_image":[{"width":1440,"height":960,"url":"https:\/\/21panorama.com\/wp-content\/uploads\/2023\/08\/UAEM-Educacion-de-calidad-240823-3.jpg","type":"image\/jpeg"}],"author":"admin","twitter_card":"summary_large_image","twitter_misc":{"Escrito por":"admin","Tiempo de lectura":"2 minutos"},"schema":{"@context":"https:\/\/schema.org","@graph":[{"@type":"Article","@id":"https:\/\/21panorama.com\/index.php\/2023\/08\/24\/ofrecer-educacion-de-calidad-en-todos-los-espacios-universitarios-prioridad-de-la-uaemex-cebd\/#article","isPartOf":{"@id":"https:\/\/21panorama.com\/index.php\/2023\/08\/24\/ofrecer-educacion-de-calidad-en-todos-los-espacios-universitarios-prioridad-de-la-uaemex-cebd\/"},"author":{"name":"admin","@id":"https:\/\/21panorama.com\/#\/schema\/person\/1afc291b96d5792a158768324287319f"},"headline":"OFRECER EDUCACI\u00d3N DE CALIDAD EN TODOS LOS ESPACIOS UNIVERSITARIOS, PRIORIDAD DE LA UAEM\u00c9X: CEBD","datePublished":"2023-08-24T17:39:24+00:00","dateModified":"2023-08-24T17:39:25+00:00","mainEntityOfPage":{"@id":"https:\/\/21panorama.com\/index.php\/2023\/08\/24\/ofrecer-educacion-de-calidad-en-todos-los-espacios-universitarios-prioridad-de-la-uaemex-cebd\/"},"wordCount":347,"commentCount":0,"publisher":{"@id":"https:\/\/21panorama.com\/#organization"},"image":{"@id":"https:\/\/21panorama.com\/index.php\/2023\/08\/24\/ofrecer-educacion-de-calidad-en-todos-los-espacios-universitarios-prioridad-de-la-uaemex-cebd\/#primaryimage"},"thumbnailUrl":"https:\/\/21panorama.com\/wp-content\/uploads\/2023\/08\/UAEM-Educacion-de-calidad-240823-3.jpg","keywords":["Carlos Eduardo Barrera D\u00edaz","EDOMEX","UAEMex"],"articleSection":["Econom\u00eda","Educaci\u00f3n","Sociedad","Tecnolog\u00eda"],"inLanguage":"es","potentialAction":[{"@type":"CommentAction","name":"Comment","target":["https:\/\/21panorama.com\/index.php\/2023\/08\/24\/ofrecer-educacion-de-calidad-en-todos-los-espacios-universitarios-prioridad-de-la-uaemex-cebd\/#respond"]}]},{"@type":"WebPage","@id":"https:\/\/21panorama.com\/index.php\/2023\/08\/24\/ofrecer-educacion-de-calidad-en-todos-los-espacios-universitarios-prioridad-de-la-uaemex-cebd\/","url":"https:\/\/21panorama.com\/index.php\/2023\/08\/24\/ofrecer-educacion-de-calidad-en-todos-los-espacios-universitarios-prioridad-de-la-uaemex-cebd\/","name":"OFRECER EDUCACI\u00d3N DE CALIDAD EN TODOS LOS ESPACIOS UNIVERSITARIOS, PRIORIDAD DE LA UAEM\u00c9X: CEBD - 21 Panorama","isPartOf":{"@id":"https:\/\/21panorama.com\/#website"},"primaryImageOfPage":{"@id":"https:\/\/21panorama.com\/index.php\/2023\/08\/24\/ofrecer-educacion-de-calidad-en-todos-los-espacios-universitarios-prioridad-de-la-uaemex-cebd\/#primaryimage"},"image":{"@id":"https:\/\/21panorama.com\/index.php\/2023\/08\/24\/ofrecer-educacion-de-calidad-en-todos-los-espacios-universitarios-prioridad-de-la-uaemex-cebd\/#primaryimage"},"thumbnailUrl":"https:\/\/21panorama.com\/wp-content\/uploads\/2023\/08\/UAEM-Educacion-de-calidad-240823-3.jpg","datePublished":"2023-08-24T17:39:24+00:00","dateModified":"2023-08-24T17:39:25+00:00","breadcrumb":{"@id":"https:\/\/21panorama.com\/index.php\/2023\/08\/24\/ofrecer-educacion-de-calidad-en-todos-los-espacios-universitarios-prioridad-de-la-uaemex-cebd\/#breadcrumb"},"inLanguage":"es","potentialAction":[{"@type":"ReadAction","target":["https:\/\/21panorama.com\/index.php\/2023\/08\/24\/ofrecer-educacion-de-calidad-en-todos-los-espacios-universitarios-prioridad-de-la-uaemex-cebd\/"]}]},{"@type":"ImageObject","inLanguage":"es","@id":"https:\/\/21panorama.com\/index.php\/2023\/08\/24\/ofrecer-educacion-de-calidad-en-todos-los-espacios-universitarios-prioridad-de-la-uaemex-cebd\/#primaryimage","url":"https:\/\/21panorama.com\/wp-content\/uploads\/2023\/08\/UAEM-Educacion-de-calidad-240823-3.jpg","contentUrl":"https:\/\/21panorama.com\/wp-content\/uploads\/2023\/08\/UAEM-Educacion-de-calidad-240823-3.jpg","width":1440,"height":960},{"@type":"BreadcrumbList","@id":"https:\/\/21panorama.com\/index.php\/2023\/08\/24\/ofrecer-educacion-de-calidad-en-todos-los-espacios-universitarios-prioridad-de-la-uaemex-cebd\/#breadcrumb","itemListElement":[{"@type":"ListItem","position":1,"name":"Inicio","item":"https:\/\/21panorama.com\/"},{"@type":"ListItem","position":2,"name":"OFRECER EDUCACI\u00d3N DE CALIDAD EN TODOS LOS ESPACIOS UNIVERSITARIOS, PRIORIDAD DE LA UAEM\u00c9X: CEBD"}]},{"@type":"WebSite","@id":"https:\/\/21panorama.com\/#website","url":"https:\/\/21panorama.com\/","name":"21 Panorama","description":"La construcci\u00f3n de la opini\u00f3n p\u00fablica merece un mejor Panorama en este siglo 21 para alcanzar una sociedad con mayor transparencia y sin corrupci\u00f3n.","publisher":{"@id":"https:\/\/21panorama.com\/#organization"},"potentialAction":[{"@type":"SearchAction","target":{"@type":"EntryPoint","urlTemplate":"https:\/\/21panorama.com\/?s={search_term_string}"},"query-input":{"@type":"PropertyValueSpecification","valueRequired":true,"valueName":"search_term_string"}}],"inLanguage":"es"},{"@type":"Organization","@id":"https:\/\/21panorama.com\/#organization","name":"21 Panorama","url":"https:\/\/21panorama.com\/","logo":{"@type":"ImageObject","inLanguage":"es","@id":"https:\/\/21panorama.com\/#\/schema\/logo\/image\/","url":"https:\/\/21panorama.com\/wp-content\/uploads\/2019\/07\/cropped-Logo-Panorama-01.jpeg","contentUrl":"https:\/\/21panorama.com\/wp-content\/uploads\/2019\/07\/cropped-Logo-Panorama-01.jpeg","width":290,"height":70,"caption":"21 Panorama"},"image":{"@id":"https:\/\/21panorama.com\/#\/schema\/logo\/image\/"}},{"@type":"Person","@id":"https:\/\/21panorama.com\/#\/schema\/person\/1afc291b96d5792a158768324287319f","name":"admin","image":{"@type":"ImageObject","inLanguage":"es","@id":"https:\/\/21panorama.com\/#\/schema\/person\/image\/","url":"https:\/\/secure.gravatar.com\/avatar\/ad365d9d9f46719215b0d042cc3df92a5a8683e09ef13d102233e5491985f0f0?s=96&d=mm&r=g","contentUrl":"https:\/\/secure.gravatar.com\/avatar\/ad365d9d9f46719215b0d042cc3df92a5a8683e09ef13d102233e5491985f0f0?s=96&d=mm&r=g","caption":"admin"},"url":"https:\/\/21panorama.com\/index.php\/author\/admin\/"}]}},"_links":{"self":[{"href":"https:\/\/21panorama.com\/index.php\/wp-json\/wp\/v2\/posts\/4911","targetHints":{"allow":["GET"]}}],"collection":[{"href":"https:\/\/21panorama.com\/index.php\/wp-json\/wp\/v2\/posts"}],"about":[{"href":"https:\/\/21panorama.com\/index.php\/wp-json\/wp\/v2\/types\/post"}],"author":[{"embeddable":true,"href":"https:\/\/21panorama.com\/index.php\/wp-json\/wp\/v2\/users\/1"}],"replies":[{"embeddable":true,"href":"https:\/\/21panorama.com\/index.php\/wp-json\/wp\/v2\/comments?post=4911"}],"version-history":[{"count":1,"href":"https:\/\/21panorama.com\/index.php\/wp-json\/wp\/v2\/posts\/4911\/revisions"}],"predecessor-version":[{"id":4913,"href":"https:\/\/21panorama.com\/index.php\/wp-json\/wp\/v2\/posts\/4911\/revisions\/4913"}],"wp:featuredmedia":[{"embeddable":true,"href":"https:\/\/21panorama.com\/index.php\/wp-json\/wp\/v2\/media\/4912"}],"wp:attachment":[{"href":"https:\/\/21panorama.com\/index.php\/wp-json\/wp\/v2\/media?parent=4911"}],"wp:term":[{"taxonomy":"category","embeddable":true,"href":"https:\/\/21panorama.com\/index.php\/wp-json\/wp\/v2\/categories?post=4911"},{"taxonomy":"post_tag","embeddable":true,"href":"https:\/\/21panorama.com\/index.php\/wp-json\/wp\/v2\/tags?post=4911"}],"curies":[{"name":"wp","href":"https:\/\/api.w.org\/{rel}","templated":true}]}}