{"id":4901,"date":"2023-08-22T09:19:14","date_gmt":"2023-08-22T14:19:14","guid":{"rendered":"https:\/\/21panorama.com\/?p=4901"},"modified":"2023-08-22T09:19:15","modified_gmt":"2023-08-22T14:19:15","slug":"impulsa-uaemex-produccion-agricola-con-uso-de-tecnologias","status":"publish","type":"post","link":"https:\/\/21panorama.com\/index.php\/2023\/08\/22\/impulsa-uaemex-produccion-agricola-con-uso-de-tecnologias\/","title":{"rendered":"IMPULSA UAEM\u00c9X PRODUCCI\u00d3N AGR\u00cdCOLA CON USO DE TECNOLOG\u00cdAS"},"content":{"rendered":"\n<p><\/p>\n\n\n\n<p>* El rector de la UAEM\u00e9x, Carlos Eduardo Barrera D\u00edaz, puso en marcha la Plataforma de Transferencia Tecnol\u00f3gica, en la Facultad de Ciencias Agr\u00edcolas.<\/p>\n\n\n\n<p>* El director de la Facultad de Ciencias Agr\u00edcolas de la UAEM\u00e9x, Gaspar Estrada Campuzano, rindi\u00f3 su primer informe anual de actividades.<\/p>\n\n\n\n<p><\/p>\n\n\n\n<p>Con el fin de impulsar estrategias de producci\u00f3n agr\u00edcola m\u00e1s eficientes de forma sostenible, el rector de la Universidad Aut\u00f3noma del Estado de M\u00e9xico (UAEM\u00e9x), Carlos Eduardo Barrera D\u00edaz, puso en marcha la Plataforma de Transferencia Tecnol\u00f3gica en colaboraci\u00f3n con el Centro Internacional de Mejoramiento de Ma\u00edz y Trigo (CIMMyT), que est\u00e1 establecida en los terrenos de la Facultad de Ciencias Agr\u00edcolas.<\/p>\n\n\n\n<p>En el marco del primer informe anual de actividades del director de este organismo acad\u00e9mico, Gaspar Estrada Campuzano, el rector de la UAEM\u00e9x recibi\u00f3 a productores del campo y comunidad universitaria en el \u00e1rea de la Plataforma para dar a conocer las ventajas del uso de tecnolog\u00edas para la producci\u00f3n de ma\u00edz.<\/p>\n\n\n\n<p>\u201cQuerida comunidad, gracias a todas y todos por el esfuerzo que est\u00e1n poniendo.<\/p>\n\n\n\n<p>Este es un trabajo desde las aulas, desde la ciencia, desde lo que van a aprender ustedes, pero tambi\u00e9n est\u00e1n los empresarios y eso es muy bueno porque esta colaboraci\u00f3n entre academia y empresa es la que les va a servir a ustedes para que lo lleven a la pr\u00e1ctica\u201d, indic\u00f3.<\/p>\n\n\n\n<p>Asimismo, entreg\u00f3 10 pantallas Smart TV de 65 pulgadas marca Samsung y 5 proyectores marca Epson para que la comunidad acad\u00e9mica y estudiantil de la Facultad siga mejorando sus procesos de ense\u00f1anza aprendizaje.<\/p>\n\n\n\n<p>En tanto, el director de la Facultad de Ciencias Agr\u00edcolas dio a conocer que 100 por ciento de la matr\u00edcula estudiantil cursa alguno de los tres programas educativos de licenciatura de calidad, certificados por el Comit\u00e9 Mexicano de Acreditaci\u00f3n de la Educaci\u00f3n Agron\u00f3mica.<\/p>\n\n\n\n<p>Adem\u00e1s de que cuenta con 25 profesores investigadores que forman parte del Sistema Nacional de Investigadores (SNI) del Consejo Nacional de Ciencia y Tecnolog\u00eda (CONACyT), as\u00ed como la elaboraci\u00f3n de 30 productos cient\u00edficos.<\/p>\n\n\n\n<p>\u201cJuntos hemos logrado grandes avances y superado desaf\u00edos. Continuamos fortaleciendo nuestros programas acad\u00e9micos, fomentando la investigaci\u00f3n de vanguardia, impulsando proyectos de vinculaci\u00f3n en beneficio de la comunidad universitaria\u201d, expres\u00f3.<\/p>\n\n\n\n<p>La matr\u00edcula de la Facultad de Ciencias Agr\u00edcolas asciende a mil 21 estudiantes, es decir, 8 por ciento m\u00e1s que el periodo escolar anterior.<\/p>\n\n\n\n<p>Al evento acudi\u00f3 la secretaria de Planeaci\u00f3n y Desarrollo Institucional, Mar\u00eda Esther Aurora Contreras Lara Vega; integrantes del Colegio de Directores y del gabinete universitario; el director del Consejo Mexiquense de Ciencia y Tecnolog\u00eda (COMECyT), Bernardo Almaraz Calder\u00f3n; el diputado local por el distrito 34, Gerardo Lamas Pombo, e invitados especiales.<\/p>\n","protected":false},"excerpt":{"rendered":"<p>El rector de la UAEM\u00e9x, Carlos Eduardo Barrera D\u00edaz, puso en marcha la Plataforma de Transferencia Tecnol\u00f3gica, en la Facultad de Ciencias Agr\u00edcolas.<\/p>\n","protected":false},"author":1,"featured_media":4902,"comment_status":"open","ping_status":"open","sticky":false,"template":"","format":"standard","meta":{"footnotes":""},"categories":[3,374,1],"tags":[323,97,23],"class_list":["post-4901","post","type-post","status-publish","format-standard","has-post-thumbnail","hentry","category-ecomomia","category-educacion","category-sociedad","tag-carlos-eduardo-barrera-diaz","tag-edomex","tag-uaemex"],"yoast_head":"<!-- This site is optimized with the Yoast SEO plugin v24.9 - https:\/\/yoast.com\/wordpress\/plugins\/seo\/ -->\n<title>IMPULSA UAEM\u00c9X PRODUCCI\u00d3N AGR\u00cdCOLA CON USO DE TECNOLOG\u00cdAS - 21 Panorama<\/title>\n<meta name=\"robots\" content=\"index, follow, max-snippet:-1, max-image-preview:large, max-video-preview:-1\" \/>\n<link rel=\"canonical\" href=\"https:\/\/21panorama.com\/index.php\/2023\/08\/22\/impulsa-uaemex-produccion-agricola-con-uso-de-tecnologias\/\" \/>\n<meta property=\"og:locale\" content=\"es_MX\" \/>\n<meta property=\"og:type\" content=\"article\" \/>\n<meta property=\"og:title\" content=\"IMPULSA UAEM\u00c9X PRODUCCI\u00d3N AGR\u00cdCOLA CON USO DE TECNOLOG\u00cdAS - 21 Panorama\" \/>\n<meta property=\"og:description\" content=\"El rector de la UAEM\u00e9x, Carlos Eduardo Barrera D\u00edaz, puso en marcha la Plataforma de Transferencia Tecnol\u00f3gica, en la Facultad de Ciencias Agr\u00edcolas.\" \/>\n<meta property=\"og:url\" content=\"https:\/\/21panorama.com\/index.php\/2023\/08\/22\/impulsa-uaemex-produccion-agricola-con-uso-de-tecnologias\/\" \/>\n<meta property=\"og:site_name\" content=\"21 Panorama\" \/>\n<meta property=\"article:published_time\" content=\"2023-08-22T14:19:14+00:00\" \/>\n<meta property=\"article:modified_time\" content=\"2023-08-22T14:19:15+00:00\" \/>\n<meta property=\"og:image\" content=\"https:\/\/21panorama.com\/wp-content\/uploads\/2023\/08\/UAEM-Fac-Ciencias-Agricolas-200823-3.jpg\" \/>\n\t<meta property=\"og:image:width\" content=\"1440\" \/>\n\t<meta property=\"og:image:height\" content=\"960\" \/>\n\t<meta property=\"og:image:type\" content=\"image\/jpeg\" \/>\n<meta name=\"author\" content=\"admin\" \/>\n<meta name=\"twitter:card\" content=\"summary_large_image\" \/>\n<meta name=\"twitter:label1\" content=\"Escrito por\" \/>\n\t<meta name=\"twitter:data1\" content=\"admin\" \/>\n\t<meta name=\"twitter:label2\" content=\"Tiempo de lectura\" \/>\n\t<meta name=\"twitter:data2\" content=\"3 minutos\" \/>\n<script type=\"application\/ld+json\" class=\"yoast-schema-graph\">{\"@context\":\"https:\/\/schema.org\",\"@graph\":[{\"@type\":\"Article\",\"@id\":\"https:\/\/21panorama.com\/index.php\/2023\/08\/22\/impulsa-uaemex-produccion-agricola-con-uso-de-tecnologias\/#article\",\"isPartOf\":{\"@id\":\"https:\/\/21panorama.com\/index.php\/2023\/08\/22\/impulsa-uaemex-produccion-agricola-con-uso-de-tecnologias\/\"},\"author\":{\"name\":\"admin\",\"@id\":\"https:\/\/21panorama.com\/#\/schema\/person\/1afc291b96d5792a158768324287319f\"},\"headline\":\"IMPULSA UAEM\u00c9X PRODUCCI\u00d3N AGR\u00cdCOLA CON USO DE TECNOLOG\u00cdAS\",\"datePublished\":\"2023-08-22T14:19:14+00:00\",\"dateModified\":\"2023-08-22T14:19:15+00:00\",\"mainEntityOfPage\":{\"@id\":\"https:\/\/21panorama.com\/index.php\/2023\/08\/22\/impulsa-uaemex-produccion-agricola-con-uso-de-tecnologias\/\"},\"wordCount\":487,\"commentCount\":0,\"publisher\":{\"@id\":\"https:\/\/21panorama.com\/#organization\"},\"image\":{\"@id\":\"https:\/\/21panorama.com\/index.php\/2023\/08\/22\/impulsa-uaemex-produccion-agricola-con-uso-de-tecnologias\/#primaryimage\"},\"thumbnailUrl\":\"https:\/\/21panorama.com\/wp-content\/uploads\/2023\/08\/UAEM-Fac-Ciencias-Agricolas-200823-3.jpg\",\"keywords\":[\"Carlos Eduardo Barrera D\u00edaz\",\"EDOMEX\",\"UAEMex\"],\"articleSection\":[\"Econom\u00eda\",\"Educaci\u00f3n\",\"Sociedad\"],\"inLanguage\":\"es\",\"potentialAction\":[{\"@type\":\"CommentAction\",\"name\":\"Comment\",\"target\":[\"https:\/\/21panorama.com\/index.php\/2023\/08\/22\/impulsa-uaemex-produccion-agricola-con-uso-de-tecnologias\/#respond\"]}]},{\"@type\":\"WebPage\",\"@id\":\"https:\/\/21panorama.com\/index.php\/2023\/08\/22\/impulsa-uaemex-produccion-agricola-con-uso-de-tecnologias\/\",\"url\":\"https:\/\/21panorama.com\/index.php\/2023\/08\/22\/impulsa-uaemex-produccion-agricola-con-uso-de-tecnologias\/\",\"name\":\"IMPULSA UAEM\u00c9X PRODUCCI\u00d3N AGR\u00cdCOLA CON USO DE TECNOLOG\u00cdAS - 21 Panorama\",\"isPartOf\":{\"@id\":\"https:\/\/21panorama.com\/#website\"},\"primaryImageOfPage\":{\"@id\":\"https:\/\/21panorama.com\/index.php\/2023\/08\/22\/impulsa-uaemex-produccion-agricola-con-uso-de-tecnologias\/#primaryimage\"},\"image\":{\"@id\":\"https:\/\/21panorama.com\/index.php\/2023\/08\/22\/impulsa-uaemex-produccion-agricola-con-uso-de-tecnologias\/#primaryimage\"},\"thumbnailUrl\":\"https:\/\/21panorama.com\/wp-content\/uploads\/2023\/08\/UAEM-Fac-Ciencias-Agricolas-200823-3.jpg\",\"datePublished\":\"2023-08-22T14:19:14+00:00\",\"dateModified\":\"2023-08-22T14:19:15+00:00\",\"breadcrumb\":{\"@id\":\"https:\/\/21panorama.com\/index.php\/2023\/08\/22\/impulsa-uaemex-produccion-agricola-con-uso-de-tecnologias\/#breadcrumb\"},\"inLanguage\":\"es\",\"potentialAction\":[{\"@type\":\"ReadAction\",\"target\":[\"https:\/\/21panorama.com\/index.php\/2023\/08\/22\/impulsa-uaemex-produccion-agricola-con-uso-de-tecnologias\/\"]}]},{\"@type\":\"ImageObject\",\"inLanguage\":\"es\",\"@id\":\"https:\/\/21panorama.com\/index.php\/2023\/08\/22\/impulsa-uaemex-produccion-agricola-con-uso-de-tecnologias\/#primaryimage\",\"url\":\"https:\/\/21panorama.com\/wp-content\/uploads\/2023\/08\/UAEM-Fac-Ciencias-Agricolas-200823-3.jpg\",\"contentUrl\":\"https:\/\/21panorama.com\/wp-content\/uploads\/2023\/08\/UAEM-Fac-Ciencias-Agricolas-200823-3.jpg\",\"width\":1440,\"height\":960},{\"@type\":\"BreadcrumbList\",\"@id\":\"https:\/\/21panorama.com\/index.php\/2023\/08\/22\/impulsa-uaemex-produccion-agricola-con-uso-de-tecnologias\/#breadcrumb\",\"itemListElement\":[{\"@type\":\"ListItem\",\"position\":1,\"name\":\"Inicio\",\"item\":\"https:\/\/21panorama.com\/\"},{\"@type\":\"ListItem\",\"position\":2,\"name\":\"IMPULSA UAEM\u00c9X PRODUCCI\u00d3N AGR\u00cdCOLA CON USO DE TECNOLOG\u00cdAS\"}]},{\"@type\":\"WebSite\",\"@id\":\"https:\/\/21panorama.com\/#website\",\"url\":\"https:\/\/21panorama.com\/\",\"name\":\"21 Panorama\",\"description\":\"La construcci\u00f3n de la opini\u00f3n p\u00fablica merece un mejor Panorama en este siglo 21 para alcanzar una sociedad con mayor transparencia y sin corrupci\u00f3n.\",\"publisher\":{\"@id\":\"https:\/\/21panorama.com\/#organization\"},\"potentialAction\":[{\"@type\":\"SearchAction\",\"target\":{\"@type\":\"EntryPoint\",\"urlTemplate\":\"https:\/\/21panorama.com\/?s={search_term_string}\"},\"query-input\":{\"@type\":\"PropertyValueSpecification\",\"valueRequired\":true,\"valueName\":\"search_term_string\"}}],\"inLanguage\":\"es\"},{\"@type\":\"Organization\",\"@id\":\"https:\/\/21panorama.com\/#organization\",\"name\":\"21 Panorama\",\"url\":\"https:\/\/21panorama.com\/\",\"logo\":{\"@type\":\"ImageObject\",\"inLanguage\":\"es\",\"@id\":\"https:\/\/21panorama.com\/#\/schema\/logo\/image\/\",\"url\":\"https:\/\/21panorama.com\/wp-content\/uploads\/2019\/07\/cropped-Logo-Panorama-01.jpeg\",\"contentUrl\":\"https:\/\/21panorama.com\/wp-content\/uploads\/2019\/07\/cropped-Logo-Panorama-01.jpeg\",\"width\":290,\"height\":70,\"caption\":\"21 Panorama\"},\"image\":{\"@id\":\"https:\/\/21panorama.com\/#\/schema\/logo\/image\/\"}},{\"@type\":\"Person\",\"@id\":\"https:\/\/21panorama.com\/#\/schema\/person\/1afc291b96d5792a158768324287319f\",\"name\":\"admin\",\"image\":{\"@type\":\"ImageObject\",\"inLanguage\":\"es\",\"@id\":\"https:\/\/21panorama.com\/#\/schema\/person\/image\/\",\"url\":\"https:\/\/secure.gravatar.com\/avatar\/ad365d9d9f46719215b0d042cc3df92a5a8683e09ef13d102233e5491985f0f0?s=96&d=mm&r=g\",\"contentUrl\":\"https:\/\/secure.gravatar.com\/avatar\/ad365d9d9f46719215b0d042cc3df92a5a8683e09ef13d102233e5491985f0f0?s=96&d=mm&r=g\",\"caption\":\"admin\"},\"url\":\"https:\/\/21panorama.com\/index.php\/author\/admin\/\"}]}<\/script>\n<!-- \/ Yoast SEO plugin. -->","yoast_head_json":{"title":"IMPULSA UAEM\u00c9X PRODUCCI\u00d3N AGR\u00cdCOLA CON USO DE TECNOLOG\u00cdAS - 21 Panorama","robots":{"index":"index","follow":"follow","max-snippet":"max-snippet:-1","max-image-preview":"max-image-preview:large","max-video-preview":"max-video-preview:-1"},"canonical":"https:\/\/21panorama.com\/index.php\/2023\/08\/22\/impulsa-uaemex-produccion-agricola-con-uso-de-tecnologias\/","og_locale":"es_MX","og_type":"article","og_title":"IMPULSA UAEM\u00c9X PRODUCCI\u00d3N AGR\u00cdCOLA CON USO DE TECNOLOG\u00cdAS - 21 Panorama","og_description":"El rector de la UAEM\u00e9x, Carlos Eduardo Barrera D\u00edaz, puso en marcha la Plataforma de Transferencia Tecnol\u00f3gica, en la Facultad de Ciencias Agr\u00edcolas.","og_url":"https:\/\/21panorama.com\/index.php\/2023\/08\/22\/impulsa-uaemex-produccion-agricola-con-uso-de-tecnologias\/","og_site_name":"21 Panorama","article_published_time":"2023-08-22T14:19:14+00:00","article_modified_time":"2023-08-22T14:19:15+00:00","og_image":[{"width":1440,"height":960,"url":"https:\/\/21panorama.com\/wp-content\/uploads\/2023\/08\/UAEM-Fac-Ciencias-Agricolas-200823-3.jpg","type":"image\/jpeg"}],"author":"admin","twitter_card":"summary_large_image","twitter_misc":{"Escrito por":"admin","Tiempo de lectura":"3 minutos"},"schema":{"@context":"https:\/\/schema.org","@graph":[{"@type":"Article","@id":"https:\/\/21panorama.com\/index.php\/2023\/08\/22\/impulsa-uaemex-produccion-agricola-con-uso-de-tecnologias\/#article","isPartOf":{"@id":"https:\/\/21panorama.com\/index.php\/2023\/08\/22\/impulsa-uaemex-produccion-agricola-con-uso-de-tecnologias\/"},"author":{"name":"admin","@id":"https:\/\/21panorama.com\/#\/schema\/person\/1afc291b96d5792a158768324287319f"},"headline":"IMPULSA UAEM\u00c9X PRODUCCI\u00d3N AGR\u00cdCOLA CON USO DE TECNOLOG\u00cdAS","datePublished":"2023-08-22T14:19:14+00:00","dateModified":"2023-08-22T14:19:15+00:00","mainEntityOfPage":{"@id":"https:\/\/21panorama.com\/index.php\/2023\/08\/22\/impulsa-uaemex-produccion-agricola-con-uso-de-tecnologias\/"},"wordCount":487,"commentCount":0,"publisher":{"@id":"https:\/\/21panorama.com\/#organization"},"image":{"@id":"https:\/\/21panorama.com\/index.php\/2023\/08\/22\/impulsa-uaemex-produccion-agricola-con-uso-de-tecnologias\/#primaryimage"},"thumbnailUrl":"https:\/\/21panorama.com\/wp-content\/uploads\/2023\/08\/UAEM-Fac-Ciencias-Agricolas-200823-3.jpg","keywords":["Carlos Eduardo Barrera D\u00edaz","EDOMEX","UAEMex"],"articleSection":["Econom\u00eda","Educaci\u00f3n","Sociedad"],"inLanguage":"es","potentialAction":[{"@type":"CommentAction","name":"Comment","target":["https:\/\/21panorama.com\/index.php\/2023\/08\/22\/impulsa-uaemex-produccion-agricola-con-uso-de-tecnologias\/#respond"]}]},{"@type":"WebPage","@id":"https:\/\/21panorama.com\/index.php\/2023\/08\/22\/impulsa-uaemex-produccion-agricola-con-uso-de-tecnologias\/","url":"https:\/\/21panorama.com\/index.php\/2023\/08\/22\/impulsa-uaemex-produccion-agricola-con-uso-de-tecnologias\/","name":"IMPULSA UAEM\u00c9X PRODUCCI\u00d3N AGR\u00cdCOLA CON USO DE TECNOLOG\u00cdAS - 21 Panorama","isPartOf":{"@id":"https:\/\/21panorama.com\/#website"},"primaryImageOfPage":{"@id":"https:\/\/21panorama.com\/index.php\/2023\/08\/22\/impulsa-uaemex-produccion-agricola-con-uso-de-tecnologias\/#primaryimage"},"image":{"@id":"https:\/\/21panorama.com\/index.php\/2023\/08\/22\/impulsa-uaemex-produccion-agricola-con-uso-de-tecnologias\/#primaryimage"},"thumbnailUrl":"https:\/\/21panorama.com\/wp-content\/uploads\/2023\/08\/UAEM-Fac-Ciencias-Agricolas-200823-3.jpg","datePublished":"2023-08-22T14:19:14+00:00","dateModified":"2023-08-22T14:19:15+00:00","breadcrumb":{"@id":"https:\/\/21panorama.com\/index.php\/2023\/08\/22\/impulsa-uaemex-produccion-agricola-con-uso-de-tecnologias\/#breadcrumb"},"inLanguage":"es","potentialAction":[{"@type":"ReadAction","target":["https:\/\/21panorama.com\/index.php\/2023\/08\/22\/impulsa-uaemex-produccion-agricola-con-uso-de-tecnologias\/"]}]},{"@type":"ImageObject","inLanguage":"es","@id":"https:\/\/21panorama.com\/index.php\/2023\/08\/22\/impulsa-uaemex-produccion-agricola-con-uso-de-tecnologias\/#primaryimage","url":"https:\/\/21panorama.com\/wp-content\/uploads\/2023\/08\/UAEM-Fac-Ciencias-Agricolas-200823-3.jpg","contentUrl":"https:\/\/21panorama.com\/wp-content\/uploads\/2023\/08\/UAEM-Fac-Ciencias-Agricolas-200823-3.jpg","width":1440,"height":960},{"@type":"BreadcrumbList","@id":"https:\/\/21panorama.com\/index.php\/2023\/08\/22\/impulsa-uaemex-produccion-agricola-con-uso-de-tecnologias\/#breadcrumb","itemListElement":[{"@type":"ListItem","position":1,"name":"Inicio","item":"https:\/\/21panorama.com\/"},{"@type":"ListItem","position":2,"name":"IMPULSA UAEM\u00c9X PRODUCCI\u00d3N AGR\u00cdCOLA CON USO DE TECNOLOG\u00cdAS"}]},{"@type":"WebSite","@id":"https:\/\/21panorama.com\/#website","url":"https:\/\/21panorama.com\/","name":"21 Panorama","description":"La construcci\u00f3n de la opini\u00f3n p\u00fablica merece un mejor Panorama en este siglo 21 para alcanzar una sociedad con mayor transparencia y sin corrupci\u00f3n.","publisher":{"@id":"https:\/\/21panorama.com\/#organization"},"potentialAction":[{"@type":"SearchAction","target":{"@type":"EntryPoint","urlTemplate":"https:\/\/21panorama.com\/?s={search_term_string}"},"query-input":{"@type":"PropertyValueSpecification","valueRequired":true,"valueName":"search_term_string"}}],"inLanguage":"es"},{"@type":"Organization","@id":"https:\/\/21panorama.com\/#organization","name":"21 Panorama","url":"https:\/\/21panorama.com\/","logo":{"@type":"ImageObject","inLanguage":"es","@id":"https:\/\/21panorama.com\/#\/schema\/logo\/image\/","url":"https:\/\/21panorama.com\/wp-content\/uploads\/2019\/07\/cropped-Logo-Panorama-01.jpeg","contentUrl":"https:\/\/21panorama.com\/wp-content\/uploads\/2019\/07\/cropped-Logo-Panorama-01.jpeg","width":290,"height":70,"caption":"21 Panorama"},"image":{"@id":"https:\/\/21panorama.com\/#\/schema\/logo\/image\/"}},{"@type":"Person","@id":"https:\/\/21panorama.com\/#\/schema\/person\/1afc291b96d5792a158768324287319f","name":"admin","image":{"@type":"ImageObject","inLanguage":"es","@id":"https:\/\/21panorama.com\/#\/schema\/person\/image\/","url":"https:\/\/secure.gravatar.com\/avatar\/ad365d9d9f46719215b0d042cc3df92a5a8683e09ef13d102233e5491985f0f0?s=96&d=mm&r=g","contentUrl":"https:\/\/secure.gravatar.com\/avatar\/ad365d9d9f46719215b0d042cc3df92a5a8683e09ef13d102233e5491985f0f0?s=96&d=mm&r=g","caption":"admin"},"url":"https:\/\/21panorama.com\/index.php\/author\/admin\/"}]}},"_links":{"self":[{"href":"https:\/\/21panorama.com\/index.php\/wp-json\/wp\/v2\/posts\/4901","targetHints":{"allow":["GET"]}}],"collection":[{"href":"https:\/\/21panorama.com\/index.php\/wp-json\/wp\/v2\/posts"}],"about":[{"href":"https:\/\/21panorama.com\/index.php\/wp-json\/wp\/v2\/types\/post"}],"author":[{"embeddable":true,"href":"https:\/\/21panorama.com\/index.php\/wp-json\/wp\/v2\/users\/1"}],"replies":[{"embeddable":true,"href":"https:\/\/21panorama.com\/index.php\/wp-json\/wp\/v2\/comments?post=4901"}],"version-history":[{"count":1,"href":"https:\/\/21panorama.com\/index.php\/wp-json\/wp\/v2\/posts\/4901\/revisions"}],"predecessor-version":[{"id":4903,"href":"https:\/\/21panorama.com\/index.php\/wp-json\/wp\/v2\/posts\/4901\/revisions\/4903"}],"wp:featuredmedia":[{"embeddable":true,"href":"https:\/\/21panorama.com\/index.php\/wp-json\/wp\/v2\/media\/4902"}],"wp:attachment":[{"href":"https:\/\/21panorama.com\/index.php\/wp-json\/wp\/v2\/media?parent=4901"}],"wp:term":[{"taxonomy":"category","embeddable":true,"href":"https:\/\/21panorama.com\/index.php\/wp-json\/wp\/v2\/categories?post=4901"},{"taxonomy":"post_tag","embeddable":true,"href":"https:\/\/21panorama.com\/index.php\/wp-json\/wp\/v2\/tags?post=4901"}],"curies":[{"name":"wp","href":"https:\/\/api.w.org\/{rel}","templated":true}]}}