{"id":4894,"date":"2023-08-09T07:55:12","date_gmt":"2023-08-09T12:55:12","guid":{"rendered":"https:\/\/21panorama.com\/?p=4894"},"modified":"2023-08-22T08:02:35","modified_gmt":"2023-08-22T13:02:35","slug":"dia-internacional-de-los-pueblos-indigenas-jocotitlan","status":"publish","type":"post","link":"https:\/\/21panorama.com\/index.php\/2023\/08\/09\/dia-internacional-de-los-pueblos-indigenas-jocotitlan\/","title":{"rendered":"D\u00cdA INTERNACIONAL DE LOS PUEBLOS IND\u00cdGENAS: JOCOTITL\u00c1N"},"content":{"rendered":"\n<p><\/p>\n\n\n\n<p>En el D\u00eda Internacional de los Pueblos Ind\u00edgenas, el Presidente Municipal Jes\u00fas Cedillo Gonz\u00e1lez celebr\u00f3 la riqueza cultural y herencia de todos los pueblos en la Casa de Cultura \u201cLic. Diego de N\u00e1jera Yanguas\u201d, con la participaci\u00f3n del grupo de Danza Xocot\u00e9petl de la comunidad de Los Reyes y la Danza Matlachines \u201cSan Miguel Arc\u00e1ngel\u201d de San Miguel Tenochtitl\u00e1n, preservando la sabidur\u00eda ancestral, y unidos en un ritual para que el legado perdure.<\/p>\n\n\n\n<p>Los pueblos ind\u00edgenas son herederos, practicantes y conservadores de diversas culturas; y en Jocotitl\u00e1n convergen tres culturas: la mazahua, la otom\u00ed y la mestiza. Estos saben relacionarse arm\u00f3nicamente con la naturaleza a la que respetan como fuente de alimento y altar de la coexistencia humana.<\/p>\n\n\n\n<p>Un problema que comparten es la ardua defensa del respeto a sus derechos territoriales y la participaci\u00f3n en las decisiones sobre el destino de los recursos naturales; pero ante la indiferencia social por prejuicios y racismo, no nos permitimos apreciar la riqueza cultural que nos aportan, como las tradiciones, costumbres, lenguas; formas de vestir, comer y pensar \u00fanicas.<\/p>\n","protected":false},"excerpt":{"rendered":"<p>En el D\u00eda Internacional de los Pueblos Ind\u00edgenas, el Presidente Municipal Jes\u00fas Cedillo Gonz\u00e1lez celebr\u00f3 la riqueza cultural y herencia de todos los pueblos en la Casa de Cultura \u201cLic. Diego de N\u00e1jera Yanguas\u201d, con la participaci\u00f3n del grupo de Danza Xocot\u00e9petl de la comunidad de Los Reyes y la Danza Matlachines \u201cSan Miguel Arc\u00e1ngel\u201d de San Miguel Tenochtitl\u00e1n, preservando la sabidur\u00eda ancestral, y unidos en un ritual para que el legado perdure.<\/p>\n","protected":false},"author":1,"featured_media":4895,"comment_status":"open","ping_status":"open","sticky":false,"template":"","format":"standard","meta":{"footnotes":""},"categories":[5,3,1],"tags":[97,222,325,42],"class_list":["post-4894","post","type-post","status-publish","format-standard","has-post-thumbnail","hentry","category-cultura","category-ecomomia","category-sociedad","tag-edomex","tag-gem","tag-jesus-cedillo-gonzalez","tag-jocotitlan"],"yoast_head":"<!-- This site is optimized with the Yoast SEO plugin v24.9 - https:\/\/yoast.com\/wordpress\/plugins\/seo\/ -->\n<title>D\u00cdA INTERNACIONAL DE LOS PUEBLOS IND\u00cdGENAS: JOCOTITL\u00c1N - 21 Panorama<\/title>\n<meta name=\"robots\" content=\"index, follow, max-snippet:-1, max-image-preview:large, max-video-preview:-1\" \/>\n<link rel=\"canonical\" href=\"https:\/\/21panorama.com\/index.php\/2023\/08\/09\/dia-internacional-de-los-pueblos-indigenas-jocotitlan\/\" \/>\n<meta property=\"og:locale\" content=\"es_MX\" \/>\n<meta property=\"og:type\" content=\"article\" \/>\n<meta property=\"og:title\" content=\"D\u00cdA INTERNACIONAL DE LOS PUEBLOS IND\u00cdGENAS: JOCOTITL\u00c1N - 21 Panorama\" \/>\n<meta property=\"og:description\" content=\"En el D\u00eda Internacional de los Pueblos Ind\u00edgenas, el Presidente Municipal Jes\u00fas Cedillo Gonz\u00e1lez celebr\u00f3 la riqueza cultural y herencia de todos los pueblos en la Casa de Cultura \u201cLic. Diego de N\u00e1jera Yanguas\u201d, con la participaci\u00f3n del grupo de Danza Xocot\u00e9petl de la comunidad de Los Reyes y la Danza Matlachines \u201cSan Miguel Arc\u00e1ngel\u201d de San Miguel Tenochtitl\u00e1n, preservando la sabidur\u00eda ancestral, y unidos en un ritual para que el legado perdure.\" \/>\n<meta property=\"og:url\" content=\"https:\/\/21panorama.com\/index.php\/2023\/08\/09\/dia-internacional-de-los-pueblos-indigenas-jocotitlan\/\" \/>\n<meta property=\"og:site_name\" content=\"21 Panorama\" \/>\n<meta property=\"article:published_time\" content=\"2023-08-09T12:55:12+00:00\" \/>\n<meta property=\"article:modified_time\" content=\"2023-08-22T13:02:35+00:00\" \/>\n<meta property=\"og:image\" content=\"https:\/\/21panorama.com\/wp-content\/uploads\/2023\/08\/Jocotitlan-Dia-Internacional-de-los-Pueblos-Indigenas-090823-3.jpg\" \/>\n\t<meta property=\"og:image:width\" content=\"2048\" \/>\n\t<meta property=\"og:image:height\" content=\"1366\" \/>\n\t<meta property=\"og:image:type\" content=\"image\/jpeg\" \/>\n<meta name=\"author\" content=\"admin\" \/>\n<meta name=\"twitter:card\" content=\"summary_large_image\" \/>\n<meta name=\"twitter:label1\" content=\"Escrito por\" \/>\n\t<meta name=\"twitter:data1\" content=\"admin\" \/>\n\t<meta name=\"twitter:label2\" content=\"Tiempo de lectura\" \/>\n\t<meta name=\"twitter:data2\" content=\"1 minuto\" \/>\n<script type=\"application\/ld+json\" class=\"yoast-schema-graph\">{\"@context\":\"https:\/\/schema.org\",\"@graph\":[{\"@type\":\"Article\",\"@id\":\"https:\/\/21panorama.com\/index.php\/2023\/08\/09\/dia-internacional-de-los-pueblos-indigenas-jocotitlan\/#article\",\"isPartOf\":{\"@id\":\"https:\/\/21panorama.com\/index.php\/2023\/08\/09\/dia-internacional-de-los-pueblos-indigenas-jocotitlan\/\"},\"author\":{\"name\":\"admin\",\"@id\":\"https:\/\/21panorama.com\/#\/schema\/person\/1afc291b96d5792a158768324287319f\"},\"headline\":\"D\u00cdA INTERNACIONAL DE LOS PUEBLOS IND\u00cdGENAS: JOCOTITL\u00c1N\",\"datePublished\":\"2023-08-09T12:55:12+00:00\",\"dateModified\":\"2023-08-22T13:02:35+00:00\",\"mainEntityOfPage\":{\"@id\":\"https:\/\/21panorama.com\/index.php\/2023\/08\/09\/dia-internacional-de-los-pueblos-indigenas-jocotitlan\/\"},\"wordCount\":200,\"commentCount\":0,\"publisher\":{\"@id\":\"https:\/\/21panorama.com\/#organization\"},\"image\":{\"@id\":\"https:\/\/21panorama.com\/index.php\/2023\/08\/09\/dia-internacional-de-los-pueblos-indigenas-jocotitlan\/#primaryimage\"},\"thumbnailUrl\":\"https:\/\/21panorama.com\/wp-content\/uploads\/2023\/08\/Jocotitlan-Dia-Internacional-de-los-Pueblos-Indigenas-090823-3.jpg\",\"keywords\":[\"EDOMEX\",\"GEM\",\"Jes\u00fas Cedillo Gonz\u00e1lez\",\"Jocotitl\u00e1n\"],\"articleSection\":[\"Cultura\",\"Econom\u00eda\",\"Sociedad\"],\"inLanguage\":\"es\",\"potentialAction\":[{\"@type\":\"CommentAction\",\"name\":\"Comment\",\"target\":[\"https:\/\/21panorama.com\/index.php\/2023\/08\/09\/dia-internacional-de-los-pueblos-indigenas-jocotitlan\/#respond\"]}]},{\"@type\":\"WebPage\",\"@id\":\"https:\/\/21panorama.com\/index.php\/2023\/08\/09\/dia-internacional-de-los-pueblos-indigenas-jocotitlan\/\",\"url\":\"https:\/\/21panorama.com\/index.php\/2023\/08\/09\/dia-internacional-de-los-pueblos-indigenas-jocotitlan\/\",\"name\":\"D\u00cdA INTERNACIONAL DE LOS PUEBLOS IND\u00cdGENAS: JOCOTITL\u00c1N - 21 Panorama\",\"isPartOf\":{\"@id\":\"https:\/\/21panorama.com\/#website\"},\"primaryImageOfPage\":{\"@id\":\"https:\/\/21panorama.com\/index.php\/2023\/08\/09\/dia-internacional-de-los-pueblos-indigenas-jocotitlan\/#primaryimage\"},\"image\":{\"@id\":\"https:\/\/21panorama.com\/index.php\/2023\/08\/09\/dia-internacional-de-los-pueblos-indigenas-jocotitlan\/#primaryimage\"},\"thumbnailUrl\":\"https:\/\/21panorama.com\/wp-content\/uploads\/2023\/08\/Jocotitlan-Dia-Internacional-de-los-Pueblos-Indigenas-090823-3.jpg\",\"datePublished\":\"2023-08-09T12:55:12+00:00\",\"dateModified\":\"2023-08-22T13:02:35+00:00\",\"breadcrumb\":{\"@id\":\"https:\/\/21panorama.com\/index.php\/2023\/08\/09\/dia-internacional-de-los-pueblos-indigenas-jocotitlan\/#breadcrumb\"},\"inLanguage\":\"es\",\"potentialAction\":[{\"@type\":\"ReadAction\",\"target\":[\"https:\/\/21panorama.com\/index.php\/2023\/08\/09\/dia-internacional-de-los-pueblos-indigenas-jocotitlan\/\"]}]},{\"@type\":\"ImageObject\",\"inLanguage\":\"es\",\"@id\":\"https:\/\/21panorama.com\/index.php\/2023\/08\/09\/dia-internacional-de-los-pueblos-indigenas-jocotitlan\/#primaryimage\",\"url\":\"https:\/\/21panorama.com\/wp-content\/uploads\/2023\/08\/Jocotitlan-Dia-Internacional-de-los-Pueblos-Indigenas-090823-3.jpg\",\"contentUrl\":\"https:\/\/21panorama.com\/wp-content\/uploads\/2023\/08\/Jocotitlan-Dia-Internacional-de-los-Pueblos-Indigenas-090823-3.jpg\",\"width\":2048,\"height\":1366},{\"@type\":\"BreadcrumbList\",\"@id\":\"https:\/\/21panorama.com\/index.php\/2023\/08\/09\/dia-internacional-de-los-pueblos-indigenas-jocotitlan\/#breadcrumb\",\"itemListElement\":[{\"@type\":\"ListItem\",\"position\":1,\"name\":\"Inicio\",\"item\":\"https:\/\/21panorama.com\/\"},{\"@type\":\"ListItem\",\"position\":2,\"name\":\"D\u00cdA INTERNACIONAL DE LOS PUEBLOS IND\u00cdGENAS: JOCOTITL\u00c1N\"}]},{\"@type\":\"WebSite\",\"@id\":\"https:\/\/21panorama.com\/#website\",\"url\":\"https:\/\/21panorama.com\/\",\"name\":\"21 Panorama\",\"description\":\"La construcci\u00f3n de la opini\u00f3n p\u00fablica merece un mejor Panorama en este siglo 21 para alcanzar una sociedad con mayor transparencia y sin corrupci\u00f3n.\",\"publisher\":{\"@id\":\"https:\/\/21panorama.com\/#organization\"},\"potentialAction\":[{\"@type\":\"SearchAction\",\"target\":{\"@type\":\"EntryPoint\",\"urlTemplate\":\"https:\/\/21panorama.com\/?s={search_term_string}\"},\"query-input\":{\"@type\":\"PropertyValueSpecification\",\"valueRequired\":true,\"valueName\":\"search_term_string\"}}],\"inLanguage\":\"es\"},{\"@type\":\"Organization\",\"@id\":\"https:\/\/21panorama.com\/#organization\",\"name\":\"21 Panorama\",\"url\":\"https:\/\/21panorama.com\/\",\"logo\":{\"@type\":\"ImageObject\",\"inLanguage\":\"es\",\"@id\":\"https:\/\/21panorama.com\/#\/schema\/logo\/image\/\",\"url\":\"https:\/\/21panorama.com\/wp-content\/uploads\/2019\/07\/cropped-Logo-Panorama-01.jpeg\",\"contentUrl\":\"https:\/\/21panorama.com\/wp-content\/uploads\/2019\/07\/cropped-Logo-Panorama-01.jpeg\",\"width\":290,\"height\":70,\"caption\":\"21 Panorama\"},\"image\":{\"@id\":\"https:\/\/21panorama.com\/#\/schema\/logo\/image\/\"}},{\"@type\":\"Person\",\"@id\":\"https:\/\/21panorama.com\/#\/schema\/person\/1afc291b96d5792a158768324287319f\",\"name\":\"admin\",\"image\":{\"@type\":\"ImageObject\",\"inLanguage\":\"es\",\"@id\":\"https:\/\/21panorama.com\/#\/schema\/person\/image\/\",\"url\":\"https:\/\/secure.gravatar.com\/avatar\/ad365d9d9f46719215b0d042cc3df92a5a8683e09ef13d102233e5491985f0f0?s=96&d=mm&r=g\",\"contentUrl\":\"https:\/\/secure.gravatar.com\/avatar\/ad365d9d9f46719215b0d042cc3df92a5a8683e09ef13d102233e5491985f0f0?s=96&d=mm&r=g\",\"caption\":\"admin\"},\"url\":\"https:\/\/21panorama.com\/index.php\/author\/admin\/\"}]}<\/script>\n<!-- \/ Yoast SEO plugin. -->","yoast_head_json":{"title":"D\u00cdA INTERNACIONAL DE LOS PUEBLOS IND\u00cdGENAS: JOCOTITL\u00c1N - 21 Panorama","robots":{"index":"index","follow":"follow","max-snippet":"max-snippet:-1","max-image-preview":"max-image-preview:large","max-video-preview":"max-video-preview:-1"},"canonical":"https:\/\/21panorama.com\/index.php\/2023\/08\/09\/dia-internacional-de-los-pueblos-indigenas-jocotitlan\/","og_locale":"es_MX","og_type":"article","og_title":"D\u00cdA INTERNACIONAL DE LOS PUEBLOS IND\u00cdGENAS: JOCOTITL\u00c1N - 21 Panorama","og_description":"En el D\u00eda Internacional de los Pueblos Ind\u00edgenas, el Presidente Municipal Jes\u00fas Cedillo Gonz\u00e1lez celebr\u00f3 la riqueza cultural y herencia de todos los pueblos en la Casa de Cultura \u201cLic. Diego de N\u00e1jera Yanguas\u201d, con la participaci\u00f3n del grupo de Danza Xocot\u00e9petl de la comunidad de Los Reyes y la Danza Matlachines \u201cSan Miguel Arc\u00e1ngel\u201d de San Miguel Tenochtitl\u00e1n, preservando la sabidur\u00eda ancestral, y unidos en un ritual para que el legado perdure.","og_url":"https:\/\/21panorama.com\/index.php\/2023\/08\/09\/dia-internacional-de-los-pueblos-indigenas-jocotitlan\/","og_site_name":"21 Panorama","article_published_time":"2023-08-09T12:55:12+00:00","article_modified_time":"2023-08-22T13:02:35+00:00","og_image":[{"width":2048,"height":1366,"url":"https:\/\/21panorama.com\/wp-content\/uploads\/2023\/08\/Jocotitlan-Dia-Internacional-de-los-Pueblos-Indigenas-090823-3.jpg","type":"image\/jpeg"}],"author":"admin","twitter_card":"summary_large_image","twitter_misc":{"Escrito por":"admin","Tiempo de lectura":"1 minuto"},"schema":{"@context":"https:\/\/schema.org","@graph":[{"@type":"Article","@id":"https:\/\/21panorama.com\/index.php\/2023\/08\/09\/dia-internacional-de-los-pueblos-indigenas-jocotitlan\/#article","isPartOf":{"@id":"https:\/\/21panorama.com\/index.php\/2023\/08\/09\/dia-internacional-de-los-pueblos-indigenas-jocotitlan\/"},"author":{"name":"admin","@id":"https:\/\/21panorama.com\/#\/schema\/person\/1afc291b96d5792a158768324287319f"},"headline":"D\u00cdA INTERNACIONAL DE LOS PUEBLOS IND\u00cdGENAS: JOCOTITL\u00c1N","datePublished":"2023-08-09T12:55:12+00:00","dateModified":"2023-08-22T13:02:35+00:00","mainEntityOfPage":{"@id":"https:\/\/21panorama.com\/index.php\/2023\/08\/09\/dia-internacional-de-los-pueblos-indigenas-jocotitlan\/"},"wordCount":200,"commentCount":0,"publisher":{"@id":"https:\/\/21panorama.com\/#organization"},"image":{"@id":"https:\/\/21panorama.com\/index.php\/2023\/08\/09\/dia-internacional-de-los-pueblos-indigenas-jocotitlan\/#primaryimage"},"thumbnailUrl":"https:\/\/21panorama.com\/wp-content\/uploads\/2023\/08\/Jocotitlan-Dia-Internacional-de-los-Pueblos-Indigenas-090823-3.jpg","keywords":["EDOMEX","GEM","Jes\u00fas Cedillo Gonz\u00e1lez","Jocotitl\u00e1n"],"articleSection":["Cultura","Econom\u00eda","Sociedad"],"inLanguage":"es","potentialAction":[{"@type":"CommentAction","name":"Comment","target":["https:\/\/21panorama.com\/index.php\/2023\/08\/09\/dia-internacional-de-los-pueblos-indigenas-jocotitlan\/#respond"]}]},{"@type":"WebPage","@id":"https:\/\/21panorama.com\/index.php\/2023\/08\/09\/dia-internacional-de-los-pueblos-indigenas-jocotitlan\/","url":"https:\/\/21panorama.com\/index.php\/2023\/08\/09\/dia-internacional-de-los-pueblos-indigenas-jocotitlan\/","name":"D\u00cdA INTERNACIONAL DE LOS PUEBLOS IND\u00cdGENAS: JOCOTITL\u00c1N - 21 Panorama","isPartOf":{"@id":"https:\/\/21panorama.com\/#website"},"primaryImageOfPage":{"@id":"https:\/\/21panorama.com\/index.php\/2023\/08\/09\/dia-internacional-de-los-pueblos-indigenas-jocotitlan\/#primaryimage"},"image":{"@id":"https:\/\/21panorama.com\/index.php\/2023\/08\/09\/dia-internacional-de-los-pueblos-indigenas-jocotitlan\/#primaryimage"},"thumbnailUrl":"https:\/\/21panorama.com\/wp-content\/uploads\/2023\/08\/Jocotitlan-Dia-Internacional-de-los-Pueblos-Indigenas-090823-3.jpg","datePublished":"2023-08-09T12:55:12+00:00","dateModified":"2023-08-22T13:02:35+00:00","breadcrumb":{"@id":"https:\/\/21panorama.com\/index.php\/2023\/08\/09\/dia-internacional-de-los-pueblos-indigenas-jocotitlan\/#breadcrumb"},"inLanguage":"es","potentialAction":[{"@type":"ReadAction","target":["https:\/\/21panorama.com\/index.php\/2023\/08\/09\/dia-internacional-de-los-pueblos-indigenas-jocotitlan\/"]}]},{"@type":"ImageObject","inLanguage":"es","@id":"https:\/\/21panorama.com\/index.php\/2023\/08\/09\/dia-internacional-de-los-pueblos-indigenas-jocotitlan\/#primaryimage","url":"https:\/\/21panorama.com\/wp-content\/uploads\/2023\/08\/Jocotitlan-Dia-Internacional-de-los-Pueblos-Indigenas-090823-3.jpg","contentUrl":"https:\/\/21panorama.com\/wp-content\/uploads\/2023\/08\/Jocotitlan-Dia-Internacional-de-los-Pueblos-Indigenas-090823-3.jpg","width":2048,"height":1366},{"@type":"BreadcrumbList","@id":"https:\/\/21panorama.com\/index.php\/2023\/08\/09\/dia-internacional-de-los-pueblos-indigenas-jocotitlan\/#breadcrumb","itemListElement":[{"@type":"ListItem","position":1,"name":"Inicio","item":"https:\/\/21panorama.com\/"},{"@type":"ListItem","position":2,"name":"D\u00cdA INTERNACIONAL DE LOS PUEBLOS IND\u00cdGENAS: JOCOTITL\u00c1N"}]},{"@type":"WebSite","@id":"https:\/\/21panorama.com\/#website","url":"https:\/\/21panorama.com\/","name":"21 Panorama","description":"La construcci\u00f3n de la opini\u00f3n p\u00fablica merece un mejor Panorama en este siglo 21 para alcanzar una sociedad con mayor transparencia y sin corrupci\u00f3n.","publisher":{"@id":"https:\/\/21panorama.com\/#organization"},"potentialAction":[{"@type":"SearchAction","target":{"@type":"EntryPoint","urlTemplate":"https:\/\/21panorama.com\/?s={search_term_string}"},"query-input":{"@type":"PropertyValueSpecification","valueRequired":true,"valueName":"search_term_string"}}],"inLanguage":"es"},{"@type":"Organization","@id":"https:\/\/21panorama.com\/#organization","name":"21 Panorama","url":"https:\/\/21panorama.com\/","logo":{"@type":"ImageObject","inLanguage":"es","@id":"https:\/\/21panorama.com\/#\/schema\/logo\/image\/","url":"https:\/\/21panorama.com\/wp-content\/uploads\/2019\/07\/cropped-Logo-Panorama-01.jpeg","contentUrl":"https:\/\/21panorama.com\/wp-content\/uploads\/2019\/07\/cropped-Logo-Panorama-01.jpeg","width":290,"height":70,"caption":"21 Panorama"},"image":{"@id":"https:\/\/21panorama.com\/#\/schema\/logo\/image\/"}},{"@type":"Person","@id":"https:\/\/21panorama.com\/#\/schema\/person\/1afc291b96d5792a158768324287319f","name":"admin","image":{"@type":"ImageObject","inLanguage":"es","@id":"https:\/\/21panorama.com\/#\/schema\/person\/image\/","url":"https:\/\/secure.gravatar.com\/avatar\/ad365d9d9f46719215b0d042cc3df92a5a8683e09ef13d102233e5491985f0f0?s=96&d=mm&r=g","contentUrl":"https:\/\/secure.gravatar.com\/avatar\/ad365d9d9f46719215b0d042cc3df92a5a8683e09ef13d102233e5491985f0f0?s=96&d=mm&r=g","caption":"admin"},"url":"https:\/\/21panorama.com\/index.php\/author\/admin\/"}]}},"_links":{"self":[{"href":"https:\/\/21panorama.com\/index.php\/wp-json\/wp\/v2\/posts\/4894","targetHints":{"allow":["GET"]}}],"collection":[{"href":"https:\/\/21panorama.com\/index.php\/wp-json\/wp\/v2\/posts"}],"about":[{"href":"https:\/\/21panorama.com\/index.php\/wp-json\/wp\/v2\/types\/post"}],"author":[{"embeddable":true,"href":"https:\/\/21panorama.com\/index.php\/wp-json\/wp\/v2\/users\/1"}],"replies":[{"embeddable":true,"href":"https:\/\/21panorama.com\/index.php\/wp-json\/wp\/v2\/comments?post=4894"}],"version-history":[{"count":1,"href":"https:\/\/21panorama.com\/index.php\/wp-json\/wp\/v2\/posts\/4894\/revisions"}],"predecessor-version":[{"id":4896,"href":"https:\/\/21panorama.com\/index.php\/wp-json\/wp\/v2\/posts\/4894\/revisions\/4896"}],"wp:featuredmedia":[{"embeddable":true,"href":"https:\/\/21panorama.com\/index.php\/wp-json\/wp\/v2\/media\/4895"}],"wp:attachment":[{"href":"https:\/\/21panorama.com\/index.php\/wp-json\/wp\/v2\/media?parent=4894"}],"wp:term":[{"taxonomy":"category","embeddable":true,"href":"https:\/\/21panorama.com\/index.php\/wp-json\/wp\/v2\/categories?post=4894"},{"taxonomy":"post_tag","embeddable":true,"href":"https:\/\/21panorama.com\/index.php\/wp-json\/wp\/v2\/tags?post=4894"}],"curies":[{"name":"wp","href":"https:\/\/api.w.org\/{rel}","templated":true}]}}