{"id":4891,"date":"2023-08-05T07:28:39","date_gmt":"2023-08-05T12:28:39","guid":{"rendered":"https:\/\/21panorama.com\/?p=4891"},"modified":"2023-08-22T07:37:04","modified_gmt":"2023-08-22T12:37:04","slug":"entrega-de-la-techumbre-del-lienzo-charro-ernesto-peralta-quintero","status":"publish","type":"post","link":"https:\/\/21panorama.com\/index.php\/2023\/08\/05\/entrega-de-la-techumbre-del-lienzo-charro-ernesto-peralta-quintero\/","title":{"rendered":"ENTREGA DE LA TECHUMBRE DEL LIENZO CHARRO \u201cERNESTO PERALTA QUINTERO\u201d"},"content":{"rendered":"\n<p><\/p>\n\n\n\n<p>El Presidente Municipal Jes\u00fas Cedillo Gonz\u00e1lez acompa\u00f1ado del Diputado Federal Gustavo C\u00e1rdenas Monroy, del Diputado Local Iv\u00e1n Esquer Cruz y del Ing. Carlos Peralta entregaron la techumbre del Lienzo Charro &#8220;Ernesto Peralta Quintero&#8221;, en el marco del Encanto de la Feria de Jocotitl\u00e1n 2023 y en donde adem\u00e1s diferentes equipos mostraron sus pr\u00e1cticas en cada una de las suertes, dando su mayor esfuerzo en \u00e9ste gran deporte mexicano.<\/p>\n\n\n\n<p>Como parte de las mejoras de este municipio, el alcalde Jes\u00fas Cedillo Gonz\u00e1lez y los regidores del Ayuntamiento de Jocotitl\u00e1n llevaron a cabo la inauguraci\u00f3n de una techumbre en el Lienzo Charro, para beneficio de las familias que asisten a disfrutar de las suertes del rodeo y charrer\u00eda.<\/p>\n\n\n\n<p>El alcalde manifest\u00f3 que esta obra es una inversi\u00f3n que se traduce en comodidad para todas y todos los asistentes que podr\u00e1n estar bajo la sombra o resguardados de la lluvia. Esta techumbre dignificar\u00e1 este espacio donde se practica el deporte mexicano por excelencia.<\/p>\n\n\n\n<p>En Jocotitl\u00e1n se hacen obras que impulsan el deporte y promueven la sana convivencia social; por eso se trabaja de la mano con las comunidades para crear espacios que ayuden a alcanzar esos objetivos, indic\u00f3 Jes\u00fas Cedillo.<\/p>\n","protected":false},"excerpt":{"rendered":"<p>El Presidente Municipal Jes\u00fas Cedillo Gonz\u00e1lez acompa\u00f1ado del Diputado Federal Gustavo C\u00e1rdenas Monroy, del Diputado Local Iv\u00e1n Esquer Cruz y del Ing. Carlos Peralta entregaron la techumbre del Lienzo Charro &#8220;Ernesto Peralta Quintero&#8221;, en el marco del Encanto de la Feria de Jocotitl\u00e1n 2023 y en donde adem\u00e1s diferentes equipos mostraron sus pr\u00e1cticas en cada una de las suertes, dando su mayor esfuerzo en \u00e9ste gran deporte mexicano.<\/p>\n","protected":false},"author":1,"featured_media":4892,"comment_status":"open","ping_status":"open","sticky":false,"template":"","format":"standard","meta":{"footnotes":""},"categories":[5,7,3,1],"tags":[97,222,325,42],"class_list":["post-4891","post","type-post","status-publish","format-standard","has-post-thumbnail","hentry","category-cultura","category-deportes","category-ecomomia","category-sociedad","tag-edomex","tag-gem","tag-jesus-cedillo-gonzalez","tag-jocotitlan"],"yoast_head":"<!-- This site is optimized with the Yoast SEO plugin v24.9 - https:\/\/yoast.com\/wordpress\/plugins\/seo\/ -->\n<title>ENTREGA DE LA TECHUMBRE DEL LIENZO CHARRO \u201cERNESTO PERALTA QUINTERO\u201d - 21 Panorama<\/title>\n<meta name=\"robots\" content=\"index, follow, max-snippet:-1, max-image-preview:large, max-video-preview:-1\" \/>\n<link rel=\"canonical\" href=\"https:\/\/21panorama.com\/index.php\/2023\/08\/05\/entrega-de-la-techumbre-del-lienzo-charro-ernesto-peralta-quintero\/\" \/>\n<meta property=\"og:locale\" content=\"es_MX\" \/>\n<meta property=\"og:type\" content=\"article\" \/>\n<meta property=\"og:title\" content=\"ENTREGA DE LA TECHUMBRE DEL LIENZO CHARRO \u201cERNESTO PERALTA QUINTERO\u201d - 21 Panorama\" \/>\n<meta property=\"og:description\" content=\"El Presidente Municipal Jes\u00fas Cedillo Gonz\u00e1lez acompa\u00f1ado del Diputado Federal Gustavo C\u00e1rdenas Monroy, del Diputado Local Iv\u00e1n Esquer Cruz y del Ing. Carlos Peralta entregaron la techumbre del Lienzo Charro &quot;Ernesto Peralta Quintero&quot;, en el marco del Encanto de la Feria de Jocotitl\u00e1n 2023 y en donde adem\u00e1s diferentes equipos mostraron sus pr\u00e1cticas en cada una de las suertes, dando su mayor esfuerzo en \u00e9ste gran deporte mexicano.\" \/>\n<meta property=\"og:url\" content=\"https:\/\/21panorama.com\/index.php\/2023\/08\/05\/entrega-de-la-techumbre-del-lienzo-charro-ernesto-peralta-quintero\/\" \/>\n<meta property=\"og:site_name\" content=\"21 Panorama\" \/>\n<meta property=\"article:published_time\" content=\"2023-08-05T12:28:39+00:00\" \/>\n<meta property=\"article:modified_time\" content=\"2023-08-22T12:37:04+00:00\" \/>\n<meta property=\"og:image\" content=\"https:\/\/21panorama.com\/wp-content\/uploads\/2023\/08\/Jocotitlan-techumbre-lienzo-charro-050823-3.jpg\" \/>\n\t<meta property=\"og:image:width\" content=\"587\" \/>\n\t<meta property=\"og:image:height\" content=\"565\" \/>\n\t<meta property=\"og:image:type\" content=\"image\/jpeg\" \/>\n<meta name=\"author\" content=\"admin\" \/>\n<meta name=\"twitter:card\" content=\"summary_large_image\" \/>\n<meta name=\"twitter:label1\" content=\"Escrito por\" \/>\n\t<meta name=\"twitter:data1\" content=\"admin\" \/>\n\t<meta name=\"twitter:label2\" content=\"Tiempo de lectura\" \/>\n\t<meta name=\"twitter:data2\" content=\"1 minuto\" \/>\n<script type=\"application\/ld+json\" class=\"yoast-schema-graph\">{\"@context\":\"https:\/\/schema.org\",\"@graph\":[{\"@type\":\"Article\",\"@id\":\"https:\/\/21panorama.com\/index.php\/2023\/08\/05\/entrega-de-la-techumbre-del-lienzo-charro-ernesto-peralta-quintero\/#article\",\"isPartOf\":{\"@id\":\"https:\/\/21panorama.com\/index.php\/2023\/08\/05\/entrega-de-la-techumbre-del-lienzo-charro-ernesto-peralta-quintero\/\"},\"author\":{\"name\":\"admin\",\"@id\":\"https:\/\/21panorama.com\/#\/schema\/person\/1afc291b96d5792a158768324287319f\"},\"headline\":\"ENTREGA DE LA TECHUMBRE DEL LIENZO CHARRO \u201cERNESTO PERALTA QUINTERO\u201d\",\"datePublished\":\"2023-08-05T12:28:39+00:00\",\"dateModified\":\"2023-08-22T12:37:04+00:00\",\"mainEntityOfPage\":{\"@id\":\"https:\/\/21panorama.com\/index.php\/2023\/08\/05\/entrega-de-la-techumbre-del-lienzo-charro-ernesto-peralta-quintero\/\"},\"wordCount\":223,\"commentCount\":0,\"publisher\":{\"@id\":\"https:\/\/21panorama.com\/#organization\"},\"image\":{\"@id\":\"https:\/\/21panorama.com\/index.php\/2023\/08\/05\/entrega-de-la-techumbre-del-lienzo-charro-ernesto-peralta-quintero\/#primaryimage\"},\"thumbnailUrl\":\"https:\/\/21panorama.com\/wp-content\/uploads\/2023\/08\/Jocotitlan-techumbre-lienzo-charro-050823-3.jpg\",\"keywords\":[\"EDOMEX\",\"GEM\",\"Jes\u00fas Cedillo Gonz\u00e1lez\",\"Jocotitl\u00e1n\"],\"articleSection\":[\"Cultura\",\"Deportes\",\"Econom\u00eda\",\"Sociedad\"],\"inLanguage\":\"es\",\"potentialAction\":[{\"@type\":\"CommentAction\",\"name\":\"Comment\",\"target\":[\"https:\/\/21panorama.com\/index.php\/2023\/08\/05\/entrega-de-la-techumbre-del-lienzo-charro-ernesto-peralta-quintero\/#respond\"]}]},{\"@type\":\"WebPage\",\"@id\":\"https:\/\/21panorama.com\/index.php\/2023\/08\/05\/entrega-de-la-techumbre-del-lienzo-charro-ernesto-peralta-quintero\/\",\"url\":\"https:\/\/21panorama.com\/index.php\/2023\/08\/05\/entrega-de-la-techumbre-del-lienzo-charro-ernesto-peralta-quintero\/\",\"name\":\"ENTREGA DE LA TECHUMBRE DEL LIENZO CHARRO \u201cERNESTO PERALTA QUINTERO\u201d - 21 Panorama\",\"isPartOf\":{\"@id\":\"https:\/\/21panorama.com\/#website\"},\"primaryImageOfPage\":{\"@id\":\"https:\/\/21panorama.com\/index.php\/2023\/08\/05\/entrega-de-la-techumbre-del-lienzo-charro-ernesto-peralta-quintero\/#primaryimage\"},\"image\":{\"@id\":\"https:\/\/21panorama.com\/index.php\/2023\/08\/05\/entrega-de-la-techumbre-del-lienzo-charro-ernesto-peralta-quintero\/#primaryimage\"},\"thumbnailUrl\":\"https:\/\/21panorama.com\/wp-content\/uploads\/2023\/08\/Jocotitlan-techumbre-lienzo-charro-050823-3.jpg\",\"datePublished\":\"2023-08-05T12:28:39+00:00\",\"dateModified\":\"2023-08-22T12:37:04+00:00\",\"breadcrumb\":{\"@id\":\"https:\/\/21panorama.com\/index.php\/2023\/08\/05\/entrega-de-la-techumbre-del-lienzo-charro-ernesto-peralta-quintero\/#breadcrumb\"},\"inLanguage\":\"es\",\"potentialAction\":[{\"@type\":\"ReadAction\",\"target\":[\"https:\/\/21panorama.com\/index.php\/2023\/08\/05\/entrega-de-la-techumbre-del-lienzo-charro-ernesto-peralta-quintero\/\"]}]},{\"@type\":\"ImageObject\",\"inLanguage\":\"es\",\"@id\":\"https:\/\/21panorama.com\/index.php\/2023\/08\/05\/entrega-de-la-techumbre-del-lienzo-charro-ernesto-peralta-quintero\/#primaryimage\",\"url\":\"https:\/\/21panorama.com\/wp-content\/uploads\/2023\/08\/Jocotitlan-techumbre-lienzo-charro-050823-3.jpg\",\"contentUrl\":\"https:\/\/21panorama.com\/wp-content\/uploads\/2023\/08\/Jocotitlan-techumbre-lienzo-charro-050823-3.jpg\",\"width\":587,\"height\":565},{\"@type\":\"BreadcrumbList\",\"@id\":\"https:\/\/21panorama.com\/index.php\/2023\/08\/05\/entrega-de-la-techumbre-del-lienzo-charro-ernesto-peralta-quintero\/#breadcrumb\",\"itemListElement\":[{\"@type\":\"ListItem\",\"position\":1,\"name\":\"Inicio\",\"item\":\"https:\/\/21panorama.com\/\"},{\"@type\":\"ListItem\",\"position\":2,\"name\":\"ENTREGA DE LA TECHUMBRE DEL LIENZO CHARRO \u201cERNESTO PERALTA QUINTERO\u201d\"}]},{\"@type\":\"WebSite\",\"@id\":\"https:\/\/21panorama.com\/#website\",\"url\":\"https:\/\/21panorama.com\/\",\"name\":\"21 Panorama\",\"description\":\"La construcci\u00f3n de la opini\u00f3n p\u00fablica merece un mejor Panorama en este siglo 21 para alcanzar una sociedad con mayor transparencia y sin corrupci\u00f3n.\",\"publisher\":{\"@id\":\"https:\/\/21panorama.com\/#organization\"},\"potentialAction\":[{\"@type\":\"SearchAction\",\"target\":{\"@type\":\"EntryPoint\",\"urlTemplate\":\"https:\/\/21panorama.com\/?s={search_term_string}\"},\"query-input\":{\"@type\":\"PropertyValueSpecification\",\"valueRequired\":true,\"valueName\":\"search_term_string\"}}],\"inLanguage\":\"es\"},{\"@type\":\"Organization\",\"@id\":\"https:\/\/21panorama.com\/#organization\",\"name\":\"21 Panorama\",\"url\":\"https:\/\/21panorama.com\/\",\"logo\":{\"@type\":\"ImageObject\",\"inLanguage\":\"es\",\"@id\":\"https:\/\/21panorama.com\/#\/schema\/logo\/image\/\",\"url\":\"https:\/\/21panorama.com\/wp-content\/uploads\/2019\/07\/cropped-Logo-Panorama-01.jpeg\",\"contentUrl\":\"https:\/\/21panorama.com\/wp-content\/uploads\/2019\/07\/cropped-Logo-Panorama-01.jpeg\",\"width\":290,\"height\":70,\"caption\":\"21 Panorama\"},\"image\":{\"@id\":\"https:\/\/21panorama.com\/#\/schema\/logo\/image\/\"}},{\"@type\":\"Person\",\"@id\":\"https:\/\/21panorama.com\/#\/schema\/person\/1afc291b96d5792a158768324287319f\",\"name\":\"admin\",\"image\":{\"@type\":\"ImageObject\",\"inLanguage\":\"es\",\"@id\":\"https:\/\/21panorama.com\/#\/schema\/person\/image\/\",\"url\":\"https:\/\/secure.gravatar.com\/avatar\/ad365d9d9f46719215b0d042cc3df92a5a8683e09ef13d102233e5491985f0f0?s=96&d=mm&r=g\",\"contentUrl\":\"https:\/\/secure.gravatar.com\/avatar\/ad365d9d9f46719215b0d042cc3df92a5a8683e09ef13d102233e5491985f0f0?s=96&d=mm&r=g\",\"caption\":\"admin\"},\"url\":\"https:\/\/21panorama.com\/index.php\/author\/admin\/\"}]}<\/script>\n<!-- \/ Yoast SEO plugin. -->","yoast_head_json":{"title":"ENTREGA DE LA TECHUMBRE DEL LIENZO CHARRO \u201cERNESTO PERALTA QUINTERO\u201d - 21 Panorama","robots":{"index":"index","follow":"follow","max-snippet":"max-snippet:-1","max-image-preview":"max-image-preview:large","max-video-preview":"max-video-preview:-1"},"canonical":"https:\/\/21panorama.com\/index.php\/2023\/08\/05\/entrega-de-la-techumbre-del-lienzo-charro-ernesto-peralta-quintero\/","og_locale":"es_MX","og_type":"article","og_title":"ENTREGA DE LA TECHUMBRE DEL LIENZO CHARRO \u201cERNESTO PERALTA QUINTERO\u201d - 21 Panorama","og_description":"El Presidente Municipal Jes\u00fas Cedillo Gonz\u00e1lez acompa\u00f1ado del Diputado Federal Gustavo C\u00e1rdenas Monroy, del Diputado Local Iv\u00e1n Esquer Cruz y del Ing. Carlos Peralta entregaron la techumbre del Lienzo Charro \"Ernesto Peralta Quintero\", en el marco del Encanto de la Feria de Jocotitl\u00e1n 2023 y en donde adem\u00e1s diferentes equipos mostraron sus pr\u00e1cticas en cada una de las suertes, dando su mayor esfuerzo en \u00e9ste gran deporte mexicano.","og_url":"https:\/\/21panorama.com\/index.php\/2023\/08\/05\/entrega-de-la-techumbre-del-lienzo-charro-ernesto-peralta-quintero\/","og_site_name":"21 Panorama","article_published_time":"2023-08-05T12:28:39+00:00","article_modified_time":"2023-08-22T12:37:04+00:00","og_image":[{"width":587,"height":565,"url":"https:\/\/21panorama.com\/wp-content\/uploads\/2023\/08\/Jocotitlan-techumbre-lienzo-charro-050823-3.jpg","type":"image\/jpeg"}],"author":"admin","twitter_card":"summary_large_image","twitter_misc":{"Escrito por":"admin","Tiempo de lectura":"1 minuto"},"schema":{"@context":"https:\/\/schema.org","@graph":[{"@type":"Article","@id":"https:\/\/21panorama.com\/index.php\/2023\/08\/05\/entrega-de-la-techumbre-del-lienzo-charro-ernesto-peralta-quintero\/#article","isPartOf":{"@id":"https:\/\/21panorama.com\/index.php\/2023\/08\/05\/entrega-de-la-techumbre-del-lienzo-charro-ernesto-peralta-quintero\/"},"author":{"name":"admin","@id":"https:\/\/21panorama.com\/#\/schema\/person\/1afc291b96d5792a158768324287319f"},"headline":"ENTREGA DE LA TECHUMBRE DEL LIENZO CHARRO \u201cERNESTO PERALTA QUINTERO\u201d","datePublished":"2023-08-05T12:28:39+00:00","dateModified":"2023-08-22T12:37:04+00:00","mainEntityOfPage":{"@id":"https:\/\/21panorama.com\/index.php\/2023\/08\/05\/entrega-de-la-techumbre-del-lienzo-charro-ernesto-peralta-quintero\/"},"wordCount":223,"commentCount":0,"publisher":{"@id":"https:\/\/21panorama.com\/#organization"},"image":{"@id":"https:\/\/21panorama.com\/index.php\/2023\/08\/05\/entrega-de-la-techumbre-del-lienzo-charro-ernesto-peralta-quintero\/#primaryimage"},"thumbnailUrl":"https:\/\/21panorama.com\/wp-content\/uploads\/2023\/08\/Jocotitlan-techumbre-lienzo-charro-050823-3.jpg","keywords":["EDOMEX","GEM","Jes\u00fas Cedillo Gonz\u00e1lez","Jocotitl\u00e1n"],"articleSection":["Cultura","Deportes","Econom\u00eda","Sociedad"],"inLanguage":"es","potentialAction":[{"@type":"CommentAction","name":"Comment","target":["https:\/\/21panorama.com\/index.php\/2023\/08\/05\/entrega-de-la-techumbre-del-lienzo-charro-ernesto-peralta-quintero\/#respond"]}]},{"@type":"WebPage","@id":"https:\/\/21panorama.com\/index.php\/2023\/08\/05\/entrega-de-la-techumbre-del-lienzo-charro-ernesto-peralta-quintero\/","url":"https:\/\/21panorama.com\/index.php\/2023\/08\/05\/entrega-de-la-techumbre-del-lienzo-charro-ernesto-peralta-quintero\/","name":"ENTREGA DE LA TECHUMBRE DEL LIENZO CHARRO \u201cERNESTO PERALTA QUINTERO\u201d - 21 Panorama","isPartOf":{"@id":"https:\/\/21panorama.com\/#website"},"primaryImageOfPage":{"@id":"https:\/\/21panorama.com\/index.php\/2023\/08\/05\/entrega-de-la-techumbre-del-lienzo-charro-ernesto-peralta-quintero\/#primaryimage"},"image":{"@id":"https:\/\/21panorama.com\/index.php\/2023\/08\/05\/entrega-de-la-techumbre-del-lienzo-charro-ernesto-peralta-quintero\/#primaryimage"},"thumbnailUrl":"https:\/\/21panorama.com\/wp-content\/uploads\/2023\/08\/Jocotitlan-techumbre-lienzo-charro-050823-3.jpg","datePublished":"2023-08-05T12:28:39+00:00","dateModified":"2023-08-22T12:37:04+00:00","breadcrumb":{"@id":"https:\/\/21panorama.com\/index.php\/2023\/08\/05\/entrega-de-la-techumbre-del-lienzo-charro-ernesto-peralta-quintero\/#breadcrumb"},"inLanguage":"es","potentialAction":[{"@type":"ReadAction","target":["https:\/\/21panorama.com\/index.php\/2023\/08\/05\/entrega-de-la-techumbre-del-lienzo-charro-ernesto-peralta-quintero\/"]}]},{"@type":"ImageObject","inLanguage":"es","@id":"https:\/\/21panorama.com\/index.php\/2023\/08\/05\/entrega-de-la-techumbre-del-lienzo-charro-ernesto-peralta-quintero\/#primaryimage","url":"https:\/\/21panorama.com\/wp-content\/uploads\/2023\/08\/Jocotitlan-techumbre-lienzo-charro-050823-3.jpg","contentUrl":"https:\/\/21panorama.com\/wp-content\/uploads\/2023\/08\/Jocotitlan-techumbre-lienzo-charro-050823-3.jpg","width":587,"height":565},{"@type":"BreadcrumbList","@id":"https:\/\/21panorama.com\/index.php\/2023\/08\/05\/entrega-de-la-techumbre-del-lienzo-charro-ernesto-peralta-quintero\/#breadcrumb","itemListElement":[{"@type":"ListItem","position":1,"name":"Inicio","item":"https:\/\/21panorama.com\/"},{"@type":"ListItem","position":2,"name":"ENTREGA DE LA TECHUMBRE DEL LIENZO CHARRO \u201cERNESTO PERALTA QUINTERO\u201d"}]},{"@type":"WebSite","@id":"https:\/\/21panorama.com\/#website","url":"https:\/\/21panorama.com\/","name":"21 Panorama","description":"La construcci\u00f3n de la opini\u00f3n p\u00fablica merece un mejor Panorama en este siglo 21 para alcanzar una sociedad con mayor transparencia y sin corrupci\u00f3n.","publisher":{"@id":"https:\/\/21panorama.com\/#organization"},"potentialAction":[{"@type":"SearchAction","target":{"@type":"EntryPoint","urlTemplate":"https:\/\/21panorama.com\/?s={search_term_string}"},"query-input":{"@type":"PropertyValueSpecification","valueRequired":true,"valueName":"search_term_string"}}],"inLanguage":"es"},{"@type":"Organization","@id":"https:\/\/21panorama.com\/#organization","name":"21 Panorama","url":"https:\/\/21panorama.com\/","logo":{"@type":"ImageObject","inLanguage":"es","@id":"https:\/\/21panorama.com\/#\/schema\/logo\/image\/","url":"https:\/\/21panorama.com\/wp-content\/uploads\/2019\/07\/cropped-Logo-Panorama-01.jpeg","contentUrl":"https:\/\/21panorama.com\/wp-content\/uploads\/2019\/07\/cropped-Logo-Panorama-01.jpeg","width":290,"height":70,"caption":"21 Panorama"},"image":{"@id":"https:\/\/21panorama.com\/#\/schema\/logo\/image\/"}},{"@type":"Person","@id":"https:\/\/21panorama.com\/#\/schema\/person\/1afc291b96d5792a158768324287319f","name":"admin","image":{"@type":"ImageObject","inLanguage":"es","@id":"https:\/\/21panorama.com\/#\/schema\/person\/image\/","url":"https:\/\/secure.gravatar.com\/avatar\/ad365d9d9f46719215b0d042cc3df92a5a8683e09ef13d102233e5491985f0f0?s=96&d=mm&r=g","contentUrl":"https:\/\/secure.gravatar.com\/avatar\/ad365d9d9f46719215b0d042cc3df92a5a8683e09ef13d102233e5491985f0f0?s=96&d=mm&r=g","caption":"admin"},"url":"https:\/\/21panorama.com\/index.php\/author\/admin\/"}]}},"_links":{"self":[{"href":"https:\/\/21panorama.com\/index.php\/wp-json\/wp\/v2\/posts\/4891","targetHints":{"allow":["GET"]}}],"collection":[{"href":"https:\/\/21panorama.com\/index.php\/wp-json\/wp\/v2\/posts"}],"about":[{"href":"https:\/\/21panorama.com\/index.php\/wp-json\/wp\/v2\/types\/post"}],"author":[{"embeddable":true,"href":"https:\/\/21panorama.com\/index.php\/wp-json\/wp\/v2\/users\/1"}],"replies":[{"embeddable":true,"href":"https:\/\/21panorama.com\/index.php\/wp-json\/wp\/v2\/comments?post=4891"}],"version-history":[{"count":1,"href":"https:\/\/21panorama.com\/index.php\/wp-json\/wp\/v2\/posts\/4891\/revisions"}],"predecessor-version":[{"id":4893,"href":"https:\/\/21panorama.com\/index.php\/wp-json\/wp\/v2\/posts\/4891\/revisions\/4893"}],"wp:featuredmedia":[{"embeddable":true,"href":"https:\/\/21panorama.com\/index.php\/wp-json\/wp\/v2\/media\/4892"}],"wp:attachment":[{"href":"https:\/\/21panorama.com\/index.php\/wp-json\/wp\/v2\/media?parent=4891"}],"wp:term":[{"taxonomy":"category","embeddable":true,"href":"https:\/\/21panorama.com\/index.php\/wp-json\/wp\/v2\/categories?post=4891"},{"taxonomy":"post_tag","embeddable":true,"href":"https:\/\/21panorama.com\/index.php\/wp-json\/wp\/v2\/tags?post=4891"}],"curies":[{"name":"wp","href":"https:\/\/api.w.org\/{rel}","templated":true}]}}