{"id":4884,"date":"2023-08-18T19:08:57","date_gmt":"2023-08-19T00:08:57","guid":{"rendered":"https:\/\/21panorama.com\/?p=4884"},"modified":"2023-08-21T22:37:17","modified_gmt":"2023-08-22T03:37:17","slug":"clausura-del-curso-de-verano-en-la-biblioteca-municipal-de-el-oro","status":"publish","type":"post","link":"https:\/\/21panorama.com\/index.php\/2023\/08\/18\/clausura-del-curso-de-verano-en-la-biblioteca-municipal-de-el-oro\/","title":{"rendered":"CLAUSURA DEL CURSO DE VERANO EN LA BIBLIOTECA MUNICIPAL DE EL ORO"},"content":{"rendered":"\n<p><\/p>\n\n\n\n<p>Este d\u00eda en gira por el Municipio de El Oro, el Diputado Federal y Vicecoordinador del GP del PRI Gustavo C\u00e1rdenas Monroy, asisti\u00f3 a la Clausura del Curso de Verano en la Biblioteca Municipal &#8220;Ma. Mercedes Gonz\u00e1lez Viuda de Acosta&#8221;, d\u00f3nde mencion\u00f3 la importancia de que se realicen estos cursos, tanto en las Bibliotecas como en las Salas de Lectura, ya que en ellos los ni\u00f1os aprenden en las diversas actividades que se realizan en ellos.<\/p>\n\n\n\n<p>Se impartieron talleres de valores y autoestima, desde el inicio hasta el final del curso. Tambi\u00e9n se les ense\u00f1\u00f3 acerca del cuidado de los seres vivos y su medio ambiente; desarrollo de actividades art\u00edsticas, taller de regularizaci\u00f3n de lectoescritura y pensamiento matem\u00e1tico<\/p>\n\n\n\n<p>El Diputado Federal felicit\u00f3 a todos participantes del curso de verano quienes, asimismo les pidi\u00f3 compartir y promover lo aprendido para que sean ejemplo en sus comunidades. Aprovech\u00f3 la oportunidad para desearles a las ni\u00f1as y ni\u00f1os un feliz y exitoso regreso a clases.<\/p>\n","protected":false},"excerpt":{"rendered":"<p>Este d\u00eda en gira por el Municipio de El Oro, el Diputado Federal y Vicecoordinador del GP del PRI Gustavo C\u00e1rdenas Monroy, asisti\u00f3 a la Clausura del Curso de Verano en la Biblioteca Municipal &#8220;Ma. Mercedes Gonz\u00e1lez Viuda de Acosta&#8221;, d\u00f3nde mencion\u00f3 la importancia de que se realicen estos cursos, tanto en las Bibliotecas como en las Salas de Lectura, ya que en ellos los ni\u00f1os aprenden en las diversas actividades que se realizan en ellos.<\/p>\n","protected":false},"author":1,"featured_media":4885,"comment_status":"open","ping_status":"open","sticky":false,"template":"","format":"standard","meta":{"footnotes":""},"categories":[5,374,1],"tags":[97,318,222,315,33],"class_list":["post-4884","post","type-post","status-publish","format-standard","has-post-thumbnail","hentry","category-cultura","category-educacion","category-sociedad","tag-edomex","tag-el-oro","tag-gem","tag-gustavo-cardenas","tag-pri"],"yoast_head":"<!-- This site is optimized with the Yoast SEO plugin v24.9 - https:\/\/yoast.com\/wordpress\/plugins\/seo\/ -->\n<title>CLAUSURA DEL CURSO DE VERANO EN LA BIBLIOTECA MUNICIPAL DE EL ORO - 21 Panorama<\/title>\n<meta name=\"robots\" content=\"index, follow, max-snippet:-1, max-image-preview:large, max-video-preview:-1\" \/>\n<link rel=\"canonical\" href=\"https:\/\/21panorama.com\/index.php\/2023\/08\/18\/clausura-del-curso-de-verano-en-la-biblioteca-municipal-de-el-oro\/\" \/>\n<meta property=\"og:locale\" content=\"es_MX\" \/>\n<meta property=\"og:type\" content=\"article\" \/>\n<meta property=\"og:title\" content=\"CLAUSURA DEL CURSO DE VERANO EN LA BIBLIOTECA MUNICIPAL DE EL ORO - 21 Panorama\" \/>\n<meta property=\"og:description\" content=\"Este d\u00eda en gira por el Municipio de El Oro, el Diputado Federal y Vicecoordinador del GP del PRI Gustavo C\u00e1rdenas Monroy, asisti\u00f3 a la Clausura del Curso de Verano en la Biblioteca Municipal &quot;Ma. Mercedes Gonz\u00e1lez Viuda de Acosta&quot;, d\u00f3nde mencion\u00f3 la importancia de que se realicen estos cursos, tanto en las Bibliotecas como en las Salas de Lectura, ya que en ellos los ni\u00f1os aprenden en las diversas actividades que se realizan en ellos.\" \/>\n<meta property=\"og:url\" content=\"https:\/\/21panorama.com\/index.php\/2023\/08\/18\/clausura-del-curso-de-verano-en-la-biblioteca-municipal-de-el-oro\/\" \/>\n<meta property=\"og:site_name\" content=\"21 Panorama\" \/>\n<meta property=\"article:published_time\" content=\"2023-08-19T00:08:57+00:00\" \/>\n<meta property=\"article:modified_time\" content=\"2023-08-22T03:37:17+00:00\" \/>\n<meta property=\"og:image\" content=\"https:\/\/21panorama.com\/wp-content\/uploads\/2023\/08\/Gustavo-Cardenas-Biblioteca-El-Oro-180823-3.jpg\" \/>\n\t<meta property=\"og:image:width\" content=\"1280\" \/>\n\t<meta property=\"og:image:height\" content=\"598\" \/>\n\t<meta property=\"og:image:type\" content=\"image\/jpeg\" \/>\n<meta name=\"author\" content=\"admin\" \/>\n<meta name=\"twitter:card\" content=\"summary_large_image\" \/>\n<meta name=\"twitter:label1\" content=\"Escrito por\" \/>\n\t<meta name=\"twitter:data1\" content=\"admin\" \/>\n\t<meta name=\"twitter:label2\" content=\"Tiempo de lectura\" \/>\n\t<meta name=\"twitter:data2\" content=\"1 minuto\" \/>\n<script type=\"application\/ld+json\" class=\"yoast-schema-graph\">{\"@context\":\"https:\/\/schema.org\",\"@graph\":[{\"@type\":\"Article\",\"@id\":\"https:\/\/21panorama.com\/index.php\/2023\/08\/18\/clausura-del-curso-de-verano-en-la-biblioteca-municipal-de-el-oro\/#article\",\"isPartOf\":{\"@id\":\"https:\/\/21panorama.com\/index.php\/2023\/08\/18\/clausura-del-curso-de-verano-en-la-biblioteca-municipal-de-el-oro\/\"},\"author\":{\"name\":\"admin\",\"@id\":\"https:\/\/21panorama.com\/#\/schema\/person\/1afc291b96d5792a158768324287319f\"},\"headline\":\"CLAUSURA DEL CURSO DE VERANO EN LA BIBLIOTECA MUNICIPAL DE EL ORO\",\"datePublished\":\"2023-08-19T00:08:57+00:00\",\"dateModified\":\"2023-08-22T03:37:17+00:00\",\"mainEntityOfPage\":{\"@id\":\"https:\/\/21panorama.com\/index.php\/2023\/08\/18\/clausura-del-curso-de-verano-en-la-biblioteca-municipal-de-el-oro\/\"},\"wordCount\":185,\"commentCount\":0,\"publisher\":{\"@id\":\"https:\/\/21panorama.com\/#organization\"},\"image\":{\"@id\":\"https:\/\/21panorama.com\/index.php\/2023\/08\/18\/clausura-del-curso-de-verano-en-la-biblioteca-municipal-de-el-oro\/#primaryimage\"},\"thumbnailUrl\":\"https:\/\/21panorama.com\/wp-content\/uploads\/2023\/08\/Gustavo-Cardenas-Biblioteca-El-Oro-180823-3.jpg\",\"keywords\":[\"EDOMEX\",\"EL ORO\",\"GEM\",\"GUSTAVO C\u00c1RDENAS\",\"PRI\"],\"articleSection\":[\"Cultura\",\"Educaci\u00f3n\",\"Sociedad\"],\"inLanguage\":\"es\",\"potentialAction\":[{\"@type\":\"CommentAction\",\"name\":\"Comment\",\"target\":[\"https:\/\/21panorama.com\/index.php\/2023\/08\/18\/clausura-del-curso-de-verano-en-la-biblioteca-municipal-de-el-oro\/#respond\"]}]},{\"@type\":\"WebPage\",\"@id\":\"https:\/\/21panorama.com\/index.php\/2023\/08\/18\/clausura-del-curso-de-verano-en-la-biblioteca-municipal-de-el-oro\/\",\"url\":\"https:\/\/21panorama.com\/index.php\/2023\/08\/18\/clausura-del-curso-de-verano-en-la-biblioteca-municipal-de-el-oro\/\",\"name\":\"CLAUSURA DEL CURSO DE VERANO EN LA BIBLIOTECA MUNICIPAL DE EL ORO - 21 Panorama\",\"isPartOf\":{\"@id\":\"https:\/\/21panorama.com\/#website\"},\"primaryImageOfPage\":{\"@id\":\"https:\/\/21panorama.com\/index.php\/2023\/08\/18\/clausura-del-curso-de-verano-en-la-biblioteca-municipal-de-el-oro\/#primaryimage\"},\"image\":{\"@id\":\"https:\/\/21panorama.com\/index.php\/2023\/08\/18\/clausura-del-curso-de-verano-en-la-biblioteca-municipal-de-el-oro\/#primaryimage\"},\"thumbnailUrl\":\"https:\/\/21panorama.com\/wp-content\/uploads\/2023\/08\/Gustavo-Cardenas-Biblioteca-El-Oro-180823-3.jpg\",\"datePublished\":\"2023-08-19T00:08:57+00:00\",\"dateModified\":\"2023-08-22T03:37:17+00:00\",\"breadcrumb\":{\"@id\":\"https:\/\/21panorama.com\/index.php\/2023\/08\/18\/clausura-del-curso-de-verano-en-la-biblioteca-municipal-de-el-oro\/#breadcrumb\"},\"inLanguage\":\"es\",\"potentialAction\":[{\"@type\":\"ReadAction\",\"target\":[\"https:\/\/21panorama.com\/index.php\/2023\/08\/18\/clausura-del-curso-de-verano-en-la-biblioteca-municipal-de-el-oro\/\"]}]},{\"@type\":\"ImageObject\",\"inLanguage\":\"es\",\"@id\":\"https:\/\/21panorama.com\/index.php\/2023\/08\/18\/clausura-del-curso-de-verano-en-la-biblioteca-municipal-de-el-oro\/#primaryimage\",\"url\":\"https:\/\/21panorama.com\/wp-content\/uploads\/2023\/08\/Gustavo-Cardenas-Biblioteca-El-Oro-180823-3.jpg\",\"contentUrl\":\"https:\/\/21panorama.com\/wp-content\/uploads\/2023\/08\/Gustavo-Cardenas-Biblioteca-El-Oro-180823-3.jpg\",\"width\":1280,\"height\":598},{\"@type\":\"BreadcrumbList\",\"@id\":\"https:\/\/21panorama.com\/index.php\/2023\/08\/18\/clausura-del-curso-de-verano-en-la-biblioteca-municipal-de-el-oro\/#breadcrumb\",\"itemListElement\":[{\"@type\":\"ListItem\",\"position\":1,\"name\":\"Inicio\",\"item\":\"https:\/\/21panorama.com\/\"},{\"@type\":\"ListItem\",\"position\":2,\"name\":\"CLAUSURA DEL CURSO DE VERANO EN LA BIBLIOTECA MUNICIPAL DE EL ORO\"}]},{\"@type\":\"WebSite\",\"@id\":\"https:\/\/21panorama.com\/#website\",\"url\":\"https:\/\/21panorama.com\/\",\"name\":\"21 Panorama\",\"description\":\"La construcci\u00f3n de la opini\u00f3n p\u00fablica merece un mejor Panorama en este siglo 21 para alcanzar una sociedad con mayor transparencia y sin corrupci\u00f3n.\",\"publisher\":{\"@id\":\"https:\/\/21panorama.com\/#organization\"},\"potentialAction\":[{\"@type\":\"SearchAction\",\"target\":{\"@type\":\"EntryPoint\",\"urlTemplate\":\"https:\/\/21panorama.com\/?s={search_term_string}\"},\"query-input\":{\"@type\":\"PropertyValueSpecification\",\"valueRequired\":true,\"valueName\":\"search_term_string\"}}],\"inLanguage\":\"es\"},{\"@type\":\"Organization\",\"@id\":\"https:\/\/21panorama.com\/#organization\",\"name\":\"21 Panorama\",\"url\":\"https:\/\/21panorama.com\/\",\"logo\":{\"@type\":\"ImageObject\",\"inLanguage\":\"es\",\"@id\":\"https:\/\/21panorama.com\/#\/schema\/logo\/image\/\",\"url\":\"https:\/\/21panorama.com\/wp-content\/uploads\/2019\/07\/cropped-Logo-Panorama-01.jpeg\",\"contentUrl\":\"https:\/\/21panorama.com\/wp-content\/uploads\/2019\/07\/cropped-Logo-Panorama-01.jpeg\",\"width\":290,\"height\":70,\"caption\":\"21 Panorama\"},\"image\":{\"@id\":\"https:\/\/21panorama.com\/#\/schema\/logo\/image\/\"}},{\"@type\":\"Person\",\"@id\":\"https:\/\/21panorama.com\/#\/schema\/person\/1afc291b96d5792a158768324287319f\",\"name\":\"admin\",\"image\":{\"@type\":\"ImageObject\",\"inLanguage\":\"es\",\"@id\":\"https:\/\/21panorama.com\/#\/schema\/person\/image\/\",\"url\":\"https:\/\/secure.gravatar.com\/avatar\/ad365d9d9f46719215b0d042cc3df92a5a8683e09ef13d102233e5491985f0f0?s=96&d=mm&r=g\",\"contentUrl\":\"https:\/\/secure.gravatar.com\/avatar\/ad365d9d9f46719215b0d042cc3df92a5a8683e09ef13d102233e5491985f0f0?s=96&d=mm&r=g\",\"caption\":\"admin\"},\"url\":\"https:\/\/21panorama.com\/index.php\/author\/admin\/\"}]}<\/script>\n<!-- \/ Yoast SEO plugin. -->","yoast_head_json":{"title":"CLAUSURA DEL CURSO DE VERANO EN LA BIBLIOTECA MUNICIPAL DE EL ORO - 21 Panorama","robots":{"index":"index","follow":"follow","max-snippet":"max-snippet:-1","max-image-preview":"max-image-preview:large","max-video-preview":"max-video-preview:-1"},"canonical":"https:\/\/21panorama.com\/index.php\/2023\/08\/18\/clausura-del-curso-de-verano-en-la-biblioteca-municipal-de-el-oro\/","og_locale":"es_MX","og_type":"article","og_title":"CLAUSURA DEL CURSO DE VERANO EN LA BIBLIOTECA MUNICIPAL DE EL ORO - 21 Panorama","og_description":"Este d\u00eda en gira por el Municipio de El Oro, el Diputado Federal y Vicecoordinador del GP del PRI Gustavo C\u00e1rdenas Monroy, asisti\u00f3 a la Clausura del Curso de Verano en la Biblioteca Municipal \"Ma. Mercedes Gonz\u00e1lez Viuda de Acosta\", d\u00f3nde mencion\u00f3 la importancia de que se realicen estos cursos, tanto en las Bibliotecas como en las Salas de Lectura, ya que en ellos los ni\u00f1os aprenden en las diversas actividades que se realizan en ellos.","og_url":"https:\/\/21panorama.com\/index.php\/2023\/08\/18\/clausura-del-curso-de-verano-en-la-biblioteca-municipal-de-el-oro\/","og_site_name":"21 Panorama","article_published_time":"2023-08-19T00:08:57+00:00","article_modified_time":"2023-08-22T03:37:17+00:00","og_image":[{"width":1280,"height":598,"url":"https:\/\/21panorama.com\/wp-content\/uploads\/2023\/08\/Gustavo-Cardenas-Biblioteca-El-Oro-180823-3.jpg","type":"image\/jpeg"}],"author":"admin","twitter_card":"summary_large_image","twitter_misc":{"Escrito por":"admin","Tiempo de lectura":"1 minuto"},"schema":{"@context":"https:\/\/schema.org","@graph":[{"@type":"Article","@id":"https:\/\/21panorama.com\/index.php\/2023\/08\/18\/clausura-del-curso-de-verano-en-la-biblioteca-municipal-de-el-oro\/#article","isPartOf":{"@id":"https:\/\/21panorama.com\/index.php\/2023\/08\/18\/clausura-del-curso-de-verano-en-la-biblioteca-municipal-de-el-oro\/"},"author":{"name":"admin","@id":"https:\/\/21panorama.com\/#\/schema\/person\/1afc291b96d5792a158768324287319f"},"headline":"CLAUSURA DEL CURSO DE VERANO EN LA BIBLIOTECA MUNICIPAL DE EL ORO","datePublished":"2023-08-19T00:08:57+00:00","dateModified":"2023-08-22T03:37:17+00:00","mainEntityOfPage":{"@id":"https:\/\/21panorama.com\/index.php\/2023\/08\/18\/clausura-del-curso-de-verano-en-la-biblioteca-municipal-de-el-oro\/"},"wordCount":185,"commentCount":0,"publisher":{"@id":"https:\/\/21panorama.com\/#organization"},"image":{"@id":"https:\/\/21panorama.com\/index.php\/2023\/08\/18\/clausura-del-curso-de-verano-en-la-biblioteca-municipal-de-el-oro\/#primaryimage"},"thumbnailUrl":"https:\/\/21panorama.com\/wp-content\/uploads\/2023\/08\/Gustavo-Cardenas-Biblioteca-El-Oro-180823-3.jpg","keywords":["EDOMEX","EL ORO","GEM","GUSTAVO C\u00c1RDENAS","PRI"],"articleSection":["Cultura","Educaci\u00f3n","Sociedad"],"inLanguage":"es","potentialAction":[{"@type":"CommentAction","name":"Comment","target":["https:\/\/21panorama.com\/index.php\/2023\/08\/18\/clausura-del-curso-de-verano-en-la-biblioteca-municipal-de-el-oro\/#respond"]}]},{"@type":"WebPage","@id":"https:\/\/21panorama.com\/index.php\/2023\/08\/18\/clausura-del-curso-de-verano-en-la-biblioteca-municipal-de-el-oro\/","url":"https:\/\/21panorama.com\/index.php\/2023\/08\/18\/clausura-del-curso-de-verano-en-la-biblioteca-municipal-de-el-oro\/","name":"CLAUSURA DEL CURSO DE VERANO EN LA BIBLIOTECA MUNICIPAL DE EL ORO - 21 Panorama","isPartOf":{"@id":"https:\/\/21panorama.com\/#website"},"primaryImageOfPage":{"@id":"https:\/\/21panorama.com\/index.php\/2023\/08\/18\/clausura-del-curso-de-verano-en-la-biblioteca-municipal-de-el-oro\/#primaryimage"},"image":{"@id":"https:\/\/21panorama.com\/index.php\/2023\/08\/18\/clausura-del-curso-de-verano-en-la-biblioteca-municipal-de-el-oro\/#primaryimage"},"thumbnailUrl":"https:\/\/21panorama.com\/wp-content\/uploads\/2023\/08\/Gustavo-Cardenas-Biblioteca-El-Oro-180823-3.jpg","datePublished":"2023-08-19T00:08:57+00:00","dateModified":"2023-08-22T03:37:17+00:00","breadcrumb":{"@id":"https:\/\/21panorama.com\/index.php\/2023\/08\/18\/clausura-del-curso-de-verano-en-la-biblioteca-municipal-de-el-oro\/#breadcrumb"},"inLanguage":"es","potentialAction":[{"@type":"ReadAction","target":["https:\/\/21panorama.com\/index.php\/2023\/08\/18\/clausura-del-curso-de-verano-en-la-biblioteca-municipal-de-el-oro\/"]}]},{"@type":"ImageObject","inLanguage":"es","@id":"https:\/\/21panorama.com\/index.php\/2023\/08\/18\/clausura-del-curso-de-verano-en-la-biblioteca-municipal-de-el-oro\/#primaryimage","url":"https:\/\/21panorama.com\/wp-content\/uploads\/2023\/08\/Gustavo-Cardenas-Biblioteca-El-Oro-180823-3.jpg","contentUrl":"https:\/\/21panorama.com\/wp-content\/uploads\/2023\/08\/Gustavo-Cardenas-Biblioteca-El-Oro-180823-3.jpg","width":1280,"height":598},{"@type":"BreadcrumbList","@id":"https:\/\/21panorama.com\/index.php\/2023\/08\/18\/clausura-del-curso-de-verano-en-la-biblioteca-municipal-de-el-oro\/#breadcrumb","itemListElement":[{"@type":"ListItem","position":1,"name":"Inicio","item":"https:\/\/21panorama.com\/"},{"@type":"ListItem","position":2,"name":"CLAUSURA DEL CURSO DE VERANO EN LA BIBLIOTECA MUNICIPAL DE EL ORO"}]},{"@type":"WebSite","@id":"https:\/\/21panorama.com\/#website","url":"https:\/\/21panorama.com\/","name":"21 Panorama","description":"La construcci\u00f3n de la opini\u00f3n p\u00fablica merece un mejor Panorama en este siglo 21 para alcanzar una sociedad con mayor transparencia y sin corrupci\u00f3n.","publisher":{"@id":"https:\/\/21panorama.com\/#organization"},"potentialAction":[{"@type":"SearchAction","target":{"@type":"EntryPoint","urlTemplate":"https:\/\/21panorama.com\/?s={search_term_string}"},"query-input":{"@type":"PropertyValueSpecification","valueRequired":true,"valueName":"search_term_string"}}],"inLanguage":"es"},{"@type":"Organization","@id":"https:\/\/21panorama.com\/#organization","name":"21 Panorama","url":"https:\/\/21panorama.com\/","logo":{"@type":"ImageObject","inLanguage":"es","@id":"https:\/\/21panorama.com\/#\/schema\/logo\/image\/","url":"https:\/\/21panorama.com\/wp-content\/uploads\/2019\/07\/cropped-Logo-Panorama-01.jpeg","contentUrl":"https:\/\/21panorama.com\/wp-content\/uploads\/2019\/07\/cropped-Logo-Panorama-01.jpeg","width":290,"height":70,"caption":"21 Panorama"},"image":{"@id":"https:\/\/21panorama.com\/#\/schema\/logo\/image\/"}},{"@type":"Person","@id":"https:\/\/21panorama.com\/#\/schema\/person\/1afc291b96d5792a158768324287319f","name":"admin","image":{"@type":"ImageObject","inLanguage":"es","@id":"https:\/\/21panorama.com\/#\/schema\/person\/image\/","url":"https:\/\/secure.gravatar.com\/avatar\/ad365d9d9f46719215b0d042cc3df92a5a8683e09ef13d102233e5491985f0f0?s=96&d=mm&r=g","contentUrl":"https:\/\/secure.gravatar.com\/avatar\/ad365d9d9f46719215b0d042cc3df92a5a8683e09ef13d102233e5491985f0f0?s=96&d=mm&r=g","caption":"admin"},"url":"https:\/\/21panorama.com\/index.php\/author\/admin\/"}]}},"_links":{"self":[{"href":"https:\/\/21panorama.com\/index.php\/wp-json\/wp\/v2\/posts\/4884","targetHints":{"allow":["GET"]}}],"collection":[{"href":"https:\/\/21panorama.com\/index.php\/wp-json\/wp\/v2\/posts"}],"about":[{"href":"https:\/\/21panorama.com\/index.php\/wp-json\/wp\/v2\/types\/post"}],"author":[{"embeddable":true,"href":"https:\/\/21panorama.com\/index.php\/wp-json\/wp\/v2\/users\/1"}],"replies":[{"embeddable":true,"href":"https:\/\/21panorama.com\/index.php\/wp-json\/wp\/v2\/comments?post=4884"}],"version-history":[{"count":1,"href":"https:\/\/21panorama.com\/index.php\/wp-json\/wp\/v2\/posts\/4884\/revisions"}],"predecessor-version":[{"id":4886,"href":"https:\/\/21panorama.com\/index.php\/wp-json\/wp\/v2\/posts\/4884\/revisions\/4886"}],"wp:featuredmedia":[{"embeddable":true,"href":"https:\/\/21panorama.com\/index.php\/wp-json\/wp\/v2\/media\/4885"}],"wp:attachment":[{"href":"https:\/\/21panorama.com\/index.php\/wp-json\/wp\/v2\/media?parent=4884"}],"wp:term":[{"taxonomy":"category","embeddable":true,"href":"https:\/\/21panorama.com\/index.php\/wp-json\/wp\/v2\/categories?post=4884"},{"taxonomy":"post_tag","embeddable":true,"href":"https:\/\/21panorama.com\/index.php\/wp-json\/wp\/v2\/tags?post=4884"}],"curies":[{"name":"wp","href":"https:\/\/api.w.org\/{rel}","templated":true}]}}