{"id":4870,"date":"2023-08-18T09:46:37","date_gmt":"2023-08-18T14:46:37","guid":{"rendered":"https:\/\/21panorama.com\/?p=4870"},"modified":"2023-08-18T09:48:07","modified_gmt":"2023-08-18T14:48:07","slug":"hay-jefe-de-partido-y-militancia-lista-para-encarar-el-2024","status":"publish","type":"post","link":"https:\/\/21panorama.com\/index.php\/2023\/08\/18\/hay-jefe-de-partido-y-militancia-lista-para-encarar-el-2024\/","title":{"rendered":"HAY JEFE DE PARTIDO Y MILITANCIA LISTA PARA ENCARAR EL 2024 (PRIMERA PLANA, Columna Pol\u00edtica)"},"content":{"rendered":"\n<p><\/p>\n\n\n\n<p>Atr\u00e1s quedaron los tiempos de partido hegem\u00f3nico en el Estado de M\u00e9xico y a partir del pr\u00f3ximo 16 de septiembre no habr\u00e1 gobernador pri\u00edsta que mantenga la verticalidad de las decisiones pol\u00edticas. Las decisiones del PRI se tomar\u00e1n desde la jefatura de partido con un consejo pol\u00edtico plural pero unido como demanda la base militante.<\/p>\n\n\n\n<p>Despu\u00e9s de perder la gubernatura no hay m\u00e1s fondo que tocar y eso lo entiende su l\u00edder Eric Sevilla que emprender\u00e1 otra faceta nueva del tricolor en la oposici\u00f3n y que el futuro le pertenece al PRI y sus aliados, porque ese ser\u00e1 el camino coaligado que deben transitar frente al r\u00e9gimen morenista.<\/p>\n\n\n\n<p>Y como lo podemos anticipar desde ahora, nos cuentan que est\u00e1n en v\u00edas de amarrar una alianza electoral PRI-PAN-PRD para participar en los comicios del 2024. A nivel nacional estar\u00eda pactado pero la realidad estatal siempre demanda acomodos para alzar el vuelo.<\/p>\n\n\n\n<p>Las reuniones con el Frente Amplio por M\u00e9xico tambi\u00e9n le dan un \u00e1nimo profundo a la militancia del PRI mexiquense pues hay una esperanza fundamentada en arrebatarles el poder p\u00fablico federal, pero paso a paso y en unidad, de lo contrario no habr\u00eda futuro para ninguno.<\/p>\n","protected":false},"excerpt":{"rendered":"<p>Atr\u00e1s quedaron los tiempos de partido hegem\u00f3nico en el Estado de M\u00e9xico y a partir del pr\u00f3ximo 16 de septiembre no habr\u00e1 gobernador pri\u00edsta que mantenga la verticalidad de las decisiones pol\u00edticas. Las decisiones del PRI se tomar\u00e1n desde la jefatura de partido con un consejo pol\u00edtico plural pero unido como demanda la base militante.<\/p>\n","protected":false},"author":1,"featured_media":4871,"comment_status":"open","ping_status":"open","sticky":false,"template":"","format":"standard","meta":{"footnotes":""},"categories":[22],"tags":[97,310,222,33],"class_list":["post-4870","post","type-post","status-publish","format-standard","has-post-thumbnail","hentry","category-columna-opinion","tag-edomex","tag-eric-sevilla","tag-gem","tag-pri"],"yoast_head":"<!-- This site is optimized with the Yoast SEO plugin v24.9 - https:\/\/yoast.com\/wordpress\/plugins\/seo\/ -->\n<title>HAY JEFE DE PARTIDO Y MILITANCIA LISTA PARA ENCARAR EL 2024 (PRIMERA PLANA, Columna Pol\u00edtica) - 21 Panorama<\/title>\n<meta name=\"robots\" content=\"index, follow, max-snippet:-1, max-image-preview:large, max-video-preview:-1\" \/>\n<link rel=\"canonical\" href=\"https:\/\/21panorama.com\/index.php\/2023\/08\/18\/hay-jefe-de-partido-y-militancia-lista-para-encarar-el-2024\/\" \/>\n<meta property=\"og:locale\" content=\"es_MX\" \/>\n<meta property=\"og:type\" content=\"article\" \/>\n<meta property=\"og:title\" content=\"HAY JEFE DE PARTIDO Y MILITANCIA LISTA PARA ENCARAR EL 2024 (PRIMERA PLANA, Columna Pol\u00edtica) - 21 Panorama\" \/>\n<meta property=\"og:description\" content=\"Atr\u00e1s quedaron los tiempos de partido hegem\u00f3nico en el Estado de M\u00e9xico y a partir del pr\u00f3ximo 16 de septiembre no habr\u00e1 gobernador pri\u00edsta que mantenga la verticalidad de las decisiones pol\u00edticas. Las decisiones del PRI se tomar\u00e1n desde la jefatura de partido con un consejo pol\u00edtico plural pero unido como demanda la base militante.\" \/>\n<meta property=\"og:url\" content=\"https:\/\/21panorama.com\/index.php\/2023\/08\/18\/hay-jefe-de-partido-y-militancia-lista-para-encarar-el-2024\/\" \/>\n<meta property=\"og:site_name\" content=\"21 Panorama\" \/>\n<meta property=\"article:published_time\" content=\"2023-08-18T14:46:37+00:00\" \/>\n<meta property=\"article:modified_time\" content=\"2023-08-18T14:48:07+00:00\" \/>\n<meta property=\"og:image\" content=\"https:\/\/21panorama.com\/wp-content\/uploads\/2023\/08\/Eric-Sevilla-Columna-Panorama-180823.jpg\" \/>\n\t<meta property=\"og:image:width\" content=\"1600\" \/>\n\t<meta property=\"og:image:height\" content=\"1156\" \/>\n\t<meta property=\"og:image:type\" content=\"image\/jpeg\" \/>\n<meta name=\"author\" content=\"admin\" \/>\n<meta name=\"twitter:card\" content=\"summary_large_image\" \/>\n<meta name=\"twitter:label1\" content=\"Escrito por\" \/>\n\t<meta name=\"twitter:data1\" content=\"admin\" \/>\n\t<meta name=\"twitter:label2\" content=\"Tiempo de lectura\" \/>\n\t<meta name=\"twitter:data2\" content=\"1 minuto\" \/>\n<script type=\"application\/ld+json\" class=\"yoast-schema-graph\">{\"@context\":\"https:\/\/schema.org\",\"@graph\":[{\"@type\":\"Article\",\"@id\":\"https:\/\/21panorama.com\/index.php\/2023\/08\/18\/hay-jefe-de-partido-y-militancia-lista-para-encarar-el-2024\/#article\",\"isPartOf\":{\"@id\":\"https:\/\/21panorama.com\/index.php\/2023\/08\/18\/hay-jefe-de-partido-y-militancia-lista-para-encarar-el-2024\/\"},\"author\":{\"name\":\"admin\",\"@id\":\"https:\/\/21panorama.com\/#\/schema\/person\/1afc291b96d5792a158768324287319f\"},\"headline\":\"HAY JEFE DE PARTIDO Y MILITANCIA LISTA PARA ENCARAR EL 2024 (PRIMERA PLANA, Columna Pol\u00edtica)\",\"datePublished\":\"2023-08-18T14:46:37+00:00\",\"dateModified\":\"2023-08-18T14:48:07+00:00\",\"mainEntityOfPage\":{\"@id\":\"https:\/\/21panorama.com\/index.php\/2023\/08\/18\/hay-jefe-de-partido-y-militancia-lista-para-encarar-el-2024\/\"},\"wordCount\":229,\"commentCount\":0,\"publisher\":{\"@id\":\"https:\/\/21panorama.com\/#organization\"},\"image\":{\"@id\":\"https:\/\/21panorama.com\/index.php\/2023\/08\/18\/hay-jefe-de-partido-y-militancia-lista-para-encarar-el-2024\/#primaryimage\"},\"thumbnailUrl\":\"https:\/\/21panorama.com\/wp-content\/uploads\/2023\/08\/Eric-Sevilla-Columna-Panorama-180823.jpg\",\"keywords\":[\"EDOMEX\",\"ERIC SEVILLA\",\"GEM\",\"PRI\"],\"articleSection\":[\"Columna-Opini\u00f3n\"],\"inLanguage\":\"es\",\"potentialAction\":[{\"@type\":\"CommentAction\",\"name\":\"Comment\",\"target\":[\"https:\/\/21panorama.com\/index.php\/2023\/08\/18\/hay-jefe-de-partido-y-militancia-lista-para-encarar-el-2024\/#respond\"]}]},{\"@type\":\"WebPage\",\"@id\":\"https:\/\/21panorama.com\/index.php\/2023\/08\/18\/hay-jefe-de-partido-y-militancia-lista-para-encarar-el-2024\/\",\"url\":\"https:\/\/21panorama.com\/index.php\/2023\/08\/18\/hay-jefe-de-partido-y-militancia-lista-para-encarar-el-2024\/\",\"name\":\"HAY JEFE DE PARTIDO Y MILITANCIA LISTA PARA ENCARAR EL 2024 (PRIMERA PLANA, Columna Pol\u00edtica) - 21 Panorama\",\"isPartOf\":{\"@id\":\"https:\/\/21panorama.com\/#website\"},\"primaryImageOfPage\":{\"@id\":\"https:\/\/21panorama.com\/index.php\/2023\/08\/18\/hay-jefe-de-partido-y-militancia-lista-para-encarar-el-2024\/#primaryimage\"},\"image\":{\"@id\":\"https:\/\/21panorama.com\/index.php\/2023\/08\/18\/hay-jefe-de-partido-y-militancia-lista-para-encarar-el-2024\/#primaryimage\"},\"thumbnailUrl\":\"https:\/\/21panorama.com\/wp-content\/uploads\/2023\/08\/Eric-Sevilla-Columna-Panorama-180823.jpg\",\"datePublished\":\"2023-08-18T14:46:37+00:00\",\"dateModified\":\"2023-08-18T14:48:07+00:00\",\"breadcrumb\":{\"@id\":\"https:\/\/21panorama.com\/index.php\/2023\/08\/18\/hay-jefe-de-partido-y-militancia-lista-para-encarar-el-2024\/#breadcrumb\"},\"inLanguage\":\"es\",\"potentialAction\":[{\"@type\":\"ReadAction\",\"target\":[\"https:\/\/21panorama.com\/index.php\/2023\/08\/18\/hay-jefe-de-partido-y-militancia-lista-para-encarar-el-2024\/\"]}]},{\"@type\":\"ImageObject\",\"inLanguage\":\"es\",\"@id\":\"https:\/\/21panorama.com\/index.php\/2023\/08\/18\/hay-jefe-de-partido-y-militancia-lista-para-encarar-el-2024\/#primaryimage\",\"url\":\"https:\/\/21panorama.com\/wp-content\/uploads\/2023\/08\/Eric-Sevilla-Columna-Panorama-180823.jpg\",\"contentUrl\":\"https:\/\/21panorama.com\/wp-content\/uploads\/2023\/08\/Eric-Sevilla-Columna-Panorama-180823.jpg\",\"width\":1600,\"height\":1156},{\"@type\":\"BreadcrumbList\",\"@id\":\"https:\/\/21panorama.com\/index.php\/2023\/08\/18\/hay-jefe-de-partido-y-militancia-lista-para-encarar-el-2024\/#breadcrumb\",\"itemListElement\":[{\"@type\":\"ListItem\",\"position\":1,\"name\":\"Inicio\",\"item\":\"https:\/\/21panorama.com\/\"},{\"@type\":\"ListItem\",\"position\":2,\"name\":\"HAY JEFE DE PARTIDO Y MILITANCIA LISTA PARA ENCARAR EL 2024 (PRIMERA PLANA, Columna Pol\u00edtica)\"}]},{\"@type\":\"WebSite\",\"@id\":\"https:\/\/21panorama.com\/#website\",\"url\":\"https:\/\/21panorama.com\/\",\"name\":\"21 Panorama\",\"description\":\"La construcci\u00f3n de la opini\u00f3n p\u00fablica merece un mejor Panorama en este siglo 21 para alcanzar una sociedad con mayor transparencia y sin corrupci\u00f3n.\",\"publisher\":{\"@id\":\"https:\/\/21panorama.com\/#organization\"},\"potentialAction\":[{\"@type\":\"SearchAction\",\"target\":{\"@type\":\"EntryPoint\",\"urlTemplate\":\"https:\/\/21panorama.com\/?s={search_term_string}\"},\"query-input\":{\"@type\":\"PropertyValueSpecification\",\"valueRequired\":true,\"valueName\":\"search_term_string\"}}],\"inLanguage\":\"es\"},{\"@type\":\"Organization\",\"@id\":\"https:\/\/21panorama.com\/#organization\",\"name\":\"21 Panorama\",\"url\":\"https:\/\/21panorama.com\/\",\"logo\":{\"@type\":\"ImageObject\",\"inLanguage\":\"es\",\"@id\":\"https:\/\/21panorama.com\/#\/schema\/logo\/image\/\",\"url\":\"https:\/\/21panorama.com\/wp-content\/uploads\/2019\/07\/cropped-Logo-Panorama-01.jpeg\",\"contentUrl\":\"https:\/\/21panorama.com\/wp-content\/uploads\/2019\/07\/cropped-Logo-Panorama-01.jpeg\",\"width\":290,\"height\":70,\"caption\":\"21 Panorama\"},\"image\":{\"@id\":\"https:\/\/21panorama.com\/#\/schema\/logo\/image\/\"}},{\"@type\":\"Person\",\"@id\":\"https:\/\/21panorama.com\/#\/schema\/person\/1afc291b96d5792a158768324287319f\",\"name\":\"admin\",\"image\":{\"@type\":\"ImageObject\",\"inLanguage\":\"es\",\"@id\":\"https:\/\/21panorama.com\/#\/schema\/person\/image\/\",\"url\":\"https:\/\/secure.gravatar.com\/avatar\/ad365d9d9f46719215b0d042cc3df92a5a8683e09ef13d102233e5491985f0f0?s=96&d=mm&r=g\",\"contentUrl\":\"https:\/\/secure.gravatar.com\/avatar\/ad365d9d9f46719215b0d042cc3df92a5a8683e09ef13d102233e5491985f0f0?s=96&d=mm&r=g\",\"caption\":\"admin\"},\"url\":\"https:\/\/21panorama.com\/index.php\/author\/admin\/\"}]}<\/script>\n<!-- \/ Yoast SEO plugin. -->","yoast_head_json":{"title":"HAY JEFE DE PARTIDO Y MILITANCIA LISTA PARA ENCARAR EL 2024 (PRIMERA PLANA, Columna Pol\u00edtica) - 21 Panorama","robots":{"index":"index","follow":"follow","max-snippet":"max-snippet:-1","max-image-preview":"max-image-preview:large","max-video-preview":"max-video-preview:-1"},"canonical":"https:\/\/21panorama.com\/index.php\/2023\/08\/18\/hay-jefe-de-partido-y-militancia-lista-para-encarar-el-2024\/","og_locale":"es_MX","og_type":"article","og_title":"HAY JEFE DE PARTIDO Y MILITANCIA LISTA PARA ENCARAR EL 2024 (PRIMERA PLANA, Columna Pol\u00edtica) - 21 Panorama","og_description":"Atr\u00e1s quedaron los tiempos de partido hegem\u00f3nico en el Estado de M\u00e9xico y a partir del pr\u00f3ximo 16 de septiembre no habr\u00e1 gobernador pri\u00edsta que mantenga la verticalidad de las decisiones pol\u00edticas. Las decisiones del PRI se tomar\u00e1n desde la jefatura de partido con un consejo pol\u00edtico plural pero unido como demanda la base militante.","og_url":"https:\/\/21panorama.com\/index.php\/2023\/08\/18\/hay-jefe-de-partido-y-militancia-lista-para-encarar-el-2024\/","og_site_name":"21 Panorama","article_published_time":"2023-08-18T14:46:37+00:00","article_modified_time":"2023-08-18T14:48:07+00:00","og_image":[{"width":1600,"height":1156,"url":"https:\/\/21panorama.com\/wp-content\/uploads\/2023\/08\/Eric-Sevilla-Columna-Panorama-180823.jpg","type":"image\/jpeg"}],"author":"admin","twitter_card":"summary_large_image","twitter_misc":{"Escrito por":"admin","Tiempo de lectura":"1 minuto"},"schema":{"@context":"https:\/\/schema.org","@graph":[{"@type":"Article","@id":"https:\/\/21panorama.com\/index.php\/2023\/08\/18\/hay-jefe-de-partido-y-militancia-lista-para-encarar-el-2024\/#article","isPartOf":{"@id":"https:\/\/21panorama.com\/index.php\/2023\/08\/18\/hay-jefe-de-partido-y-militancia-lista-para-encarar-el-2024\/"},"author":{"name":"admin","@id":"https:\/\/21panorama.com\/#\/schema\/person\/1afc291b96d5792a158768324287319f"},"headline":"HAY JEFE DE PARTIDO Y MILITANCIA LISTA PARA ENCARAR EL 2024 (PRIMERA PLANA, Columna Pol\u00edtica)","datePublished":"2023-08-18T14:46:37+00:00","dateModified":"2023-08-18T14:48:07+00:00","mainEntityOfPage":{"@id":"https:\/\/21panorama.com\/index.php\/2023\/08\/18\/hay-jefe-de-partido-y-militancia-lista-para-encarar-el-2024\/"},"wordCount":229,"commentCount":0,"publisher":{"@id":"https:\/\/21panorama.com\/#organization"},"image":{"@id":"https:\/\/21panorama.com\/index.php\/2023\/08\/18\/hay-jefe-de-partido-y-militancia-lista-para-encarar-el-2024\/#primaryimage"},"thumbnailUrl":"https:\/\/21panorama.com\/wp-content\/uploads\/2023\/08\/Eric-Sevilla-Columna-Panorama-180823.jpg","keywords":["EDOMEX","ERIC SEVILLA","GEM","PRI"],"articleSection":["Columna-Opini\u00f3n"],"inLanguage":"es","potentialAction":[{"@type":"CommentAction","name":"Comment","target":["https:\/\/21panorama.com\/index.php\/2023\/08\/18\/hay-jefe-de-partido-y-militancia-lista-para-encarar-el-2024\/#respond"]}]},{"@type":"WebPage","@id":"https:\/\/21panorama.com\/index.php\/2023\/08\/18\/hay-jefe-de-partido-y-militancia-lista-para-encarar-el-2024\/","url":"https:\/\/21panorama.com\/index.php\/2023\/08\/18\/hay-jefe-de-partido-y-militancia-lista-para-encarar-el-2024\/","name":"HAY JEFE DE PARTIDO Y MILITANCIA LISTA PARA ENCARAR EL 2024 (PRIMERA PLANA, Columna Pol\u00edtica) - 21 Panorama","isPartOf":{"@id":"https:\/\/21panorama.com\/#website"},"primaryImageOfPage":{"@id":"https:\/\/21panorama.com\/index.php\/2023\/08\/18\/hay-jefe-de-partido-y-militancia-lista-para-encarar-el-2024\/#primaryimage"},"image":{"@id":"https:\/\/21panorama.com\/index.php\/2023\/08\/18\/hay-jefe-de-partido-y-militancia-lista-para-encarar-el-2024\/#primaryimage"},"thumbnailUrl":"https:\/\/21panorama.com\/wp-content\/uploads\/2023\/08\/Eric-Sevilla-Columna-Panorama-180823.jpg","datePublished":"2023-08-18T14:46:37+00:00","dateModified":"2023-08-18T14:48:07+00:00","breadcrumb":{"@id":"https:\/\/21panorama.com\/index.php\/2023\/08\/18\/hay-jefe-de-partido-y-militancia-lista-para-encarar-el-2024\/#breadcrumb"},"inLanguage":"es","potentialAction":[{"@type":"ReadAction","target":["https:\/\/21panorama.com\/index.php\/2023\/08\/18\/hay-jefe-de-partido-y-militancia-lista-para-encarar-el-2024\/"]}]},{"@type":"ImageObject","inLanguage":"es","@id":"https:\/\/21panorama.com\/index.php\/2023\/08\/18\/hay-jefe-de-partido-y-militancia-lista-para-encarar-el-2024\/#primaryimage","url":"https:\/\/21panorama.com\/wp-content\/uploads\/2023\/08\/Eric-Sevilla-Columna-Panorama-180823.jpg","contentUrl":"https:\/\/21panorama.com\/wp-content\/uploads\/2023\/08\/Eric-Sevilla-Columna-Panorama-180823.jpg","width":1600,"height":1156},{"@type":"BreadcrumbList","@id":"https:\/\/21panorama.com\/index.php\/2023\/08\/18\/hay-jefe-de-partido-y-militancia-lista-para-encarar-el-2024\/#breadcrumb","itemListElement":[{"@type":"ListItem","position":1,"name":"Inicio","item":"https:\/\/21panorama.com\/"},{"@type":"ListItem","position":2,"name":"HAY JEFE DE PARTIDO Y MILITANCIA LISTA PARA ENCARAR EL 2024 (PRIMERA PLANA, Columna Pol\u00edtica)"}]},{"@type":"WebSite","@id":"https:\/\/21panorama.com\/#website","url":"https:\/\/21panorama.com\/","name":"21 Panorama","description":"La construcci\u00f3n de la opini\u00f3n p\u00fablica merece un mejor Panorama en este siglo 21 para alcanzar una sociedad con mayor transparencia y sin corrupci\u00f3n.","publisher":{"@id":"https:\/\/21panorama.com\/#organization"},"potentialAction":[{"@type":"SearchAction","target":{"@type":"EntryPoint","urlTemplate":"https:\/\/21panorama.com\/?s={search_term_string}"},"query-input":{"@type":"PropertyValueSpecification","valueRequired":true,"valueName":"search_term_string"}}],"inLanguage":"es"},{"@type":"Organization","@id":"https:\/\/21panorama.com\/#organization","name":"21 Panorama","url":"https:\/\/21panorama.com\/","logo":{"@type":"ImageObject","inLanguage":"es","@id":"https:\/\/21panorama.com\/#\/schema\/logo\/image\/","url":"https:\/\/21panorama.com\/wp-content\/uploads\/2019\/07\/cropped-Logo-Panorama-01.jpeg","contentUrl":"https:\/\/21panorama.com\/wp-content\/uploads\/2019\/07\/cropped-Logo-Panorama-01.jpeg","width":290,"height":70,"caption":"21 Panorama"},"image":{"@id":"https:\/\/21panorama.com\/#\/schema\/logo\/image\/"}},{"@type":"Person","@id":"https:\/\/21panorama.com\/#\/schema\/person\/1afc291b96d5792a158768324287319f","name":"admin","image":{"@type":"ImageObject","inLanguage":"es","@id":"https:\/\/21panorama.com\/#\/schema\/person\/image\/","url":"https:\/\/secure.gravatar.com\/avatar\/ad365d9d9f46719215b0d042cc3df92a5a8683e09ef13d102233e5491985f0f0?s=96&d=mm&r=g","contentUrl":"https:\/\/secure.gravatar.com\/avatar\/ad365d9d9f46719215b0d042cc3df92a5a8683e09ef13d102233e5491985f0f0?s=96&d=mm&r=g","caption":"admin"},"url":"https:\/\/21panorama.com\/index.php\/author\/admin\/"}]}},"_links":{"self":[{"href":"https:\/\/21panorama.com\/index.php\/wp-json\/wp\/v2\/posts\/4870","targetHints":{"allow":["GET"]}}],"collection":[{"href":"https:\/\/21panorama.com\/index.php\/wp-json\/wp\/v2\/posts"}],"about":[{"href":"https:\/\/21panorama.com\/index.php\/wp-json\/wp\/v2\/types\/post"}],"author":[{"embeddable":true,"href":"https:\/\/21panorama.com\/index.php\/wp-json\/wp\/v2\/users\/1"}],"replies":[{"embeddable":true,"href":"https:\/\/21panorama.com\/index.php\/wp-json\/wp\/v2\/comments?post=4870"}],"version-history":[{"count":2,"href":"https:\/\/21panorama.com\/index.php\/wp-json\/wp\/v2\/posts\/4870\/revisions"}],"predecessor-version":[{"id":4873,"href":"https:\/\/21panorama.com\/index.php\/wp-json\/wp\/v2\/posts\/4870\/revisions\/4873"}],"wp:featuredmedia":[{"embeddable":true,"href":"https:\/\/21panorama.com\/index.php\/wp-json\/wp\/v2\/media\/4871"}],"wp:attachment":[{"href":"https:\/\/21panorama.com\/index.php\/wp-json\/wp\/v2\/media?parent=4870"}],"wp:term":[{"taxonomy":"category","embeddable":true,"href":"https:\/\/21panorama.com\/index.php\/wp-json\/wp\/v2\/categories?post=4870"},{"taxonomy":"post_tag","embeddable":true,"href":"https:\/\/21panorama.com\/index.php\/wp-json\/wp\/v2\/tags?post=4870"}],"curies":[{"name":"wp","href":"https:\/\/api.w.org\/{rel}","templated":true}]}}