{"id":4842,"date":"2023-08-10T12:25:16","date_gmt":"2023-08-10T17:25:16","guid":{"rendered":"https:\/\/21panorama.com\/?p=4842"},"modified":"2023-08-16T13:11:02","modified_gmt":"2023-08-16T18:11:02","slug":"el-gobierno-del-estado-de-mexico-entrego-el-premio-al-primer-lugar-al-municipio-de-jiquipilco-por-eficiencia-en-gestion-y-buen-manejo-de-recursos-publicos","status":"publish","type":"post","link":"https:\/\/21panorama.com\/index.php\/2023\/08\/10\/el-gobierno-del-estado-de-mexico-entrego-el-premio-al-primer-lugar-al-municipio-de-jiquipilco-por-eficiencia-en-gestion-y-buen-manejo-de-recursos-publicos\/","title":{"rendered":"EL GOBIERNO DEL ESTADO DE M\u00c9XICO ENTREG\u00d3 EL PREMIO AL PRIMER LUGAR AL MUNICIPIO DE JIQUIPILCO, POR EFICIENCIA EN GESTI\u00d3N Y BUEN MANEJO DE RECURSOS P\u00daBLICOS"},"content":{"rendered":"\n<p><\/p>\n\n\n\n<p>Obtener buenos resultados con un buen manejo de los recursos p\u00fablicos y eficiencia de la gesti\u00f3n, son objetivos con los que esta administraci\u00f3n est\u00e1 fuertemente comprometida. Es por esto, que Jiquipilco obtuvo el primer lugar a nivel estatal y recibi\u00f3 por parte del Gobierno del Estado de M\u00e9xico un cami\u00f3n de volteo y una m\u00e1quina retroexcavadora, mismas que ser\u00e1n utilizadas para el mejoramiento de diversas comunidades de este municipio.<\/p>\n\n\n\n<p>El Presidente Municipal, Felipe de Jes\u00fas S\u00e1nchez D\u00e1vila indic\u00f3 que esta maquinaria estar\u00e1 a disposici\u00f3n de las autoridades auxiliares de esta y futuras administraciones municipales, previo acuerdo de trabajo en cada comunidad.<\/p>\n\n\n\n<p>Felipe S\u00e1nchez refrend\u00f3 el compromiso con los jiquipilquenses para que siga habiendo un manejo eficiente de los recursos y que siempre se vea reflejado en acciones en beneficio para los ciudadanos.<\/p>\n","protected":false},"excerpt":{"rendered":"<p>Obtener buenos resultados con un buen manejo de los recursos p\u00fablicos y eficiencia de la gesti\u00f3n, son objetivos con los que esta administraci\u00f3n est\u00e1 fuertemente comprometida. Es por esto, que Jiquipilco obtuvo el primer lugar a nivel estatal y recibi\u00f3 por parte del Gobierno del Estado de M\u00e9xico un cami\u00f3n de volteo y una m\u00e1quina retroexcavadora, mismas que ser\u00e1n utilizadas para el mejoramiento de diversas comunidades de este municipio.<\/p>\n","protected":false},"author":1,"featured_media":4843,"comment_status":"open","ping_status":"open","sticky":false,"template":"","format":"standard","meta":{"footnotes":""},"categories":[12,1,4],"tags":[97,327,222,257],"class_list":["post-4842","post","type-post","status-publish","format-standard","has-post-thumbnail","hentry","category-politica","category-sociedad","category-tecnologia","tag-edomex","tag-felipe-sanchez-davila","tag-gem","tag-jiquipilco"],"yoast_head":"<!-- This site is optimized with the Yoast SEO plugin v24.9 - https:\/\/yoast.com\/wordpress\/plugins\/seo\/ -->\n<title>EL GOBIERNO DEL ESTADO DE M\u00c9XICO ENTREG\u00d3 EL PREMIO AL PRIMER LUGAR AL MUNICIPIO DE JIQUIPILCO, POR EFICIENCIA EN GESTI\u00d3N Y BUEN MANEJO DE RECURSOS P\u00daBLICOS - 21 Panorama<\/title>\n<meta name=\"robots\" content=\"index, follow, max-snippet:-1, max-image-preview:large, max-video-preview:-1\" \/>\n<link rel=\"canonical\" href=\"https:\/\/21panorama.com\/index.php\/2023\/08\/10\/el-gobierno-del-estado-de-mexico-entrego-el-premio-al-primer-lugar-al-municipio-de-jiquipilco-por-eficiencia-en-gestion-y-buen-manejo-de-recursos-publicos\/\" \/>\n<meta property=\"og:locale\" content=\"es_MX\" \/>\n<meta property=\"og:type\" content=\"article\" \/>\n<meta property=\"og:title\" content=\"EL GOBIERNO DEL ESTADO DE M\u00c9XICO ENTREG\u00d3 EL PREMIO AL PRIMER LUGAR AL MUNICIPIO DE JIQUIPILCO, POR EFICIENCIA EN GESTI\u00d3N Y BUEN MANEJO DE RECURSOS P\u00daBLICOS - 21 Panorama\" \/>\n<meta property=\"og:description\" content=\"Obtener buenos resultados con un buen manejo de los recursos p\u00fablicos y eficiencia de la gesti\u00f3n, son objetivos con los que esta administraci\u00f3n est\u00e1 fuertemente comprometida. Es por esto, que Jiquipilco obtuvo el primer lugar a nivel estatal y recibi\u00f3 por parte del Gobierno del Estado de M\u00e9xico un cami\u00f3n de volteo y una m\u00e1quina retroexcavadora, mismas que ser\u00e1n utilizadas para el mejoramiento de diversas comunidades de este municipio.\" \/>\n<meta property=\"og:url\" content=\"https:\/\/21panorama.com\/index.php\/2023\/08\/10\/el-gobierno-del-estado-de-mexico-entrego-el-premio-al-primer-lugar-al-municipio-de-jiquipilco-por-eficiencia-en-gestion-y-buen-manejo-de-recursos-publicos\/\" \/>\n<meta property=\"og:site_name\" content=\"21 Panorama\" \/>\n<meta property=\"article:published_time\" content=\"2023-08-10T17:25:16+00:00\" \/>\n<meta property=\"article:modified_time\" content=\"2023-08-16T18:11:02+00:00\" \/>\n<meta property=\"og:image\" content=\"https:\/\/21panorama.com\/wp-content\/uploads\/2023\/08\/Jiquipilco-Entrega-de-Primer-Premio-Eficencia-3.jpg\" \/>\n\t<meta property=\"og:image:width\" content=\"920\" \/>\n\t<meta property=\"og:image:height\" content=\"514\" \/>\n\t<meta property=\"og:image:type\" content=\"image\/jpeg\" \/>\n<meta name=\"author\" content=\"admin\" \/>\n<meta name=\"twitter:card\" content=\"summary_large_image\" \/>\n<meta name=\"twitter:label1\" content=\"Escrito por\" \/>\n\t<meta name=\"twitter:data1\" content=\"admin\" \/>\n\t<meta name=\"twitter:label2\" content=\"Tiempo de lectura\" \/>\n\t<meta name=\"twitter:data2\" content=\"1 minuto\" \/>\n<script type=\"application\/ld+json\" class=\"yoast-schema-graph\">{\"@context\":\"https:\/\/schema.org\",\"@graph\":[{\"@type\":\"Article\",\"@id\":\"https:\/\/21panorama.com\/index.php\/2023\/08\/10\/el-gobierno-del-estado-de-mexico-entrego-el-premio-al-primer-lugar-al-municipio-de-jiquipilco-por-eficiencia-en-gestion-y-buen-manejo-de-recursos-publicos\/#article\",\"isPartOf\":{\"@id\":\"https:\/\/21panorama.com\/index.php\/2023\/08\/10\/el-gobierno-del-estado-de-mexico-entrego-el-premio-al-primer-lugar-al-municipio-de-jiquipilco-por-eficiencia-en-gestion-y-buen-manejo-de-recursos-publicos\/\"},\"author\":{\"name\":\"admin\",\"@id\":\"https:\/\/21panorama.com\/#\/schema\/person\/1afc291b96d5792a158768324287319f\"},\"headline\":\"EL GOBIERNO DEL ESTADO DE M\u00c9XICO ENTREG\u00d3 EL PREMIO AL PRIMER LUGAR AL MUNICIPIO DE JIQUIPILCO, POR EFICIENCIA EN GESTI\u00d3N Y BUEN MANEJO DE RECURSOS P\u00daBLICOS\",\"datePublished\":\"2023-08-10T17:25:16+00:00\",\"dateModified\":\"2023-08-16T18:11:02+00:00\",\"mainEntityOfPage\":{\"@id\":\"https:\/\/21panorama.com\/index.php\/2023\/08\/10\/el-gobierno-del-estado-de-mexico-entrego-el-premio-al-primer-lugar-al-municipio-de-jiquipilco-por-eficiencia-en-gestion-y-buen-manejo-de-recursos-publicos\/\"},\"wordCount\":173,\"commentCount\":0,\"publisher\":{\"@id\":\"https:\/\/21panorama.com\/#organization\"},\"image\":{\"@id\":\"https:\/\/21panorama.com\/index.php\/2023\/08\/10\/el-gobierno-del-estado-de-mexico-entrego-el-premio-al-primer-lugar-al-municipio-de-jiquipilco-por-eficiencia-en-gestion-y-buen-manejo-de-recursos-publicos\/#primaryimage\"},\"thumbnailUrl\":\"https:\/\/21panorama.com\/wp-content\/uploads\/2023\/08\/Jiquipilco-Entrega-de-Primer-Premio-Eficencia-3.jpg\",\"keywords\":[\"EDOMEX\",\"Felipe S\u00e1nchez D\u00e1vila\",\"GEM\",\"Jiquipilco\"],\"articleSection\":[\"Politica\",\"Sociedad\",\"Tecnolog\u00eda\"],\"inLanguage\":\"es\",\"potentialAction\":[{\"@type\":\"CommentAction\",\"name\":\"Comment\",\"target\":[\"https:\/\/21panorama.com\/index.php\/2023\/08\/10\/el-gobierno-del-estado-de-mexico-entrego-el-premio-al-primer-lugar-al-municipio-de-jiquipilco-por-eficiencia-en-gestion-y-buen-manejo-de-recursos-publicos\/#respond\"]}]},{\"@type\":\"WebPage\",\"@id\":\"https:\/\/21panorama.com\/index.php\/2023\/08\/10\/el-gobierno-del-estado-de-mexico-entrego-el-premio-al-primer-lugar-al-municipio-de-jiquipilco-por-eficiencia-en-gestion-y-buen-manejo-de-recursos-publicos\/\",\"url\":\"https:\/\/21panorama.com\/index.php\/2023\/08\/10\/el-gobierno-del-estado-de-mexico-entrego-el-premio-al-primer-lugar-al-municipio-de-jiquipilco-por-eficiencia-en-gestion-y-buen-manejo-de-recursos-publicos\/\",\"name\":\"EL GOBIERNO DEL ESTADO DE M\u00c9XICO ENTREG\u00d3 EL PREMIO AL PRIMER LUGAR AL MUNICIPIO DE JIQUIPILCO, POR EFICIENCIA EN GESTI\u00d3N Y BUEN MANEJO DE RECURSOS P\u00daBLICOS - 21 Panorama\",\"isPartOf\":{\"@id\":\"https:\/\/21panorama.com\/#website\"},\"primaryImageOfPage\":{\"@id\":\"https:\/\/21panorama.com\/index.php\/2023\/08\/10\/el-gobierno-del-estado-de-mexico-entrego-el-premio-al-primer-lugar-al-municipio-de-jiquipilco-por-eficiencia-en-gestion-y-buen-manejo-de-recursos-publicos\/#primaryimage\"},\"image\":{\"@id\":\"https:\/\/21panorama.com\/index.php\/2023\/08\/10\/el-gobierno-del-estado-de-mexico-entrego-el-premio-al-primer-lugar-al-municipio-de-jiquipilco-por-eficiencia-en-gestion-y-buen-manejo-de-recursos-publicos\/#primaryimage\"},\"thumbnailUrl\":\"https:\/\/21panorama.com\/wp-content\/uploads\/2023\/08\/Jiquipilco-Entrega-de-Primer-Premio-Eficencia-3.jpg\",\"datePublished\":\"2023-08-10T17:25:16+00:00\",\"dateModified\":\"2023-08-16T18:11:02+00:00\",\"breadcrumb\":{\"@id\":\"https:\/\/21panorama.com\/index.php\/2023\/08\/10\/el-gobierno-del-estado-de-mexico-entrego-el-premio-al-primer-lugar-al-municipio-de-jiquipilco-por-eficiencia-en-gestion-y-buen-manejo-de-recursos-publicos\/#breadcrumb\"},\"inLanguage\":\"es\",\"potentialAction\":[{\"@type\":\"ReadAction\",\"target\":[\"https:\/\/21panorama.com\/index.php\/2023\/08\/10\/el-gobierno-del-estado-de-mexico-entrego-el-premio-al-primer-lugar-al-municipio-de-jiquipilco-por-eficiencia-en-gestion-y-buen-manejo-de-recursos-publicos\/\"]}]},{\"@type\":\"ImageObject\",\"inLanguage\":\"es\",\"@id\":\"https:\/\/21panorama.com\/index.php\/2023\/08\/10\/el-gobierno-del-estado-de-mexico-entrego-el-premio-al-primer-lugar-al-municipio-de-jiquipilco-por-eficiencia-en-gestion-y-buen-manejo-de-recursos-publicos\/#primaryimage\",\"url\":\"https:\/\/21panorama.com\/wp-content\/uploads\/2023\/08\/Jiquipilco-Entrega-de-Primer-Premio-Eficencia-3.jpg\",\"contentUrl\":\"https:\/\/21panorama.com\/wp-content\/uploads\/2023\/08\/Jiquipilco-Entrega-de-Primer-Premio-Eficencia-3.jpg\",\"width\":920,\"height\":514},{\"@type\":\"BreadcrumbList\",\"@id\":\"https:\/\/21panorama.com\/index.php\/2023\/08\/10\/el-gobierno-del-estado-de-mexico-entrego-el-premio-al-primer-lugar-al-municipio-de-jiquipilco-por-eficiencia-en-gestion-y-buen-manejo-de-recursos-publicos\/#breadcrumb\",\"itemListElement\":[{\"@type\":\"ListItem\",\"position\":1,\"name\":\"Inicio\",\"item\":\"https:\/\/21panorama.com\/\"},{\"@type\":\"ListItem\",\"position\":2,\"name\":\"EL GOBIERNO DEL ESTADO DE M\u00c9XICO ENTREG\u00d3 EL PREMIO AL PRIMER LUGAR AL MUNICIPIO DE JIQUIPILCO, POR EFICIENCIA EN GESTI\u00d3N Y BUEN MANEJO DE RECURSOS P\u00daBLICOS\"}]},{\"@type\":\"WebSite\",\"@id\":\"https:\/\/21panorama.com\/#website\",\"url\":\"https:\/\/21panorama.com\/\",\"name\":\"21 Panorama\",\"description\":\"La construcci\u00f3n de la opini\u00f3n p\u00fablica merece un mejor Panorama en este siglo 21 para alcanzar una sociedad con mayor transparencia y sin corrupci\u00f3n.\",\"publisher\":{\"@id\":\"https:\/\/21panorama.com\/#organization\"},\"potentialAction\":[{\"@type\":\"SearchAction\",\"target\":{\"@type\":\"EntryPoint\",\"urlTemplate\":\"https:\/\/21panorama.com\/?s={search_term_string}\"},\"query-input\":{\"@type\":\"PropertyValueSpecification\",\"valueRequired\":true,\"valueName\":\"search_term_string\"}}],\"inLanguage\":\"es\"},{\"@type\":\"Organization\",\"@id\":\"https:\/\/21panorama.com\/#organization\",\"name\":\"21 Panorama\",\"url\":\"https:\/\/21panorama.com\/\",\"logo\":{\"@type\":\"ImageObject\",\"inLanguage\":\"es\",\"@id\":\"https:\/\/21panorama.com\/#\/schema\/logo\/image\/\",\"url\":\"https:\/\/21panorama.com\/wp-content\/uploads\/2019\/07\/cropped-Logo-Panorama-01.jpeg\",\"contentUrl\":\"https:\/\/21panorama.com\/wp-content\/uploads\/2019\/07\/cropped-Logo-Panorama-01.jpeg\",\"width\":290,\"height\":70,\"caption\":\"21 Panorama\"},\"image\":{\"@id\":\"https:\/\/21panorama.com\/#\/schema\/logo\/image\/\"}},{\"@type\":\"Person\",\"@id\":\"https:\/\/21panorama.com\/#\/schema\/person\/1afc291b96d5792a158768324287319f\",\"name\":\"admin\",\"image\":{\"@type\":\"ImageObject\",\"inLanguage\":\"es\",\"@id\":\"https:\/\/21panorama.com\/#\/schema\/person\/image\/\",\"url\":\"https:\/\/secure.gravatar.com\/avatar\/ad365d9d9f46719215b0d042cc3df92a5a8683e09ef13d102233e5491985f0f0?s=96&d=mm&r=g\",\"contentUrl\":\"https:\/\/secure.gravatar.com\/avatar\/ad365d9d9f46719215b0d042cc3df92a5a8683e09ef13d102233e5491985f0f0?s=96&d=mm&r=g\",\"caption\":\"admin\"},\"url\":\"https:\/\/21panorama.com\/index.php\/author\/admin\/\"}]}<\/script>\n<!-- \/ Yoast SEO plugin. -->","yoast_head_json":{"title":"EL GOBIERNO DEL ESTADO DE M\u00c9XICO ENTREG\u00d3 EL PREMIO AL PRIMER LUGAR AL MUNICIPIO DE JIQUIPILCO, POR EFICIENCIA EN GESTI\u00d3N Y BUEN MANEJO DE RECURSOS P\u00daBLICOS - 21 Panorama","robots":{"index":"index","follow":"follow","max-snippet":"max-snippet:-1","max-image-preview":"max-image-preview:large","max-video-preview":"max-video-preview:-1"},"canonical":"https:\/\/21panorama.com\/index.php\/2023\/08\/10\/el-gobierno-del-estado-de-mexico-entrego-el-premio-al-primer-lugar-al-municipio-de-jiquipilco-por-eficiencia-en-gestion-y-buen-manejo-de-recursos-publicos\/","og_locale":"es_MX","og_type":"article","og_title":"EL GOBIERNO DEL ESTADO DE M\u00c9XICO ENTREG\u00d3 EL PREMIO AL PRIMER LUGAR AL MUNICIPIO DE JIQUIPILCO, POR EFICIENCIA EN GESTI\u00d3N Y BUEN MANEJO DE RECURSOS P\u00daBLICOS - 21 Panorama","og_description":"Obtener buenos resultados con un buen manejo de los recursos p\u00fablicos y eficiencia de la gesti\u00f3n, son objetivos con los que esta administraci\u00f3n est\u00e1 fuertemente comprometida. Es por esto, que Jiquipilco obtuvo el primer lugar a nivel estatal y recibi\u00f3 por parte del Gobierno del Estado de M\u00e9xico un cami\u00f3n de volteo y una m\u00e1quina retroexcavadora, mismas que ser\u00e1n utilizadas para el mejoramiento de diversas comunidades de este municipio.","og_url":"https:\/\/21panorama.com\/index.php\/2023\/08\/10\/el-gobierno-del-estado-de-mexico-entrego-el-premio-al-primer-lugar-al-municipio-de-jiquipilco-por-eficiencia-en-gestion-y-buen-manejo-de-recursos-publicos\/","og_site_name":"21 Panorama","article_published_time":"2023-08-10T17:25:16+00:00","article_modified_time":"2023-08-16T18:11:02+00:00","og_image":[{"width":920,"height":514,"url":"https:\/\/21panorama.com\/wp-content\/uploads\/2023\/08\/Jiquipilco-Entrega-de-Primer-Premio-Eficencia-3.jpg","type":"image\/jpeg"}],"author":"admin","twitter_card":"summary_large_image","twitter_misc":{"Escrito por":"admin","Tiempo de lectura":"1 minuto"},"schema":{"@context":"https:\/\/schema.org","@graph":[{"@type":"Article","@id":"https:\/\/21panorama.com\/index.php\/2023\/08\/10\/el-gobierno-del-estado-de-mexico-entrego-el-premio-al-primer-lugar-al-municipio-de-jiquipilco-por-eficiencia-en-gestion-y-buen-manejo-de-recursos-publicos\/#article","isPartOf":{"@id":"https:\/\/21panorama.com\/index.php\/2023\/08\/10\/el-gobierno-del-estado-de-mexico-entrego-el-premio-al-primer-lugar-al-municipio-de-jiquipilco-por-eficiencia-en-gestion-y-buen-manejo-de-recursos-publicos\/"},"author":{"name":"admin","@id":"https:\/\/21panorama.com\/#\/schema\/person\/1afc291b96d5792a158768324287319f"},"headline":"EL GOBIERNO DEL ESTADO DE M\u00c9XICO ENTREG\u00d3 EL PREMIO AL PRIMER LUGAR AL MUNICIPIO DE JIQUIPILCO, POR EFICIENCIA EN GESTI\u00d3N Y BUEN MANEJO DE RECURSOS P\u00daBLICOS","datePublished":"2023-08-10T17:25:16+00:00","dateModified":"2023-08-16T18:11:02+00:00","mainEntityOfPage":{"@id":"https:\/\/21panorama.com\/index.php\/2023\/08\/10\/el-gobierno-del-estado-de-mexico-entrego-el-premio-al-primer-lugar-al-municipio-de-jiquipilco-por-eficiencia-en-gestion-y-buen-manejo-de-recursos-publicos\/"},"wordCount":173,"commentCount":0,"publisher":{"@id":"https:\/\/21panorama.com\/#organization"},"image":{"@id":"https:\/\/21panorama.com\/index.php\/2023\/08\/10\/el-gobierno-del-estado-de-mexico-entrego-el-premio-al-primer-lugar-al-municipio-de-jiquipilco-por-eficiencia-en-gestion-y-buen-manejo-de-recursos-publicos\/#primaryimage"},"thumbnailUrl":"https:\/\/21panorama.com\/wp-content\/uploads\/2023\/08\/Jiquipilco-Entrega-de-Primer-Premio-Eficencia-3.jpg","keywords":["EDOMEX","Felipe S\u00e1nchez D\u00e1vila","GEM","Jiquipilco"],"articleSection":["Politica","Sociedad","Tecnolog\u00eda"],"inLanguage":"es","potentialAction":[{"@type":"CommentAction","name":"Comment","target":["https:\/\/21panorama.com\/index.php\/2023\/08\/10\/el-gobierno-del-estado-de-mexico-entrego-el-premio-al-primer-lugar-al-municipio-de-jiquipilco-por-eficiencia-en-gestion-y-buen-manejo-de-recursos-publicos\/#respond"]}]},{"@type":"WebPage","@id":"https:\/\/21panorama.com\/index.php\/2023\/08\/10\/el-gobierno-del-estado-de-mexico-entrego-el-premio-al-primer-lugar-al-municipio-de-jiquipilco-por-eficiencia-en-gestion-y-buen-manejo-de-recursos-publicos\/","url":"https:\/\/21panorama.com\/index.php\/2023\/08\/10\/el-gobierno-del-estado-de-mexico-entrego-el-premio-al-primer-lugar-al-municipio-de-jiquipilco-por-eficiencia-en-gestion-y-buen-manejo-de-recursos-publicos\/","name":"EL GOBIERNO DEL ESTADO DE M\u00c9XICO ENTREG\u00d3 EL PREMIO AL PRIMER LUGAR AL MUNICIPIO DE JIQUIPILCO, POR EFICIENCIA EN GESTI\u00d3N Y BUEN MANEJO DE RECURSOS P\u00daBLICOS - 21 Panorama","isPartOf":{"@id":"https:\/\/21panorama.com\/#website"},"primaryImageOfPage":{"@id":"https:\/\/21panorama.com\/index.php\/2023\/08\/10\/el-gobierno-del-estado-de-mexico-entrego-el-premio-al-primer-lugar-al-municipio-de-jiquipilco-por-eficiencia-en-gestion-y-buen-manejo-de-recursos-publicos\/#primaryimage"},"image":{"@id":"https:\/\/21panorama.com\/index.php\/2023\/08\/10\/el-gobierno-del-estado-de-mexico-entrego-el-premio-al-primer-lugar-al-municipio-de-jiquipilco-por-eficiencia-en-gestion-y-buen-manejo-de-recursos-publicos\/#primaryimage"},"thumbnailUrl":"https:\/\/21panorama.com\/wp-content\/uploads\/2023\/08\/Jiquipilco-Entrega-de-Primer-Premio-Eficencia-3.jpg","datePublished":"2023-08-10T17:25:16+00:00","dateModified":"2023-08-16T18:11:02+00:00","breadcrumb":{"@id":"https:\/\/21panorama.com\/index.php\/2023\/08\/10\/el-gobierno-del-estado-de-mexico-entrego-el-premio-al-primer-lugar-al-municipio-de-jiquipilco-por-eficiencia-en-gestion-y-buen-manejo-de-recursos-publicos\/#breadcrumb"},"inLanguage":"es","potentialAction":[{"@type":"ReadAction","target":["https:\/\/21panorama.com\/index.php\/2023\/08\/10\/el-gobierno-del-estado-de-mexico-entrego-el-premio-al-primer-lugar-al-municipio-de-jiquipilco-por-eficiencia-en-gestion-y-buen-manejo-de-recursos-publicos\/"]}]},{"@type":"ImageObject","inLanguage":"es","@id":"https:\/\/21panorama.com\/index.php\/2023\/08\/10\/el-gobierno-del-estado-de-mexico-entrego-el-premio-al-primer-lugar-al-municipio-de-jiquipilco-por-eficiencia-en-gestion-y-buen-manejo-de-recursos-publicos\/#primaryimage","url":"https:\/\/21panorama.com\/wp-content\/uploads\/2023\/08\/Jiquipilco-Entrega-de-Primer-Premio-Eficencia-3.jpg","contentUrl":"https:\/\/21panorama.com\/wp-content\/uploads\/2023\/08\/Jiquipilco-Entrega-de-Primer-Premio-Eficencia-3.jpg","width":920,"height":514},{"@type":"BreadcrumbList","@id":"https:\/\/21panorama.com\/index.php\/2023\/08\/10\/el-gobierno-del-estado-de-mexico-entrego-el-premio-al-primer-lugar-al-municipio-de-jiquipilco-por-eficiencia-en-gestion-y-buen-manejo-de-recursos-publicos\/#breadcrumb","itemListElement":[{"@type":"ListItem","position":1,"name":"Inicio","item":"https:\/\/21panorama.com\/"},{"@type":"ListItem","position":2,"name":"EL GOBIERNO DEL ESTADO DE M\u00c9XICO ENTREG\u00d3 EL PREMIO AL PRIMER LUGAR AL MUNICIPIO DE JIQUIPILCO, POR EFICIENCIA EN GESTI\u00d3N Y BUEN MANEJO DE RECURSOS P\u00daBLICOS"}]},{"@type":"WebSite","@id":"https:\/\/21panorama.com\/#website","url":"https:\/\/21panorama.com\/","name":"21 Panorama","description":"La construcci\u00f3n de la opini\u00f3n p\u00fablica merece un mejor Panorama en este siglo 21 para alcanzar una sociedad con mayor transparencia y sin corrupci\u00f3n.","publisher":{"@id":"https:\/\/21panorama.com\/#organization"},"potentialAction":[{"@type":"SearchAction","target":{"@type":"EntryPoint","urlTemplate":"https:\/\/21panorama.com\/?s={search_term_string}"},"query-input":{"@type":"PropertyValueSpecification","valueRequired":true,"valueName":"search_term_string"}}],"inLanguage":"es"},{"@type":"Organization","@id":"https:\/\/21panorama.com\/#organization","name":"21 Panorama","url":"https:\/\/21panorama.com\/","logo":{"@type":"ImageObject","inLanguage":"es","@id":"https:\/\/21panorama.com\/#\/schema\/logo\/image\/","url":"https:\/\/21panorama.com\/wp-content\/uploads\/2019\/07\/cropped-Logo-Panorama-01.jpeg","contentUrl":"https:\/\/21panorama.com\/wp-content\/uploads\/2019\/07\/cropped-Logo-Panorama-01.jpeg","width":290,"height":70,"caption":"21 Panorama"},"image":{"@id":"https:\/\/21panorama.com\/#\/schema\/logo\/image\/"}},{"@type":"Person","@id":"https:\/\/21panorama.com\/#\/schema\/person\/1afc291b96d5792a158768324287319f","name":"admin","image":{"@type":"ImageObject","inLanguage":"es","@id":"https:\/\/21panorama.com\/#\/schema\/person\/image\/","url":"https:\/\/secure.gravatar.com\/avatar\/ad365d9d9f46719215b0d042cc3df92a5a8683e09ef13d102233e5491985f0f0?s=96&d=mm&r=g","contentUrl":"https:\/\/secure.gravatar.com\/avatar\/ad365d9d9f46719215b0d042cc3df92a5a8683e09ef13d102233e5491985f0f0?s=96&d=mm&r=g","caption":"admin"},"url":"https:\/\/21panorama.com\/index.php\/author\/admin\/"}]}},"_links":{"self":[{"href":"https:\/\/21panorama.com\/index.php\/wp-json\/wp\/v2\/posts\/4842","targetHints":{"allow":["GET"]}}],"collection":[{"href":"https:\/\/21panorama.com\/index.php\/wp-json\/wp\/v2\/posts"}],"about":[{"href":"https:\/\/21panorama.com\/index.php\/wp-json\/wp\/v2\/types\/post"}],"author":[{"embeddable":true,"href":"https:\/\/21panorama.com\/index.php\/wp-json\/wp\/v2\/users\/1"}],"replies":[{"embeddable":true,"href":"https:\/\/21panorama.com\/index.php\/wp-json\/wp\/v2\/comments?post=4842"}],"version-history":[{"count":1,"href":"https:\/\/21panorama.com\/index.php\/wp-json\/wp\/v2\/posts\/4842\/revisions"}],"predecessor-version":[{"id":4844,"href":"https:\/\/21panorama.com\/index.php\/wp-json\/wp\/v2\/posts\/4842\/revisions\/4844"}],"wp:featuredmedia":[{"embeddable":true,"href":"https:\/\/21panorama.com\/index.php\/wp-json\/wp\/v2\/media\/4843"}],"wp:attachment":[{"href":"https:\/\/21panorama.com\/index.php\/wp-json\/wp\/v2\/media?parent=4842"}],"wp:term":[{"taxonomy":"category","embeddable":true,"href":"https:\/\/21panorama.com\/index.php\/wp-json\/wp\/v2\/categories?post=4842"},{"taxonomy":"post_tag","embeddable":true,"href":"https:\/\/21panorama.com\/index.php\/wp-json\/wp\/v2\/tags?post=4842"}],"curies":[{"name":"wp","href":"https:\/\/api.w.org\/{rel}","templated":true}]}}