{"id":4812,"date":"2023-06-20T21:29:26","date_gmt":"2023-06-21T02:29:26","guid":{"rendered":"https:\/\/21panorama.com\/?p=4812"},"modified":"2023-08-13T22:30:26","modified_gmt":"2023-08-14T03:30:26","slug":"aculco-presente-en-el-foro-la-justicia-civica-desde-la-actuacion-policial","status":"publish","type":"post","link":"https:\/\/21panorama.com\/index.php\/2023\/06\/20\/aculco-presente-en-el-foro-la-justicia-civica-desde-la-actuacion-policial\/","title":{"rendered":"ACULCO PRESENTE EN EL FORO \u201cLA JUSTICIA C\u00cdVICA DESDE LA ACTUACI\u00d3N POLICIAL"},"content":{"rendered":"\n<p><\/p>\n\n\n\n<p>El Presidente Municipal, Jorge Alfredo Osornio Victoria hizo acto de presencia en el foro &#8220;La Justicia C\u00edvica Desde la Actuaci\u00f3n Policial&#8221;, que se llev\u00f3 a cabo en la Escuela del Poder Judicial del Estado de M\u00e9xico y con la participaci\u00f3n de la Secretar\u00eda de Seguridad (SS) a trav\u00e9s del Secretariado Ejecutivo del Sistema Estatal de Seguridad P\u00fablica (SESESP) y el Poder Judicial del Estado de M\u00e9xico (PJEM).<\/p>\n\n\n\n<p>El principal objetivo de este foro es el de fortalecer las capacidades policiales para preservar el orden p\u00fablico y mejorar la convivencia y evitar que los conflictos escalen a conductas delictivas o actos de violencia. La Justicia C\u00edvica no podr\u00eda realizarse sin dos elementos indispensables; la educaci\u00f3n c\u00edvica de la sociedad mexiquense y la actuaci\u00f3n de la polic\u00eda. La seguridad constituye el eje principal para mantener el orden en una sociedad y permitir la convivencia.<\/p>\n\n\n\n<p>En el acto, dirigido por el Mtro. Rodrigo Mart\u00ednez-Celis Wogau, Secretario de Seguridad, mencion\u00f3 que como autoridades deben apostar por estos medios alternativos que fortalecen las competencias y herramientas de los municipios en materia de resoluci\u00f3n de conflictos, al trabajar coordinadamente desde el \u00e1mbito de sus facultades.<\/p>\n\n\n\n<p>Cabe destacar que desde el a\u00f1o 2019 se han emprendido acciones para consolidar el Modelo Nacional de Polic\u00eda y Justicia C\u00edvica en el Estado de M\u00e9xico. Actualmente 90 municipios han iniciado su proceso de transici\u00f3n, ocho de ellos ya implementan la Justicia C\u00edvica y se trabaja con 35 municipios en el diagn\u00f3stico y atenci\u00f3n de sus \u00e1reas de oportunidad para iniciar su transici\u00f3n al modelo homologado.<\/p>\n\n\n\n<p>Finalmente, se agradeci\u00f3 la presencia de las y los presidentes municipales, pues eso demuestra el inter\u00e9s para que sus comunidades convivan en espacios de paz.<\/p>\n","protected":false},"excerpt":{"rendered":"<p>El Presidente Municipal, Jorge Alfredo Osornio Victoria hizo acto de presencia en el foro &#8220;La Justicia C\u00edvica Desde la Actuaci\u00f3n Policial&#8221;, que se llev\u00f3 a cabo en la Escuela del Poder Judicial del Estado de M\u00e9xico y con la participaci\u00f3n de la Secretar\u00eda de Seguridad (SS) a trav\u00e9s del Secretariado Ejecutivo del Sistema Estatal de Seguridad P\u00fablica (SESESP) y el Poder Judicial del Estado de M\u00e9xico (PJEM).<\/p>\n","protected":false},"author":1,"featured_media":4813,"comment_status":"open","ping_status":"open","sticky":false,"template":"","format":"standard","meta":{"footnotes":""},"categories":[12,1],"tags":[166,97,222,344,317,377],"class_list":["post-4812","post","type-post","status-publish","format-standard","has-post-thumbnail","hentry","category-politica","category-sociedad","tag-aculco","tag-edomex","tag-gem","tag-issste","tag-jorge-osornio","tag-pjem"],"yoast_head":"<!-- This site is optimized with the Yoast SEO plugin v24.9 - https:\/\/yoast.com\/wordpress\/plugins\/seo\/ -->\n<title>ACULCO PRESENTE EN EL FORO \u201cLA JUSTICIA C\u00cdVICA DESDE LA ACTUACI\u00d3N POLICIAL - 21 Panorama<\/title>\n<meta name=\"robots\" content=\"index, follow, max-snippet:-1, max-image-preview:large, max-video-preview:-1\" \/>\n<link rel=\"canonical\" href=\"https:\/\/21panorama.com\/index.php\/2023\/06\/20\/aculco-presente-en-el-foro-la-justicia-civica-desde-la-actuacion-policial\/\" \/>\n<meta property=\"og:locale\" content=\"es_MX\" \/>\n<meta property=\"og:type\" content=\"article\" \/>\n<meta property=\"og:title\" content=\"ACULCO PRESENTE EN EL FORO \u201cLA JUSTICIA C\u00cdVICA DESDE LA ACTUACI\u00d3N POLICIAL - 21 Panorama\" \/>\n<meta property=\"og:description\" content=\"El Presidente Municipal, Jorge Alfredo Osornio Victoria hizo acto de presencia en el foro &quot;La Justicia C\u00edvica Desde la Actuaci\u00f3n Policial&quot;, que se llev\u00f3 a cabo en la Escuela del Poder Judicial del Estado de M\u00e9xico y con la participaci\u00f3n de la Secretar\u00eda de Seguridad (SS) a trav\u00e9s del Secretariado Ejecutivo del Sistema Estatal de Seguridad P\u00fablica (SESESP) y el Poder Judicial del Estado de M\u00e9xico (PJEM).\" \/>\n<meta property=\"og:url\" content=\"https:\/\/21panorama.com\/index.php\/2023\/06\/20\/aculco-presente-en-el-foro-la-justicia-civica-desde-la-actuacion-policial\/\" \/>\n<meta property=\"og:site_name\" content=\"21 Panorama\" \/>\n<meta property=\"article:published_time\" content=\"2023-06-21T02:29:26+00:00\" \/>\n<meta property=\"article:modified_time\" content=\"2023-08-14T03:30:26+00:00\" \/>\n<meta property=\"og:image\" content=\"https:\/\/21panorama.com\/wp-content\/uploads\/2023\/08\/Aculco-Foro-La-Justicia-desde-la-Actuacion-Policial-200623-3.jpg\" \/>\n\t<meta property=\"og:image:width\" content=\"771\" \/>\n\t<meta property=\"og:image:height\" content=\"690\" \/>\n\t<meta property=\"og:image:type\" content=\"image\/jpeg\" \/>\n<meta name=\"author\" content=\"admin\" \/>\n<meta name=\"twitter:card\" content=\"summary_large_image\" \/>\n<meta name=\"twitter:label1\" content=\"Escrito por\" \/>\n\t<meta name=\"twitter:data1\" content=\"admin\" \/>\n\t<meta name=\"twitter:label2\" content=\"Tiempo de lectura\" \/>\n\t<meta name=\"twitter:data2\" content=\"2 minutos\" \/>\n<script type=\"application\/ld+json\" class=\"yoast-schema-graph\">{\"@context\":\"https:\/\/schema.org\",\"@graph\":[{\"@type\":\"Article\",\"@id\":\"https:\/\/21panorama.com\/index.php\/2023\/06\/20\/aculco-presente-en-el-foro-la-justicia-civica-desde-la-actuacion-policial\/#article\",\"isPartOf\":{\"@id\":\"https:\/\/21panorama.com\/index.php\/2023\/06\/20\/aculco-presente-en-el-foro-la-justicia-civica-desde-la-actuacion-policial\/\"},\"author\":{\"name\":\"admin\",\"@id\":\"https:\/\/21panorama.com\/#\/schema\/person\/1afc291b96d5792a158768324287319f\"},\"headline\":\"ACULCO PRESENTE EN EL FORO \u201cLA JUSTICIA C\u00cdVICA DESDE LA ACTUACI\u00d3N POLICIAL\",\"datePublished\":\"2023-06-21T02:29:26+00:00\",\"dateModified\":\"2023-08-14T03:30:26+00:00\",\"mainEntityOfPage\":{\"@id\":\"https:\/\/21panorama.com\/index.php\/2023\/06\/20\/aculco-presente-en-el-foro-la-justicia-civica-desde-la-actuacion-policial\/\"},\"wordCount\":318,\"commentCount\":0,\"publisher\":{\"@id\":\"https:\/\/21panorama.com\/#organization\"},\"image\":{\"@id\":\"https:\/\/21panorama.com\/index.php\/2023\/06\/20\/aculco-presente-en-el-foro-la-justicia-civica-desde-la-actuacion-policial\/#primaryimage\"},\"thumbnailUrl\":\"https:\/\/21panorama.com\/wp-content\/uploads\/2023\/08\/Aculco-Foro-La-Justicia-desde-la-Actuacion-Policial-200623-3.jpg\",\"keywords\":[\"aculco\",\"EDOMEX\",\"GEM\",\"ISSSTE\",\"JORGE OSORNIO\",\"PJEM\"],\"articleSection\":[\"Politica\",\"Sociedad\"],\"inLanguage\":\"es\",\"potentialAction\":[{\"@type\":\"CommentAction\",\"name\":\"Comment\",\"target\":[\"https:\/\/21panorama.com\/index.php\/2023\/06\/20\/aculco-presente-en-el-foro-la-justicia-civica-desde-la-actuacion-policial\/#respond\"]}]},{\"@type\":\"WebPage\",\"@id\":\"https:\/\/21panorama.com\/index.php\/2023\/06\/20\/aculco-presente-en-el-foro-la-justicia-civica-desde-la-actuacion-policial\/\",\"url\":\"https:\/\/21panorama.com\/index.php\/2023\/06\/20\/aculco-presente-en-el-foro-la-justicia-civica-desde-la-actuacion-policial\/\",\"name\":\"ACULCO PRESENTE EN EL FORO \u201cLA JUSTICIA C\u00cdVICA DESDE LA ACTUACI\u00d3N POLICIAL - 21 Panorama\",\"isPartOf\":{\"@id\":\"https:\/\/21panorama.com\/#website\"},\"primaryImageOfPage\":{\"@id\":\"https:\/\/21panorama.com\/index.php\/2023\/06\/20\/aculco-presente-en-el-foro-la-justicia-civica-desde-la-actuacion-policial\/#primaryimage\"},\"image\":{\"@id\":\"https:\/\/21panorama.com\/index.php\/2023\/06\/20\/aculco-presente-en-el-foro-la-justicia-civica-desde-la-actuacion-policial\/#primaryimage\"},\"thumbnailUrl\":\"https:\/\/21panorama.com\/wp-content\/uploads\/2023\/08\/Aculco-Foro-La-Justicia-desde-la-Actuacion-Policial-200623-3.jpg\",\"datePublished\":\"2023-06-21T02:29:26+00:00\",\"dateModified\":\"2023-08-14T03:30:26+00:00\",\"breadcrumb\":{\"@id\":\"https:\/\/21panorama.com\/index.php\/2023\/06\/20\/aculco-presente-en-el-foro-la-justicia-civica-desde-la-actuacion-policial\/#breadcrumb\"},\"inLanguage\":\"es\",\"potentialAction\":[{\"@type\":\"ReadAction\",\"target\":[\"https:\/\/21panorama.com\/index.php\/2023\/06\/20\/aculco-presente-en-el-foro-la-justicia-civica-desde-la-actuacion-policial\/\"]}]},{\"@type\":\"ImageObject\",\"inLanguage\":\"es\",\"@id\":\"https:\/\/21panorama.com\/index.php\/2023\/06\/20\/aculco-presente-en-el-foro-la-justicia-civica-desde-la-actuacion-policial\/#primaryimage\",\"url\":\"https:\/\/21panorama.com\/wp-content\/uploads\/2023\/08\/Aculco-Foro-La-Justicia-desde-la-Actuacion-Policial-200623-3.jpg\",\"contentUrl\":\"https:\/\/21panorama.com\/wp-content\/uploads\/2023\/08\/Aculco-Foro-La-Justicia-desde-la-Actuacion-Policial-200623-3.jpg\",\"width\":771,\"height\":690},{\"@type\":\"BreadcrumbList\",\"@id\":\"https:\/\/21panorama.com\/index.php\/2023\/06\/20\/aculco-presente-en-el-foro-la-justicia-civica-desde-la-actuacion-policial\/#breadcrumb\",\"itemListElement\":[{\"@type\":\"ListItem\",\"position\":1,\"name\":\"Inicio\",\"item\":\"https:\/\/21panorama.com\/\"},{\"@type\":\"ListItem\",\"position\":2,\"name\":\"ACULCO PRESENTE EN EL FORO \u201cLA JUSTICIA C\u00cdVICA DESDE LA ACTUACI\u00d3N POLICIAL\"}]},{\"@type\":\"WebSite\",\"@id\":\"https:\/\/21panorama.com\/#website\",\"url\":\"https:\/\/21panorama.com\/\",\"name\":\"21 Panorama\",\"description\":\"La construcci\u00f3n de la opini\u00f3n p\u00fablica merece un mejor Panorama en este siglo 21 para alcanzar una sociedad con mayor transparencia y sin corrupci\u00f3n.\",\"publisher\":{\"@id\":\"https:\/\/21panorama.com\/#organization\"},\"potentialAction\":[{\"@type\":\"SearchAction\",\"target\":{\"@type\":\"EntryPoint\",\"urlTemplate\":\"https:\/\/21panorama.com\/?s={search_term_string}\"},\"query-input\":{\"@type\":\"PropertyValueSpecification\",\"valueRequired\":true,\"valueName\":\"search_term_string\"}}],\"inLanguage\":\"es\"},{\"@type\":\"Organization\",\"@id\":\"https:\/\/21panorama.com\/#organization\",\"name\":\"21 Panorama\",\"url\":\"https:\/\/21panorama.com\/\",\"logo\":{\"@type\":\"ImageObject\",\"inLanguage\":\"es\",\"@id\":\"https:\/\/21panorama.com\/#\/schema\/logo\/image\/\",\"url\":\"https:\/\/21panorama.com\/wp-content\/uploads\/2019\/07\/cropped-Logo-Panorama-01.jpeg\",\"contentUrl\":\"https:\/\/21panorama.com\/wp-content\/uploads\/2019\/07\/cropped-Logo-Panorama-01.jpeg\",\"width\":290,\"height\":70,\"caption\":\"21 Panorama\"},\"image\":{\"@id\":\"https:\/\/21panorama.com\/#\/schema\/logo\/image\/\"}},{\"@type\":\"Person\",\"@id\":\"https:\/\/21panorama.com\/#\/schema\/person\/1afc291b96d5792a158768324287319f\",\"name\":\"admin\",\"image\":{\"@type\":\"ImageObject\",\"inLanguage\":\"es\",\"@id\":\"https:\/\/21panorama.com\/#\/schema\/person\/image\/\",\"url\":\"https:\/\/secure.gravatar.com\/avatar\/ad365d9d9f46719215b0d042cc3df92a5a8683e09ef13d102233e5491985f0f0?s=96&d=mm&r=g\",\"contentUrl\":\"https:\/\/secure.gravatar.com\/avatar\/ad365d9d9f46719215b0d042cc3df92a5a8683e09ef13d102233e5491985f0f0?s=96&d=mm&r=g\",\"caption\":\"admin\"},\"url\":\"https:\/\/21panorama.com\/index.php\/author\/admin\/\"}]}<\/script>\n<!-- \/ Yoast SEO plugin. -->","yoast_head_json":{"title":"ACULCO PRESENTE EN EL FORO \u201cLA JUSTICIA C\u00cdVICA DESDE LA ACTUACI\u00d3N POLICIAL - 21 Panorama","robots":{"index":"index","follow":"follow","max-snippet":"max-snippet:-1","max-image-preview":"max-image-preview:large","max-video-preview":"max-video-preview:-1"},"canonical":"https:\/\/21panorama.com\/index.php\/2023\/06\/20\/aculco-presente-en-el-foro-la-justicia-civica-desde-la-actuacion-policial\/","og_locale":"es_MX","og_type":"article","og_title":"ACULCO PRESENTE EN EL FORO \u201cLA JUSTICIA C\u00cdVICA DESDE LA ACTUACI\u00d3N POLICIAL - 21 Panorama","og_description":"El Presidente Municipal, Jorge Alfredo Osornio Victoria hizo acto de presencia en el foro \"La Justicia C\u00edvica Desde la Actuaci\u00f3n Policial\", que se llev\u00f3 a cabo en la Escuela del Poder Judicial del Estado de M\u00e9xico y con la participaci\u00f3n de la Secretar\u00eda de Seguridad (SS) a trav\u00e9s del Secretariado Ejecutivo del Sistema Estatal de Seguridad P\u00fablica (SESESP) y el Poder Judicial del Estado de M\u00e9xico (PJEM).","og_url":"https:\/\/21panorama.com\/index.php\/2023\/06\/20\/aculco-presente-en-el-foro-la-justicia-civica-desde-la-actuacion-policial\/","og_site_name":"21 Panorama","article_published_time":"2023-06-21T02:29:26+00:00","article_modified_time":"2023-08-14T03:30:26+00:00","og_image":[{"width":771,"height":690,"url":"https:\/\/21panorama.com\/wp-content\/uploads\/2023\/08\/Aculco-Foro-La-Justicia-desde-la-Actuacion-Policial-200623-3.jpg","type":"image\/jpeg"}],"author":"admin","twitter_card":"summary_large_image","twitter_misc":{"Escrito por":"admin","Tiempo de lectura":"2 minutos"},"schema":{"@context":"https:\/\/schema.org","@graph":[{"@type":"Article","@id":"https:\/\/21panorama.com\/index.php\/2023\/06\/20\/aculco-presente-en-el-foro-la-justicia-civica-desde-la-actuacion-policial\/#article","isPartOf":{"@id":"https:\/\/21panorama.com\/index.php\/2023\/06\/20\/aculco-presente-en-el-foro-la-justicia-civica-desde-la-actuacion-policial\/"},"author":{"name":"admin","@id":"https:\/\/21panorama.com\/#\/schema\/person\/1afc291b96d5792a158768324287319f"},"headline":"ACULCO PRESENTE EN EL FORO \u201cLA JUSTICIA C\u00cdVICA DESDE LA ACTUACI\u00d3N POLICIAL","datePublished":"2023-06-21T02:29:26+00:00","dateModified":"2023-08-14T03:30:26+00:00","mainEntityOfPage":{"@id":"https:\/\/21panorama.com\/index.php\/2023\/06\/20\/aculco-presente-en-el-foro-la-justicia-civica-desde-la-actuacion-policial\/"},"wordCount":318,"commentCount":0,"publisher":{"@id":"https:\/\/21panorama.com\/#organization"},"image":{"@id":"https:\/\/21panorama.com\/index.php\/2023\/06\/20\/aculco-presente-en-el-foro-la-justicia-civica-desde-la-actuacion-policial\/#primaryimage"},"thumbnailUrl":"https:\/\/21panorama.com\/wp-content\/uploads\/2023\/08\/Aculco-Foro-La-Justicia-desde-la-Actuacion-Policial-200623-3.jpg","keywords":["aculco","EDOMEX","GEM","ISSSTE","JORGE OSORNIO","PJEM"],"articleSection":["Politica","Sociedad"],"inLanguage":"es","potentialAction":[{"@type":"CommentAction","name":"Comment","target":["https:\/\/21panorama.com\/index.php\/2023\/06\/20\/aculco-presente-en-el-foro-la-justicia-civica-desde-la-actuacion-policial\/#respond"]}]},{"@type":"WebPage","@id":"https:\/\/21panorama.com\/index.php\/2023\/06\/20\/aculco-presente-en-el-foro-la-justicia-civica-desde-la-actuacion-policial\/","url":"https:\/\/21panorama.com\/index.php\/2023\/06\/20\/aculco-presente-en-el-foro-la-justicia-civica-desde-la-actuacion-policial\/","name":"ACULCO PRESENTE EN EL FORO \u201cLA JUSTICIA C\u00cdVICA DESDE LA ACTUACI\u00d3N POLICIAL - 21 Panorama","isPartOf":{"@id":"https:\/\/21panorama.com\/#website"},"primaryImageOfPage":{"@id":"https:\/\/21panorama.com\/index.php\/2023\/06\/20\/aculco-presente-en-el-foro-la-justicia-civica-desde-la-actuacion-policial\/#primaryimage"},"image":{"@id":"https:\/\/21panorama.com\/index.php\/2023\/06\/20\/aculco-presente-en-el-foro-la-justicia-civica-desde-la-actuacion-policial\/#primaryimage"},"thumbnailUrl":"https:\/\/21panorama.com\/wp-content\/uploads\/2023\/08\/Aculco-Foro-La-Justicia-desde-la-Actuacion-Policial-200623-3.jpg","datePublished":"2023-06-21T02:29:26+00:00","dateModified":"2023-08-14T03:30:26+00:00","breadcrumb":{"@id":"https:\/\/21panorama.com\/index.php\/2023\/06\/20\/aculco-presente-en-el-foro-la-justicia-civica-desde-la-actuacion-policial\/#breadcrumb"},"inLanguage":"es","potentialAction":[{"@type":"ReadAction","target":["https:\/\/21panorama.com\/index.php\/2023\/06\/20\/aculco-presente-en-el-foro-la-justicia-civica-desde-la-actuacion-policial\/"]}]},{"@type":"ImageObject","inLanguage":"es","@id":"https:\/\/21panorama.com\/index.php\/2023\/06\/20\/aculco-presente-en-el-foro-la-justicia-civica-desde-la-actuacion-policial\/#primaryimage","url":"https:\/\/21panorama.com\/wp-content\/uploads\/2023\/08\/Aculco-Foro-La-Justicia-desde-la-Actuacion-Policial-200623-3.jpg","contentUrl":"https:\/\/21panorama.com\/wp-content\/uploads\/2023\/08\/Aculco-Foro-La-Justicia-desde-la-Actuacion-Policial-200623-3.jpg","width":771,"height":690},{"@type":"BreadcrumbList","@id":"https:\/\/21panorama.com\/index.php\/2023\/06\/20\/aculco-presente-en-el-foro-la-justicia-civica-desde-la-actuacion-policial\/#breadcrumb","itemListElement":[{"@type":"ListItem","position":1,"name":"Inicio","item":"https:\/\/21panorama.com\/"},{"@type":"ListItem","position":2,"name":"ACULCO PRESENTE EN EL FORO \u201cLA JUSTICIA C\u00cdVICA DESDE LA ACTUACI\u00d3N POLICIAL"}]},{"@type":"WebSite","@id":"https:\/\/21panorama.com\/#website","url":"https:\/\/21panorama.com\/","name":"21 Panorama","description":"La construcci\u00f3n de la opini\u00f3n p\u00fablica merece un mejor Panorama en este siglo 21 para alcanzar una sociedad con mayor transparencia y sin corrupci\u00f3n.","publisher":{"@id":"https:\/\/21panorama.com\/#organization"},"potentialAction":[{"@type":"SearchAction","target":{"@type":"EntryPoint","urlTemplate":"https:\/\/21panorama.com\/?s={search_term_string}"},"query-input":{"@type":"PropertyValueSpecification","valueRequired":true,"valueName":"search_term_string"}}],"inLanguage":"es"},{"@type":"Organization","@id":"https:\/\/21panorama.com\/#organization","name":"21 Panorama","url":"https:\/\/21panorama.com\/","logo":{"@type":"ImageObject","inLanguage":"es","@id":"https:\/\/21panorama.com\/#\/schema\/logo\/image\/","url":"https:\/\/21panorama.com\/wp-content\/uploads\/2019\/07\/cropped-Logo-Panorama-01.jpeg","contentUrl":"https:\/\/21panorama.com\/wp-content\/uploads\/2019\/07\/cropped-Logo-Panorama-01.jpeg","width":290,"height":70,"caption":"21 Panorama"},"image":{"@id":"https:\/\/21panorama.com\/#\/schema\/logo\/image\/"}},{"@type":"Person","@id":"https:\/\/21panorama.com\/#\/schema\/person\/1afc291b96d5792a158768324287319f","name":"admin","image":{"@type":"ImageObject","inLanguage":"es","@id":"https:\/\/21panorama.com\/#\/schema\/person\/image\/","url":"https:\/\/secure.gravatar.com\/avatar\/ad365d9d9f46719215b0d042cc3df92a5a8683e09ef13d102233e5491985f0f0?s=96&d=mm&r=g","contentUrl":"https:\/\/secure.gravatar.com\/avatar\/ad365d9d9f46719215b0d042cc3df92a5a8683e09ef13d102233e5491985f0f0?s=96&d=mm&r=g","caption":"admin"},"url":"https:\/\/21panorama.com\/index.php\/author\/admin\/"}]}},"_links":{"self":[{"href":"https:\/\/21panorama.com\/index.php\/wp-json\/wp\/v2\/posts\/4812","targetHints":{"allow":["GET"]}}],"collection":[{"href":"https:\/\/21panorama.com\/index.php\/wp-json\/wp\/v2\/posts"}],"about":[{"href":"https:\/\/21panorama.com\/index.php\/wp-json\/wp\/v2\/types\/post"}],"author":[{"embeddable":true,"href":"https:\/\/21panorama.com\/index.php\/wp-json\/wp\/v2\/users\/1"}],"replies":[{"embeddable":true,"href":"https:\/\/21panorama.com\/index.php\/wp-json\/wp\/v2\/comments?post=4812"}],"version-history":[{"count":1,"href":"https:\/\/21panorama.com\/index.php\/wp-json\/wp\/v2\/posts\/4812\/revisions"}],"predecessor-version":[{"id":4814,"href":"https:\/\/21panorama.com\/index.php\/wp-json\/wp\/v2\/posts\/4812\/revisions\/4814"}],"wp:featuredmedia":[{"embeddable":true,"href":"https:\/\/21panorama.com\/index.php\/wp-json\/wp\/v2\/media\/4813"}],"wp:attachment":[{"href":"https:\/\/21panorama.com\/index.php\/wp-json\/wp\/v2\/media?parent=4812"}],"wp:term":[{"taxonomy":"category","embeddable":true,"href":"https:\/\/21panorama.com\/index.php\/wp-json\/wp\/v2\/categories?post=4812"},{"taxonomy":"post_tag","embeddable":true,"href":"https:\/\/21panorama.com\/index.php\/wp-json\/wp\/v2\/tags?post=4812"}],"curies":[{"name":"wp","href":"https:\/\/api.w.org\/{rel}","templated":true}]}}