{"id":4809,"date":"2023-06-16T21:13:56","date_gmt":"2023-06-17T02:13:56","guid":{"rendered":"https:\/\/21panorama.com\/?p=4809"},"modified":"2023-08-13T21:28:55","modified_gmt":"2023-08-14T02:28:55","slug":"inauguracion-de-la-cooperativa-del-cecytem-plantel-aculco","status":"publish","type":"post","link":"https:\/\/21panorama.com\/index.php\/2023\/06\/16\/inauguracion-de-la-cooperativa-del-cecytem-plantel-aculco\/","title":{"rendered":"\u00a0INAUGURACI\u00d3N DE LA COOPERATIVA DEL CECYTEM PLANTEL ACULCO"},"content":{"rendered":"\n<p><\/p>\n\n\n\n<p>El Presidente Municipal, Jorge Alfredo Osornio Victoria, puso en marcha el funcionamiento de la cafeter\u00eda del CECYTEM Plantel Aculco, en la cual participaron en la construcci\u00f3n de la misma profesores, comerciantes, padres de familia y Gobierno Municipal.<\/p>\n\n\n\n<p>En el evento, el edil, destac\u00f3 que los j\u00f3venes siempre ser\u00e1n el motor de la sociedad, y actualmente, ya que est\u00e1n conectados a variadas realidades gracias a la tecnolog\u00eda y a los medios de comunicaci\u00f3n, se presentan necesidades educativas y formativas particulares, demandando una educaci\u00f3n acorde con los est\u00edmulos y nuevas realidades altamente complejas.<\/p>\n\n\n\n<p>Asimismo, resalt\u00f3 que se debe educar para desarrollar una mente global, que hoy por hoy, se trabaja de manera incansable para posicionar al CECyTEM como uno de los mejores a nivel nacional, se est\u00e1 construyendo el CECyTEM del siglo XXI, con metas encaminadas a su fortalecimiento.<\/p>\n\n\n\n<p>Exhort\u00f3 a los alumnos a poner muy en alto el nombre del CECyTEM, que sigan siendo alumnos ejemplares, que se preparen para enfrentar los retos que ya est\u00e1n aqu\u00ed y no en el futuro. La actual administraci\u00f3n ha mantenido su compromiso de apoyar la educaci\u00f3n de los ni\u00f1os y j\u00f3venes del municipio, es por esto que en este evento se inaugur\u00f3 la cafeter\u00eda de este plantel.<\/p>\n\n\n\n<p>&nbsp;Finalmente, Jorge Osornio se comprometi\u00f3 a seguir trabajando de la mano con el CECyTEM para mejorar las condiciones de este centro educativo, siempre trabajando en conjunto con el invaluable apoyo de los miembros de su administraci\u00f3n, as\u00ed como de los padres de familia y los profesores.<\/p>\n","protected":false},"excerpt":{"rendered":"<p>El Presidente Municipal, Jorge Alfredo Osornio Victoria, puso en marcha el funcionamiento de la cafeter\u00eda del CECYTEM Plantel Aculco, en la cual participaron en la construcci\u00f3n de la misma profesores, comerciantes, padres de familia y Gobierno Municipal.<\/p>\n","protected":false},"author":1,"featured_media":4810,"comment_status":"open","ping_status":"open","sticky":false,"template":"","format":"standard","meta":{"footnotes":""},"categories":[374,1],"tags":[166,376,97,222,317],"class_list":["post-4809","post","type-post","status-publish","format-standard","has-post-thumbnail","hentry","category-educacion","category-sociedad","tag-aculco","tag-cecytem","tag-edomex","tag-gem","tag-jorge-osornio"],"yoast_head":"<!-- This site is optimized with the Yoast SEO plugin v24.9 - https:\/\/yoast.com\/wordpress\/plugins\/seo\/ -->\n<title>\u00a0INAUGURACI\u00d3N DE LA COOPERATIVA DEL CECYTEM PLANTEL ACULCO - 21 Panorama<\/title>\n<meta name=\"robots\" content=\"index, follow, max-snippet:-1, max-image-preview:large, max-video-preview:-1\" \/>\n<link rel=\"canonical\" href=\"https:\/\/21panorama.com\/index.php\/2023\/06\/16\/inauguracion-de-la-cooperativa-del-cecytem-plantel-aculco\/\" \/>\n<meta property=\"og:locale\" content=\"es_MX\" \/>\n<meta property=\"og:type\" content=\"article\" \/>\n<meta property=\"og:title\" content=\"\u00a0INAUGURACI\u00d3N DE LA COOPERATIVA DEL CECYTEM PLANTEL ACULCO - 21 Panorama\" \/>\n<meta property=\"og:description\" content=\"El Presidente Municipal, Jorge Alfredo Osornio Victoria, puso en marcha el funcionamiento de la cafeter\u00eda del CECYTEM Plantel Aculco, en la cual participaron en la construcci\u00f3n de la misma profesores, comerciantes, padres de familia y Gobierno Municipal.\" \/>\n<meta property=\"og:url\" content=\"https:\/\/21panorama.com\/index.php\/2023\/06\/16\/inauguracion-de-la-cooperativa-del-cecytem-plantel-aculco\/\" \/>\n<meta property=\"og:site_name\" content=\"21 Panorama\" \/>\n<meta property=\"article:published_time\" content=\"2023-06-17T02:13:56+00:00\" \/>\n<meta property=\"article:modified_time\" content=\"2023-08-14T02:28:55+00:00\" \/>\n<meta property=\"og:image\" content=\"https:\/\/21panorama.com\/wp-content\/uploads\/2023\/08\/Aculco-cafeteria-CECyTEM-160623-3.jpg\" \/>\n\t<meta property=\"og:image:width\" content=\"717\" \/>\n\t<meta property=\"og:image:height\" content=\"433\" \/>\n\t<meta property=\"og:image:type\" content=\"image\/jpeg\" \/>\n<meta name=\"author\" content=\"admin\" \/>\n<meta name=\"twitter:card\" content=\"summary_large_image\" \/>\n<meta name=\"twitter:label1\" content=\"Escrito por\" \/>\n\t<meta name=\"twitter:data1\" content=\"admin\" \/>\n\t<meta name=\"twitter:label2\" content=\"Tiempo de lectura\" \/>\n\t<meta name=\"twitter:data2\" content=\"2 minutos\" \/>\n<script type=\"application\/ld+json\" class=\"yoast-schema-graph\">{\"@context\":\"https:\/\/schema.org\",\"@graph\":[{\"@type\":\"Article\",\"@id\":\"https:\/\/21panorama.com\/index.php\/2023\/06\/16\/inauguracion-de-la-cooperativa-del-cecytem-plantel-aculco\/#article\",\"isPartOf\":{\"@id\":\"https:\/\/21panorama.com\/index.php\/2023\/06\/16\/inauguracion-de-la-cooperativa-del-cecytem-plantel-aculco\/\"},\"author\":{\"name\":\"admin\",\"@id\":\"https:\/\/21panorama.com\/#\/schema\/person\/1afc291b96d5792a158768324287319f\"},\"headline\":\"\u00a0INAUGURACI\u00d3N DE LA COOPERATIVA DEL CECYTEM PLANTEL ACULCO\",\"datePublished\":\"2023-06-17T02:13:56+00:00\",\"dateModified\":\"2023-08-14T02:28:55+00:00\",\"mainEntityOfPage\":{\"@id\":\"https:\/\/21panorama.com\/index.php\/2023\/06\/16\/inauguracion-de-la-cooperativa-del-cecytem-plantel-aculco\/\"},\"wordCount\":275,\"commentCount\":0,\"publisher\":{\"@id\":\"https:\/\/21panorama.com\/#organization\"},\"image\":{\"@id\":\"https:\/\/21panorama.com\/index.php\/2023\/06\/16\/inauguracion-de-la-cooperativa-del-cecytem-plantel-aculco\/#primaryimage\"},\"thumbnailUrl\":\"https:\/\/21panorama.com\/wp-content\/uploads\/2023\/08\/Aculco-cafeteria-CECyTEM-160623-3.jpg\",\"keywords\":[\"aculco\",\"CECyTEM\",\"EDOMEX\",\"GEM\",\"JORGE OSORNIO\"],\"articleSection\":[\"Educaci\u00f3n\",\"Sociedad\"],\"inLanguage\":\"es\",\"potentialAction\":[{\"@type\":\"CommentAction\",\"name\":\"Comment\",\"target\":[\"https:\/\/21panorama.com\/index.php\/2023\/06\/16\/inauguracion-de-la-cooperativa-del-cecytem-plantel-aculco\/#respond\"]}]},{\"@type\":\"WebPage\",\"@id\":\"https:\/\/21panorama.com\/index.php\/2023\/06\/16\/inauguracion-de-la-cooperativa-del-cecytem-plantel-aculco\/\",\"url\":\"https:\/\/21panorama.com\/index.php\/2023\/06\/16\/inauguracion-de-la-cooperativa-del-cecytem-plantel-aculco\/\",\"name\":\"\u00a0INAUGURACI\u00d3N DE LA COOPERATIVA DEL CECYTEM PLANTEL ACULCO - 21 Panorama\",\"isPartOf\":{\"@id\":\"https:\/\/21panorama.com\/#website\"},\"primaryImageOfPage\":{\"@id\":\"https:\/\/21panorama.com\/index.php\/2023\/06\/16\/inauguracion-de-la-cooperativa-del-cecytem-plantel-aculco\/#primaryimage\"},\"image\":{\"@id\":\"https:\/\/21panorama.com\/index.php\/2023\/06\/16\/inauguracion-de-la-cooperativa-del-cecytem-plantel-aculco\/#primaryimage\"},\"thumbnailUrl\":\"https:\/\/21panorama.com\/wp-content\/uploads\/2023\/08\/Aculco-cafeteria-CECyTEM-160623-3.jpg\",\"datePublished\":\"2023-06-17T02:13:56+00:00\",\"dateModified\":\"2023-08-14T02:28:55+00:00\",\"breadcrumb\":{\"@id\":\"https:\/\/21panorama.com\/index.php\/2023\/06\/16\/inauguracion-de-la-cooperativa-del-cecytem-plantel-aculco\/#breadcrumb\"},\"inLanguage\":\"es\",\"potentialAction\":[{\"@type\":\"ReadAction\",\"target\":[\"https:\/\/21panorama.com\/index.php\/2023\/06\/16\/inauguracion-de-la-cooperativa-del-cecytem-plantel-aculco\/\"]}]},{\"@type\":\"ImageObject\",\"inLanguage\":\"es\",\"@id\":\"https:\/\/21panorama.com\/index.php\/2023\/06\/16\/inauguracion-de-la-cooperativa-del-cecytem-plantel-aculco\/#primaryimage\",\"url\":\"https:\/\/21panorama.com\/wp-content\/uploads\/2023\/08\/Aculco-cafeteria-CECyTEM-160623-3.jpg\",\"contentUrl\":\"https:\/\/21panorama.com\/wp-content\/uploads\/2023\/08\/Aculco-cafeteria-CECyTEM-160623-3.jpg\",\"width\":717,\"height\":433},{\"@type\":\"BreadcrumbList\",\"@id\":\"https:\/\/21panorama.com\/index.php\/2023\/06\/16\/inauguracion-de-la-cooperativa-del-cecytem-plantel-aculco\/#breadcrumb\",\"itemListElement\":[{\"@type\":\"ListItem\",\"position\":1,\"name\":\"Inicio\",\"item\":\"https:\/\/21panorama.com\/\"},{\"@type\":\"ListItem\",\"position\":2,\"name\":\"\u00a0INAUGURACI\u00d3N DE LA COOPERATIVA DEL CECYTEM PLANTEL ACULCO\"}]},{\"@type\":\"WebSite\",\"@id\":\"https:\/\/21panorama.com\/#website\",\"url\":\"https:\/\/21panorama.com\/\",\"name\":\"21 Panorama\",\"description\":\"La construcci\u00f3n de la opini\u00f3n p\u00fablica merece un mejor Panorama en este siglo 21 para alcanzar una sociedad con mayor transparencia y sin corrupci\u00f3n.\",\"publisher\":{\"@id\":\"https:\/\/21panorama.com\/#organization\"},\"potentialAction\":[{\"@type\":\"SearchAction\",\"target\":{\"@type\":\"EntryPoint\",\"urlTemplate\":\"https:\/\/21panorama.com\/?s={search_term_string}\"},\"query-input\":{\"@type\":\"PropertyValueSpecification\",\"valueRequired\":true,\"valueName\":\"search_term_string\"}}],\"inLanguage\":\"es\"},{\"@type\":\"Organization\",\"@id\":\"https:\/\/21panorama.com\/#organization\",\"name\":\"21 Panorama\",\"url\":\"https:\/\/21panorama.com\/\",\"logo\":{\"@type\":\"ImageObject\",\"inLanguage\":\"es\",\"@id\":\"https:\/\/21panorama.com\/#\/schema\/logo\/image\/\",\"url\":\"https:\/\/21panorama.com\/wp-content\/uploads\/2019\/07\/cropped-Logo-Panorama-01.jpeg\",\"contentUrl\":\"https:\/\/21panorama.com\/wp-content\/uploads\/2019\/07\/cropped-Logo-Panorama-01.jpeg\",\"width\":290,\"height\":70,\"caption\":\"21 Panorama\"},\"image\":{\"@id\":\"https:\/\/21panorama.com\/#\/schema\/logo\/image\/\"}},{\"@type\":\"Person\",\"@id\":\"https:\/\/21panorama.com\/#\/schema\/person\/1afc291b96d5792a158768324287319f\",\"name\":\"admin\",\"image\":{\"@type\":\"ImageObject\",\"inLanguage\":\"es\",\"@id\":\"https:\/\/21panorama.com\/#\/schema\/person\/image\/\",\"url\":\"https:\/\/secure.gravatar.com\/avatar\/ad365d9d9f46719215b0d042cc3df92a5a8683e09ef13d102233e5491985f0f0?s=96&d=mm&r=g\",\"contentUrl\":\"https:\/\/secure.gravatar.com\/avatar\/ad365d9d9f46719215b0d042cc3df92a5a8683e09ef13d102233e5491985f0f0?s=96&d=mm&r=g\",\"caption\":\"admin\"},\"url\":\"https:\/\/21panorama.com\/index.php\/author\/admin\/\"}]}<\/script>\n<!-- \/ Yoast SEO plugin. -->","yoast_head_json":{"title":"\u00a0INAUGURACI\u00d3N DE LA COOPERATIVA DEL CECYTEM PLANTEL ACULCO - 21 Panorama","robots":{"index":"index","follow":"follow","max-snippet":"max-snippet:-1","max-image-preview":"max-image-preview:large","max-video-preview":"max-video-preview:-1"},"canonical":"https:\/\/21panorama.com\/index.php\/2023\/06\/16\/inauguracion-de-la-cooperativa-del-cecytem-plantel-aculco\/","og_locale":"es_MX","og_type":"article","og_title":"\u00a0INAUGURACI\u00d3N DE LA COOPERATIVA DEL CECYTEM PLANTEL ACULCO - 21 Panorama","og_description":"El Presidente Municipal, Jorge Alfredo Osornio Victoria, puso en marcha el funcionamiento de la cafeter\u00eda del CECYTEM Plantel Aculco, en la cual participaron en la construcci\u00f3n de la misma profesores, comerciantes, padres de familia y Gobierno Municipal.","og_url":"https:\/\/21panorama.com\/index.php\/2023\/06\/16\/inauguracion-de-la-cooperativa-del-cecytem-plantel-aculco\/","og_site_name":"21 Panorama","article_published_time":"2023-06-17T02:13:56+00:00","article_modified_time":"2023-08-14T02:28:55+00:00","og_image":[{"width":717,"height":433,"url":"https:\/\/21panorama.com\/wp-content\/uploads\/2023\/08\/Aculco-cafeteria-CECyTEM-160623-3.jpg","type":"image\/jpeg"}],"author":"admin","twitter_card":"summary_large_image","twitter_misc":{"Escrito por":"admin","Tiempo de lectura":"2 minutos"},"schema":{"@context":"https:\/\/schema.org","@graph":[{"@type":"Article","@id":"https:\/\/21panorama.com\/index.php\/2023\/06\/16\/inauguracion-de-la-cooperativa-del-cecytem-plantel-aculco\/#article","isPartOf":{"@id":"https:\/\/21panorama.com\/index.php\/2023\/06\/16\/inauguracion-de-la-cooperativa-del-cecytem-plantel-aculco\/"},"author":{"name":"admin","@id":"https:\/\/21panorama.com\/#\/schema\/person\/1afc291b96d5792a158768324287319f"},"headline":"\u00a0INAUGURACI\u00d3N DE LA COOPERATIVA DEL CECYTEM PLANTEL ACULCO","datePublished":"2023-06-17T02:13:56+00:00","dateModified":"2023-08-14T02:28:55+00:00","mainEntityOfPage":{"@id":"https:\/\/21panorama.com\/index.php\/2023\/06\/16\/inauguracion-de-la-cooperativa-del-cecytem-plantel-aculco\/"},"wordCount":275,"commentCount":0,"publisher":{"@id":"https:\/\/21panorama.com\/#organization"},"image":{"@id":"https:\/\/21panorama.com\/index.php\/2023\/06\/16\/inauguracion-de-la-cooperativa-del-cecytem-plantel-aculco\/#primaryimage"},"thumbnailUrl":"https:\/\/21panorama.com\/wp-content\/uploads\/2023\/08\/Aculco-cafeteria-CECyTEM-160623-3.jpg","keywords":["aculco","CECyTEM","EDOMEX","GEM","JORGE OSORNIO"],"articleSection":["Educaci\u00f3n","Sociedad"],"inLanguage":"es","potentialAction":[{"@type":"CommentAction","name":"Comment","target":["https:\/\/21panorama.com\/index.php\/2023\/06\/16\/inauguracion-de-la-cooperativa-del-cecytem-plantel-aculco\/#respond"]}]},{"@type":"WebPage","@id":"https:\/\/21panorama.com\/index.php\/2023\/06\/16\/inauguracion-de-la-cooperativa-del-cecytem-plantel-aculco\/","url":"https:\/\/21panorama.com\/index.php\/2023\/06\/16\/inauguracion-de-la-cooperativa-del-cecytem-plantel-aculco\/","name":"\u00a0INAUGURACI\u00d3N DE LA COOPERATIVA DEL CECYTEM PLANTEL ACULCO - 21 Panorama","isPartOf":{"@id":"https:\/\/21panorama.com\/#website"},"primaryImageOfPage":{"@id":"https:\/\/21panorama.com\/index.php\/2023\/06\/16\/inauguracion-de-la-cooperativa-del-cecytem-plantel-aculco\/#primaryimage"},"image":{"@id":"https:\/\/21panorama.com\/index.php\/2023\/06\/16\/inauguracion-de-la-cooperativa-del-cecytem-plantel-aculco\/#primaryimage"},"thumbnailUrl":"https:\/\/21panorama.com\/wp-content\/uploads\/2023\/08\/Aculco-cafeteria-CECyTEM-160623-3.jpg","datePublished":"2023-06-17T02:13:56+00:00","dateModified":"2023-08-14T02:28:55+00:00","breadcrumb":{"@id":"https:\/\/21panorama.com\/index.php\/2023\/06\/16\/inauguracion-de-la-cooperativa-del-cecytem-plantel-aculco\/#breadcrumb"},"inLanguage":"es","potentialAction":[{"@type":"ReadAction","target":["https:\/\/21panorama.com\/index.php\/2023\/06\/16\/inauguracion-de-la-cooperativa-del-cecytem-plantel-aculco\/"]}]},{"@type":"ImageObject","inLanguage":"es","@id":"https:\/\/21panorama.com\/index.php\/2023\/06\/16\/inauguracion-de-la-cooperativa-del-cecytem-plantel-aculco\/#primaryimage","url":"https:\/\/21panorama.com\/wp-content\/uploads\/2023\/08\/Aculco-cafeteria-CECyTEM-160623-3.jpg","contentUrl":"https:\/\/21panorama.com\/wp-content\/uploads\/2023\/08\/Aculco-cafeteria-CECyTEM-160623-3.jpg","width":717,"height":433},{"@type":"BreadcrumbList","@id":"https:\/\/21panorama.com\/index.php\/2023\/06\/16\/inauguracion-de-la-cooperativa-del-cecytem-plantel-aculco\/#breadcrumb","itemListElement":[{"@type":"ListItem","position":1,"name":"Inicio","item":"https:\/\/21panorama.com\/"},{"@type":"ListItem","position":2,"name":"\u00a0INAUGURACI\u00d3N DE LA COOPERATIVA DEL CECYTEM PLANTEL ACULCO"}]},{"@type":"WebSite","@id":"https:\/\/21panorama.com\/#website","url":"https:\/\/21panorama.com\/","name":"21 Panorama","description":"La construcci\u00f3n de la opini\u00f3n p\u00fablica merece un mejor Panorama en este siglo 21 para alcanzar una sociedad con mayor transparencia y sin corrupci\u00f3n.","publisher":{"@id":"https:\/\/21panorama.com\/#organization"},"potentialAction":[{"@type":"SearchAction","target":{"@type":"EntryPoint","urlTemplate":"https:\/\/21panorama.com\/?s={search_term_string}"},"query-input":{"@type":"PropertyValueSpecification","valueRequired":true,"valueName":"search_term_string"}}],"inLanguage":"es"},{"@type":"Organization","@id":"https:\/\/21panorama.com\/#organization","name":"21 Panorama","url":"https:\/\/21panorama.com\/","logo":{"@type":"ImageObject","inLanguage":"es","@id":"https:\/\/21panorama.com\/#\/schema\/logo\/image\/","url":"https:\/\/21panorama.com\/wp-content\/uploads\/2019\/07\/cropped-Logo-Panorama-01.jpeg","contentUrl":"https:\/\/21panorama.com\/wp-content\/uploads\/2019\/07\/cropped-Logo-Panorama-01.jpeg","width":290,"height":70,"caption":"21 Panorama"},"image":{"@id":"https:\/\/21panorama.com\/#\/schema\/logo\/image\/"}},{"@type":"Person","@id":"https:\/\/21panorama.com\/#\/schema\/person\/1afc291b96d5792a158768324287319f","name":"admin","image":{"@type":"ImageObject","inLanguage":"es","@id":"https:\/\/21panorama.com\/#\/schema\/person\/image\/","url":"https:\/\/secure.gravatar.com\/avatar\/ad365d9d9f46719215b0d042cc3df92a5a8683e09ef13d102233e5491985f0f0?s=96&d=mm&r=g","contentUrl":"https:\/\/secure.gravatar.com\/avatar\/ad365d9d9f46719215b0d042cc3df92a5a8683e09ef13d102233e5491985f0f0?s=96&d=mm&r=g","caption":"admin"},"url":"https:\/\/21panorama.com\/index.php\/author\/admin\/"}]}},"_links":{"self":[{"href":"https:\/\/21panorama.com\/index.php\/wp-json\/wp\/v2\/posts\/4809","targetHints":{"allow":["GET"]}}],"collection":[{"href":"https:\/\/21panorama.com\/index.php\/wp-json\/wp\/v2\/posts"}],"about":[{"href":"https:\/\/21panorama.com\/index.php\/wp-json\/wp\/v2\/types\/post"}],"author":[{"embeddable":true,"href":"https:\/\/21panorama.com\/index.php\/wp-json\/wp\/v2\/users\/1"}],"replies":[{"embeddable":true,"href":"https:\/\/21panorama.com\/index.php\/wp-json\/wp\/v2\/comments?post=4809"}],"version-history":[{"count":1,"href":"https:\/\/21panorama.com\/index.php\/wp-json\/wp\/v2\/posts\/4809\/revisions"}],"predecessor-version":[{"id":4811,"href":"https:\/\/21panorama.com\/index.php\/wp-json\/wp\/v2\/posts\/4809\/revisions\/4811"}],"wp:featuredmedia":[{"embeddable":true,"href":"https:\/\/21panorama.com\/index.php\/wp-json\/wp\/v2\/media\/4810"}],"wp:attachment":[{"href":"https:\/\/21panorama.com\/index.php\/wp-json\/wp\/v2\/media?parent=4809"}],"wp:term":[{"taxonomy":"category","embeddable":true,"href":"https:\/\/21panorama.com\/index.php\/wp-json\/wp\/v2\/categories?post=4809"},{"taxonomy":"post_tag","embeddable":true,"href":"https:\/\/21panorama.com\/index.php\/wp-json\/wp\/v2\/tags?post=4809"}],"curies":[{"name":"wp","href":"https:\/\/api.w.org\/{rel}","templated":true}]}}