{"id":4805,"date":"2023-07-18T12:14:36","date_gmt":"2023-07-18T17:14:36","guid":{"rendered":"https:\/\/21panorama.com\/?p=4805"},"modified":"2023-08-13T21:13:34","modified_gmt":"2023-08-14T02:13:34","slug":"intensifican-trabajos-de-desazolve-y-limpieza-en-presas-y-rios-de-jiquipilco-para-aminorar-riesgos","status":"publish","type":"post","link":"https:\/\/21panorama.com\/index.php\/2023\/07\/18\/intensifican-trabajos-de-desazolve-y-limpieza-en-presas-y-rios-de-jiquipilco-para-aminorar-riesgos\/","title":{"rendered":"INTENSIFICAN TRABAJOS DE DESAZOLVE Y LIMPIEZA EN PRESAS Y R\u00cdOS DE JIQUIPILCO, PARA AMINORAR RIESGOS"},"content":{"rendered":"\n<p>De manera conjunta la Secretar\u00eda del campo de Gobierno del Estado de M\u00e9xico y el gobierno municipal, se contin\u00faa dando limpieza, desazolve y mantenimiento a las cortinas de presas, bordos y r\u00edos municipales. Esto permitir\u00e1 soportar lluvias severas del temporal para que sean reguladas, y para un mejor funcionamiento y mejor aprovechamiento del agua.<\/p>\n\n\n\n<p>Los trabajos preventivos y correctivos que se hicieron en estos sitios reducir\u00e1n situaciones de emergencia que afecten a vecinos de cada una estas presas y r\u00edos. Tambi\u00e9n evitar\u00e1 que las redes colapsen y da\u00f1en viviendas.<\/p>\n\n\n\n<p>Estos fueron los lugares que tuvieron estos servicios: reforzamiento de cortinas en presa \u201cEl Terrero\u201d de Dolores Amarillas;&nbsp; desazolve y reforzamiento de cortinas en presa \u201cGrande\u201d de Rancho Alegre; desazolve y reforzamiento de cortinas en presa de \u201cLa Tinaja\u201d; desazolve y reforzamiento de cortinas en presa \u201cLa Merced\u201d de San Francisco el Alto; desazolve y reforzamiento de cortinas en presa \u201cLas Conejeras\u201d de Ejido Loma de Malacote; desazolve del r\u00edo \u201cSila\u201d y ramales de aguas pluviales en Dolores Amarillas.<\/p>\n\n\n\n<p>Finalmente, desazolve y reforzamiento de cortinas en la \u201cPresa Verde\u201d de Santa Isabel, en Mna. 6ta en donde tambi\u00e9n se realiza un mamposteado debido al deslave de una parte del sendero que rodea esta presa.&nbsp;<\/p>\n","protected":false},"excerpt":{"rendered":"<p>De manera conjunta la Secretar\u00eda del campo de Gobierno del Estado de M\u00e9xico y el gobierno municipal, se contin\u00faa dando limpieza, desazolve y mantenimiento a las cortinas de presas, bordos y r\u00edos municipales. Esto permitir\u00e1 soportar lluvias severas del temporal para que sean reguladas, y para un mejor funcionamiento y mejor aprovechamiento del agua.<\/p>\n","protected":false},"author":1,"featured_media":4807,"comment_status":"open","ping_status":"open","sticky":false,"template":"","format":"standard","meta":{"footnotes":""},"categories":[6,11,1],"tags":[97,327,257],"class_list":["post-4805","post","type-post","status-publish","format-standard","has-post-thumbnail","hentry","category-cienciaysalud","category-medio-ambiente","category-sociedad","tag-edomex","tag-felipe-sanchez-davila","tag-jiquipilco"],"yoast_head":"<!-- This site is optimized with the Yoast SEO plugin v24.9 - https:\/\/yoast.com\/wordpress\/plugins\/seo\/ -->\n<title>INTENSIFICAN TRABAJOS DE DESAZOLVE Y LIMPIEZA EN PRESAS Y R\u00cdOS DE JIQUIPILCO, PARA AMINORAR RIESGOS - 21 Panorama<\/title>\n<meta name=\"robots\" content=\"index, follow, max-snippet:-1, max-image-preview:large, max-video-preview:-1\" \/>\n<link rel=\"canonical\" href=\"https:\/\/21panorama.com\/index.php\/2023\/07\/18\/intensifican-trabajos-de-desazolve-y-limpieza-en-presas-y-rios-de-jiquipilco-para-aminorar-riesgos\/\" \/>\n<meta property=\"og:locale\" content=\"es_MX\" \/>\n<meta property=\"og:type\" content=\"article\" \/>\n<meta property=\"og:title\" content=\"INTENSIFICAN TRABAJOS DE DESAZOLVE Y LIMPIEZA EN PRESAS Y R\u00cdOS DE JIQUIPILCO, PARA AMINORAR RIESGOS - 21 Panorama\" \/>\n<meta property=\"og:description\" content=\"De manera conjunta la Secretar\u00eda del campo de Gobierno del Estado de M\u00e9xico y el gobierno municipal, se contin\u00faa dando limpieza, desazolve y mantenimiento a las cortinas de presas, bordos y r\u00edos municipales. Esto permitir\u00e1 soportar lluvias severas del temporal para que sean reguladas, y para un mejor funcionamiento y mejor aprovechamiento del agua.\" \/>\n<meta property=\"og:url\" content=\"https:\/\/21panorama.com\/index.php\/2023\/07\/18\/intensifican-trabajos-de-desazolve-y-limpieza-en-presas-y-rios-de-jiquipilco-para-aminorar-riesgos\/\" \/>\n<meta property=\"og:site_name\" content=\"21 Panorama\" \/>\n<meta property=\"article:published_time\" content=\"2023-07-18T17:14:36+00:00\" \/>\n<meta property=\"article:modified_time\" content=\"2023-08-14T02:13:34+00:00\" \/>\n<meta property=\"og:image\" content=\"https:\/\/21panorama.com\/wp-content\/uploads\/2023\/08\/Jiquipilco-desazolve-de-presas-y-rios-180723-3.jpg\" \/>\n\t<meta property=\"og:image:width\" content=\"1463\" \/>\n\t<meta property=\"og:image:height\" content=\"858\" \/>\n\t<meta property=\"og:image:type\" content=\"image\/jpeg\" \/>\n<meta name=\"author\" content=\"admin\" \/>\n<meta name=\"twitter:card\" content=\"summary_large_image\" \/>\n<meta name=\"twitter:label1\" content=\"Escrito por\" \/>\n\t<meta name=\"twitter:data1\" content=\"admin\" \/>\n\t<meta name=\"twitter:label2\" content=\"Tiempo de lectura\" \/>\n\t<meta name=\"twitter:data2\" content=\"1 minuto\" \/>\n<script type=\"application\/ld+json\" class=\"yoast-schema-graph\">{\"@context\":\"https:\/\/schema.org\",\"@graph\":[{\"@type\":\"Article\",\"@id\":\"https:\/\/21panorama.com\/index.php\/2023\/07\/18\/intensifican-trabajos-de-desazolve-y-limpieza-en-presas-y-rios-de-jiquipilco-para-aminorar-riesgos\/#article\",\"isPartOf\":{\"@id\":\"https:\/\/21panorama.com\/index.php\/2023\/07\/18\/intensifican-trabajos-de-desazolve-y-limpieza-en-presas-y-rios-de-jiquipilco-para-aminorar-riesgos\/\"},\"author\":{\"name\":\"admin\",\"@id\":\"https:\/\/21panorama.com\/#\/schema\/person\/1afc291b96d5792a158768324287319f\"},\"headline\":\"INTENSIFICAN TRABAJOS DE DESAZOLVE Y LIMPIEZA EN PRESAS Y R\u00cdOS DE JIQUIPILCO, PARA AMINORAR RIESGOS\",\"datePublished\":\"2023-07-18T17:14:36+00:00\",\"dateModified\":\"2023-08-14T02:13:34+00:00\",\"mainEntityOfPage\":{\"@id\":\"https:\/\/21panorama.com\/index.php\/2023\/07\/18\/intensifican-trabajos-de-desazolve-y-limpieza-en-presas-y-rios-de-jiquipilco-para-aminorar-riesgos\/\"},\"wordCount\":231,\"commentCount\":0,\"publisher\":{\"@id\":\"https:\/\/21panorama.com\/#organization\"},\"image\":{\"@id\":\"https:\/\/21panorama.com\/index.php\/2023\/07\/18\/intensifican-trabajos-de-desazolve-y-limpieza-en-presas-y-rios-de-jiquipilco-para-aminorar-riesgos\/#primaryimage\"},\"thumbnailUrl\":\"https:\/\/21panorama.com\/wp-content\/uploads\/2023\/08\/Jiquipilco-desazolve-de-presas-y-rios-180723-3.jpg\",\"keywords\":[\"EDOMEX\",\"Felipe S\u00e1nchez D\u00e1vila\",\"Jiquipilco\"],\"articleSection\":[\"Ciencia y Salud\",\"Medio Ambiente\",\"Sociedad\"],\"inLanguage\":\"es\",\"potentialAction\":[{\"@type\":\"CommentAction\",\"name\":\"Comment\",\"target\":[\"https:\/\/21panorama.com\/index.php\/2023\/07\/18\/intensifican-trabajos-de-desazolve-y-limpieza-en-presas-y-rios-de-jiquipilco-para-aminorar-riesgos\/#respond\"]}]},{\"@type\":\"WebPage\",\"@id\":\"https:\/\/21panorama.com\/index.php\/2023\/07\/18\/intensifican-trabajos-de-desazolve-y-limpieza-en-presas-y-rios-de-jiquipilco-para-aminorar-riesgos\/\",\"url\":\"https:\/\/21panorama.com\/index.php\/2023\/07\/18\/intensifican-trabajos-de-desazolve-y-limpieza-en-presas-y-rios-de-jiquipilco-para-aminorar-riesgos\/\",\"name\":\"INTENSIFICAN TRABAJOS DE DESAZOLVE Y LIMPIEZA EN PRESAS Y R\u00cdOS DE JIQUIPILCO, PARA AMINORAR RIESGOS - 21 Panorama\",\"isPartOf\":{\"@id\":\"https:\/\/21panorama.com\/#website\"},\"primaryImageOfPage\":{\"@id\":\"https:\/\/21panorama.com\/index.php\/2023\/07\/18\/intensifican-trabajos-de-desazolve-y-limpieza-en-presas-y-rios-de-jiquipilco-para-aminorar-riesgos\/#primaryimage\"},\"image\":{\"@id\":\"https:\/\/21panorama.com\/index.php\/2023\/07\/18\/intensifican-trabajos-de-desazolve-y-limpieza-en-presas-y-rios-de-jiquipilco-para-aminorar-riesgos\/#primaryimage\"},\"thumbnailUrl\":\"https:\/\/21panorama.com\/wp-content\/uploads\/2023\/08\/Jiquipilco-desazolve-de-presas-y-rios-180723-3.jpg\",\"datePublished\":\"2023-07-18T17:14:36+00:00\",\"dateModified\":\"2023-08-14T02:13:34+00:00\",\"breadcrumb\":{\"@id\":\"https:\/\/21panorama.com\/index.php\/2023\/07\/18\/intensifican-trabajos-de-desazolve-y-limpieza-en-presas-y-rios-de-jiquipilco-para-aminorar-riesgos\/#breadcrumb\"},\"inLanguage\":\"es\",\"potentialAction\":[{\"@type\":\"ReadAction\",\"target\":[\"https:\/\/21panorama.com\/index.php\/2023\/07\/18\/intensifican-trabajos-de-desazolve-y-limpieza-en-presas-y-rios-de-jiquipilco-para-aminorar-riesgos\/\"]}]},{\"@type\":\"ImageObject\",\"inLanguage\":\"es\",\"@id\":\"https:\/\/21panorama.com\/index.php\/2023\/07\/18\/intensifican-trabajos-de-desazolve-y-limpieza-en-presas-y-rios-de-jiquipilco-para-aminorar-riesgos\/#primaryimage\",\"url\":\"https:\/\/21panorama.com\/wp-content\/uploads\/2023\/08\/Jiquipilco-desazolve-de-presas-y-rios-180723-3.jpg\",\"contentUrl\":\"https:\/\/21panorama.com\/wp-content\/uploads\/2023\/08\/Jiquipilco-desazolve-de-presas-y-rios-180723-3.jpg\",\"width\":1463,\"height\":858},{\"@type\":\"BreadcrumbList\",\"@id\":\"https:\/\/21panorama.com\/index.php\/2023\/07\/18\/intensifican-trabajos-de-desazolve-y-limpieza-en-presas-y-rios-de-jiquipilco-para-aminorar-riesgos\/#breadcrumb\",\"itemListElement\":[{\"@type\":\"ListItem\",\"position\":1,\"name\":\"Inicio\",\"item\":\"https:\/\/21panorama.com\/\"},{\"@type\":\"ListItem\",\"position\":2,\"name\":\"INTENSIFICAN TRABAJOS DE DESAZOLVE Y LIMPIEZA EN PRESAS Y R\u00cdOS DE JIQUIPILCO, PARA AMINORAR RIESGOS\"}]},{\"@type\":\"WebSite\",\"@id\":\"https:\/\/21panorama.com\/#website\",\"url\":\"https:\/\/21panorama.com\/\",\"name\":\"21 Panorama\",\"description\":\"La construcci\u00f3n de la opini\u00f3n p\u00fablica merece un mejor Panorama en este siglo 21 para alcanzar una sociedad con mayor transparencia y sin corrupci\u00f3n.\",\"publisher\":{\"@id\":\"https:\/\/21panorama.com\/#organization\"},\"potentialAction\":[{\"@type\":\"SearchAction\",\"target\":{\"@type\":\"EntryPoint\",\"urlTemplate\":\"https:\/\/21panorama.com\/?s={search_term_string}\"},\"query-input\":{\"@type\":\"PropertyValueSpecification\",\"valueRequired\":true,\"valueName\":\"search_term_string\"}}],\"inLanguage\":\"es\"},{\"@type\":\"Organization\",\"@id\":\"https:\/\/21panorama.com\/#organization\",\"name\":\"21 Panorama\",\"url\":\"https:\/\/21panorama.com\/\",\"logo\":{\"@type\":\"ImageObject\",\"inLanguage\":\"es\",\"@id\":\"https:\/\/21panorama.com\/#\/schema\/logo\/image\/\",\"url\":\"https:\/\/21panorama.com\/wp-content\/uploads\/2019\/07\/cropped-Logo-Panorama-01.jpeg\",\"contentUrl\":\"https:\/\/21panorama.com\/wp-content\/uploads\/2019\/07\/cropped-Logo-Panorama-01.jpeg\",\"width\":290,\"height\":70,\"caption\":\"21 Panorama\"},\"image\":{\"@id\":\"https:\/\/21panorama.com\/#\/schema\/logo\/image\/\"}},{\"@type\":\"Person\",\"@id\":\"https:\/\/21panorama.com\/#\/schema\/person\/1afc291b96d5792a158768324287319f\",\"name\":\"admin\",\"image\":{\"@type\":\"ImageObject\",\"inLanguage\":\"es\",\"@id\":\"https:\/\/21panorama.com\/#\/schema\/person\/image\/\",\"url\":\"https:\/\/secure.gravatar.com\/avatar\/ad365d9d9f46719215b0d042cc3df92a5a8683e09ef13d102233e5491985f0f0?s=96&d=mm&r=g\",\"contentUrl\":\"https:\/\/secure.gravatar.com\/avatar\/ad365d9d9f46719215b0d042cc3df92a5a8683e09ef13d102233e5491985f0f0?s=96&d=mm&r=g\",\"caption\":\"admin\"},\"url\":\"https:\/\/21panorama.com\/index.php\/author\/admin\/\"}]}<\/script>\n<!-- \/ Yoast SEO plugin. -->","yoast_head_json":{"title":"INTENSIFICAN TRABAJOS DE DESAZOLVE Y LIMPIEZA EN PRESAS Y R\u00cdOS DE JIQUIPILCO, PARA AMINORAR RIESGOS - 21 Panorama","robots":{"index":"index","follow":"follow","max-snippet":"max-snippet:-1","max-image-preview":"max-image-preview:large","max-video-preview":"max-video-preview:-1"},"canonical":"https:\/\/21panorama.com\/index.php\/2023\/07\/18\/intensifican-trabajos-de-desazolve-y-limpieza-en-presas-y-rios-de-jiquipilco-para-aminorar-riesgos\/","og_locale":"es_MX","og_type":"article","og_title":"INTENSIFICAN TRABAJOS DE DESAZOLVE Y LIMPIEZA EN PRESAS Y R\u00cdOS DE JIQUIPILCO, PARA AMINORAR RIESGOS - 21 Panorama","og_description":"De manera conjunta la Secretar\u00eda del campo de Gobierno del Estado de M\u00e9xico y el gobierno municipal, se contin\u00faa dando limpieza, desazolve y mantenimiento a las cortinas de presas, bordos y r\u00edos municipales. Esto permitir\u00e1 soportar lluvias severas del temporal para que sean reguladas, y para un mejor funcionamiento y mejor aprovechamiento del agua.","og_url":"https:\/\/21panorama.com\/index.php\/2023\/07\/18\/intensifican-trabajos-de-desazolve-y-limpieza-en-presas-y-rios-de-jiquipilco-para-aminorar-riesgos\/","og_site_name":"21 Panorama","article_published_time":"2023-07-18T17:14:36+00:00","article_modified_time":"2023-08-14T02:13:34+00:00","og_image":[{"width":1463,"height":858,"url":"https:\/\/21panorama.com\/wp-content\/uploads\/2023\/08\/Jiquipilco-desazolve-de-presas-y-rios-180723-3.jpg","type":"image\/jpeg"}],"author":"admin","twitter_card":"summary_large_image","twitter_misc":{"Escrito por":"admin","Tiempo de lectura":"1 minuto"},"schema":{"@context":"https:\/\/schema.org","@graph":[{"@type":"Article","@id":"https:\/\/21panorama.com\/index.php\/2023\/07\/18\/intensifican-trabajos-de-desazolve-y-limpieza-en-presas-y-rios-de-jiquipilco-para-aminorar-riesgos\/#article","isPartOf":{"@id":"https:\/\/21panorama.com\/index.php\/2023\/07\/18\/intensifican-trabajos-de-desazolve-y-limpieza-en-presas-y-rios-de-jiquipilco-para-aminorar-riesgos\/"},"author":{"name":"admin","@id":"https:\/\/21panorama.com\/#\/schema\/person\/1afc291b96d5792a158768324287319f"},"headline":"INTENSIFICAN TRABAJOS DE DESAZOLVE Y LIMPIEZA EN PRESAS Y R\u00cdOS DE JIQUIPILCO, PARA AMINORAR RIESGOS","datePublished":"2023-07-18T17:14:36+00:00","dateModified":"2023-08-14T02:13:34+00:00","mainEntityOfPage":{"@id":"https:\/\/21panorama.com\/index.php\/2023\/07\/18\/intensifican-trabajos-de-desazolve-y-limpieza-en-presas-y-rios-de-jiquipilco-para-aminorar-riesgos\/"},"wordCount":231,"commentCount":0,"publisher":{"@id":"https:\/\/21panorama.com\/#organization"},"image":{"@id":"https:\/\/21panorama.com\/index.php\/2023\/07\/18\/intensifican-trabajos-de-desazolve-y-limpieza-en-presas-y-rios-de-jiquipilco-para-aminorar-riesgos\/#primaryimage"},"thumbnailUrl":"https:\/\/21panorama.com\/wp-content\/uploads\/2023\/08\/Jiquipilco-desazolve-de-presas-y-rios-180723-3.jpg","keywords":["EDOMEX","Felipe S\u00e1nchez D\u00e1vila","Jiquipilco"],"articleSection":["Ciencia y Salud","Medio Ambiente","Sociedad"],"inLanguage":"es","potentialAction":[{"@type":"CommentAction","name":"Comment","target":["https:\/\/21panorama.com\/index.php\/2023\/07\/18\/intensifican-trabajos-de-desazolve-y-limpieza-en-presas-y-rios-de-jiquipilco-para-aminorar-riesgos\/#respond"]}]},{"@type":"WebPage","@id":"https:\/\/21panorama.com\/index.php\/2023\/07\/18\/intensifican-trabajos-de-desazolve-y-limpieza-en-presas-y-rios-de-jiquipilco-para-aminorar-riesgos\/","url":"https:\/\/21panorama.com\/index.php\/2023\/07\/18\/intensifican-trabajos-de-desazolve-y-limpieza-en-presas-y-rios-de-jiquipilco-para-aminorar-riesgos\/","name":"INTENSIFICAN TRABAJOS DE DESAZOLVE Y LIMPIEZA EN PRESAS Y R\u00cdOS DE JIQUIPILCO, PARA AMINORAR RIESGOS - 21 Panorama","isPartOf":{"@id":"https:\/\/21panorama.com\/#website"},"primaryImageOfPage":{"@id":"https:\/\/21panorama.com\/index.php\/2023\/07\/18\/intensifican-trabajos-de-desazolve-y-limpieza-en-presas-y-rios-de-jiquipilco-para-aminorar-riesgos\/#primaryimage"},"image":{"@id":"https:\/\/21panorama.com\/index.php\/2023\/07\/18\/intensifican-trabajos-de-desazolve-y-limpieza-en-presas-y-rios-de-jiquipilco-para-aminorar-riesgos\/#primaryimage"},"thumbnailUrl":"https:\/\/21panorama.com\/wp-content\/uploads\/2023\/08\/Jiquipilco-desazolve-de-presas-y-rios-180723-3.jpg","datePublished":"2023-07-18T17:14:36+00:00","dateModified":"2023-08-14T02:13:34+00:00","breadcrumb":{"@id":"https:\/\/21panorama.com\/index.php\/2023\/07\/18\/intensifican-trabajos-de-desazolve-y-limpieza-en-presas-y-rios-de-jiquipilco-para-aminorar-riesgos\/#breadcrumb"},"inLanguage":"es","potentialAction":[{"@type":"ReadAction","target":["https:\/\/21panorama.com\/index.php\/2023\/07\/18\/intensifican-trabajos-de-desazolve-y-limpieza-en-presas-y-rios-de-jiquipilco-para-aminorar-riesgos\/"]}]},{"@type":"ImageObject","inLanguage":"es","@id":"https:\/\/21panorama.com\/index.php\/2023\/07\/18\/intensifican-trabajos-de-desazolve-y-limpieza-en-presas-y-rios-de-jiquipilco-para-aminorar-riesgos\/#primaryimage","url":"https:\/\/21panorama.com\/wp-content\/uploads\/2023\/08\/Jiquipilco-desazolve-de-presas-y-rios-180723-3.jpg","contentUrl":"https:\/\/21panorama.com\/wp-content\/uploads\/2023\/08\/Jiquipilco-desazolve-de-presas-y-rios-180723-3.jpg","width":1463,"height":858},{"@type":"BreadcrumbList","@id":"https:\/\/21panorama.com\/index.php\/2023\/07\/18\/intensifican-trabajos-de-desazolve-y-limpieza-en-presas-y-rios-de-jiquipilco-para-aminorar-riesgos\/#breadcrumb","itemListElement":[{"@type":"ListItem","position":1,"name":"Inicio","item":"https:\/\/21panorama.com\/"},{"@type":"ListItem","position":2,"name":"INTENSIFICAN TRABAJOS DE DESAZOLVE Y LIMPIEZA EN PRESAS Y R\u00cdOS DE JIQUIPILCO, PARA AMINORAR RIESGOS"}]},{"@type":"WebSite","@id":"https:\/\/21panorama.com\/#website","url":"https:\/\/21panorama.com\/","name":"21 Panorama","description":"La construcci\u00f3n de la opini\u00f3n p\u00fablica merece un mejor Panorama en este siglo 21 para alcanzar una sociedad con mayor transparencia y sin corrupci\u00f3n.","publisher":{"@id":"https:\/\/21panorama.com\/#organization"},"potentialAction":[{"@type":"SearchAction","target":{"@type":"EntryPoint","urlTemplate":"https:\/\/21panorama.com\/?s={search_term_string}"},"query-input":{"@type":"PropertyValueSpecification","valueRequired":true,"valueName":"search_term_string"}}],"inLanguage":"es"},{"@type":"Organization","@id":"https:\/\/21panorama.com\/#organization","name":"21 Panorama","url":"https:\/\/21panorama.com\/","logo":{"@type":"ImageObject","inLanguage":"es","@id":"https:\/\/21panorama.com\/#\/schema\/logo\/image\/","url":"https:\/\/21panorama.com\/wp-content\/uploads\/2019\/07\/cropped-Logo-Panorama-01.jpeg","contentUrl":"https:\/\/21panorama.com\/wp-content\/uploads\/2019\/07\/cropped-Logo-Panorama-01.jpeg","width":290,"height":70,"caption":"21 Panorama"},"image":{"@id":"https:\/\/21panorama.com\/#\/schema\/logo\/image\/"}},{"@type":"Person","@id":"https:\/\/21panorama.com\/#\/schema\/person\/1afc291b96d5792a158768324287319f","name":"admin","image":{"@type":"ImageObject","inLanguage":"es","@id":"https:\/\/21panorama.com\/#\/schema\/person\/image\/","url":"https:\/\/secure.gravatar.com\/avatar\/ad365d9d9f46719215b0d042cc3df92a5a8683e09ef13d102233e5491985f0f0?s=96&d=mm&r=g","contentUrl":"https:\/\/secure.gravatar.com\/avatar\/ad365d9d9f46719215b0d042cc3df92a5a8683e09ef13d102233e5491985f0f0?s=96&d=mm&r=g","caption":"admin"},"url":"https:\/\/21panorama.com\/index.php\/author\/admin\/"}]}},"_links":{"self":[{"href":"https:\/\/21panorama.com\/index.php\/wp-json\/wp\/v2\/posts\/4805","targetHints":{"allow":["GET"]}}],"collection":[{"href":"https:\/\/21panorama.com\/index.php\/wp-json\/wp\/v2\/posts"}],"about":[{"href":"https:\/\/21panorama.com\/index.php\/wp-json\/wp\/v2\/types\/post"}],"author":[{"embeddable":true,"href":"https:\/\/21panorama.com\/index.php\/wp-json\/wp\/v2\/users\/1"}],"replies":[{"embeddable":true,"href":"https:\/\/21panorama.com\/index.php\/wp-json\/wp\/v2\/comments?post=4805"}],"version-history":[{"count":1,"href":"https:\/\/21panorama.com\/index.php\/wp-json\/wp\/v2\/posts\/4805\/revisions"}],"predecessor-version":[{"id":4808,"href":"https:\/\/21panorama.com\/index.php\/wp-json\/wp\/v2\/posts\/4805\/revisions\/4808"}],"wp:featuredmedia":[{"embeddable":true,"href":"https:\/\/21panorama.com\/index.php\/wp-json\/wp\/v2\/media\/4807"}],"wp:attachment":[{"href":"https:\/\/21panorama.com\/index.php\/wp-json\/wp\/v2\/media?parent=4805"}],"wp:term":[{"taxonomy":"category","embeddable":true,"href":"https:\/\/21panorama.com\/index.php\/wp-json\/wp\/v2\/categories?post=4805"},{"taxonomy":"post_tag","embeddable":true,"href":"https:\/\/21panorama.com\/index.php\/wp-json\/wp\/v2\/tags?post=4805"}],"curies":[{"name":"wp","href":"https:\/\/api.w.org\/{rel}","templated":true}]}}