{"id":4802,"date":"2023-07-04T10:09:22","date_gmt":"2023-07-04T15:09:22","guid":{"rendered":"https:\/\/21panorama.com\/?p=4802"},"modified":"2023-08-11T10:48:33","modified_gmt":"2023-08-11T15:48:33","slug":"entrega-de-obras-de-pavimentacion-jiquipilco","status":"publish","type":"post","link":"https:\/\/21panorama.com\/index.php\/2023\/07\/04\/entrega-de-obras-de-pavimentacion-jiquipilco\/","title":{"rendered":"ENTREGA DE OBRAS DE PAVIMENTACI\u00d3N: JIQUIPILCO"},"content":{"rendered":"\n<p><\/p>\n\n\n\n<p>En gira de trabajo, el Presidente Municipal, Felipe S\u00e1nchez D\u00e1vila, encabez\u00f3 el corte de list\u00f3n de tres obras de pavimentaci\u00f3n, en tres comunidades diferentes, obras importantes que representan el poder de la colaboraci\u00f3n entre la ciudadan\u00eda y el Gobierno por un cambio que ya se nota.<\/p>\n\n\n\n<p>En la primera comunidad beneficiada, se hizo entrega de la pavimentaci\u00f3n con concreto hidr\u00e1ulico en Ejido Loma de Malacota con direcci\u00f3n a Nixin\u00ed y Col. Emiliano Zapata. El edil se\u00f1al\u00f3 que con trabajo en equipo se lograr\u00e1 hacer de Ejido Loma de Malacota, una excelente comunidad y qu\u00e9 mejor que con la entrega de obras que faciliten la movilidad y conexi\u00f3n, de modo que permitan modernizar la zona y generar plusval\u00eda a sus viviendas.<\/p>\n\n\n\n<p>El segundo punto en la que tambi\u00e9n se entreg\u00f3 pavimentaci\u00f3n, fue en carretera Buenos Aires hacia San Jos\u00e9 del Sitio. Felipe S\u00e1nchez indic\u00f3 que la finalidad del esfuerzo de esta administraci\u00f3n es la de generar un entorno de bienestar para los ciudadanos, que les aporte condiciones que contribuyan a su desarrollo laboral y a su vida diaria, con orden y seguridad.<\/p>\n\n\n\n<p>Finalmente, Loma de San Felipe que conecta con Loma de Hidalgo, tambi\u00e9n se vio beneficiada con pavimentaci\u00f3n en una de sus calles principales. En este punto, el delegado agradeci\u00f3 al alcalde por la obra, porque despu\u00e9s de esperarla y hacer gestiones durante mucho tiempo, por fin se vio el fruto de ese esfuerzo, porque hoy los vecinos ya contar\u00e1n con una calle de calidad.<\/p>\n\n\n\n<p>Felipe S\u00e1nchez resalt\u00f3 que esta administraci\u00f3n est\u00e1 cumpliendo con su compromiso de atender los principales rezagos en este rengl\u00f3n, creando as\u00ed una mejor infraestructura m\u00e1s funcional de las v\u00edas, y de esta manera continuar\u00e1n trabajando para el desarrollo de la ciudad.<\/p>\n","protected":false},"excerpt":{"rendered":"<p>En gira de trabajo, el Presidente Municipal, Felipe S\u00e1nchez D\u00e1vila, encabez\u00f3 el corte de list\u00f3n de tres obras de pavimentaci\u00f3n, en tres comunidades diferentes, obras importantes que representan el poder de la colaboraci\u00f3n entre la ciudadan\u00eda y el Gobierno por un cambio que ya se nota.<\/p>\n","protected":false},"author":1,"featured_media":4803,"comment_status":"open","ping_status":"open","sticky":false,"template":"","format":"standard","meta":{"footnotes":""},"categories":[3,12,1],"tags":[97,327,222,257],"class_list":["post-4802","post","type-post","status-publish","format-standard","has-post-thumbnail","hentry","category-ecomomia","category-politica","category-sociedad","tag-edomex","tag-felipe-sanchez-davila","tag-gem","tag-jiquipilco"],"yoast_head":"<!-- This site is optimized with the Yoast SEO plugin v24.9 - https:\/\/yoast.com\/wordpress\/plugins\/seo\/ -->\n<title>ENTREGA DE OBRAS DE PAVIMENTACI\u00d3N: JIQUIPILCO - 21 Panorama<\/title>\n<meta name=\"robots\" content=\"index, follow, max-snippet:-1, max-image-preview:large, max-video-preview:-1\" \/>\n<link rel=\"canonical\" href=\"https:\/\/21panorama.com\/index.php\/2023\/07\/04\/entrega-de-obras-de-pavimentacion-jiquipilco\/\" \/>\n<meta property=\"og:locale\" content=\"es_MX\" \/>\n<meta property=\"og:type\" content=\"article\" \/>\n<meta property=\"og:title\" content=\"ENTREGA DE OBRAS DE PAVIMENTACI\u00d3N: JIQUIPILCO - 21 Panorama\" \/>\n<meta property=\"og:description\" content=\"En gira de trabajo, el Presidente Municipal, Felipe S\u00e1nchez D\u00e1vila, encabez\u00f3 el corte de list\u00f3n de tres obras de pavimentaci\u00f3n, en tres comunidades diferentes, obras importantes que representan el poder de la colaboraci\u00f3n entre la ciudadan\u00eda y el Gobierno por un cambio que ya se nota.\" \/>\n<meta property=\"og:url\" content=\"https:\/\/21panorama.com\/index.php\/2023\/07\/04\/entrega-de-obras-de-pavimentacion-jiquipilco\/\" \/>\n<meta property=\"og:site_name\" content=\"21 Panorama\" \/>\n<meta property=\"article:published_time\" content=\"2023-07-04T15:09:22+00:00\" \/>\n<meta property=\"article:modified_time\" content=\"2023-08-11T15:48:33+00:00\" \/>\n<meta property=\"og:image\" content=\"https:\/\/21panorama.com\/wp-content\/uploads\/2023\/08\/Jiquipilco-Gira-de-trabajo-040723-1.jpg\" \/>\n\t<meta property=\"og:image:width\" content=\"1022\" \/>\n\t<meta property=\"og:image:height\" content=\"690\" \/>\n\t<meta property=\"og:image:type\" content=\"image\/jpeg\" \/>\n<meta name=\"author\" content=\"admin\" \/>\n<meta name=\"twitter:card\" content=\"summary_large_image\" \/>\n<meta name=\"twitter:label1\" content=\"Escrito por\" \/>\n\t<meta name=\"twitter:data1\" content=\"admin\" \/>\n\t<meta name=\"twitter:label2\" content=\"Tiempo de lectura\" \/>\n\t<meta name=\"twitter:data2\" content=\"2 minutos\" \/>\n<script type=\"application\/ld+json\" class=\"yoast-schema-graph\">{\"@context\":\"https:\/\/schema.org\",\"@graph\":[{\"@type\":\"Article\",\"@id\":\"https:\/\/21panorama.com\/index.php\/2023\/07\/04\/entrega-de-obras-de-pavimentacion-jiquipilco\/#article\",\"isPartOf\":{\"@id\":\"https:\/\/21panorama.com\/index.php\/2023\/07\/04\/entrega-de-obras-de-pavimentacion-jiquipilco\/\"},\"author\":{\"name\":\"admin\",\"@id\":\"https:\/\/21panorama.com\/#\/schema\/person\/1afc291b96d5792a158768324287319f\"},\"headline\":\"ENTREGA DE OBRAS DE PAVIMENTACI\u00d3N: JIQUIPILCO\",\"datePublished\":\"2023-07-04T15:09:22+00:00\",\"dateModified\":\"2023-08-11T15:48:33+00:00\",\"mainEntityOfPage\":{\"@id\":\"https:\/\/21panorama.com\/index.php\/2023\/07\/04\/entrega-de-obras-de-pavimentacion-jiquipilco\/\"},\"wordCount\":319,\"commentCount\":0,\"publisher\":{\"@id\":\"https:\/\/21panorama.com\/#organization\"},\"image\":{\"@id\":\"https:\/\/21panorama.com\/index.php\/2023\/07\/04\/entrega-de-obras-de-pavimentacion-jiquipilco\/#primaryimage\"},\"thumbnailUrl\":\"https:\/\/21panorama.com\/wp-content\/uploads\/2023\/08\/Jiquipilco-Gira-de-trabajo-040723-1.jpg\",\"keywords\":[\"EDOMEX\",\"Felipe S\u00e1nchez D\u00e1vila\",\"GEM\",\"Jiquipilco\"],\"articleSection\":[\"Econom\u00eda\",\"Politica\",\"Sociedad\"],\"inLanguage\":\"es\",\"potentialAction\":[{\"@type\":\"CommentAction\",\"name\":\"Comment\",\"target\":[\"https:\/\/21panorama.com\/index.php\/2023\/07\/04\/entrega-de-obras-de-pavimentacion-jiquipilco\/#respond\"]}]},{\"@type\":\"WebPage\",\"@id\":\"https:\/\/21panorama.com\/index.php\/2023\/07\/04\/entrega-de-obras-de-pavimentacion-jiquipilco\/\",\"url\":\"https:\/\/21panorama.com\/index.php\/2023\/07\/04\/entrega-de-obras-de-pavimentacion-jiquipilco\/\",\"name\":\"ENTREGA DE OBRAS DE PAVIMENTACI\u00d3N: JIQUIPILCO - 21 Panorama\",\"isPartOf\":{\"@id\":\"https:\/\/21panorama.com\/#website\"},\"primaryImageOfPage\":{\"@id\":\"https:\/\/21panorama.com\/index.php\/2023\/07\/04\/entrega-de-obras-de-pavimentacion-jiquipilco\/#primaryimage\"},\"image\":{\"@id\":\"https:\/\/21panorama.com\/index.php\/2023\/07\/04\/entrega-de-obras-de-pavimentacion-jiquipilco\/#primaryimage\"},\"thumbnailUrl\":\"https:\/\/21panorama.com\/wp-content\/uploads\/2023\/08\/Jiquipilco-Gira-de-trabajo-040723-1.jpg\",\"datePublished\":\"2023-07-04T15:09:22+00:00\",\"dateModified\":\"2023-08-11T15:48:33+00:00\",\"breadcrumb\":{\"@id\":\"https:\/\/21panorama.com\/index.php\/2023\/07\/04\/entrega-de-obras-de-pavimentacion-jiquipilco\/#breadcrumb\"},\"inLanguage\":\"es\",\"potentialAction\":[{\"@type\":\"ReadAction\",\"target\":[\"https:\/\/21panorama.com\/index.php\/2023\/07\/04\/entrega-de-obras-de-pavimentacion-jiquipilco\/\"]}]},{\"@type\":\"ImageObject\",\"inLanguage\":\"es\",\"@id\":\"https:\/\/21panorama.com\/index.php\/2023\/07\/04\/entrega-de-obras-de-pavimentacion-jiquipilco\/#primaryimage\",\"url\":\"https:\/\/21panorama.com\/wp-content\/uploads\/2023\/08\/Jiquipilco-Gira-de-trabajo-040723-1.jpg\",\"contentUrl\":\"https:\/\/21panorama.com\/wp-content\/uploads\/2023\/08\/Jiquipilco-Gira-de-trabajo-040723-1.jpg\",\"width\":1022,\"height\":690},{\"@type\":\"BreadcrumbList\",\"@id\":\"https:\/\/21panorama.com\/index.php\/2023\/07\/04\/entrega-de-obras-de-pavimentacion-jiquipilco\/#breadcrumb\",\"itemListElement\":[{\"@type\":\"ListItem\",\"position\":1,\"name\":\"Inicio\",\"item\":\"https:\/\/21panorama.com\/\"},{\"@type\":\"ListItem\",\"position\":2,\"name\":\"ENTREGA DE OBRAS DE PAVIMENTACI\u00d3N: JIQUIPILCO\"}]},{\"@type\":\"WebSite\",\"@id\":\"https:\/\/21panorama.com\/#website\",\"url\":\"https:\/\/21panorama.com\/\",\"name\":\"21 Panorama\",\"description\":\"La construcci\u00f3n de la opini\u00f3n p\u00fablica merece un mejor Panorama en este siglo 21 para alcanzar una sociedad con mayor transparencia y sin corrupci\u00f3n.\",\"publisher\":{\"@id\":\"https:\/\/21panorama.com\/#organization\"},\"potentialAction\":[{\"@type\":\"SearchAction\",\"target\":{\"@type\":\"EntryPoint\",\"urlTemplate\":\"https:\/\/21panorama.com\/?s={search_term_string}\"},\"query-input\":{\"@type\":\"PropertyValueSpecification\",\"valueRequired\":true,\"valueName\":\"search_term_string\"}}],\"inLanguage\":\"es\"},{\"@type\":\"Organization\",\"@id\":\"https:\/\/21panorama.com\/#organization\",\"name\":\"21 Panorama\",\"url\":\"https:\/\/21panorama.com\/\",\"logo\":{\"@type\":\"ImageObject\",\"inLanguage\":\"es\",\"@id\":\"https:\/\/21panorama.com\/#\/schema\/logo\/image\/\",\"url\":\"https:\/\/21panorama.com\/wp-content\/uploads\/2019\/07\/cropped-Logo-Panorama-01.jpeg\",\"contentUrl\":\"https:\/\/21panorama.com\/wp-content\/uploads\/2019\/07\/cropped-Logo-Panorama-01.jpeg\",\"width\":290,\"height\":70,\"caption\":\"21 Panorama\"},\"image\":{\"@id\":\"https:\/\/21panorama.com\/#\/schema\/logo\/image\/\"}},{\"@type\":\"Person\",\"@id\":\"https:\/\/21panorama.com\/#\/schema\/person\/1afc291b96d5792a158768324287319f\",\"name\":\"admin\",\"image\":{\"@type\":\"ImageObject\",\"inLanguage\":\"es\",\"@id\":\"https:\/\/21panorama.com\/#\/schema\/person\/image\/\",\"url\":\"https:\/\/secure.gravatar.com\/avatar\/ad365d9d9f46719215b0d042cc3df92a5a8683e09ef13d102233e5491985f0f0?s=96&d=mm&r=g\",\"contentUrl\":\"https:\/\/secure.gravatar.com\/avatar\/ad365d9d9f46719215b0d042cc3df92a5a8683e09ef13d102233e5491985f0f0?s=96&d=mm&r=g\",\"caption\":\"admin\"},\"url\":\"https:\/\/21panorama.com\/index.php\/author\/admin\/\"}]}<\/script>\n<!-- \/ Yoast SEO plugin. -->","yoast_head_json":{"title":"ENTREGA DE OBRAS DE PAVIMENTACI\u00d3N: JIQUIPILCO - 21 Panorama","robots":{"index":"index","follow":"follow","max-snippet":"max-snippet:-1","max-image-preview":"max-image-preview:large","max-video-preview":"max-video-preview:-1"},"canonical":"https:\/\/21panorama.com\/index.php\/2023\/07\/04\/entrega-de-obras-de-pavimentacion-jiquipilco\/","og_locale":"es_MX","og_type":"article","og_title":"ENTREGA DE OBRAS DE PAVIMENTACI\u00d3N: JIQUIPILCO - 21 Panorama","og_description":"En gira de trabajo, el Presidente Municipal, Felipe S\u00e1nchez D\u00e1vila, encabez\u00f3 el corte de list\u00f3n de tres obras de pavimentaci\u00f3n, en tres comunidades diferentes, obras importantes que representan el poder de la colaboraci\u00f3n entre la ciudadan\u00eda y el Gobierno por un cambio que ya se nota.","og_url":"https:\/\/21panorama.com\/index.php\/2023\/07\/04\/entrega-de-obras-de-pavimentacion-jiquipilco\/","og_site_name":"21 Panorama","article_published_time":"2023-07-04T15:09:22+00:00","article_modified_time":"2023-08-11T15:48:33+00:00","og_image":[{"width":1022,"height":690,"url":"https:\/\/21panorama.com\/wp-content\/uploads\/2023\/08\/Jiquipilco-Gira-de-trabajo-040723-1.jpg","type":"image\/jpeg"}],"author":"admin","twitter_card":"summary_large_image","twitter_misc":{"Escrito por":"admin","Tiempo de lectura":"2 minutos"},"schema":{"@context":"https:\/\/schema.org","@graph":[{"@type":"Article","@id":"https:\/\/21panorama.com\/index.php\/2023\/07\/04\/entrega-de-obras-de-pavimentacion-jiquipilco\/#article","isPartOf":{"@id":"https:\/\/21panorama.com\/index.php\/2023\/07\/04\/entrega-de-obras-de-pavimentacion-jiquipilco\/"},"author":{"name":"admin","@id":"https:\/\/21panorama.com\/#\/schema\/person\/1afc291b96d5792a158768324287319f"},"headline":"ENTREGA DE OBRAS DE PAVIMENTACI\u00d3N: JIQUIPILCO","datePublished":"2023-07-04T15:09:22+00:00","dateModified":"2023-08-11T15:48:33+00:00","mainEntityOfPage":{"@id":"https:\/\/21panorama.com\/index.php\/2023\/07\/04\/entrega-de-obras-de-pavimentacion-jiquipilco\/"},"wordCount":319,"commentCount":0,"publisher":{"@id":"https:\/\/21panorama.com\/#organization"},"image":{"@id":"https:\/\/21panorama.com\/index.php\/2023\/07\/04\/entrega-de-obras-de-pavimentacion-jiquipilco\/#primaryimage"},"thumbnailUrl":"https:\/\/21panorama.com\/wp-content\/uploads\/2023\/08\/Jiquipilco-Gira-de-trabajo-040723-1.jpg","keywords":["EDOMEX","Felipe S\u00e1nchez D\u00e1vila","GEM","Jiquipilco"],"articleSection":["Econom\u00eda","Politica","Sociedad"],"inLanguage":"es","potentialAction":[{"@type":"CommentAction","name":"Comment","target":["https:\/\/21panorama.com\/index.php\/2023\/07\/04\/entrega-de-obras-de-pavimentacion-jiquipilco\/#respond"]}]},{"@type":"WebPage","@id":"https:\/\/21panorama.com\/index.php\/2023\/07\/04\/entrega-de-obras-de-pavimentacion-jiquipilco\/","url":"https:\/\/21panorama.com\/index.php\/2023\/07\/04\/entrega-de-obras-de-pavimentacion-jiquipilco\/","name":"ENTREGA DE OBRAS DE PAVIMENTACI\u00d3N: JIQUIPILCO - 21 Panorama","isPartOf":{"@id":"https:\/\/21panorama.com\/#website"},"primaryImageOfPage":{"@id":"https:\/\/21panorama.com\/index.php\/2023\/07\/04\/entrega-de-obras-de-pavimentacion-jiquipilco\/#primaryimage"},"image":{"@id":"https:\/\/21panorama.com\/index.php\/2023\/07\/04\/entrega-de-obras-de-pavimentacion-jiquipilco\/#primaryimage"},"thumbnailUrl":"https:\/\/21panorama.com\/wp-content\/uploads\/2023\/08\/Jiquipilco-Gira-de-trabajo-040723-1.jpg","datePublished":"2023-07-04T15:09:22+00:00","dateModified":"2023-08-11T15:48:33+00:00","breadcrumb":{"@id":"https:\/\/21panorama.com\/index.php\/2023\/07\/04\/entrega-de-obras-de-pavimentacion-jiquipilco\/#breadcrumb"},"inLanguage":"es","potentialAction":[{"@type":"ReadAction","target":["https:\/\/21panorama.com\/index.php\/2023\/07\/04\/entrega-de-obras-de-pavimentacion-jiquipilco\/"]}]},{"@type":"ImageObject","inLanguage":"es","@id":"https:\/\/21panorama.com\/index.php\/2023\/07\/04\/entrega-de-obras-de-pavimentacion-jiquipilco\/#primaryimage","url":"https:\/\/21panorama.com\/wp-content\/uploads\/2023\/08\/Jiquipilco-Gira-de-trabajo-040723-1.jpg","contentUrl":"https:\/\/21panorama.com\/wp-content\/uploads\/2023\/08\/Jiquipilco-Gira-de-trabajo-040723-1.jpg","width":1022,"height":690},{"@type":"BreadcrumbList","@id":"https:\/\/21panorama.com\/index.php\/2023\/07\/04\/entrega-de-obras-de-pavimentacion-jiquipilco\/#breadcrumb","itemListElement":[{"@type":"ListItem","position":1,"name":"Inicio","item":"https:\/\/21panorama.com\/"},{"@type":"ListItem","position":2,"name":"ENTREGA DE OBRAS DE PAVIMENTACI\u00d3N: JIQUIPILCO"}]},{"@type":"WebSite","@id":"https:\/\/21panorama.com\/#website","url":"https:\/\/21panorama.com\/","name":"21 Panorama","description":"La construcci\u00f3n de la opini\u00f3n p\u00fablica merece un mejor Panorama en este siglo 21 para alcanzar una sociedad con mayor transparencia y sin corrupci\u00f3n.","publisher":{"@id":"https:\/\/21panorama.com\/#organization"},"potentialAction":[{"@type":"SearchAction","target":{"@type":"EntryPoint","urlTemplate":"https:\/\/21panorama.com\/?s={search_term_string}"},"query-input":{"@type":"PropertyValueSpecification","valueRequired":true,"valueName":"search_term_string"}}],"inLanguage":"es"},{"@type":"Organization","@id":"https:\/\/21panorama.com\/#organization","name":"21 Panorama","url":"https:\/\/21panorama.com\/","logo":{"@type":"ImageObject","inLanguage":"es","@id":"https:\/\/21panorama.com\/#\/schema\/logo\/image\/","url":"https:\/\/21panorama.com\/wp-content\/uploads\/2019\/07\/cropped-Logo-Panorama-01.jpeg","contentUrl":"https:\/\/21panorama.com\/wp-content\/uploads\/2019\/07\/cropped-Logo-Panorama-01.jpeg","width":290,"height":70,"caption":"21 Panorama"},"image":{"@id":"https:\/\/21panorama.com\/#\/schema\/logo\/image\/"}},{"@type":"Person","@id":"https:\/\/21panorama.com\/#\/schema\/person\/1afc291b96d5792a158768324287319f","name":"admin","image":{"@type":"ImageObject","inLanguage":"es","@id":"https:\/\/21panorama.com\/#\/schema\/person\/image\/","url":"https:\/\/secure.gravatar.com\/avatar\/ad365d9d9f46719215b0d042cc3df92a5a8683e09ef13d102233e5491985f0f0?s=96&d=mm&r=g","contentUrl":"https:\/\/secure.gravatar.com\/avatar\/ad365d9d9f46719215b0d042cc3df92a5a8683e09ef13d102233e5491985f0f0?s=96&d=mm&r=g","caption":"admin"},"url":"https:\/\/21panorama.com\/index.php\/author\/admin\/"}]}},"_links":{"self":[{"href":"https:\/\/21panorama.com\/index.php\/wp-json\/wp\/v2\/posts\/4802","targetHints":{"allow":["GET"]}}],"collection":[{"href":"https:\/\/21panorama.com\/index.php\/wp-json\/wp\/v2\/posts"}],"about":[{"href":"https:\/\/21panorama.com\/index.php\/wp-json\/wp\/v2\/types\/post"}],"author":[{"embeddable":true,"href":"https:\/\/21panorama.com\/index.php\/wp-json\/wp\/v2\/users\/1"}],"replies":[{"embeddable":true,"href":"https:\/\/21panorama.com\/index.php\/wp-json\/wp\/v2\/comments?post=4802"}],"version-history":[{"count":1,"href":"https:\/\/21panorama.com\/index.php\/wp-json\/wp\/v2\/posts\/4802\/revisions"}],"predecessor-version":[{"id":4804,"href":"https:\/\/21panorama.com\/index.php\/wp-json\/wp\/v2\/posts\/4802\/revisions\/4804"}],"wp:featuredmedia":[{"embeddable":true,"href":"https:\/\/21panorama.com\/index.php\/wp-json\/wp\/v2\/media\/4803"}],"wp:attachment":[{"href":"https:\/\/21panorama.com\/index.php\/wp-json\/wp\/v2\/media?parent=4802"}],"wp:term":[{"taxonomy":"category","embeddable":true,"href":"https:\/\/21panorama.com\/index.php\/wp-json\/wp\/v2\/categories?post=4802"},{"taxonomy":"post_tag","embeddable":true,"href":"https:\/\/21panorama.com\/index.php\/wp-json\/wp\/v2\/tags?post=4802"}],"curies":[{"name":"wp","href":"https:\/\/api.w.org\/{rel}","templated":true}]}}