{"id":4795,"date":"2023-07-02T11:59:13","date_gmt":"2023-07-02T16:59:13","guid":{"rendered":"https:\/\/21panorama.com\/?p=4795"},"modified":"2023-08-10T14:08:41","modified_gmt":"2023-08-10T19:08:41","slug":"aniversario-de-la-plaza-ganadera-de-jiquipilco","status":"publish","type":"post","link":"https:\/\/21panorama.com\/index.php\/2023\/07\/02\/aniversario-de-la-plaza-ganadera-de-jiquipilco\/","title":{"rendered":"ANIVERSARIO DE LA PLAZA GANADERA DE JIQUIPILCO"},"content":{"rendered":"\n<p><\/p>\n\n\n\n<p>El Gobierno Municipal de Jiquipilco festej\u00f3 el 1er Aniversario de la Plaza Ganadera, un gran esfuerzo en la que se promueven y dan un gran impulso econ\u00f3mico a las actividades agroalimentarias y ganaderas de este municipio.<\/p>\n\n\n\n<p>Encabezando este evento, estuvo el Presidente Municipal, profesor Felipe de Jes\u00fas S\u00e1nchez D\u00e1vila; acompa\u00f1ado de la Diputada Local por el Distrito XV, Mtra. Josefina Aguilar S\u00e1nchez; la Presidenta del DIF, Susy \u00c1vila S\u00e1nchez; la S\u00edndico Municipal, Mtra. Imelda Mart\u00ednez S\u00e1nchez; la 2\u00aa regidora, Ang\u00e9lica M\u00e1ximo Ord\u00f3\u00f1ez; el delegado de San Jos\u00e9 del Sitio, Eliseo Gonz\u00e1lez Gil; el productor ganadero de Manzana primera de la cabecera Municipal, Gabriel Becerril Becerril y el Presidente del Club Mustang Drivers, Pedro Villegas Salgado.<\/p>\n\n\n\n<p>La diputada local, Josefina Aguilar, se\u00f1al\u00f3 la importancia de la Plaza, ya que el beneficio econ\u00f3mico de los participantes locales, es significativo, por el hecho de que ya no tienen que desplazarse a otros municipios para ofrecer sus productos. El evitar este desplazamiento significa un gran ahorro para los comerciantes. El objetivo es que esta Plaza crezca, a\u00f1o con a\u00f1o y que sea una de las m\u00e1s importantes de esta regi\u00f3n.<\/p>\n\n\n\n<p>Dentro de las prioridades de esta administraci\u00f3n 2022-2024, est\u00e1 el fortalecimiento del impulso y proyecci\u00f3n econ\u00f3mica de las actividades ganaderas y agropecuarias. De esta manera, el Presidente, Felipe S\u00e1nchez, destac\u00f3 el esfuerzo que los jiquipilquenses hicieron para llegar a este primer aniversario. Agradeci\u00f3 a los productores, ganaderos, comerciantes, etc. que, con sus altas y sus bajas, persistieron con ah\u00ednco, hasta llegar aqu\u00ed. Esta constancia y perseverancia han rendido sus frutos.<\/p>\n\n\n\n<p>El edil indic\u00f3 que lo m\u00e1s importante es fomentar el consumo local, que Jiquipilco sea proveedor de materia prima, para as\u00ed lograr mejorar la econom\u00eda local. Para llegar a esta meta, es muy importante la participaci\u00f3n de cada ciudadano jiquipilquense para alcanzar el crecimiento y fortalecimiento de esta Plaza ganadera.<\/p>\n","protected":false},"excerpt":{"rendered":"<p>El Gobierno Municipal de Jiquipilco festej\u00f3 el 1er Aniversario de la Plaza Ganadera, un gran esfuerzo en la que se promueven y dan un gran impulso econ\u00f3mico a las actividades agroalimentarias y ganaderas de este municipio.<\/p>\n","protected":false},"author":1,"featured_media":4796,"comment_status":"open","ping_status":"open","sticky":false,"template":"","format":"standard","meta":{"footnotes":""},"categories":[3,12,1],"tags":[97,327,222,257],"class_list":["post-4795","post","type-post","status-publish","format-standard","has-post-thumbnail","hentry","category-ecomomia","category-politica","category-sociedad","tag-edomex","tag-felipe-sanchez-davila","tag-gem","tag-jiquipilco"],"yoast_head":"<!-- This site is optimized with the Yoast SEO plugin v24.9 - https:\/\/yoast.com\/wordpress\/plugins\/seo\/ -->\n<title>ANIVERSARIO DE LA PLAZA GANADERA DE JIQUIPILCO - 21 Panorama<\/title>\n<meta name=\"robots\" content=\"index, follow, max-snippet:-1, max-image-preview:large, max-video-preview:-1\" \/>\n<link rel=\"canonical\" href=\"https:\/\/21panorama.com\/index.php\/2023\/07\/02\/aniversario-de-la-plaza-ganadera-de-jiquipilco\/\" \/>\n<meta property=\"og:locale\" content=\"es_MX\" \/>\n<meta property=\"og:type\" content=\"article\" \/>\n<meta property=\"og:title\" content=\"ANIVERSARIO DE LA PLAZA GANADERA DE JIQUIPILCO - 21 Panorama\" \/>\n<meta property=\"og:description\" content=\"El Gobierno Municipal de Jiquipilco festej\u00f3 el 1er Aniversario de la Plaza Ganadera, un gran esfuerzo en la que se promueven y dan un gran impulso econ\u00f3mico a las actividades agroalimentarias y ganaderas de este municipio.\" \/>\n<meta property=\"og:url\" content=\"https:\/\/21panorama.com\/index.php\/2023\/07\/02\/aniversario-de-la-plaza-ganadera-de-jiquipilco\/\" \/>\n<meta property=\"og:site_name\" content=\"21 Panorama\" \/>\n<meta property=\"article:published_time\" content=\"2023-07-02T16:59:13+00:00\" \/>\n<meta property=\"article:modified_time\" content=\"2023-08-10T19:08:41+00:00\" \/>\n<meta property=\"og:image\" content=\"https:\/\/21panorama.com\/wp-content\/uploads\/2023\/08\/Jiquipilco-Aniv-Plaza-Ganadera-2023-3.jpg\" \/>\n\t<meta property=\"og:image:width\" content=\"419\" \/>\n\t<meta property=\"og:image:height\" content=\"272\" \/>\n\t<meta property=\"og:image:type\" content=\"image\/jpeg\" \/>\n<meta name=\"author\" content=\"admin\" \/>\n<meta name=\"twitter:card\" content=\"summary_large_image\" \/>\n<meta name=\"twitter:label1\" content=\"Escrito por\" \/>\n\t<meta name=\"twitter:data1\" content=\"admin\" \/>\n\t<meta name=\"twitter:label2\" content=\"Tiempo de lectura\" \/>\n\t<meta name=\"twitter:data2\" content=\"2 minutos\" \/>\n<script type=\"application\/ld+json\" class=\"yoast-schema-graph\">{\"@context\":\"https:\/\/schema.org\",\"@graph\":[{\"@type\":\"Article\",\"@id\":\"https:\/\/21panorama.com\/index.php\/2023\/07\/02\/aniversario-de-la-plaza-ganadera-de-jiquipilco\/#article\",\"isPartOf\":{\"@id\":\"https:\/\/21panorama.com\/index.php\/2023\/07\/02\/aniversario-de-la-plaza-ganadera-de-jiquipilco\/\"},\"author\":{\"name\":\"admin\",\"@id\":\"https:\/\/21panorama.com\/#\/schema\/person\/1afc291b96d5792a158768324287319f\"},\"headline\":\"ANIVERSARIO DE LA PLAZA GANADERA DE JIQUIPILCO\",\"datePublished\":\"2023-07-02T16:59:13+00:00\",\"dateModified\":\"2023-08-10T19:08:41+00:00\",\"mainEntityOfPage\":{\"@id\":\"https:\/\/21panorama.com\/index.php\/2023\/07\/02\/aniversario-de-la-plaza-ganadera-de-jiquipilco\/\"},\"wordCount\":340,\"commentCount\":0,\"publisher\":{\"@id\":\"https:\/\/21panorama.com\/#organization\"},\"image\":{\"@id\":\"https:\/\/21panorama.com\/index.php\/2023\/07\/02\/aniversario-de-la-plaza-ganadera-de-jiquipilco\/#primaryimage\"},\"thumbnailUrl\":\"https:\/\/21panorama.com\/wp-content\/uploads\/2023\/08\/Jiquipilco-Aniv-Plaza-Ganadera-2023-3.jpg\",\"keywords\":[\"EDOMEX\",\"Felipe S\u00e1nchez D\u00e1vila\",\"GEM\",\"Jiquipilco\"],\"articleSection\":[\"Econom\u00eda\",\"Politica\",\"Sociedad\"],\"inLanguage\":\"es\",\"potentialAction\":[{\"@type\":\"CommentAction\",\"name\":\"Comment\",\"target\":[\"https:\/\/21panorama.com\/index.php\/2023\/07\/02\/aniversario-de-la-plaza-ganadera-de-jiquipilco\/#respond\"]}]},{\"@type\":\"WebPage\",\"@id\":\"https:\/\/21panorama.com\/index.php\/2023\/07\/02\/aniversario-de-la-plaza-ganadera-de-jiquipilco\/\",\"url\":\"https:\/\/21panorama.com\/index.php\/2023\/07\/02\/aniversario-de-la-plaza-ganadera-de-jiquipilco\/\",\"name\":\"ANIVERSARIO DE LA PLAZA GANADERA DE JIQUIPILCO - 21 Panorama\",\"isPartOf\":{\"@id\":\"https:\/\/21panorama.com\/#website\"},\"primaryImageOfPage\":{\"@id\":\"https:\/\/21panorama.com\/index.php\/2023\/07\/02\/aniversario-de-la-plaza-ganadera-de-jiquipilco\/#primaryimage\"},\"image\":{\"@id\":\"https:\/\/21panorama.com\/index.php\/2023\/07\/02\/aniversario-de-la-plaza-ganadera-de-jiquipilco\/#primaryimage\"},\"thumbnailUrl\":\"https:\/\/21panorama.com\/wp-content\/uploads\/2023\/08\/Jiquipilco-Aniv-Plaza-Ganadera-2023-3.jpg\",\"datePublished\":\"2023-07-02T16:59:13+00:00\",\"dateModified\":\"2023-08-10T19:08:41+00:00\",\"breadcrumb\":{\"@id\":\"https:\/\/21panorama.com\/index.php\/2023\/07\/02\/aniversario-de-la-plaza-ganadera-de-jiquipilco\/#breadcrumb\"},\"inLanguage\":\"es\",\"potentialAction\":[{\"@type\":\"ReadAction\",\"target\":[\"https:\/\/21panorama.com\/index.php\/2023\/07\/02\/aniversario-de-la-plaza-ganadera-de-jiquipilco\/\"]}]},{\"@type\":\"ImageObject\",\"inLanguage\":\"es\",\"@id\":\"https:\/\/21panorama.com\/index.php\/2023\/07\/02\/aniversario-de-la-plaza-ganadera-de-jiquipilco\/#primaryimage\",\"url\":\"https:\/\/21panorama.com\/wp-content\/uploads\/2023\/08\/Jiquipilco-Aniv-Plaza-Ganadera-2023-3.jpg\",\"contentUrl\":\"https:\/\/21panorama.com\/wp-content\/uploads\/2023\/08\/Jiquipilco-Aniv-Plaza-Ganadera-2023-3.jpg\",\"width\":419,\"height\":272},{\"@type\":\"BreadcrumbList\",\"@id\":\"https:\/\/21panorama.com\/index.php\/2023\/07\/02\/aniversario-de-la-plaza-ganadera-de-jiquipilco\/#breadcrumb\",\"itemListElement\":[{\"@type\":\"ListItem\",\"position\":1,\"name\":\"Inicio\",\"item\":\"https:\/\/21panorama.com\/\"},{\"@type\":\"ListItem\",\"position\":2,\"name\":\"ANIVERSARIO DE LA PLAZA GANADERA DE JIQUIPILCO\"}]},{\"@type\":\"WebSite\",\"@id\":\"https:\/\/21panorama.com\/#website\",\"url\":\"https:\/\/21panorama.com\/\",\"name\":\"21 Panorama\",\"description\":\"La construcci\u00f3n de la opini\u00f3n p\u00fablica merece un mejor Panorama en este siglo 21 para alcanzar una sociedad con mayor transparencia y sin corrupci\u00f3n.\",\"publisher\":{\"@id\":\"https:\/\/21panorama.com\/#organization\"},\"potentialAction\":[{\"@type\":\"SearchAction\",\"target\":{\"@type\":\"EntryPoint\",\"urlTemplate\":\"https:\/\/21panorama.com\/?s={search_term_string}\"},\"query-input\":{\"@type\":\"PropertyValueSpecification\",\"valueRequired\":true,\"valueName\":\"search_term_string\"}}],\"inLanguage\":\"es\"},{\"@type\":\"Organization\",\"@id\":\"https:\/\/21panorama.com\/#organization\",\"name\":\"21 Panorama\",\"url\":\"https:\/\/21panorama.com\/\",\"logo\":{\"@type\":\"ImageObject\",\"inLanguage\":\"es\",\"@id\":\"https:\/\/21panorama.com\/#\/schema\/logo\/image\/\",\"url\":\"https:\/\/21panorama.com\/wp-content\/uploads\/2019\/07\/cropped-Logo-Panorama-01.jpeg\",\"contentUrl\":\"https:\/\/21panorama.com\/wp-content\/uploads\/2019\/07\/cropped-Logo-Panorama-01.jpeg\",\"width\":290,\"height\":70,\"caption\":\"21 Panorama\"},\"image\":{\"@id\":\"https:\/\/21panorama.com\/#\/schema\/logo\/image\/\"}},{\"@type\":\"Person\",\"@id\":\"https:\/\/21panorama.com\/#\/schema\/person\/1afc291b96d5792a158768324287319f\",\"name\":\"admin\",\"image\":{\"@type\":\"ImageObject\",\"inLanguage\":\"es\",\"@id\":\"https:\/\/21panorama.com\/#\/schema\/person\/image\/\",\"url\":\"https:\/\/secure.gravatar.com\/avatar\/ad365d9d9f46719215b0d042cc3df92a5a8683e09ef13d102233e5491985f0f0?s=96&d=mm&r=g\",\"contentUrl\":\"https:\/\/secure.gravatar.com\/avatar\/ad365d9d9f46719215b0d042cc3df92a5a8683e09ef13d102233e5491985f0f0?s=96&d=mm&r=g\",\"caption\":\"admin\"},\"url\":\"https:\/\/21panorama.com\/index.php\/author\/admin\/\"}]}<\/script>\n<!-- \/ Yoast SEO plugin. -->","yoast_head_json":{"title":"ANIVERSARIO DE LA PLAZA GANADERA DE JIQUIPILCO - 21 Panorama","robots":{"index":"index","follow":"follow","max-snippet":"max-snippet:-1","max-image-preview":"max-image-preview:large","max-video-preview":"max-video-preview:-1"},"canonical":"https:\/\/21panorama.com\/index.php\/2023\/07\/02\/aniversario-de-la-plaza-ganadera-de-jiquipilco\/","og_locale":"es_MX","og_type":"article","og_title":"ANIVERSARIO DE LA PLAZA GANADERA DE JIQUIPILCO - 21 Panorama","og_description":"El Gobierno Municipal de Jiquipilco festej\u00f3 el 1er Aniversario de la Plaza Ganadera, un gran esfuerzo en la que se promueven y dan un gran impulso econ\u00f3mico a las actividades agroalimentarias y ganaderas de este municipio.","og_url":"https:\/\/21panorama.com\/index.php\/2023\/07\/02\/aniversario-de-la-plaza-ganadera-de-jiquipilco\/","og_site_name":"21 Panorama","article_published_time":"2023-07-02T16:59:13+00:00","article_modified_time":"2023-08-10T19:08:41+00:00","og_image":[{"width":419,"height":272,"url":"https:\/\/21panorama.com\/wp-content\/uploads\/2023\/08\/Jiquipilco-Aniv-Plaza-Ganadera-2023-3.jpg","type":"image\/jpeg"}],"author":"admin","twitter_card":"summary_large_image","twitter_misc":{"Escrito por":"admin","Tiempo de lectura":"2 minutos"},"schema":{"@context":"https:\/\/schema.org","@graph":[{"@type":"Article","@id":"https:\/\/21panorama.com\/index.php\/2023\/07\/02\/aniversario-de-la-plaza-ganadera-de-jiquipilco\/#article","isPartOf":{"@id":"https:\/\/21panorama.com\/index.php\/2023\/07\/02\/aniversario-de-la-plaza-ganadera-de-jiquipilco\/"},"author":{"name":"admin","@id":"https:\/\/21panorama.com\/#\/schema\/person\/1afc291b96d5792a158768324287319f"},"headline":"ANIVERSARIO DE LA PLAZA GANADERA DE JIQUIPILCO","datePublished":"2023-07-02T16:59:13+00:00","dateModified":"2023-08-10T19:08:41+00:00","mainEntityOfPage":{"@id":"https:\/\/21panorama.com\/index.php\/2023\/07\/02\/aniversario-de-la-plaza-ganadera-de-jiquipilco\/"},"wordCount":340,"commentCount":0,"publisher":{"@id":"https:\/\/21panorama.com\/#organization"},"image":{"@id":"https:\/\/21panorama.com\/index.php\/2023\/07\/02\/aniversario-de-la-plaza-ganadera-de-jiquipilco\/#primaryimage"},"thumbnailUrl":"https:\/\/21panorama.com\/wp-content\/uploads\/2023\/08\/Jiquipilco-Aniv-Plaza-Ganadera-2023-3.jpg","keywords":["EDOMEX","Felipe S\u00e1nchez D\u00e1vila","GEM","Jiquipilco"],"articleSection":["Econom\u00eda","Politica","Sociedad"],"inLanguage":"es","potentialAction":[{"@type":"CommentAction","name":"Comment","target":["https:\/\/21panorama.com\/index.php\/2023\/07\/02\/aniversario-de-la-plaza-ganadera-de-jiquipilco\/#respond"]}]},{"@type":"WebPage","@id":"https:\/\/21panorama.com\/index.php\/2023\/07\/02\/aniversario-de-la-plaza-ganadera-de-jiquipilco\/","url":"https:\/\/21panorama.com\/index.php\/2023\/07\/02\/aniversario-de-la-plaza-ganadera-de-jiquipilco\/","name":"ANIVERSARIO DE LA PLAZA GANADERA DE JIQUIPILCO - 21 Panorama","isPartOf":{"@id":"https:\/\/21panorama.com\/#website"},"primaryImageOfPage":{"@id":"https:\/\/21panorama.com\/index.php\/2023\/07\/02\/aniversario-de-la-plaza-ganadera-de-jiquipilco\/#primaryimage"},"image":{"@id":"https:\/\/21panorama.com\/index.php\/2023\/07\/02\/aniversario-de-la-plaza-ganadera-de-jiquipilco\/#primaryimage"},"thumbnailUrl":"https:\/\/21panorama.com\/wp-content\/uploads\/2023\/08\/Jiquipilco-Aniv-Plaza-Ganadera-2023-3.jpg","datePublished":"2023-07-02T16:59:13+00:00","dateModified":"2023-08-10T19:08:41+00:00","breadcrumb":{"@id":"https:\/\/21panorama.com\/index.php\/2023\/07\/02\/aniversario-de-la-plaza-ganadera-de-jiquipilco\/#breadcrumb"},"inLanguage":"es","potentialAction":[{"@type":"ReadAction","target":["https:\/\/21panorama.com\/index.php\/2023\/07\/02\/aniversario-de-la-plaza-ganadera-de-jiquipilco\/"]}]},{"@type":"ImageObject","inLanguage":"es","@id":"https:\/\/21panorama.com\/index.php\/2023\/07\/02\/aniversario-de-la-plaza-ganadera-de-jiquipilco\/#primaryimage","url":"https:\/\/21panorama.com\/wp-content\/uploads\/2023\/08\/Jiquipilco-Aniv-Plaza-Ganadera-2023-3.jpg","contentUrl":"https:\/\/21panorama.com\/wp-content\/uploads\/2023\/08\/Jiquipilco-Aniv-Plaza-Ganadera-2023-3.jpg","width":419,"height":272},{"@type":"BreadcrumbList","@id":"https:\/\/21panorama.com\/index.php\/2023\/07\/02\/aniversario-de-la-plaza-ganadera-de-jiquipilco\/#breadcrumb","itemListElement":[{"@type":"ListItem","position":1,"name":"Inicio","item":"https:\/\/21panorama.com\/"},{"@type":"ListItem","position":2,"name":"ANIVERSARIO DE LA PLAZA GANADERA DE JIQUIPILCO"}]},{"@type":"WebSite","@id":"https:\/\/21panorama.com\/#website","url":"https:\/\/21panorama.com\/","name":"21 Panorama","description":"La construcci\u00f3n de la opini\u00f3n p\u00fablica merece un mejor Panorama en este siglo 21 para alcanzar una sociedad con mayor transparencia y sin corrupci\u00f3n.","publisher":{"@id":"https:\/\/21panorama.com\/#organization"},"potentialAction":[{"@type":"SearchAction","target":{"@type":"EntryPoint","urlTemplate":"https:\/\/21panorama.com\/?s={search_term_string}"},"query-input":{"@type":"PropertyValueSpecification","valueRequired":true,"valueName":"search_term_string"}}],"inLanguage":"es"},{"@type":"Organization","@id":"https:\/\/21panorama.com\/#organization","name":"21 Panorama","url":"https:\/\/21panorama.com\/","logo":{"@type":"ImageObject","inLanguage":"es","@id":"https:\/\/21panorama.com\/#\/schema\/logo\/image\/","url":"https:\/\/21panorama.com\/wp-content\/uploads\/2019\/07\/cropped-Logo-Panorama-01.jpeg","contentUrl":"https:\/\/21panorama.com\/wp-content\/uploads\/2019\/07\/cropped-Logo-Panorama-01.jpeg","width":290,"height":70,"caption":"21 Panorama"},"image":{"@id":"https:\/\/21panorama.com\/#\/schema\/logo\/image\/"}},{"@type":"Person","@id":"https:\/\/21panorama.com\/#\/schema\/person\/1afc291b96d5792a158768324287319f","name":"admin","image":{"@type":"ImageObject","inLanguage":"es","@id":"https:\/\/21panorama.com\/#\/schema\/person\/image\/","url":"https:\/\/secure.gravatar.com\/avatar\/ad365d9d9f46719215b0d042cc3df92a5a8683e09ef13d102233e5491985f0f0?s=96&d=mm&r=g","contentUrl":"https:\/\/secure.gravatar.com\/avatar\/ad365d9d9f46719215b0d042cc3df92a5a8683e09ef13d102233e5491985f0f0?s=96&d=mm&r=g","caption":"admin"},"url":"https:\/\/21panorama.com\/index.php\/author\/admin\/"}]}},"_links":{"self":[{"href":"https:\/\/21panorama.com\/index.php\/wp-json\/wp\/v2\/posts\/4795","targetHints":{"allow":["GET"]}}],"collection":[{"href":"https:\/\/21panorama.com\/index.php\/wp-json\/wp\/v2\/posts"}],"about":[{"href":"https:\/\/21panorama.com\/index.php\/wp-json\/wp\/v2\/types\/post"}],"author":[{"embeddable":true,"href":"https:\/\/21panorama.com\/index.php\/wp-json\/wp\/v2\/users\/1"}],"replies":[{"embeddable":true,"href":"https:\/\/21panorama.com\/index.php\/wp-json\/wp\/v2\/comments?post=4795"}],"version-history":[{"count":1,"href":"https:\/\/21panorama.com\/index.php\/wp-json\/wp\/v2\/posts\/4795\/revisions"}],"predecessor-version":[{"id":4797,"href":"https:\/\/21panorama.com\/index.php\/wp-json\/wp\/v2\/posts\/4795\/revisions\/4797"}],"wp:featuredmedia":[{"embeddable":true,"href":"https:\/\/21panorama.com\/index.php\/wp-json\/wp\/v2\/media\/4796"}],"wp:attachment":[{"href":"https:\/\/21panorama.com\/index.php\/wp-json\/wp\/v2\/media?parent=4795"}],"wp:term":[{"taxonomy":"category","embeddable":true,"href":"https:\/\/21panorama.com\/index.php\/wp-json\/wp\/v2\/categories?post=4795"},{"taxonomy":"post_tag","embeddable":true,"href":"https:\/\/21panorama.com\/index.php\/wp-json\/wp\/v2\/tags?post=4795"}],"curies":[{"name":"wp","href":"https:\/\/api.w.org\/{rel}","templated":true}]}}