{"id":4786,"date":"2023-08-09T10:18:10","date_gmt":"2023-08-09T15:18:10","guid":{"rendered":"https:\/\/21panorama.com\/?p=4786"},"modified":"2023-08-09T10:18:11","modified_gmt":"2023-08-09T15:18:11","slug":"hay-jefe-de-partido-primera-plana-columna-politica","status":"publish","type":"post","link":"https:\/\/21panorama.com\/index.php\/2023\/08\/09\/hay-jefe-de-partido-primera-plana-columna-politica\/","title":{"rendered":"HAY JEFE DE PARTIDO (PRIMERA PLANA, Columna Pol\u00edtica)"},"content":{"rendered":"\n<p><\/p>\n\n\n\n<p>La carrera presidencial del 2024 puso a trabajar a todas las estructuras de los partidos pol\u00edticos y a la Sociedad Civil Organizada quienes integran el Frente Amplio por M\u00e9xico, en todo el territorio nacional y con metas claras en apoyo a sus aspirantes.<\/p>\n\n\n\n<p>Durante esta primera etapa, nos comentan desde la c\u00fapula del PRI nacional que el priismo del Estado de M\u00e9xico se repuso de la elecci\u00f3n constitucional y trabaja con toda su estructura para demostrar que si hay militancia y jefe de partido.<\/p>\n\n\n\n<p>El priismo mexiquense quiere asegurar una buena participaci\u00f3n, y as\u00ed, dar el respaldo a los aspirantes priistas, Beatriz Paredes y Enrique de la Madrid. Veremos que sucede en la siguiente etapa porque este PRI mexiquense es el pilar fundamental a nivel nacional. Tienen casi 2 millones de ciudadanos que votaron por su oferta el pasado 4 de junio que no los tienen otras entidades y a esos mismos mexiquenses se les tiene que responder con trabajo, ahora desde la oposici\u00f3n al r\u00e9gimen morenista que llegar\u00e1 el 16 de septiembre.<\/p>\n\n\n\n<p>Ah\u00ed la receta ya ser\u00e1 de mucho activismo pol\u00edtico y de escrutar al poder p\u00fablico con el manejo de programas sociales, plan presupuestal y atenci\u00f3n a todos los sectores como educaci\u00f3n, salud y seguridad.<\/p>\n","protected":false},"excerpt":{"rendered":"<p>La carrera presidencial del 2024 puso a trabajar a todas las estructuras de los partidos pol\u00edticos y a la Sociedad Civil Organizada quienes integran el Frente Amplio por M\u00e9xico, en todo el territorio nacional y con metas claras en apoyo a sus aspirantes.<\/p>\n","protected":false},"author":1,"featured_media":4787,"comment_status":"open","ping_status":"open","sticky":false,"template":"","format":"standard","meta":{"footnotes":""},"categories":[22],"tags":[97,310,222,33],"class_list":["post-4786","post","type-post","status-publish","format-standard","has-post-thumbnail","hentry","category-columna-opinion","tag-edomex","tag-eric-sevilla","tag-gem","tag-pri"],"yoast_head":"<!-- This site is optimized with the Yoast SEO plugin v24.9 - https:\/\/yoast.com\/wordpress\/plugins\/seo\/ -->\n<title>HAY JEFE DE PARTIDO (PRIMERA PLANA, Columna Pol\u00edtica) - 21 Panorama<\/title>\n<meta name=\"robots\" content=\"index, follow, max-snippet:-1, max-image-preview:large, max-video-preview:-1\" \/>\n<link rel=\"canonical\" href=\"https:\/\/21panorama.com\/index.php\/2023\/08\/09\/hay-jefe-de-partido-primera-plana-columna-politica\/\" \/>\n<meta property=\"og:locale\" content=\"es_MX\" \/>\n<meta property=\"og:type\" content=\"article\" \/>\n<meta property=\"og:title\" content=\"HAY JEFE DE PARTIDO (PRIMERA PLANA, Columna Pol\u00edtica) - 21 Panorama\" \/>\n<meta property=\"og:description\" content=\"La carrera presidencial del 2024 puso a trabajar a todas las estructuras de los partidos pol\u00edticos y a la Sociedad Civil Organizada quienes integran el Frente Amplio por M\u00e9xico, en todo el territorio nacional y con metas claras en apoyo a sus aspirantes.\" \/>\n<meta property=\"og:url\" content=\"https:\/\/21panorama.com\/index.php\/2023\/08\/09\/hay-jefe-de-partido-primera-plana-columna-politica\/\" \/>\n<meta property=\"og:site_name\" content=\"21 Panorama\" \/>\n<meta property=\"article:published_time\" content=\"2023-08-09T15:18:10+00:00\" \/>\n<meta property=\"article:modified_time\" content=\"2023-08-09T15:18:11+00:00\" \/>\n<meta property=\"og:image\" content=\"https:\/\/21panorama.com\/wp-content\/uploads\/2023\/08\/Eric-Sevilla-Columna-Panorama-090823.jpg\" \/>\n\t<meta property=\"og:image:width\" content=\"1024\" \/>\n\t<meta property=\"og:image:height\" content=\"760\" \/>\n\t<meta property=\"og:image:type\" content=\"image\/jpeg\" \/>\n<meta name=\"author\" content=\"admin\" \/>\n<meta name=\"twitter:card\" content=\"summary_large_image\" \/>\n<meta name=\"twitter:label1\" content=\"Escrito por\" \/>\n\t<meta name=\"twitter:data1\" content=\"admin\" \/>\n\t<meta name=\"twitter:label2\" content=\"Tiempo de lectura\" \/>\n\t<meta name=\"twitter:data2\" content=\"1 minuto\" \/>\n<script type=\"application\/ld+json\" class=\"yoast-schema-graph\">{\"@context\":\"https:\/\/schema.org\",\"@graph\":[{\"@type\":\"Article\",\"@id\":\"https:\/\/21panorama.com\/index.php\/2023\/08\/09\/hay-jefe-de-partido-primera-plana-columna-politica\/#article\",\"isPartOf\":{\"@id\":\"https:\/\/21panorama.com\/index.php\/2023\/08\/09\/hay-jefe-de-partido-primera-plana-columna-politica\/\"},\"author\":{\"name\":\"admin\",\"@id\":\"https:\/\/21panorama.com\/#\/schema\/person\/1afc291b96d5792a158768324287319f\"},\"headline\":\"HAY JEFE DE PARTIDO (PRIMERA PLANA, Columna Pol\u00edtica)\",\"datePublished\":\"2023-08-09T15:18:10+00:00\",\"dateModified\":\"2023-08-09T15:18:11+00:00\",\"mainEntityOfPage\":{\"@id\":\"https:\/\/21panorama.com\/index.php\/2023\/08\/09\/hay-jefe-de-partido-primera-plana-columna-politica\/\"},\"wordCount\":224,\"commentCount\":0,\"publisher\":{\"@id\":\"https:\/\/21panorama.com\/#organization\"},\"image\":{\"@id\":\"https:\/\/21panorama.com\/index.php\/2023\/08\/09\/hay-jefe-de-partido-primera-plana-columna-politica\/#primaryimage\"},\"thumbnailUrl\":\"https:\/\/21panorama.com\/wp-content\/uploads\/2023\/08\/Eric-Sevilla-Columna-Panorama-090823.jpg\",\"keywords\":[\"EDOMEX\",\"ERIC SEVILLA\",\"GEM\",\"PRI\"],\"articleSection\":[\"Columna-Opini\u00f3n\"],\"inLanguage\":\"es\",\"potentialAction\":[{\"@type\":\"CommentAction\",\"name\":\"Comment\",\"target\":[\"https:\/\/21panorama.com\/index.php\/2023\/08\/09\/hay-jefe-de-partido-primera-plana-columna-politica\/#respond\"]}]},{\"@type\":\"WebPage\",\"@id\":\"https:\/\/21panorama.com\/index.php\/2023\/08\/09\/hay-jefe-de-partido-primera-plana-columna-politica\/\",\"url\":\"https:\/\/21panorama.com\/index.php\/2023\/08\/09\/hay-jefe-de-partido-primera-plana-columna-politica\/\",\"name\":\"HAY JEFE DE PARTIDO (PRIMERA PLANA, Columna Pol\u00edtica) - 21 Panorama\",\"isPartOf\":{\"@id\":\"https:\/\/21panorama.com\/#website\"},\"primaryImageOfPage\":{\"@id\":\"https:\/\/21panorama.com\/index.php\/2023\/08\/09\/hay-jefe-de-partido-primera-plana-columna-politica\/#primaryimage\"},\"image\":{\"@id\":\"https:\/\/21panorama.com\/index.php\/2023\/08\/09\/hay-jefe-de-partido-primera-plana-columna-politica\/#primaryimage\"},\"thumbnailUrl\":\"https:\/\/21panorama.com\/wp-content\/uploads\/2023\/08\/Eric-Sevilla-Columna-Panorama-090823.jpg\",\"datePublished\":\"2023-08-09T15:18:10+00:00\",\"dateModified\":\"2023-08-09T15:18:11+00:00\",\"breadcrumb\":{\"@id\":\"https:\/\/21panorama.com\/index.php\/2023\/08\/09\/hay-jefe-de-partido-primera-plana-columna-politica\/#breadcrumb\"},\"inLanguage\":\"es\",\"potentialAction\":[{\"@type\":\"ReadAction\",\"target\":[\"https:\/\/21panorama.com\/index.php\/2023\/08\/09\/hay-jefe-de-partido-primera-plana-columna-politica\/\"]}]},{\"@type\":\"ImageObject\",\"inLanguage\":\"es\",\"@id\":\"https:\/\/21panorama.com\/index.php\/2023\/08\/09\/hay-jefe-de-partido-primera-plana-columna-politica\/#primaryimage\",\"url\":\"https:\/\/21panorama.com\/wp-content\/uploads\/2023\/08\/Eric-Sevilla-Columna-Panorama-090823.jpg\",\"contentUrl\":\"https:\/\/21panorama.com\/wp-content\/uploads\/2023\/08\/Eric-Sevilla-Columna-Panorama-090823.jpg\",\"width\":1024,\"height\":760},{\"@type\":\"BreadcrumbList\",\"@id\":\"https:\/\/21panorama.com\/index.php\/2023\/08\/09\/hay-jefe-de-partido-primera-plana-columna-politica\/#breadcrumb\",\"itemListElement\":[{\"@type\":\"ListItem\",\"position\":1,\"name\":\"Inicio\",\"item\":\"https:\/\/21panorama.com\/\"},{\"@type\":\"ListItem\",\"position\":2,\"name\":\"HAY JEFE DE PARTIDO (PRIMERA PLANA, Columna Pol\u00edtica)\"}]},{\"@type\":\"WebSite\",\"@id\":\"https:\/\/21panorama.com\/#website\",\"url\":\"https:\/\/21panorama.com\/\",\"name\":\"21 Panorama\",\"description\":\"La construcci\u00f3n de la opini\u00f3n p\u00fablica merece un mejor Panorama en este siglo 21 para alcanzar una sociedad con mayor transparencia y sin corrupci\u00f3n.\",\"publisher\":{\"@id\":\"https:\/\/21panorama.com\/#organization\"},\"potentialAction\":[{\"@type\":\"SearchAction\",\"target\":{\"@type\":\"EntryPoint\",\"urlTemplate\":\"https:\/\/21panorama.com\/?s={search_term_string}\"},\"query-input\":{\"@type\":\"PropertyValueSpecification\",\"valueRequired\":true,\"valueName\":\"search_term_string\"}}],\"inLanguage\":\"es\"},{\"@type\":\"Organization\",\"@id\":\"https:\/\/21panorama.com\/#organization\",\"name\":\"21 Panorama\",\"url\":\"https:\/\/21panorama.com\/\",\"logo\":{\"@type\":\"ImageObject\",\"inLanguage\":\"es\",\"@id\":\"https:\/\/21panorama.com\/#\/schema\/logo\/image\/\",\"url\":\"https:\/\/21panorama.com\/wp-content\/uploads\/2019\/07\/cropped-Logo-Panorama-01.jpeg\",\"contentUrl\":\"https:\/\/21panorama.com\/wp-content\/uploads\/2019\/07\/cropped-Logo-Panorama-01.jpeg\",\"width\":290,\"height\":70,\"caption\":\"21 Panorama\"},\"image\":{\"@id\":\"https:\/\/21panorama.com\/#\/schema\/logo\/image\/\"}},{\"@type\":\"Person\",\"@id\":\"https:\/\/21panorama.com\/#\/schema\/person\/1afc291b96d5792a158768324287319f\",\"name\":\"admin\",\"image\":{\"@type\":\"ImageObject\",\"inLanguage\":\"es\",\"@id\":\"https:\/\/21panorama.com\/#\/schema\/person\/image\/\",\"url\":\"https:\/\/secure.gravatar.com\/avatar\/ad365d9d9f46719215b0d042cc3df92a5a8683e09ef13d102233e5491985f0f0?s=96&d=mm&r=g\",\"contentUrl\":\"https:\/\/secure.gravatar.com\/avatar\/ad365d9d9f46719215b0d042cc3df92a5a8683e09ef13d102233e5491985f0f0?s=96&d=mm&r=g\",\"caption\":\"admin\"},\"url\":\"https:\/\/21panorama.com\/index.php\/author\/admin\/\"}]}<\/script>\n<!-- \/ Yoast SEO plugin. -->","yoast_head_json":{"title":"HAY JEFE DE PARTIDO (PRIMERA PLANA, Columna Pol\u00edtica) - 21 Panorama","robots":{"index":"index","follow":"follow","max-snippet":"max-snippet:-1","max-image-preview":"max-image-preview:large","max-video-preview":"max-video-preview:-1"},"canonical":"https:\/\/21panorama.com\/index.php\/2023\/08\/09\/hay-jefe-de-partido-primera-plana-columna-politica\/","og_locale":"es_MX","og_type":"article","og_title":"HAY JEFE DE PARTIDO (PRIMERA PLANA, Columna Pol\u00edtica) - 21 Panorama","og_description":"La carrera presidencial del 2024 puso a trabajar a todas las estructuras de los partidos pol\u00edticos y a la Sociedad Civil Organizada quienes integran el Frente Amplio por M\u00e9xico, en todo el territorio nacional y con metas claras en apoyo a sus aspirantes.","og_url":"https:\/\/21panorama.com\/index.php\/2023\/08\/09\/hay-jefe-de-partido-primera-plana-columna-politica\/","og_site_name":"21 Panorama","article_published_time":"2023-08-09T15:18:10+00:00","article_modified_time":"2023-08-09T15:18:11+00:00","og_image":[{"width":1024,"height":760,"url":"https:\/\/21panorama.com\/wp-content\/uploads\/2023\/08\/Eric-Sevilla-Columna-Panorama-090823.jpg","type":"image\/jpeg"}],"author":"admin","twitter_card":"summary_large_image","twitter_misc":{"Escrito por":"admin","Tiempo de lectura":"1 minuto"},"schema":{"@context":"https:\/\/schema.org","@graph":[{"@type":"Article","@id":"https:\/\/21panorama.com\/index.php\/2023\/08\/09\/hay-jefe-de-partido-primera-plana-columna-politica\/#article","isPartOf":{"@id":"https:\/\/21panorama.com\/index.php\/2023\/08\/09\/hay-jefe-de-partido-primera-plana-columna-politica\/"},"author":{"name":"admin","@id":"https:\/\/21panorama.com\/#\/schema\/person\/1afc291b96d5792a158768324287319f"},"headline":"HAY JEFE DE PARTIDO (PRIMERA PLANA, Columna Pol\u00edtica)","datePublished":"2023-08-09T15:18:10+00:00","dateModified":"2023-08-09T15:18:11+00:00","mainEntityOfPage":{"@id":"https:\/\/21panorama.com\/index.php\/2023\/08\/09\/hay-jefe-de-partido-primera-plana-columna-politica\/"},"wordCount":224,"commentCount":0,"publisher":{"@id":"https:\/\/21panorama.com\/#organization"},"image":{"@id":"https:\/\/21panorama.com\/index.php\/2023\/08\/09\/hay-jefe-de-partido-primera-plana-columna-politica\/#primaryimage"},"thumbnailUrl":"https:\/\/21panorama.com\/wp-content\/uploads\/2023\/08\/Eric-Sevilla-Columna-Panorama-090823.jpg","keywords":["EDOMEX","ERIC SEVILLA","GEM","PRI"],"articleSection":["Columna-Opini\u00f3n"],"inLanguage":"es","potentialAction":[{"@type":"CommentAction","name":"Comment","target":["https:\/\/21panorama.com\/index.php\/2023\/08\/09\/hay-jefe-de-partido-primera-plana-columna-politica\/#respond"]}]},{"@type":"WebPage","@id":"https:\/\/21panorama.com\/index.php\/2023\/08\/09\/hay-jefe-de-partido-primera-plana-columna-politica\/","url":"https:\/\/21panorama.com\/index.php\/2023\/08\/09\/hay-jefe-de-partido-primera-plana-columna-politica\/","name":"HAY JEFE DE PARTIDO (PRIMERA PLANA, Columna Pol\u00edtica) - 21 Panorama","isPartOf":{"@id":"https:\/\/21panorama.com\/#website"},"primaryImageOfPage":{"@id":"https:\/\/21panorama.com\/index.php\/2023\/08\/09\/hay-jefe-de-partido-primera-plana-columna-politica\/#primaryimage"},"image":{"@id":"https:\/\/21panorama.com\/index.php\/2023\/08\/09\/hay-jefe-de-partido-primera-plana-columna-politica\/#primaryimage"},"thumbnailUrl":"https:\/\/21panorama.com\/wp-content\/uploads\/2023\/08\/Eric-Sevilla-Columna-Panorama-090823.jpg","datePublished":"2023-08-09T15:18:10+00:00","dateModified":"2023-08-09T15:18:11+00:00","breadcrumb":{"@id":"https:\/\/21panorama.com\/index.php\/2023\/08\/09\/hay-jefe-de-partido-primera-plana-columna-politica\/#breadcrumb"},"inLanguage":"es","potentialAction":[{"@type":"ReadAction","target":["https:\/\/21panorama.com\/index.php\/2023\/08\/09\/hay-jefe-de-partido-primera-plana-columna-politica\/"]}]},{"@type":"ImageObject","inLanguage":"es","@id":"https:\/\/21panorama.com\/index.php\/2023\/08\/09\/hay-jefe-de-partido-primera-plana-columna-politica\/#primaryimage","url":"https:\/\/21panorama.com\/wp-content\/uploads\/2023\/08\/Eric-Sevilla-Columna-Panorama-090823.jpg","contentUrl":"https:\/\/21panorama.com\/wp-content\/uploads\/2023\/08\/Eric-Sevilla-Columna-Panorama-090823.jpg","width":1024,"height":760},{"@type":"BreadcrumbList","@id":"https:\/\/21panorama.com\/index.php\/2023\/08\/09\/hay-jefe-de-partido-primera-plana-columna-politica\/#breadcrumb","itemListElement":[{"@type":"ListItem","position":1,"name":"Inicio","item":"https:\/\/21panorama.com\/"},{"@type":"ListItem","position":2,"name":"HAY JEFE DE PARTIDO (PRIMERA PLANA, Columna Pol\u00edtica)"}]},{"@type":"WebSite","@id":"https:\/\/21panorama.com\/#website","url":"https:\/\/21panorama.com\/","name":"21 Panorama","description":"La construcci\u00f3n de la opini\u00f3n p\u00fablica merece un mejor Panorama en este siglo 21 para alcanzar una sociedad con mayor transparencia y sin corrupci\u00f3n.","publisher":{"@id":"https:\/\/21panorama.com\/#organization"},"potentialAction":[{"@type":"SearchAction","target":{"@type":"EntryPoint","urlTemplate":"https:\/\/21panorama.com\/?s={search_term_string}"},"query-input":{"@type":"PropertyValueSpecification","valueRequired":true,"valueName":"search_term_string"}}],"inLanguage":"es"},{"@type":"Organization","@id":"https:\/\/21panorama.com\/#organization","name":"21 Panorama","url":"https:\/\/21panorama.com\/","logo":{"@type":"ImageObject","inLanguage":"es","@id":"https:\/\/21panorama.com\/#\/schema\/logo\/image\/","url":"https:\/\/21panorama.com\/wp-content\/uploads\/2019\/07\/cropped-Logo-Panorama-01.jpeg","contentUrl":"https:\/\/21panorama.com\/wp-content\/uploads\/2019\/07\/cropped-Logo-Panorama-01.jpeg","width":290,"height":70,"caption":"21 Panorama"},"image":{"@id":"https:\/\/21panorama.com\/#\/schema\/logo\/image\/"}},{"@type":"Person","@id":"https:\/\/21panorama.com\/#\/schema\/person\/1afc291b96d5792a158768324287319f","name":"admin","image":{"@type":"ImageObject","inLanguage":"es","@id":"https:\/\/21panorama.com\/#\/schema\/person\/image\/","url":"https:\/\/secure.gravatar.com\/avatar\/ad365d9d9f46719215b0d042cc3df92a5a8683e09ef13d102233e5491985f0f0?s=96&d=mm&r=g","contentUrl":"https:\/\/secure.gravatar.com\/avatar\/ad365d9d9f46719215b0d042cc3df92a5a8683e09ef13d102233e5491985f0f0?s=96&d=mm&r=g","caption":"admin"},"url":"https:\/\/21panorama.com\/index.php\/author\/admin\/"}]}},"_links":{"self":[{"href":"https:\/\/21panorama.com\/index.php\/wp-json\/wp\/v2\/posts\/4786","targetHints":{"allow":["GET"]}}],"collection":[{"href":"https:\/\/21panorama.com\/index.php\/wp-json\/wp\/v2\/posts"}],"about":[{"href":"https:\/\/21panorama.com\/index.php\/wp-json\/wp\/v2\/types\/post"}],"author":[{"embeddable":true,"href":"https:\/\/21panorama.com\/index.php\/wp-json\/wp\/v2\/users\/1"}],"replies":[{"embeddable":true,"href":"https:\/\/21panorama.com\/index.php\/wp-json\/wp\/v2\/comments?post=4786"}],"version-history":[{"count":1,"href":"https:\/\/21panorama.com\/index.php\/wp-json\/wp\/v2\/posts\/4786\/revisions"}],"predecessor-version":[{"id":4788,"href":"https:\/\/21panorama.com\/index.php\/wp-json\/wp\/v2\/posts\/4786\/revisions\/4788"}],"wp:featuredmedia":[{"embeddable":true,"href":"https:\/\/21panorama.com\/index.php\/wp-json\/wp\/v2\/media\/4787"}],"wp:attachment":[{"href":"https:\/\/21panorama.com\/index.php\/wp-json\/wp\/v2\/media?parent=4786"}],"wp:term":[{"taxonomy":"category","embeddable":true,"href":"https:\/\/21panorama.com\/index.php\/wp-json\/wp\/v2\/categories?post=4786"},{"taxonomy":"post_tag","embeddable":true,"href":"https:\/\/21panorama.com\/index.php\/wp-json\/wp\/v2\/tags?post=4786"}],"curies":[{"name":"wp","href":"https:\/\/api.w.org\/{rel}","templated":true}]}}