{"id":4775,"date":"2023-08-07T14:45:08","date_gmt":"2023-08-07T19:45:08","guid":{"rendered":"https:\/\/21panorama.com\/?p=4775"},"modified":"2023-08-07T14:45:08","modified_gmt":"2023-08-07T19:45:08","slug":"no-te-pierdas-la-5ta-feria-del-hongo-en-san-bartolo-oxtotitlan-jiquipilco","status":"publish","type":"post","link":"https:\/\/21panorama.com\/index.php\/2023\/08\/07\/no-te-pierdas-la-5ta-feria-del-hongo-en-san-bartolo-oxtotitlan-jiquipilco\/","title":{"rendered":"\u00a1NO TE PIERDAS LA 5TA FERIA DEL HONGO EN SAN BARTOLO OXTOTITL\u00c1N, JIQUIPILCO!"},"content":{"rendered":"\n<p><\/p>\n\n\n\n<p>El Presidente Municipal de Jiquipilco, Felipe de Jes\u00fas S\u00e1nchez D\u00e1vila, inaugurar\u00e1 la 5ta Feria del Hongo en San Bartolo Oxtotitl\u00e1n, Jiquipilco. Esta Feria se llevar\u00e1 a cabo del 23 al 25 de agosto, y en la cual participar\u00e1n las familias que se dedican a su cultivo, ya que esta regi\u00f3n es la primera productora de este alimento.<\/p>\n\n\n\n<p>M\u00e1s de 125 variedades de hongos, en los que destacan las setas, se ofrecer\u00e1n en diversos platillos preparados por manos jiquipilquenses. Entre los platillos que los visitantes podr\u00e1n disfrutar, se encuentran los tacos de hongos, hongos en pipi\u00e1n, en mole verde, quesadillas, cremas, entre otros, asimismo se podr\u00e1n adquirir hongos desde comestibles hasta medicinales.<\/p>\n\n\n\n<p>Este evento traer\u00e1 un beneficio econ\u00f3mico estimado en medio mill\u00f3n de pesos, y en el que los productores y artesanos ser\u00e1n los principales beneficiarios. Se espera la visita de al menos 10 mil personas, por lo que ya se abri\u00f3 la convocatoria para que las familias de esta regi\u00f3n, participen con gran entusiasmo.<\/p>\n\n\n\n<p>Esta gran tradici\u00f3n representa el consumo, cultivo y recolecci\u00f3n de los hongos comestibles, gracias a las condiciones naturales y ambientales de la regi\u00f3n. Este evento tambi\u00e9n va de la mano con la fiesta patronal en honor a San Bartolom\u00e9 Ap\u00f3stol.<\/p>\n\n\n\n<p>San Bartolo Oxtitlan est\u00e1 a tan solo 20 min de la cabecera de Jiquipilco , y a &nbsp;una hora y media de Toluca ; regi\u00f3n que adem\u00e1s alberga el Cerro de la Bufa y la presa del Jabal\u00ed uno de los atractivos naturales m\u00e1s importantes de Jiquipilco que se caracteriza por su riqueza natural<\/p>\n","protected":false},"excerpt":{"rendered":"<p>El Presidente Municipal de Jiquipilco, Felipe de Jes\u00fas S\u00e1nchez D\u00e1vila, inaugurar\u00e1 la 5ta Feria del Hongo en San Bartolo Oxtotitl\u00e1n, Jiquipilco. Esta Feria se llevar\u00e1 a cabo del 23 al 25 de agosto, y en la cual participar\u00e1n las familias que se dedican a su cultivo, ya que esta regi\u00f3n es la primera productora de este alimento.<\/p>\n","protected":false},"author":1,"featured_media":4776,"comment_status":"open","ping_status":"open","sticky":false,"template":"","format":"standard","meta":{"footnotes":""},"categories":[5,3,12,1],"tags":[97,327,222,257],"class_list":["post-4775","post","type-post","status-publish","format-standard","has-post-thumbnail","hentry","category-cultura","category-ecomomia","category-politica","category-sociedad","tag-edomex","tag-felipe-sanchez-davila","tag-gem","tag-jiquipilco"],"yoast_head":"<!-- This site is optimized with the Yoast SEO plugin v24.9 - https:\/\/yoast.com\/wordpress\/plugins\/seo\/ -->\n<title>\u00a1NO TE PIERDAS LA 5TA FERIA DEL HONGO EN SAN BARTOLO OXTOTITL\u00c1N, JIQUIPILCO! - 21 Panorama<\/title>\n<meta name=\"robots\" content=\"index, follow, max-snippet:-1, max-image-preview:large, max-video-preview:-1\" \/>\n<link rel=\"canonical\" href=\"https:\/\/21panorama.com\/index.php\/2023\/08\/07\/no-te-pierdas-la-5ta-feria-del-hongo-en-san-bartolo-oxtotitlan-jiquipilco\/\" \/>\n<meta property=\"og:locale\" content=\"es_MX\" \/>\n<meta property=\"og:type\" content=\"article\" \/>\n<meta property=\"og:title\" content=\"\u00a1NO TE PIERDAS LA 5TA FERIA DEL HONGO EN SAN BARTOLO OXTOTITL\u00c1N, JIQUIPILCO! - 21 Panorama\" \/>\n<meta property=\"og:description\" content=\"El Presidente Municipal de Jiquipilco, Felipe de Jes\u00fas S\u00e1nchez D\u00e1vila, inaugurar\u00e1 la 5ta Feria del Hongo en San Bartolo Oxtotitl\u00e1n, Jiquipilco. Esta Feria se llevar\u00e1 a cabo del 23 al 25 de agosto, y en la cual participar\u00e1n las familias que se dedican a su cultivo, ya que esta regi\u00f3n es la primera productora de este alimento.\" \/>\n<meta property=\"og:url\" content=\"https:\/\/21panorama.com\/index.php\/2023\/08\/07\/no-te-pierdas-la-5ta-feria-del-hongo-en-san-bartolo-oxtotitlan-jiquipilco\/\" \/>\n<meta property=\"og:site_name\" content=\"21 Panorama\" \/>\n<meta property=\"article:published_time\" content=\"2023-08-07T19:45:08+00:00\" \/>\n<meta property=\"og:image\" content=\"https:\/\/21panorama.com\/wp-content\/uploads\/2023\/08\/Jiquipilco-5ta-Feria-del-Hongo-scaled.jpg\" \/>\n\t<meta property=\"og:image:width\" content=\"2560\" \/>\n\t<meta property=\"og:image:height\" content=\"948\" \/>\n\t<meta property=\"og:image:type\" content=\"image\/jpeg\" \/>\n<meta name=\"author\" content=\"admin\" \/>\n<meta name=\"twitter:card\" content=\"summary_large_image\" \/>\n<meta name=\"twitter:label1\" content=\"Escrito por\" \/>\n\t<meta name=\"twitter:data1\" content=\"admin\" \/>\n\t<meta name=\"twitter:label2\" content=\"Tiempo de lectura\" \/>\n\t<meta name=\"twitter:data2\" content=\"2 minutos\" \/>\n<script type=\"application\/ld+json\" class=\"yoast-schema-graph\">{\"@context\":\"https:\/\/schema.org\",\"@graph\":[{\"@type\":\"Article\",\"@id\":\"https:\/\/21panorama.com\/index.php\/2023\/08\/07\/no-te-pierdas-la-5ta-feria-del-hongo-en-san-bartolo-oxtotitlan-jiquipilco\/#article\",\"isPartOf\":{\"@id\":\"https:\/\/21panorama.com\/index.php\/2023\/08\/07\/no-te-pierdas-la-5ta-feria-del-hongo-en-san-bartolo-oxtotitlan-jiquipilco\/\"},\"author\":{\"name\":\"admin\",\"@id\":\"https:\/\/21panorama.com\/#\/schema\/person\/1afc291b96d5792a158768324287319f\"},\"headline\":\"\u00a1NO TE PIERDAS LA 5TA FERIA DEL HONGO EN SAN BARTOLO OXTOTITL\u00c1N, JIQUIPILCO!\",\"datePublished\":\"2023-08-07T19:45:08+00:00\",\"mainEntityOfPage\":{\"@id\":\"https:\/\/21panorama.com\/index.php\/2023\/08\/07\/no-te-pierdas-la-5ta-feria-del-hongo-en-san-bartolo-oxtotitlan-jiquipilco\/\"},\"wordCount\":289,\"commentCount\":0,\"publisher\":{\"@id\":\"https:\/\/21panorama.com\/#organization\"},\"image\":{\"@id\":\"https:\/\/21panorama.com\/index.php\/2023\/08\/07\/no-te-pierdas-la-5ta-feria-del-hongo-en-san-bartolo-oxtotitlan-jiquipilco\/#primaryimage\"},\"thumbnailUrl\":\"https:\/\/21panorama.com\/wp-content\/uploads\/2023\/08\/Jiquipilco-5ta-Feria-del-Hongo-scaled.jpg\",\"keywords\":[\"EDOMEX\",\"Felipe S\u00e1nchez D\u00e1vila\",\"GEM\",\"Jiquipilco\"],\"articleSection\":[\"Cultura\",\"Econom\u00eda\",\"Politica\",\"Sociedad\"],\"inLanguage\":\"es\",\"potentialAction\":[{\"@type\":\"CommentAction\",\"name\":\"Comment\",\"target\":[\"https:\/\/21panorama.com\/index.php\/2023\/08\/07\/no-te-pierdas-la-5ta-feria-del-hongo-en-san-bartolo-oxtotitlan-jiquipilco\/#respond\"]}]},{\"@type\":\"WebPage\",\"@id\":\"https:\/\/21panorama.com\/index.php\/2023\/08\/07\/no-te-pierdas-la-5ta-feria-del-hongo-en-san-bartolo-oxtotitlan-jiquipilco\/\",\"url\":\"https:\/\/21panorama.com\/index.php\/2023\/08\/07\/no-te-pierdas-la-5ta-feria-del-hongo-en-san-bartolo-oxtotitlan-jiquipilco\/\",\"name\":\"\u00a1NO TE PIERDAS LA 5TA FERIA DEL HONGO EN SAN BARTOLO OXTOTITL\u00c1N, JIQUIPILCO! - 21 Panorama\",\"isPartOf\":{\"@id\":\"https:\/\/21panorama.com\/#website\"},\"primaryImageOfPage\":{\"@id\":\"https:\/\/21panorama.com\/index.php\/2023\/08\/07\/no-te-pierdas-la-5ta-feria-del-hongo-en-san-bartolo-oxtotitlan-jiquipilco\/#primaryimage\"},\"image\":{\"@id\":\"https:\/\/21panorama.com\/index.php\/2023\/08\/07\/no-te-pierdas-la-5ta-feria-del-hongo-en-san-bartolo-oxtotitlan-jiquipilco\/#primaryimage\"},\"thumbnailUrl\":\"https:\/\/21panorama.com\/wp-content\/uploads\/2023\/08\/Jiquipilco-5ta-Feria-del-Hongo-scaled.jpg\",\"datePublished\":\"2023-08-07T19:45:08+00:00\",\"breadcrumb\":{\"@id\":\"https:\/\/21panorama.com\/index.php\/2023\/08\/07\/no-te-pierdas-la-5ta-feria-del-hongo-en-san-bartolo-oxtotitlan-jiquipilco\/#breadcrumb\"},\"inLanguage\":\"es\",\"potentialAction\":[{\"@type\":\"ReadAction\",\"target\":[\"https:\/\/21panorama.com\/index.php\/2023\/08\/07\/no-te-pierdas-la-5ta-feria-del-hongo-en-san-bartolo-oxtotitlan-jiquipilco\/\"]}]},{\"@type\":\"ImageObject\",\"inLanguage\":\"es\",\"@id\":\"https:\/\/21panorama.com\/index.php\/2023\/08\/07\/no-te-pierdas-la-5ta-feria-del-hongo-en-san-bartolo-oxtotitlan-jiquipilco\/#primaryimage\",\"url\":\"https:\/\/21panorama.com\/wp-content\/uploads\/2023\/08\/Jiquipilco-5ta-Feria-del-Hongo-scaled.jpg\",\"contentUrl\":\"https:\/\/21panorama.com\/wp-content\/uploads\/2023\/08\/Jiquipilco-5ta-Feria-del-Hongo-scaled.jpg\",\"width\":2560,\"height\":948},{\"@type\":\"BreadcrumbList\",\"@id\":\"https:\/\/21panorama.com\/index.php\/2023\/08\/07\/no-te-pierdas-la-5ta-feria-del-hongo-en-san-bartolo-oxtotitlan-jiquipilco\/#breadcrumb\",\"itemListElement\":[{\"@type\":\"ListItem\",\"position\":1,\"name\":\"Inicio\",\"item\":\"https:\/\/21panorama.com\/\"},{\"@type\":\"ListItem\",\"position\":2,\"name\":\"\u00a1NO TE PIERDAS LA 5TA FERIA DEL HONGO EN SAN BARTOLO OXTOTITL\u00c1N, JIQUIPILCO!\"}]},{\"@type\":\"WebSite\",\"@id\":\"https:\/\/21panorama.com\/#website\",\"url\":\"https:\/\/21panorama.com\/\",\"name\":\"21 Panorama\",\"description\":\"La construcci\u00f3n de la opini\u00f3n p\u00fablica merece un mejor Panorama en este siglo 21 para alcanzar una sociedad con mayor transparencia y sin corrupci\u00f3n.\",\"publisher\":{\"@id\":\"https:\/\/21panorama.com\/#organization\"},\"potentialAction\":[{\"@type\":\"SearchAction\",\"target\":{\"@type\":\"EntryPoint\",\"urlTemplate\":\"https:\/\/21panorama.com\/?s={search_term_string}\"},\"query-input\":{\"@type\":\"PropertyValueSpecification\",\"valueRequired\":true,\"valueName\":\"search_term_string\"}}],\"inLanguage\":\"es\"},{\"@type\":\"Organization\",\"@id\":\"https:\/\/21panorama.com\/#organization\",\"name\":\"21 Panorama\",\"url\":\"https:\/\/21panorama.com\/\",\"logo\":{\"@type\":\"ImageObject\",\"inLanguage\":\"es\",\"@id\":\"https:\/\/21panorama.com\/#\/schema\/logo\/image\/\",\"url\":\"https:\/\/21panorama.com\/wp-content\/uploads\/2019\/07\/cropped-Logo-Panorama-01.jpeg\",\"contentUrl\":\"https:\/\/21panorama.com\/wp-content\/uploads\/2019\/07\/cropped-Logo-Panorama-01.jpeg\",\"width\":290,\"height\":70,\"caption\":\"21 Panorama\"},\"image\":{\"@id\":\"https:\/\/21panorama.com\/#\/schema\/logo\/image\/\"}},{\"@type\":\"Person\",\"@id\":\"https:\/\/21panorama.com\/#\/schema\/person\/1afc291b96d5792a158768324287319f\",\"name\":\"admin\",\"image\":{\"@type\":\"ImageObject\",\"inLanguage\":\"es\",\"@id\":\"https:\/\/21panorama.com\/#\/schema\/person\/image\/\",\"url\":\"https:\/\/secure.gravatar.com\/avatar\/ad365d9d9f46719215b0d042cc3df92a5a8683e09ef13d102233e5491985f0f0?s=96&d=mm&r=g\",\"contentUrl\":\"https:\/\/secure.gravatar.com\/avatar\/ad365d9d9f46719215b0d042cc3df92a5a8683e09ef13d102233e5491985f0f0?s=96&d=mm&r=g\",\"caption\":\"admin\"},\"url\":\"https:\/\/21panorama.com\/index.php\/author\/admin\/\"}]}<\/script>\n<!-- \/ Yoast SEO plugin. -->","yoast_head_json":{"title":"\u00a1NO TE PIERDAS LA 5TA FERIA DEL HONGO EN SAN BARTOLO OXTOTITL\u00c1N, JIQUIPILCO! - 21 Panorama","robots":{"index":"index","follow":"follow","max-snippet":"max-snippet:-1","max-image-preview":"max-image-preview:large","max-video-preview":"max-video-preview:-1"},"canonical":"https:\/\/21panorama.com\/index.php\/2023\/08\/07\/no-te-pierdas-la-5ta-feria-del-hongo-en-san-bartolo-oxtotitlan-jiquipilco\/","og_locale":"es_MX","og_type":"article","og_title":"\u00a1NO TE PIERDAS LA 5TA FERIA DEL HONGO EN SAN BARTOLO OXTOTITL\u00c1N, JIQUIPILCO! - 21 Panorama","og_description":"El Presidente Municipal de Jiquipilco, Felipe de Jes\u00fas S\u00e1nchez D\u00e1vila, inaugurar\u00e1 la 5ta Feria del Hongo en San Bartolo Oxtotitl\u00e1n, Jiquipilco. Esta Feria se llevar\u00e1 a cabo del 23 al 25 de agosto, y en la cual participar\u00e1n las familias que se dedican a su cultivo, ya que esta regi\u00f3n es la primera productora de este alimento.","og_url":"https:\/\/21panorama.com\/index.php\/2023\/08\/07\/no-te-pierdas-la-5ta-feria-del-hongo-en-san-bartolo-oxtotitlan-jiquipilco\/","og_site_name":"21 Panorama","article_published_time":"2023-08-07T19:45:08+00:00","og_image":[{"width":2560,"height":948,"url":"https:\/\/21panorama.com\/wp-content\/uploads\/2023\/08\/Jiquipilco-5ta-Feria-del-Hongo-scaled.jpg","type":"image\/jpeg"}],"author":"admin","twitter_card":"summary_large_image","twitter_misc":{"Escrito por":"admin","Tiempo de lectura":"2 minutos"},"schema":{"@context":"https:\/\/schema.org","@graph":[{"@type":"Article","@id":"https:\/\/21panorama.com\/index.php\/2023\/08\/07\/no-te-pierdas-la-5ta-feria-del-hongo-en-san-bartolo-oxtotitlan-jiquipilco\/#article","isPartOf":{"@id":"https:\/\/21panorama.com\/index.php\/2023\/08\/07\/no-te-pierdas-la-5ta-feria-del-hongo-en-san-bartolo-oxtotitlan-jiquipilco\/"},"author":{"name":"admin","@id":"https:\/\/21panorama.com\/#\/schema\/person\/1afc291b96d5792a158768324287319f"},"headline":"\u00a1NO TE PIERDAS LA 5TA FERIA DEL HONGO EN SAN BARTOLO OXTOTITL\u00c1N, JIQUIPILCO!","datePublished":"2023-08-07T19:45:08+00:00","mainEntityOfPage":{"@id":"https:\/\/21panorama.com\/index.php\/2023\/08\/07\/no-te-pierdas-la-5ta-feria-del-hongo-en-san-bartolo-oxtotitlan-jiquipilco\/"},"wordCount":289,"commentCount":0,"publisher":{"@id":"https:\/\/21panorama.com\/#organization"},"image":{"@id":"https:\/\/21panorama.com\/index.php\/2023\/08\/07\/no-te-pierdas-la-5ta-feria-del-hongo-en-san-bartolo-oxtotitlan-jiquipilco\/#primaryimage"},"thumbnailUrl":"https:\/\/21panorama.com\/wp-content\/uploads\/2023\/08\/Jiquipilco-5ta-Feria-del-Hongo-scaled.jpg","keywords":["EDOMEX","Felipe S\u00e1nchez D\u00e1vila","GEM","Jiquipilco"],"articleSection":["Cultura","Econom\u00eda","Politica","Sociedad"],"inLanguage":"es","potentialAction":[{"@type":"CommentAction","name":"Comment","target":["https:\/\/21panorama.com\/index.php\/2023\/08\/07\/no-te-pierdas-la-5ta-feria-del-hongo-en-san-bartolo-oxtotitlan-jiquipilco\/#respond"]}]},{"@type":"WebPage","@id":"https:\/\/21panorama.com\/index.php\/2023\/08\/07\/no-te-pierdas-la-5ta-feria-del-hongo-en-san-bartolo-oxtotitlan-jiquipilco\/","url":"https:\/\/21panorama.com\/index.php\/2023\/08\/07\/no-te-pierdas-la-5ta-feria-del-hongo-en-san-bartolo-oxtotitlan-jiquipilco\/","name":"\u00a1NO TE PIERDAS LA 5TA FERIA DEL HONGO EN SAN BARTOLO OXTOTITL\u00c1N, JIQUIPILCO! - 21 Panorama","isPartOf":{"@id":"https:\/\/21panorama.com\/#website"},"primaryImageOfPage":{"@id":"https:\/\/21panorama.com\/index.php\/2023\/08\/07\/no-te-pierdas-la-5ta-feria-del-hongo-en-san-bartolo-oxtotitlan-jiquipilco\/#primaryimage"},"image":{"@id":"https:\/\/21panorama.com\/index.php\/2023\/08\/07\/no-te-pierdas-la-5ta-feria-del-hongo-en-san-bartolo-oxtotitlan-jiquipilco\/#primaryimage"},"thumbnailUrl":"https:\/\/21panorama.com\/wp-content\/uploads\/2023\/08\/Jiquipilco-5ta-Feria-del-Hongo-scaled.jpg","datePublished":"2023-08-07T19:45:08+00:00","breadcrumb":{"@id":"https:\/\/21panorama.com\/index.php\/2023\/08\/07\/no-te-pierdas-la-5ta-feria-del-hongo-en-san-bartolo-oxtotitlan-jiquipilco\/#breadcrumb"},"inLanguage":"es","potentialAction":[{"@type":"ReadAction","target":["https:\/\/21panorama.com\/index.php\/2023\/08\/07\/no-te-pierdas-la-5ta-feria-del-hongo-en-san-bartolo-oxtotitlan-jiquipilco\/"]}]},{"@type":"ImageObject","inLanguage":"es","@id":"https:\/\/21panorama.com\/index.php\/2023\/08\/07\/no-te-pierdas-la-5ta-feria-del-hongo-en-san-bartolo-oxtotitlan-jiquipilco\/#primaryimage","url":"https:\/\/21panorama.com\/wp-content\/uploads\/2023\/08\/Jiquipilco-5ta-Feria-del-Hongo-scaled.jpg","contentUrl":"https:\/\/21panorama.com\/wp-content\/uploads\/2023\/08\/Jiquipilco-5ta-Feria-del-Hongo-scaled.jpg","width":2560,"height":948},{"@type":"BreadcrumbList","@id":"https:\/\/21panorama.com\/index.php\/2023\/08\/07\/no-te-pierdas-la-5ta-feria-del-hongo-en-san-bartolo-oxtotitlan-jiquipilco\/#breadcrumb","itemListElement":[{"@type":"ListItem","position":1,"name":"Inicio","item":"https:\/\/21panorama.com\/"},{"@type":"ListItem","position":2,"name":"\u00a1NO TE PIERDAS LA 5TA FERIA DEL HONGO EN SAN BARTOLO OXTOTITL\u00c1N, JIQUIPILCO!"}]},{"@type":"WebSite","@id":"https:\/\/21panorama.com\/#website","url":"https:\/\/21panorama.com\/","name":"21 Panorama","description":"La construcci\u00f3n de la opini\u00f3n p\u00fablica merece un mejor Panorama en este siglo 21 para alcanzar una sociedad con mayor transparencia y sin corrupci\u00f3n.","publisher":{"@id":"https:\/\/21panorama.com\/#organization"},"potentialAction":[{"@type":"SearchAction","target":{"@type":"EntryPoint","urlTemplate":"https:\/\/21panorama.com\/?s={search_term_string}"},"query-input":{"@type":"PropertyValueSpecification","valueRequired":true,"valueName":"search_term_string"}}],"inLanguage":"es"},{"@type":"Organization","@id":"https:\/\/21panorama.com\/#organization","name":"21 Panorama","url":"https:\/\/21panorama.com\/","logo":{"@type":"ImageObject","inLanguage":"es","@id":"https:\/\/21panorama.com\/#\/schema\/logo\/image\/","url":"https:\/\/21panorama.com\/wp-content\/uploads\/2019\/07\/cropped-Logo-Panorama-01.jpeg","contentUrl":"https:\/\/21panorama.com\/wp-content\/uploads\/2019\/07\/cropped-Logo-Panorama-01.jpeg","width":290,"height":70,"caption":"21 Panorama"},"image":{"@id":"https:\/\/21panorama.com\/#\/schema\/logo\/image\/"}},{"@type":"Person","@id":"https:\/\/21panorama.com\/#\/schema\/person\/1afc291b96d5792a158768324287319f","name":"admin","image":{"@type":"ImageObject","inLanguage":"es","@id":"https:\/\/21panorama.com\/#\/schema\/person\/image\/","url":"https:\/\/secure.gravatar.com\/avatar\/ad365d9d9f46719215b0d042cc3df92a5a8683e09ef13d102233e5491985f0f0?s=96&d=mm&r=g","contentUrl":"https:\/\/secure.gravatar.com\/avatar\/ad365d9d9f46719215b0d042cc3df92a5a8683e09ef13d102233e5491985f0f0?s=96&d=mm&r=g","caption":"admin"},"url":"https:\/\/21panorama.com\/index.php\/author\/admin\/"}]}},"_links":{"self":[{"href":"https:\/\/21panorama.com\/index.php\/wp-json\/wp\/v2\/posts\/4775","targetHints":{"allow":["GET"]}}],"collection":[{"href":"https:\/\/21panorama.com\/index.php\/wp-json\/wp\/v2\/posts"}],"about":[{"href":"https:\/\/21panorama.com\/index.php\/wp-json\/wp\/v2\/types\/post"}],"author":[{"embeddable":true,"href":"https:\/\/21panorama.com\/index.php\/wp-json\/wp\/v2\/users\/1"}],"replies":[{"embeddable":true,"href":"https:\/\/21panorama.com\/index.php\/wp-json\/wp\/v2\/comments?post=4775"}],"version-history":[{"count":1,"href":"https:\/\/21panorama.com\/index.php\/wp-json\/wp\/v2\/posts\/4775\/revisions"}],"predecessor-version":[{"id":4777,"href":"https:\/\/21panorama.com\/index.php\/wp-json\/wp\/v2\/posts\/4775\/revisions\/4777"}],"wp:featuredmedia":[{"embeddable":true,"href":"https:\/\/21panorama.com\/index.php\/wp-json\/wp\/v2\/media\/4776"}],"wp:attachment":[{"href":"https:\/\/21panorama.com\/index.php\/wp-json\/wp\/v2\/media?parent=4775"}],"wp:term":[{"taxonomy":"category","embeddable":true,"href":"https:\/\/21panorama.com\/index.php\/wp-json\/wp\/v2\/categories?post=4775"},{"taxonomy":"post_tag","embeddable":true,"href":"https:\/\/21panorama.com\/index.php\/wp-json\/wp\/v2\/tags?post=4775"}],"curies":[{"name":"wp","href":"https:\/\/api.w.org\/{rel}","templated":true}]}}