{"id":4742,"date":"2023-08-01T21:18:23","date_gmt":"2023-08-02T02:18:23","guid":{"rendered":"https:\/\/21panorama.com\/?p=4742"},"modified":"2023-08-01T21:18:25","modified_gmt":"2023-08-02T02:18:25","slug":"integra-pri-edomex-comite-organizador-mexiquense-del-frente-amplio-por-mexico","status":"publish","type":"post","link":"https:\/\/21panorama.com\/index.php\/2023\/08\/01\/integra-pri-edomex-comite-organizador-mexiquense-del-frente-amplio-por-mexico\/","title":{"rendered":"INTEGRA PRI EDOM\u00c9X COMIT\u00c9 ORGANIZADOR MEXIQUENSE DEL FRENTE AMPLIO POR M\u00c9XICO"},"content":{"rendered":"\n<p><\/p>\n\n\n\n<p>En el Estado de M\u00e9xico qued\u00f3 formalmente instalado el Comit\u00e9 Organizador del proceso de selecci\u00f3n para elegir a la persona que encabezar\u00e1 el Frente Amplio por M\u00e9xico, en la cual participa el Comit\u00e9 Directivo Estatal (CDE) del Partido Revolucionario Institucional (PRI).<\/p>\n\n\n\n<p>Con ello, las organizaciones de la sociedad civil y partidos pol\u00edticos se suman a la estructura nacional conformada por todas las entidades del pa\u00eds, con el fin de realizar un trabajo coordinado y asegurar una amplia participaci\u00f3n ciudadana en el Estado de M\u00e9xico.<\/p>\n\n\n\n<p>El Comit\u00e9 Local est\u00e1 integrado por el especialista Juan Flores Becerril; Miguel de Samaniego, Unidos Por M\u00e9xico; Tania Leites Barona, Sociedad Civil M\u00e9xico; Jaime Saucedo, Poder Ciudadano; Mar\u00eda Elena Prado, Frente C\u00edvico Nacional; Diana Col\u00edn, Unidos Por M\u00e9xico; y Guadalupe \u00c1lvarez Almaz\u00e1n, Poder Ciudadano; quienes son representantes de las organizaciones de la sociedad civil.<\/p>\n\n\n\n<p>De los institutos pol\u00edticos est\u00e1 integrado por, Eric Sevilla y Enrique Mart\u00ednez Orta Flores del PRI; Carlos P\u00e9rez Cuevas y Everardo Padilla Camacho del Partido Acci\u00f3n Nacional; Agust\u00edn Barrera y Javier Rivera Escalona del Partido de la Revoluci\u00f3n Democr\u00e1tica.<\/p>\n\n\n\n<p>Este Comit\u00e9 Organizador estatal apoyar\u00e1 en la planificaci\u00f3n del ejercicio que se encuentra en curso a nivel nacional para proporcionar la informaci\u00f3n necesaria e implementar la log\u00edstica en la entidad mexiquense, con el fin de determinar la instalaci\u00f3n de centros de participaci\u00f3n ciudadana.<\/p>\n\n\n\n<p>En suma, se tiene la finalidad de que los ciudadanos que se registraron previamente en la plataforma frenteampliopormexico.org.mx puedan participar en todas y cada una de las etapas.<\/p>\n","protected":false},"excerpt":{"rendered":"<p>En el Estado de M\u00e9xico qued\u00f3 formalmente instalado el Comit\u00e9 Organizador del proceso de selecci\u00f3n para elegir a la persona que encabezar\u00e1 el Frente Amplio por M\u00e9xico, en la cual participa el Comit\u00e9 Directivo Estatal (CDE) del Partido Revolucionario Institucional (PRI).<\/p>\n","protected":false},"author":1,"featured_media":4743,"comment_status":"open","ping_status":"open","sticky":false,"template":"","format":"standard","meta":{"footnotes":""},"categories":[10,12,1],"tags":[97,310,33],"class_list":["post-4742","post","type-post","status-publish","format-standard","has-post-thumbnail","hentry","category-opinion","category-politica","category-sociedad","tag-edomex","tag-eric-sevilla","tag-pri"],"yoast_head":"<!-- This site is optimized with the Yoast SEO plugin v24.9 - https:\/\/yoast.com\/wordpress\/plugins\/seo\/ -->\n<title>INTEGRA PRI EDOM\u00c9X COMIT\u00c9 ORGANIZADOR MEXIQUENSE DEL FRENTE AMPLIO POR M\u00c9XICO - 21 Panorama<\/title>\n<meta name=\"robots\" content=\"index, follow, max-snippet:-1, max-image-preview:large, max-video-preview:-1\" \/>\n<link rel=\"canonical\" href=\"https:\/\/21panorama.com\/index.php\/2023\/08\/01\/integra-pri-edomex-comite-organizador-mexiquense-del-frente-amplio-por-mexico\/\" \/>\n<meta property=\"og:locale\" content=\"es_MX\" \/>\n<meta property=\"og:type\" content=\"article\" \/>\n<meta property=\"og:title\" content=\"INTEGRA PRI EDOM\u00c9X COMIT\u00c9 ORGANIZADOR MEXIQUENSE DEL FRENTE AMPLIO POR M\u00c9XICO - 21 Panorama\" \/>\n<meta property=\"og:description\" content=\"En el Estado de M\u00e9xico qued\u00f3 formalmente instalado el Comit\u00e9 Organizador del proceso de selecci\u00f3n para elegir a la persona que encabezar\u00e1 el Frente Amplio por M\u00e9xico, en la cual participa el Comit\u00e9 Directivo Estatal (CDE) del Partido Revolucionario Institucional (PRI).\" \/>\n<meta property=\"og:url\" content=\"https:\/\/21panorama.com\/index.php\/2023\/08\/01\/integra-pri-edomex-comite-organizador-mexiquense-del-frente-amplio-por-mexico\/\" \/>\n<meta property=\"og:site_name\" content=\"21 Panorama\" \/>\n<meta property=\"article:published_time\" content=\"2023-08-02T02:18:23+00:00\" \/>\n<meta property=\"article:modified_time\" content=\"2023-08-02T02:18:25+00:00\" \/>\n<meta property=\"og:image\" content=\"https:\/\/21panorama.com\/wp-content\/uploads\/2023\/08\/PRI-010823.jpg\" \/>\n\t<meta property=\"og:image:width\" content=\"1717\" \/>\n\t<meta property=\"og:image:height\" content=\"706\" \/>\n\t<meta property=\"og:image:type\" content=\"image\/jpeg\" \/>\n<meta name=\"author\" content=\"admin\" \/>\n<meta name=\"twitter:card\" content=\"summary_large_image\" \/>\n<meta name=\"twitter:label1\" content=\"Escrito por\" \/>\n\t<meta name=\"twitter:data1\" content=\"admin\" \/>\n\t<meta name=\"twitter:label2\" content=\"Tiempo de lectura\" \/>\n\t<meta name=\"twitter:data2\" content=\"2 minutos\" \/>\n<script type=\"application\/ld+json\" class=\"yoast-schema-graph\">{\"@context\":\"https:\/\/schema.org\",\"@graph\":[{\"@type\":\"Article\",\"@id\":\"https:\/\/21panorama.com\/index.php\/2023\/08\/01\/integra-pri-edomex-comite-organizador-mexiquense-del-frente-amplio-por-mexico\/#article\",\"isPartOf\":{\"@id\":\"https:\/\/21panorama.com\/index.php\/2023\/08\/01\/integra-pri-edomex-comite-organizador-mexiquense-del-frente-amplio-por-mexico\/\"},\"author\":{\"name\":\"admin\",\"@id\":\"https:\/\/21panorama.com\/#\/schema\/person\/1afc291b96d5792a158768324287319f\"},\"headline\":\"INTEGRA PRI EDOM\u00c9X COMIT\u00c9 ORGANIZADOR MEXIQUENSE DEL FRENTE AMPLIO POR M\u00c9XICO\",\"datePublished\":\"2023-08-02T02:18:23+00:00\",\"dateModified\":\"2023-08-02T02:18:25+00:00\",\"mainEntityOfPage\":{\"@id\":\"https:\/\/21panorama.com\/index.php\/2023\/08\/01\/integra-pri-edomex-comite-organizador-mexiquense-del-frente-amplio-por-mexico\/\"},\"wordCount\":289,\"commentCount\":0,\"publisher\":{\"@id\":\"https:\/\/21panorama.com\/#organization\"},\"image\":{\"@id\":\"https:\/\/21panorama.com\/index.php\/2023\/08\/01\/integra-pri-edomex-comite-organizador-mexiquense-del-frente-amplio-por-mexico\/#primaryimage\"},\"thumbnailUrl\":\"https:\/\/21panorama.com\/wp-content\/uploads\/2023\/08\/PRI-010823.jpg\",\"keywords\":[\"EDOMEX\",\"ERIC SEVILLA\",\"PRI\"],\"articleSection\":[\"Opini\u00f3n\",\"Politica\",\"Sociedad\"],\"inLanguage\":\"es\",\"potentialAction\":[{\"@type\":\"CommentAction\",\"name\":\"Comment\",\"target\":[\"https:\/\/21panorama.com\/index.php\/2023\/08\/01\/integra-pri-edomex-comite-organizador-mexiquense-del-frente-amplio-por-mexico\/#respond\"]}]},{\"@type\":\"WebPage\",\"@id\":\"https:\/\/21panorama.com\/index.php\/2023\/08\/01\/integra-pri-edomex-comite-organizador-mexiquense-del-frente-amplio-por-mexico\/\",\"url\":\"https:\/\/21panorama.com\/index.php\/2023\/08\/01\/integra-pri-edomex-comite-organizador-mexiquense-del-frente-amplio-por-mexico\/\",\"name\":\"INTEGRA PRI EDOM\u00c9X COMIT\u00c9 ORGANIZADOR MEXIQUENSE DEL FRENTE AMPLIO POR M\u00c9XICO - 21 Panorama\",\"isPartOf\":{\"@id\":\"https:\/\/21panorama.com\/#website\"},\"primaryImageOfPage\":{\"@id\":\"https:\/\/21panorama.com\/index.php\/2023\/08\/01\/integra-pri-edomex-comite-organizador-mexiquense-del-frente-amplio-por-mexico\/#primaryimage\"},\"image\":{\"@id\":\"https:\/\/21panorama.com\/index.php\/2023\/08\/01\/integra-pri-edomex-comite-organizador-mexiquense-del-frente-amplio-por-mexico\/#primaryimage\"},\"thumbnailUrl\":\"https:\/\/21panorama.com\/wp-content\/uploads\/2023\/08\/PRI-010823.jpg\",\"datePublished\":\"2023-08-02T02:18:23+00:00\",\"dateModified\":\"2023-08-02T02:18:25+00:00\",\"breadcrumb\":{\"@id\":\"https:\/\/21panorama.com\/index.php\/2023\/08\/01\/integra-pri-edomex-comite-organizador-mexiquense-del-frente-amplio-por-mexico\/#breadcrumb\"},\"inLanguage\":\"es\",\"potentialAction\":[{\"@type\":\"ReadAction\",\"target\":[\"https:\/\/21panorama.com\/index.php\/2023\/08\/01\/integra-pri-edomex-comite-organizador-mexiquense-del-frente-amplio-por-mexico\/\"]}]},{\"@type\":\"ImageObject\",\"inLanguage\":\"es\",\"@id\":\"https:\/\/21panorama.com\/index.php\/2023\/08\/01\/integra-pri-edomex-comite-organizador-mexiquense-del-frente-amplio-por-mexico\/#primaryimage\",\"url\":\"https:\/\/21panorama.com\/wp-content\/uploads\/2023\/08\/PRI-010823.jpg\",\"contentUrl\":\"https:\/\/21panorama.com\/wp-content\/uploads\/2023\/08\/PRI-010823.jpg\",\"width\":1717,\"height\":706},{\"@type\":\"BreadcrumbList\",\"@id\":\"https:\/\/21panorama.com\/index.php\/2023\/08\/01\/integra-pri-edomex-comite-organizador-mexiquense-del-frente-amplio-por-mexico\/#breadcrumb\",\"itemListElement\":[{\"@type\":\"ListItem\",\"position\":1,\"name\":\"Inicio\",\"item\":\"https:\/\/21panorama.com\/\"},{\"@type\":\"ListItem\",\"position\":2,\"name\":\"INTEGRA PRI EDOM\u00c9X COMIT\u00c9 ORGANIZADOR MEXIQUENSE DEL FRENTE AMPLIO POR M\u00c9XICO\"}]},{\"@type\":\"WebSite\",\"@id\":\"https:\/\/21panorama.com\/#website\",\"url\":\"https:\/\/21panorama.com\/\",\"name\":\"21 Panorama\",\"description\":\"La construcci\u00f3n de la opini\u00f3n p\u00fablica merece un mejor Panorama en este siglo 21 para alcanzar una sociedad con mayor transparencia y sin corrupci\u00f3n.\",\"publisher\":{\"@id\":\"https:\/\/21panorama.com\/#organization\"},\"potentialAction\":[{\"@type\":\"SearchAction\",\"target\":{\"@type\":\"EntryPoint\",\"urlTemplate\":\"https:\/\/21panorama.com\/?s={search_term_string}\"},\"query-input\":{\"@type\":\"PropertyValueSpecification\",\"valueRequired\":true,\"valueName\":\"search_term_string\"}}],\"inLanguage\":\"es\"},{\"@type\":\"Organization\",\"@id\":\"https:\/\/21panorama.com\/#organization\",\"name\":\"21 Panorama\",\"url\":\"https:\/\/21panorama.com\/\",\"logo\":{\"@type\":\"ImageObject\",\"inLanguage\":\"es\",\"@id\":\"https:\/\/21panorama.com\/#\/schema\/logo\/image\/\",\"url\":\"https:\/\/21panorama.com\/wp-content\/uploads\/2019\/07\/cropped-Logo-Panorama-01.jpeg\",\"contentUrl\":\"https:\/\/21panorama.com\/wp-content\/uploads\/2019\/07\/cropped-Logo-Panorama-01.jpeg\",\"width\":290,\"height\":70,\"caption\":\"21 Panorama\"},\"image\":{\"@id\":\"https:\/\/21panorama.com\/#\/schema\/logo\/image\/\"}},{\"@type\":\"Person\",\"@id\":\"https:\/\/21panorama.com\/#\/schema\/person\/1afc291b96d5792a158768324287319f\",\"name\":\"admin\",\"image\":{\"@type\":\"ImageObject\",\"inLanguage\":\"es\",\"@id\":\"https:\/\/21panorama.com\/#\/schema\/person\/image\/\",\"url\":\"https:\/\/secure.gravatar.com\/avatar\/ad365d9d9f46719215b0d042cc3df92a5a8683e09ef13d102233e5491985f0f0?s=96&d=mm&r=g\",\"contentUrl\":\"https:\/\/secure.gravatar.com\/avatar\/ad365d9d9f46719215b0d042cc3df92a5a8683e09ef13d102233e5491985f0f0?s=96&d=mm&r=g\",\"caption\":\"admin\"},\"url\":\"https:\/\/21panorama.com\/index.php\/author\/admin\/\"}]}<\/script>\n<!-- \/ Yoast SEO plugin. -->","yoast_head_json":{"title":"INTEGRA PRI EDOM\u00c9X COMIT\u00c9 ORGANIZADOR MEXIQUENSE DEL FRENTE AMPLIO POR M\u00c9XICO - 21 Panorama","robots":{"index":"index","follow":"follow","max-snippet":"max-snippet:-1","max-image-preview":"max-image-preview:large","max-video-preview":"max-video-preview:-1"},"canonical":"https:\/\/21panorama.com\/index.php\/2023\/08\/01\/integra-pri-edomex-comite-organizador-mexiquense-del-frente-amplio-por-mexico\/","og_locale":"es_MX","og_type":"article","og_title":"INTEGRA PRI EDOM\u00c9X COMIT\u00c9 ORGANIZADOR MEXIQUENSE DEL FRENTE AMPLIO POR M\u00c9XICO - 21 Panorama","og_description":"En el Estado de M\u00e9xico qued\u00f3 formalmente instalado el Comit\u00e9 Organizador del proceso de selecci\u00f3n para elegir a la persona que encabezar\u00e1 el Frente Amplio por M\u00e9xico, en la cual participa el Comit\u00e9 Directivo Estatal (CDE) del Partido Revolucionario Institucional (PRI).","og_url":"https:\/\/21panorama.com\/index.php\/2023\/08\/01\/integra-pri-edomex-comite-organizador-mexiquense-del-frente-amplio-por-mexico\/","og_site_name":"21 Panorama","article_published_time":"2023-08-02T02:18:23+00:00","article_modified_time":"2023-08-02T02:18:25+00:00","og_image":[{"width":1717,"height":706,"url":"https:\/\/21panorama.com\/wp-content\/uploads\/2023\/08\/PRI-010823.jpg","type":"image\/jpeg"}],"author":"admin","twitter_card":"summary_large_image","twitter_misc":{"Escrito por":"admin","Tiempo de lectura":"2 minutos"},"schema":{"@context":"https:\/\/schema.org","@graph":[{"@type":"Article","@id":"https:\/\/21panorama.com\/index.php\/2023\/08\/01\/integra-pri-edomex-comite-organizador-mexiquense-del-frente-amplio-por-mexico\/#article","isPartOf":{"@id":"https:\/\/21panorama.com\/index.php\/2023\/08\/01\/integra-pri-edomex-comite-organizador-mexiquense-del-frente-amplio-por-mexico\/"},"author":{"name":"admin","@id":"https:\/\/21panorama.com\/#\/schema\/person\/1afc291b96d5792a158768324287319f"},"headline":"INTEGRA PRI EDOM\u00c9X COMIT\u00c9 ORGANIZADOR MEXIQUENSE DEL FRENTE AMPLIO POR M\u00c9XICO","datePublished":"2023-08-02T02:18:23+00:00","dateModified":"2023-08-02T02:18:25+00:00","mainEntityOfPage":{"@id":"https:\/\/21panorama.com\/index.php\/2023\/08\/01\/integra-pri-edomex-comite-organizador-mexiquense-del-frente-amplio-por-mexico\/"},"wordCount":289,"commentCount":0,"publisher":{"@id":"https:\/\/21panorama.com\/#organization"},"image":{"@id":"https:\/\/21panorama.com\/index.php\/2023\/08\/01\/integra-pri-edomex-comite-organizador-mexiquense-del-frente-amplio-por-mexico\/#primaryimage"},"thumbnailUrl":"https:\/\/21panorama.com\/wp-content\/uploads\/2023\/08\/PRI-010823.jpg","keywords":["EDOMEX","ERIC SEVILLA","PRI"],"articleSection":["Opini\u00f3n","Politica","Sociedad"],"inLanguage":"es","potentialAction":[{"@type":"CommentAction","name":"Comment","target":["https:\/\/21panorama.com\/index.php\/2023\/08\/01\/integra-pri-edomex-comite-organizador-mexiquense-del-frente-amplio-por-mexico\/#respond"]}]},{"@type":"WebPage","@id":"https:\/\/21panorama.com\/index.php\/2023\/08\/01\/integra-pri-edomex-comite-organizador-mexiquense-del-frente-amplio-por-mexico\/","url":"https:\/\/21panorama.com\/index.php\/2023\/08\/01\/integra-pri-edomex-comite-organizador-mexiquense-del-frente-amplio-por-mexico\/","name":"INTEGRA PRI EDOM\u00c9X COMIT\u00c9 ORGANIZADOR MEXIQUENSE DEL FRENTE AMPLIO POR M\u00c9XICO - 21 Panorama","isPartOf":{"@id":"https:\/\/21panorama.com\/#website"},"primaryImageOfPage":{"@id":"https:\/\/21panorama.com\/index.php\/2023\/08\/01\/integra-pri-edomex-comite-organizador-mexiquense-del-frente-amplio-por-mexico\/#primaryimage"},"image":{"@id":"https:\/\/21panorama.com\/index.php\/2023\/08\/01\/integra-pri-edomex-comite-organizador-mexiquense-del-frente-amplio-por-mexico\/#primaryimage"},"thumbnailUrl":"https:\/\/21panorama.com\/wp-content\/uploads\/2023\/08\/PRI-010823.jpg","datePublished":"2023-08-02T02:18:23+00:00","dateModified":"2023-08-02T02:18:25+00:00","breadcrumb":{"@id":"https:\/\/21panorama.com\/index.php\/2023\/08\/01\/integra-pri-edomex-comite-organizador-mexiquense-del-frente-amplio-por-mexico\/#breadcrumb"},"inLanguage":"es","potentialAction":[{"@type":"ReadAction","target":["https:\/\/21panorama.com\/index.php\/2023\/08\/01\/integra-pri-edomex-comite-organizador-mexiquense-del-frente-amplio-por-mexico\/"]}]},{"@type":"ImageObject","inLanguage":"es","@id":"https:\/\/21panorama.com\/index.php\/2023\/08\/01\/integra-pri-edomex-comite-organizador-mexiquense-del-frente-amplio-por-mexico\/#primaryimage","url":"https:\/\/21panorama.com\/wp-content\/uploads\/2023\/08\/PRI-010823.jpg","contentUrl":"https:\/\/21panorama.com\/wp-content\/uploads\/2023\/08\/PRI-010823.jpg","width":1717,"height":706},{"@type":"BreadcrumbList","@id":"https:\/\/21panorama.com\/index.php\/2023\/08\/01\/integra-pri-edomex-comite-organizador-mexiquense-del-frente-amplio-por-mexico\/#breadcrumb","itemListElement":[{"@type":"ListItem","position":1,"name":"Inicio","item":"https:\/\/21panorama.com\/"},{"@type":"ListItem","position":2,"name":"INTEGRA PRI EDOM\u00c9X COMIT\u00c9 ORGANIZADOR MEXIQUENSE DEL FRENTE AMPLIO POR M\u00c9XICO"}]},{"@type":"WebSite","@id":"https:\/\/21panorama.com\/#website","url":"https:\/\/21panorama.com\/","name":"21 Panorama","description":"La construcci\u00f3n de la opini\u00f3n p\u00fablica merece un mejor Panorama en este siglo 21 para alcanzar una sociedad con mayor transparencia y sin corrupci\u00f3n.","publisher":{"@id":"https:\/\/21panorama.com\/#organization"},"potentialAction":[{"@type":"SearchAction","target":{"@type":"EntryPoint","urlTemplate":"https:\/\/21panorama.com\/?s={search_term_string}"},"query-input":{"@type":"PropertyValueSpecification","valueRequired":true,"valueName":"search_term_string"}}],"inLanguage":"es"},{"@type":"Organization","@id":"https:\/\/21panorama.com\/#organization","name":"21 Panorama","url":"https:\/\/21panorama.com\/","logo":{"@type":"ImageObject","inLanguage":"es","@id":"https:\/\/21panorama.com\/#\/schema\/logo\/image\/","url":"https:\/\/21panorama.com\/wp-content\/uploads\/2019\/07\/cropped-Logo-Panorama-01.jpeg","contentUrl":"https:\/\/21panorama.com\/wp-content\/uploads\/2019\/07\/cropped-Logo-Panorama-01.jpeg","width":290,"height":70,"caption":"21 Panorama"},"image":{"@id":"https:\/\/21panorama.com\/#\/schema\/logo\/image\/"}},{"@type":"Person","@id":"https:\/\/21panorama.com\/#\/schema\/person\/1afc291b96d5792a158768324287319f","name":"admin","image":{"@type":"ImageObject","inLanguage":"es","@id":"https:\/\/21panorama.com\/#\/schema\/person\/image\/","url":"https:\/\/secure.gravatar.com\/avatar\/ad365d9d9f46719215b0d042cc3df92a5a8683e09ef13d102233e5491985f0f0?s=96&d=mm&r=g","contentUrl":"https:\/\/secure.gravatar.com\/avatar\/ad365d9d9f46719215b0d042cc3df92a5a8683e09ef13d102233e5491985f0f0?s=96&d=mm&r=g","caption":"admin"},"url":"https:\/\/21panorama.com\/index.php\/author\/admin\/"}]}},"_links":{"self":[{"href":"https:\/\/21panorama.com\/index.php\/wp-json\/wp\/v2\/posts\/4742","targetHints":{"allow":["GET"]}}],"collection":[{"href":"https:\/\/21panorama.com\/index.php\/wp-json\/wp\/v2\/posts"}],"about":[{"href":"https:\/\/21panorama.com\/index.php\/wp-json\/wp\/v2\/types\/post"}],"author":[{"embeddable":true,"href":"https:\/\/21panorama.com\/index.php\/wp-json\/wp\/v2\/users\/1"}],"replies":[{"embeddable":true,"href":"https:\/\/21panorama.com\/index.php\/wp-json\/wp\/v2\/comments?post=4742"}],"version-history":[{"count":1,"href":"https:\/\/21panorama.com\/index.php\/wp-json\/wp\/v2\/posts\/4742\/revisions"}],"predecessor-version":[{"id":4744,"href":"https:\/\/21panorama.com\/index.php\/wp-json\/wp\/v2\/posts\/4742\/revisions\/4744"}],"wp:featuredmedia":[{"embeddable":true,"href":"https:\/\/21panorama.com\/index.php\/wp-json\/wp\/v2\/media\/4743"}],"wp:attachment":[{"href":"https:\/\/21panorama.com\/index.php\/wp-json\/wp\/v2\/media?parent=4742"}],"wp:term":[{"taxonomy":"category","embeddable":true,"href":"https:\/\/21panorama.com\/index.php\/wp-json\/wp\/v2\/categories?post=4742"},{"taxonomy":"post_tag","embeddable":true,"href":"https:\/\/21panorama.com\/index.php\/wp-json\/wp\/v2\/tags?post=4742"}],"curies":[{"name":"wp","href":"https:\/\/api.w.org\/{rel}","templated":true}]}}