{"id":4716,"date":"2023-07-13T11:32:16","date_gmt":"2023-07-13T16:32:16","guid":{"rendered":"https:\/\/21panorama.com\/?p=4716"},"modified":"2023-07-21T11:38:47","modified_gmt":"2023-07-21T16:38:47","slug":"gustavo-cardenas-monroy-presente-en-la-graduacion-de-la-generacion-2020-2023-del-cobaem-de-san-francisco-cheje","status":"publish","type":"post","link":"https:\/\/21panorama.com\/index.php\/2023\/07\/13\/gustavo-cardenas-monroy-presente-en-la-graduacion-de-la-generacion-2020-2023-del-cobaem-de-san-francisco-cheje\/","title":{"rendered":"GUSTAVO C\u00c1RDENAS MONROY PRESENTE EN LA GRADUACI\u00d3N DE LA GENERACI\u00d3N 2020-2023 DEL COBAEM DE SAN FRANCISCO CHEJE"},"content":{"rendered":"\n<p><\/p>\n\n\n\n<p>El Diputado Federal y Vicecoordinador del GP del PRI Gustavo C\u00e1rdenas Monroy hizo acto de presencia en la Ceremonia de Graduaci\u00f3n de la Generaci\u00f3n 2020-2023 del COBAEM Plantel 14 de San Francisco Cheje.<\/p>\n\n\n\n<p>C\u00e1rdenas Monroy reconoci\u00f3 el empe\u00f1o y dedicaci\u00f3n de los alumnos que egresaron, as\u00ed mismo reconoci\u00f3 el esfuerzo de los j\u00f3venes, as\u00ed como de profesores y padres de familia, para culminar esta etapa escolar.<\/p>\n\n\n\n<p>El Legislador mencion\u00f3 que \u00e9ste es un plantel que ha ido creciendo a lo largo de los a\u00f1os, tanto en infraestructura como en calidad educativa, por tal motivo los estudiantes ingresan en mayor n\u00famero a la educaci\u00f3n superior, eligiendo carreras que les permiten desarrollarse profesionalmente. Invit\u00f3 a los egresados a que sigan creciendo, sigan so\u00f1ando y que sigan construyendo un futuro mejor para cada uno de ellos, sabiendo de antemano que su formaci\u00f3n fue dif\u00edcil, porque les toc\u00f3 la pandemia, la cual transform\u00f3 el sistema educativo, pero a pesar de ello, aqu\u00ed est\u00e1n.&nbsp;<\/p>\n\n\n\n<p>Finalmente exhort\u00f3 a los j\u00f3venes a seguir adelante: que no se rindan, todo se puede si ellos lo construyen, que nadie les diga que no pueden. Los sue\u00f1os m\u00e1s grandes los logra la gente que nunca se rinde, y ahora deben redoblar esfuerzos para cumplir sus objetivos, as\u00ed se integrar\u00e1n con \u00e9xito en diferentes \u00e1mbitos.<\/p>\n","protected":false},"excerpt":{"rendered":"<p>El Diputado Federal y Vicecoordinador del GP del PRI Gustavo C\u00e1rdenas Monroy hizo acto de presencia en la Ceremonia de Graduaci\u00f3n de la Generaci\u00f3n 2020-2023 del COBAEM Plantel 14 de San Francisco Cheje.<\/p>\n","protected":false},"author":1,"featured_media":4717,"comment_status":"open","ping_status":"open","sticky":false,"template":"","format":"standard","meta":{"footnotes":""},"categories":[6,12,1],"tags":[97,222,315,42,33],"class_list":["post-4716","post","type-post","status-publish","format-standard","has-post-thumbnail","hentry","category-cienciaysalud","category-politica","category-sociedad","tag-edomex","tag-gem","tag-gustavo-cardenas","tag-jocotitlan","tag-pri"],"yoast_head":"<!-- This site is optimized with the Yoast SEO plugin v24.9 - https:\/\/yoast.com\/wordpress\/plugins\/seo\/ -->\n<title>GUSTAVO C\u00c1RDENAS MONROY PRESENTE EN LA GRADUACI\u00d3N DE LA GENERACI\u00d3N 2020-2023 DEL COBAEM DE SAN FRANCISCO CHEJE - 21 Panorama<\/title>\n<meta name=\"robots\" content=\"index, follow, max-snippet:-1, max-image-preview:large, max-video-preview:-1\" \/>\n<link rel=\"canonical\" href=\"https:\/\/21panorama.com\/index.php\/2023\/07\/13\/gustavo-cardenas-monroy-presente-en-la-graduacion-de-la-generacion-2020-2023-del-cobaem-de-san-francisco-cheje\/\" \/>\n<meta property=\"og:locale\" content=\"es_MX\" \/>\n<meta property=\"og:type\" content=\"article\" \/>\n<meta property=\"og:title\" content=\"GUSTAVO C\u00c1RDENAS MONROY PRESENTE EN LA GRADUACI\u00d3N DE LA GENERACI\u00d3N 2020-2023 DEL COBAEM DE SAN FRANCISCO CHEJE - 21 Panorama\" \/>\n<meta property=\"og:description\" content=\"El Diputado Federal y Vicecoordinador del GP del PRI Gustavo C\u00e1rdenas Monroy hizo acto de presencia en la Ceremonia de Graduaci\u00f3n de la Generaci\u00f3n 2020-2023 del COBAEM Plantel 14 de San Francisco Cheje.\" \/>\n<meta property=\"og:url\" content=\"https:\/\/21panorama.com\/index.php\/2023\/07\/13\/gustavo-cardenas-monroy-presente-en-la-graduacion-de-la-generacion-2020-2023-del-cobaem-de-san-francisco-cheje\/\" \/>\n<meta property=\"og:site_name\" content=\"21 Panorama\" \/>\n<meta property=\"article:published_time\" content=\"2023-07-13T16:32:16+00:00\" \/>\n<meta property=\"article:modified_time\" content=\"2023-07-21T16:38:47+00:00\" \/>\n<meta property=\"og:image\" content=\"https:\/\/21panorama.com\/wp-content\/uploads\/2023\/07\/Gustavo-Cardenas-Graduacion-San-Francisco-Cheje-3.jpg\" \/>\n\t<meta property=\"og:image:width\" content=\"1024\" \/>\n\t<meta property=\"og:image:height\" content=\"768\" \/>\n\t<meta property=\"og:image:type\" content=\"image\/jpeg\" \/>\n<meta name=\"author\" content=\"admin\" \/>\n<meta name=\"twitter:card\" content=\"summary_large_image\" \/>\n<meta name=\"twitter:label1\" content=\"Escrito por\" \/>\n\t<meta name=\"twitter:data1\" content=\"admin\" \/>\n\t<meta name=\"twitter:label2\" content=\"Tiempo de lectura\" \/>\n\t<meta name=\"twitter:data2\" content=\"1 minuto\" \/>\n<script type=\"application\/ld+json\" class=\"yoast-schema-graph\">{\"@context\":\"https:\/\/schema.org\",\"@graph\":[{\"@type\":\"Article\",\"@id\":\"https:\/\/21panorama.com\/index.php\/2023\/07\/13\/gustavo-cardenas-monroy-presente-en-la-graduacion-de-la-generacion-2020-2023-del-cobaem-de-san-francisco-cheje\/#article\",\"isPartOf\":{\"@id\":\"https:\/\/21panorama.com\/index.php\/2023\/07\/13\/gustavo-cardenas-monroy-presente-en-la-graduacion-de-la-generacion-2020-2023-del-cobaem-de-san-francisco-cheje\/\"},\"author\":{\"name\":\"admin\",\"@id\":\"https:\/\/21panorama.com\/#\/schema\/person\/1afc291b96d5792a158768324287319f\"},\"headline\":\"GUSTAVO C\u00c1RDENAS MONROY PRESENTE EN LA GRADUACI\u00d3N DE LA GENERACI\u00d3N 2020-2023 DEL COBAEM DE SAN FRANCISCO CHEJE\",\"datePublished\":\"2023-07-13T16:32:16+00:00\",\"dateModified\":\"2023-07-21T16:38:47+00:00\",\"mainEntityOfPage\":{\"@id\":\"https:\/\/21panorama.com\/index.php\/2023\/07\/13\/gustavo-cardenas-monroy-presente-en-la-graduacion-de-la-generacion-2020-2023-del-cobaem-de-san-francisco-cheje\/\"},\"wordCount\":252,\"commentCount\":0,\"publisher\":{\"@id\":\"https:\/\/21panorama.com\/#organization\"},\"image\":{\"@id\":\"https:\/\/21panorama.com\/index.php\/2023\/07\/13\/gustavo-cardenas-monroy-presente-en-la-graduacion-de-la-generacion-2020-2023-del-cobaem-de-san-francisco-cheje\/#primaryimage\"},\"thumbnailUrl\":\"https:\/\/21panorama.com\/wp-content\/uploads\/2023\/07\/Gustavo-Cardenas-Graduacion-San-Francisco-Cheje-3.jpg\",\"keywords\":[\"EDOMEX\",\"GEM\",\"GUSTAVO C\u00c1RDENAS\",\"Jocotitl\u00e1n\",\"PRI\"],\"articleSection\":[\"Ciencia y Salud\",\"Politica\",\"Sociedad\"],\"inLanguage\":\"es\",\"potentialAction\":[{\"@type\":\"CommentAction\",\"name\":\"Comment\",\"target\":[\"https:\/\/21panorama.com\/index.php\/2023\/07\/13\/gustavo-cardenas-monroy-presente-en-la-graduacion-de-la-generacion-2020-2023-del-cobaem-de-san-francisco-cheje\/#respond\"]}]},{\"@type\":\"WebPage\",\"@id\":\"https:\/\/21panorama.com\/index.php\/2023\/07\/13\/gustavo-cardenas-monroy-presente-en-la-graduacion-de-la-generacion-2020-2023-del-cobaem-de-san-francisco-cheje\/\",\"url\":\"https:\/\/21panorama.com\/index.php\/2023\/07\/13\/gustavo-cardenas-monroy-presente-en-la-graduacion-de-la-generacion-2020-2023-del-cobaem-de-san-francisco-cheje\/\",\"name\":\"GUSTAVO C\u00c1RDENAS MONROY PRESENTE EN LA GRADUACI\u00d3N DE LA GENERACI\u00d3N 2020-2023 DEL COBAEM DE SAN FRANCISCO CHEJE - 21 Panorama\",\"isPartOf\":{\"@id\":\"https:\/\/21panorama.com\/#website\"},\"primaryImageOfPage\":{\"@id\":\"https:\/\/21panorama.com\/index.php\/2023\/07\/13\/gustavo-cardenas-monroy-presente-en-la-graduacion-de-la-generacion-2020-2023-del-cobaem-de-san-francisco-cheje\/#primaryimage\"},\"image\":{\"@id\":\"https:\/\/21panorama.com\/index.php\/2023\/07\/13\/gustavo-cardenas-monroy-presente-en-la-graduacion-de-la-generacion-2020-2023-del-cobaem-de-san-francisco-cheje\/#primaryimage\"},\"thumbnailUrl\":\"https:\/\/21panorama.com\/wp-content\/uploads\/2023\/07\/Gustavo-Cardenas-Graduacion-San-Francisco-Cheje-3.jpg\",\"datePublished\":\"2023-07-13T16:32:16+00:00\",\"dateModified\":\"2023-07-21T16:38:47+00:00\",\"breadcrumb\":{\"@id\":\"https:\/\/21panorama.com\/index.php\/2023\/07\/13\/gustavo-cardenas-monroy-presente-en-la-graduacion-de-la-generacion-2020-2023-del-cobaem-de-san-francisco-cheje\/#breadcrumb\"},\"inLanguage\":\"es\",\"potentialAction\":[{\"@type\":\"ReadAction\",\"target\":[\"https:\/\/21panorama.com\/index.php\/2023\/07\/13\/gustavo-cardenas-monroy-presente-en-la-graduacion-de-la-generacion-2020-2023-del-cobaem-de-san-francisco-cheje\/\"]}]},{\"@type\":\"ImageObject\",\"inLanguage\":\"es\",\"@id\":\"https:\/\/21panorama.com\/index.php\/2023\/07\/13\/gustavo-cardenas-monroy-presente-en-la-graduacion-de-la-generacion-2020-2023-del-cobaem-de-san-francisco-cheje\/#primaryimage\",\"url\":\"https:\/\/21panorama.com\/wp-content\/uploads\/2023\/07\/Gustavo-Cardenas-Graduacion-San-Francisco-Cheje-3.jpg\",\"contentUrl\":\"https:\/\/21panorama.com\/wp-content\/uploads\/2023\/07\/Gustavo-Cardenas-Graduacion-San-Francisco-Cheje-3.jpg\",\"width\":1024,\"height\":768},{\"@type\":\"BreadcrumbList\",\"@id\":\"https:\/\/21panorama.com\/index.php\/2023\/07\/13\/gustavo-cardenas-monroy-presente-en-la-graduacion-de-la-generacion-2020-2023-del-cobaem-de-san-francisco-cheje\/#breadcrumb\",\"itemListElement\":[{\"@type\":\"ListItem\",\"position\":1,\"name\":\"Inicio\",\"item\":\"https:\/\/21panorama.com\/\"},{\"@type\":\"ListItem\",\"position\":2,\"name\":\"GUSTAVO C\u00c1RDENAS MONROY PRESENTE EN LA GRADUACI\u00d3N DE LA GENERACI\u00d3N 2020-2023 DEL COBAEM DE SAN FRANCISCO CHEJE\"}]},{\"@type\":\"WebSite\",\"@id\":\"https:\/\/21panorama.com\/#website\",\"url\":\"https:\/\/21panorama.com\/\",\"name\":\"21 Panorama\",\"description\":\"La construcci\u00f3n de la opini\u00f3n p\u00fablica merece un mejor Panorama en este siglo 21 para alcanzar una sociedad con mayor transparencia y sin corrupci\u00f3n.\",\"publisher\":{\"@id\":\"https:\/\/21panorama.com\/#organization\"},\"potentialAction\":[{\"@type\":\"SearchAction\",\"target\":{\"@type\":\"EntryPoint\",\"urlTemplate\":\"https:\/\/21panorama.com\/?s={search_term_string}\"},\"query-input\":{\"@type\":\"PropertyValueSpecification\",\"valueRequired\":true,\"valueName\":\"search_term_string\"}}],\"inLanguage\":\"es\"},{\"@type\":\"Organization\",\"@id\":\"https:\/\/21panorama.com\/#organization\",\"name\":\"21 Panorama\",\"url\":\"https:\/\/21panorama.com\/\",\"logo\":{\"@type\":\"ImageObject\",\"inLanguage\":\"es\",\"@id\":\"https:\/\/21panorama.com\/#\/schema\/logo\/image\/\",\"url\":\"https:\/\/21panorama.com\/wp-content\/uploads\/2019\/07\/cropped-Logo-Panorama-01.jpeg\",\"contentUrl\":\"https:\/\/21panorama.com\/wp-content\/uploads\/2019\/07\/cropped-Logo-Panorama-01.jpeg\",\"width\":290,\"height\":70,\"caption\":\"21 Panorama\"},\"image\":{\"@id\":\"https:\/\/21panorama.com\/#\/schema\/logo\/image\/\"}},{\"@type\":\"Person\",\"@id\":\"https:\/\/21panorama.com\/#\/schema\/person\/1afc291b96d5792a158768324287319f\",\"name\":\"admin\",\"image\":{\"@type\":\"ImageObject\",\"inLanguage\":\"es\",\"@id\":\"https:\/\/21panorama.com\/#\/schema\/person\/image\/\",\"url\":\"https:\/\/secure.gravatar.com\/avatar\/ad365d9d9f46719215b0d042cc3df92a5a8683e09ef13d102233e5491985f0f0?s=96&d=mm&r=g\",\"contentUrl\":\"https:\/\/secure.gravatar.com\/avatar\/ad365d9d9f46719215b0d042cc3df92a5a8683e09ef13d102233e5491985f0f0?s=96&d=mm&r=g\",\"caption\":\"admin\"},\"url\":\"https:\/\/21panorama.com\/index.php\/author\/admin\/\"}]}<\/script>\n<!-- \/ Yoast SEO plugin. -->","yoast_head_json":{"title":"GUSTAVO C\u00c1RDENAS MONROY PRESENTE EN LA GRADUACI\u00d3N DE LA GENERACI\u00d3N 2020-2023 DEL COBAEM DE SAN FRANCISCO CHEJE - 21 Panorama","robots":{"index":"index","follow":"follow","max-snippet":"max-snippet:-1","max-image-preview":"max-image-preview:large","max-video-preview":"max-video-preview:-1"},"canonical":"https:\/\/21panorama.com\/index.php\/2023\/07\/13\/gustavo-cardenas-monroy-presente-en-la-graduacion-de-la-generacion-2020-2023-del-cobaem-de-san-francisco-cheje\/","og_locale":"es_MX","og_type":"article","og_title":"GUSTAVO C\u00c1RDENAS MONROY PRESENTE EN LA GRADUACI\u00d3N DE LA GENERACI\u00d3N 2020-2023 DEL COBAEM DE SAN FRANCISCO CHEJE - 21 Panorama","og_description":"El Diputado Federal y Vicecoordinador del GP del PRI Gustavo C\u00e1rdenas Monroy hizo acto de presencia en la Ceremonia de Graduaci\u00f3n de la Generaci\u00f3n 2020-2023 del COBAEM Plantel 14 de San Francisco Cheje.","og_url":"https:\/\/21panorama.com\/index.php\/2023\/07\/13\/gustavo-cardenas-monroy-presente-en-la-graduacion-de-la-generacion-2020-2023-del-cobaem-de-san-francisco-cheje\/","og_site_name":"21 Panorama","article_published_time":"2023-07-13T16:32:16+00:00","article_modified_time":"2023-07-21T16:38:47+00:00","og_image":[{"width":1024,"height":768,"url":"https:\/\/21panorama.com\/wp-content\/uploads\/2023\/07\/Gustavo-Cardenas-Graduacion-San-Francisco-Cheje-3.jpg","type":"image\/jpeg"}],"author":"admin","twitter_card":"summary_large_image","twitter_misc":{"Escrito por":"admin","Tiempo de lectura":"1 minuto"},"schema":{"@context":"https:\/\/schema.org","@graph":[{"@type":"Article","@id":"https:\/\/21panorama.com\/index.php\/2023\/07\/13\/gustavo-cardenas-monroy-presente-en-la-graduacion-de-la-generacion-2020-2023-del-cobaem-de-san-francisco-cheje\/#article","isPartOf":{"@id":"https:\/\/21panorama.com\/index.php\/2023\/07\/13\/gustavo-cardenas-monroy-presente-en-la-graduacion-de-la-generacion-2020-2023-del-cobaem-de-san-francisco-cheje\/"},"author":{"name":"admin","@id":"https:\/\/21panorama.com\/#\/schema\/person\/1afc291b96d5792a158768324287319f"},"headline":"GUSTAVO C\u00c1RDENAS MONROY PRESENTE EN LA GRADUACI\u00d3N DE LA GENERACI\u00d3N 2020-2023 DEL COBAEM DE SAN FRANCISCO CHEJE","datePublished":"2023-07-13T16:32:16+00:00","dateModified":"2023-07-21T16:38:47+00:00","mainEntityOfPage":{"@id":"https:\/\/21panorama.com\/index.php\/2023\/07\/13\/gustavo-cardenas-monroy-presente-en-la-graduacion-de-la-generacion-2020-2023-del-cobaem-de-san-francisco-cheje\/"},"wordCount":252,"commentCount":0,"publisher":{"@id":"https:\/\/21panorama.com\/#organization"},"image":{"@id":"https:\/\/21panorama.com\/index.php\/2023\/07\/13\/gustavo-cardenas-monroy-presente-en-la-graduacion-de-la-generacion-2020-2023-del-cobaem-de-san-francisco-cheje\/#primaryimage"},"thumbnailUrl":"https:\/\/21panorama.com\/wp-content\/uploads\/2023\/07\/Gustavo-Cardenas-Graduacion-San-Francisco-Cheje-3.jpg","keywords":["EDOMEX","GEM","GUSTAVO C\u00c1RDENAS","Jocotitl\u00e1n","PRI"],"articleSection":["Ciencia y Salud","Politica","Sociedad"],"inLanguage":"es","potentialAction":[{"@type":"CommentAction","name":"Comment","target":["https:\/\/21panorama.com\/index.php\/2023\/07\/13\/gustavo-cardenas-monroy-presente-en-la-graduacion-de-la-generacion-2020-2023-del-cobaem-de-san-francisco-cheje\/#respond"]}]},{"@type":"WebPage","@id":"https:\/\/21panorama.com\/index.php\/2023\/07\/13\/gustavo-cardenas-monroy-presente-en-la-graduacion-de-la-generacion-2020-2023-del-cobaem-de-san-francisco-cheje\/","url":"https:\/\/21panorama.com\/index.php\/2023\/07\/13\/gustavo-cardenas-monroy-presente-en-la-graduacion-de-la-generacion-2020-2023-del-cobaem-de-san-francisco-cheje\/","name":"GUSTAVO C\u00c1RDENAS MONROY PRESENTE EN LA GRADUACI\u00d3N DE LA GENERACI\u00d3N 2020-2023 DEL COBAEM DE SAN FRANCISCO CHEJE - 21 Panorama","isPartOf":{"@id":"https:\/\/21panorama.com\/#website"},"primaryImageOfPage":{"@id":"https:\/\/21panorama.com\/index.php\/2023\/07\/13\/gustavo-cardenas-monroy-presente-en-la-graduacion-de-la-generacion-2020-2023-del-cobaem-de-san-francisco-cheje\/#primaryimage"},"image":{"@id":"https:\/\/21panorama.com\/index.php\/2023\/07\/13\/gustavo-cardenas-monroy-presente-en-la-graduacion-de-la-generacion-2020-2023-del-cobaem-de-san-francisco-cheje\/#primaryimage"},"thumbnailUrl":"https:\/\/21panorama.com\/wp-content\/uploads\/2023\/07\/Gustavo-Cardenas-Graduacion-San-Francisco-Cheje-3.jpg","datePublished":"2023-07-13T16:32:16+00:00","dateModified":"2023-07-21T16:38:47+00:00","breadcrumb":{"@id":"https:\/\/21panorama.com\/index.php\/2023\/07\/13\/gustavo-cardenas-monroy-presente-en-la-graduacion-de-la-generacion-2020-2023-del-cobaem-de-san-francisco-cheje\/#breadcrumb"},"inLanguage":"es","potentialAction":[{"@type":"ReadAction","target":["https:\/\/21panorama.com\/index.php\/2023\/07\/13\/gustavo-cardenas-monroy-presente-en-la-graduacion-de-la-generacion-2020-2023-del-cobaem-de-san-francisco-cheje\/"]}]},{"@type":"ImageObject","inLanguage":"es","@id":"https:\/\/21panorama.com\/index.php\/2023\/07\/13\/gustavo-cardenas-monroy-presente-en-la-graduacion-de-la-generacion-2020-2023-del-cobaem-de-san-francisco-cheje\/#primaryimage","url":"https:\/\/21panorama.com\/wp-content\/uploads\/2023\/07\/Gustavo-Cardenas-Graduacion-San-Francisco-Cheje-3.jpg","contentUrl":"https:\/\/21panorama.com\/wp-content\/uploads\/2023\/07\/Gustavo-Cardenas-Graduacion-San-Francisco-Cheje-3.jpg","width":1024,"height":768},{"@type":"BreadcrumbList","@id":"https:\/\/21panorama.com\/index.php\/2023\/07\/13\/gustavo-cardenas-monroy-presente-en-la-graduacion-de-la-generacion-2020-2023-del-cobaem-de-san-francisco-cheje\/#breadcrumb","itemListElement":[{"@type":"ListItem","position":1,"name":"Inicio","item":"https:\/\/21panorama.com\/"},{"@type":"ListItem","position":2,"name":"GUSTAVO C\u00c1RDENAS MONROY PRESENTE EN LA GRADUACI\u00d3N DE LA GENERACI\u00d3N 2020-2023 DEL COBAEM DE SAN FRANCISCO CHEJE"}]},{"@type":"WebSite","@id":"https:\/\/21panorama.com\/#website","url":"https:\/\/21panorama.com\/","name":"21 Panorama","description":"La construcci\u00f3n de la opini\u00f3n p\u00fablica merece un mejor Panorama en este siglo 21 para alcanzar una sociedad con mayor transparencia y sin corrupci\u00f3n.","publisher":{"@id":"https:\/\/21panorama.com\/#organization"},"potentialAction":[{"@type":"SearchAction","target":{"@type":"EntryPoint","urlTemplate":"https:\/\/21panorama.com\/?s={search_term_string}"},"query-input":{"@type":"PropertyValueSpecification","valueRequired":true,"valueName":"search_term_string"}}],"inLanguage":"es"},{"@type":"Organization","@id":"https:\/\/21panorama.com\/#organization","name":"21 Panorama","url":"https:\/\/21panorama.com\/","logo":{"@type":"ImageObject","inLanguage":"es","@id":"https:\/\/21panorama.com\/#\/schema\/logo\/image\/","url":"https:\/\/21panorama.com\/wp-content\/uploads\/2019\/07\/cropped-Logo-Panorama-01.jpeg","contentUrl":"https:\/\/21panorama.com\/wp-content\/uploads\/2019\/07\/cropped-Logo-Panorama-01.jpeg","width":290,"height":70,"caption":"21 Panorama"},"image":{"@id":"https:\/\/21panorama.com\/#\/schema\/logo\/image\/"}},{"@type":"Person","@id":"https:\/\/21panorama.com\/#\/schema\/person\/1afc291b96d5792a158768324287319f","name":"admin","image":{"@type":"ImageObject","inLanguage":"es","@id":"https:\/\/21panorama.com\/#\/schema\/person\/image\/","url":"https:\/\/secure.gravatar.com\/avatar\/ad365d9d9f46719215b0d042cc3df92a5a8683e09ef13d102233e5491985f0f0?s=96&d=mm&r=g","contentUrl":"https:\/\/secure.gravatar.com\/avatar\/ad365d9d9f46719215b0d042cc3df92a5a8683e09ef13d102233e5491985f0f0?s=96&d=mm&r=g","caption":"admin"},"url":"https:\/\/21panorama.com\/index.php\/author\/admin\/"}]}},"_links":{"self":[{"href":"https:\/\/21panorama.com\/index.php\/wp-json\/wp\/v2\/posts\/4716","targetHints":{"allow":["GET"]}}],"collection":[{"href":"https:\/\/21panorama.com\/index.php\/wp-json\/wp\/v2\/posts"}],"about":[{"href":"https:\/\/21panorama.com\/index.php\/wp-json\/wp\/v2\/types\/post"}],"author":[{"embeddable":true,"href":"https:\/\/21panorama.com\/index.php\/wp-json\/wp\/v2\/users\/1"}],"replies":[{"embeddable":true,"href":"https:\/\/21panorama.com\/index.php\/wp-json\/wp\/v2\/comments?post=4716"}],"version-history":[{"count":1,"href":"https:\/\/21panorama.com\/index.php\/wp-json\/wp\/v2\/posts\/4716\/revisions"}],"predecessor-version":[{"id":4718,"href":"https:\/\/21panorama.com\/index.php\/wp-json\/wp\/v2\/posts\/4716\/revisions\/4718"}],"wp:featuredmedia":[{"embeddable":true,"href":"https:\/\/21panorama.com\/index.php\/wp-json\/wp\/v2\/media\/4717"}],"wp:attachment":[{"href":"https:\/\/21panorama.com\/index.php\/wp-json\/wp\/v2\/media?parent=4716"}],"wp:term":[{"taxonomy":"category","embeddable":true,"href":"https:\/\/21panorama.com\/index.php\/wp-json\/wp\/v2\/categories?post=4716"},{"taxonomy":"post_tag","embeddable":true,"href":"https:\/\/21panorama.com\/index.php\/wp-json\/wp\/v2\/tags?post=4716"}],"curies":[{"name":"wp","href":"https:\/\/api.w.org\/{rel}","templated":true}]}}