{"id":4704,"date":"2023-07-14T08:22:50","date_gmt":"2023-07-14T13:22:50","guid":{"rendered":"https:\/\/21panorama.com\/?p=4704"},"modified":"2023-07-18T08:41:34","modified_gmt":"2023-07-18T13:41:34","slug":"2a-feria-del-empleo-con-encanto-2023-en-jocotitlan","status":"publish","type":"post","link":"https:\/\/21panorama.com\/index.php\/2023\/07\/14\/2a-feria-del-empleo-con-encanto-2023-en-jocotitlan\/","title":{"rendered":"2\u00aa FERIA DEL EMPLEO CON ENCANTO 2023 EN JOCOTITL\u00c1N"},"content":{"rendered":"\n<p>El Ayuntamiento de Jocotitl\u00e1n encabezado por el Edil Jes\u00fas Cedillo Gonz\u00e1lez promovi\u00f3 vacantes del sector empresarial a trav\u00e9s de la 2\u00aa Feria del Empleo con Encanto 2023, en donde tambi\u00e9n se cont\u00f3 con la participaci\u00f3n de los artesanos del Municipio.<\/p>\n\n\n\n<p>La Feria del Empleo es un servicio gratuito de vinculaci\u00f3n directa y masiva de mano de obra, en el que se concentra en un mismo espacio f\u00edsico a las empresas que necesitan personal para cubrir sus vacantes y a los buscadores de empleo.<\/p>\n\n\n\n<p>En las Ferias de Empleo los buscadores solicitan trabajo directamente a las empresas participantes, lo que genera un ahorro en recursos (tiempo y dinero), ya que pueden registrar su solicitud de empleo en varias empresas.<\/p>\n\n\n\n<p>Se sugiere que en cada evento de este tipo, los solicitantes lleven varias solicitudes de empleo para poder aplicar al mayor n\u00famero de opciones.<\/p>\n\n\n\n<p>El Presidente, Jes\u00fas Cedillo agradeci\u00f3 la participaci\u00f3n de los empleadores de la regi\u00f3n, porque la actividad de ser productivo y dar sustento a las familias jocotitlenses, es una actividad noble y muy valiosa.<\/p>\n","protected":false},"excerpt":{"rendered":"<p>El Ayuntamiento de Jocotitl\u00e1n encabezado por el Edil Jes\u00fas Cedillo Gonz\u00e1lez promovi\u00f3 vacantes del sector empresarial a trav\u00e9s de la 2\u00aa Feria del Empleo con Encanto 2023, en donde tambi\u00e9n se cont\u00f3 con la participaci\u00f3n de los artesanos del Municipio.<\/p>\n","protected":false},"author":1,"featured_media":4705,"comment_status":"open","ping_status":"open","sticky":false,"template":"","format":"standard","meta":{"footnotes":""},"categories":[3,12,1],"tags":[97,222,325,42],"class_list":["post-4704","post","type-post","status-publish","format-standard","has-post-thumbnail","hentry","category-ecomomia","category-politica","category-sociedad","tag-edomex","tag-gem","tag-jesus-cedillo-gonzalez","tag-jocotitlan"],"yoast_head":"<!-- This site is optimized with the Yoast SEO plugin v24.9 - https:\/\/yoast.com\/wordpress\/plugins\/seo\/ -->\n<title>2\u00aa FERIA DEL EMPLEO CON ENCANTO 2023 EN JOCOTITL\u00c1N - 21 Panorama<\/title>\n<meta name=\"robots\" content=\"index, follow, max-snippet:-1, max-image-preview:large, max-video-preview:-1\" \/>\n<link rel=\"canonical\" href=\"https:\/\/21panorama.com\/index.php\/2023\/07\/14\/2a-feria-del-empleo-con-encanto-2023-en-jocotitlan\/\" \/>\n<meta property=\"og:locale\" content=\"es_MX\" \/>\n<meta property=\"og:type\" content=\"article\" \/>\n<meta property=\"og:title\" content=\"2\u00aa FERIA DEL EMPLEO CON ENCANTO 2023 EN JOCOTITL\u00c1N - 21 Panorama\" \/>\n<meta property=\"og:description\" content=\"El Ayuntamiento de Jocotitl\u00e1n encabezado por el Edil Jes\u00fas Cedillo Gonz\u00e1lez promovi\u00f3 vacantes del sector empresarial a trav\u00e9s de la 2\u00aa Feria del Empleo con Encanto 2023, en donde tambi\u00e9n se cont\u00f3 con la participaci\u00f3n de los artesanos del Municipio.\" \/>\n<meta property=\"og:url\" content=\"https:\/\/21panorama.com\/index.php\/2023\/07\/14\/2a-feria-del-empleo-con-encanto-2023-en-jocotitlan\/\" \/>\n<meta property=\"og:site_name\" content=\"21 Panorama\" \/>\n<meta property=\"article:published_time\" content=\"2023-07-14T13:22:50+00:00\" \/>\n<meta property=\"article:modified_time\" content=\"2023-07-18T13:41:34+00:00\" \/>\n<meta property=\"og:image\" content=\"https:\/\/21panorama.com\/wp-content\/uploads\/2023\/07\/Jocotitlan-2a-Feria-del-empleo-3.jpg\" \/>\n\t<meta property=\"og:image:width\" content=\"2048\" \/>\n\t<meta property=\"og:image:height\" content=\"957\" \/>\n\t<meta property=\"og:image:type\" content=\"image\/jpeg\" \/>\n<meta name=\"author\" content=\"admin\" \/>\n<meta name=\"twitter:card\" content=\"summary_large_image\" \/>\n<meta name=\"twitter:label1\" content=\"Escrito por\" \/>\n\t<meta name=\"twitter:data1\" content=\"admin\" \/>\n\t<meta name=\"twitter:label2\" content=\"Tiempo de lectura\" \/>\n\t<meta name=\"twitter:data2\" content=\"1 minuto\" \/>\n<script type=\"application\/ld+json\" class=\"yoast-schema-graph\">{\"@context\":\"https:\/\/schema.org\",\"@graph\":[{\"@type\":\"Article\",\"@id\":\"https:\/\/21panorama.com\/index.php\/2023\/07\/14\/2a-feria-del-empleo-con-encanto-2023-en-jocotitlan\/#article\",\"isPartOf\":{\"@id\":\"https:\/\/21panorama.com\/index.php\/2023\/07\/14\/2a-feria-del-empleo-con-encanto-2023-en-jocotitlan\/\"},\"author\":{\"name\":\"admin\",\"@id\":\"https:\/\/21panorama.com\/#\/schema\/person\/1afc291b96d5792a158768324287319f\"},\"headline\":\"2\u00aa FERIA DEL EMPLEO CON ENCANTO 2023 EN JOCOTITL\u00c1N\",\"datePublished\":\"2023-07-14T13:22:50+00:00\",\"dateModified\":\"2023-07-18T13:41:34+00:00\",\"mainEntityOfPage\":{\"@id\":\"https:\/\/21panorama.com\/index.php\/2023\/07\/14\/2a-feria-del-empleo-con-encanto-2023-en-jocotitlan\/\"},\"wordCount\":193,\"commentCount\":0,\"publisher\":{\"@id\":\"https:\/\/21panorama.com\/#organization\"},\"image\":{\"@id\":\"https:\/\/21panorama.com\/index.php\/2023\/07\/14\/2a-feria-del-empleo-con-encanto-2023-en-jocotitlan\/#primaryimage\"},\"thumbnailUrl\":\"https:\/\/21panorama.com\/wp-content\/uploads\/2023\/07\/Jocotitlan-2a-Feria-del-empleo-3.jpg\",\"keywords\":[\"EDOMEX\",\"GEM\",\"Jes\u00fas Cedillo Gonz\u00e1lez\",\"Jocotitl\u00e1n\"],\"articleSection\":[\"Econom\u00eda\",\"Politica\",\"Sociedad\"],\"inLanguage\":\"es\",\"potentialAction\":[{\"@type\":\"CommentAction\",\"name\":\"Comment\",\"target\":[\"https:\/\/21panorama.com\/index.php\/2023\/07\/14\/2a-feria-del-empleo-con-encanto-2023-en-jocotitlan\/#respond\"]}]},{\"@type\":\"WebPage\",\"@id\":\"https:\/\/21panorama.com\/index.php\/2023\/07\/14\/2a-feria-del-empleo-con-encanto-2023-en-jocotitlan\/\",\"url\":\"https:\/\/21panorama.com\/index.php\/2023\/07\/14\/2a-feria-del-empleo-con-encanto-2023-en-jocotitlan\/\",\"name\":\"2\u00aa FERIA DEL EMPLEO CON ENCANTO 2023 EN JOCOTITL\u00c1N - 21 Panorama\",\"isPartOf\":{\"@id\":\"https:\/\/21panorama.com\/#website\"},\"primaryImageOfPage\":{\"@id\":\"https:\/\/21panorama.com\/index.php\/2023\/07\/14\/2a-feria-del-empleo-con-encanto-2023-en-jocotitlan\/#primaryimage\"},\"image\":{\"@id\":\"https:\/\/21panorama.com\/index.php\/2023\/07\/14\/2a-feria-del-empleo-con-encanto-2023-en-jocotitlan\/#primaryimage\"},\"thumbnailUrl\":\"https:\/\/21panorama.com\/wp-content\/uploads\/2023\/07\/Jocotitlan-2a-Feria-del-empleo-3.jpg\",\"datePublished\":\"2023-07-14T13:22:50+00:00\",\"dateModified\":\"2023-07-18T13:41:34+00:00\",\"breadcrumb\":{\"@id\":\"https:\/\/21panorama.com\/index.php\/2023\/07\/14\/2a-feria-del-empleo-con-encanto-2023-en-jocotitlan\/#breadcrumb\"},\"inLanguage\":\"es\",\"potentialAction\":[{\"@type\":\"ReadAction\",\"target\":[\"https:\/\/21panorama.com\/index.php\/2023\/07\/14\/2a-feria-del-empleo-con-encanto-2023-en-jocotitlan\/\"]}]},{\"@type\":\"ImageObject\",\"inLanguage\":\"es\",\"@id\":\"https:\/\/21panorama.com\/index.php\/2023\/07\/14\/2a-feria-del-empleo-con-encanto-2023-en-jocotitlan\/#primaryimage\",\"url\":\"https:\/\/21panorama.com\/wp-content\/uploads\/2023\/07\/Jocotitlan-2a-Feria-del-empleo-3.jpg\",\"contentUrl\":\"https:\/\/21panorama.com\/wp-content\/uploads\/2023\/07\/Jocotitlan-2a-Feria-del-empleo-3.jpg\",\"width\":2048,\"height\":957},{\"@type\":\"BreadcrumbList\",\"@id\":\"https:\/\/21panorama.com\/index.php\/2023\/07\/14\/2a-feria-del-empleo-con-encanto-2023-en-jocotitlan\/#breadcrumb\",\"itemListElement\":[{\"@type\":\"ListItem\",\"position\":1,\"name\":\"Inicio\",\"item\":\"https:\/\/21panorama.com\/\"},{\"@type\":\"ListItem\",\"position\":2,\"name\":\"2\u00aa FERIA DEL EMPLEO CON ENCANTO 2023 EN JOCOTITL\u00c1N\"}]},{\"@type\":\"WebSite\",\"@id\":\"https:\/\/21panorama.com\/#website\",\"url\":\"https:\/\/21panorama.com\/\",\"name\":\"21 Panorama\",\"description\":\"La construcci\u00f3n de la opini\u00f3n p\u00fablica merece un mejor Panorama en este siglo 21 para alcanzar una sociedad con mayor transparencia y sin corrupci\u00f3n.\",\"publisher\":{\"@id\":\"https:\/\/21panorama.com\/#organization\"},\"potentialAction\":[{\"@type\":\"SearchAction\",\"target\":{\"@type\":\"EntryPoint\",\"urlTemplate\":\"https:\/\/21panorama.com\/?s={search_term_string}\"},\"query-input\":{\"@type\":\"PropertyValueSpecification\",\"valueRequired\":true,\"valueName\":\"search_term_string\"}}],\"inLanguage\":\"es\"},{\"@type\":\"Organization\",\"@id\":\"https:\/\/21panorama.com\/#organization\",\"name\":\"21 Panorama\",\"url\":\"https:\/\/21panorama.com\/\",\"logo\":{\"@type\":\"ImageObject\",\"inLanguage\":\"es\",\"@id\":\"https:\/\/21panorama.com\/#\/schema\/logo\/image\/\",\"url\":\"https:\/\/21panorama.com\/wp-content\/uploads\/2019\/07\/cropped-Logo-Panorama-01.jpeg\",\"contentUrl\":\"https:\/\/21panorama.com\/wp-content\/uploads\/2019\/07\/cropped-Logo-Panorama-01.jpeg\",\"width\":290,\"height\":70,\"caption\":\"21 Panorama\"},\"image\":{\"@id\":\"https:\/\/21panorama.com\/#\/schema\/logo\/image\/\"}},{\"@type\":\"Person\",\"@id\":\"https:\/\/21panorama.com\/#\/schema\/person\/1afc291b96d5792a158768324287319f\",\"name\":\"admin\",\"image\":{\"@type\":\"ImageObject\",\"inLanguage\":\"es\",\"@id\":\"https:\/\/21panorama.com\/#\/schema\/person\/image\/\",\"url\":\"https:\/\/secure.gravatar.com\/avatar\/ad365d9d9f46719215b0d042cc3df92a5a8683e09ef13d102233e5491985f0f0?s=96&d=mm&r=g\",\"contentUrl\":\"https:\/\/secure.gravatar.com\/avatar\/ad365d9d9f46719215b0d042cc3df92a5a8683e09ef13d102233e5491985f0f0?s=96&d=mm&r=g\",\"caption\":\"admin\"},\"url\":\"https:\/\/21panorama.com\/index.php\/author\/admin\/\"}]}<\/script>\n<!-- \/ Yoast SEO plugin. -->","yoast_head_json":{"title":"2\u00aa FERIA DEL EMPLEO CON ENCANTO 2023 EN JOCOTITL\u00c1N - 21 Panorama","robots":{"index":"index","follow":"follow","max-snippet":"max-snippet:-1","max-image-preview":"max-image-preview:large","max-video-preview":"max-video-preview:-1"},"canonical":"https:\/\/21panorama.com\/index.php\/2023\/07\/14\/2a-feria-del-empleo-con-encanto-2023-en-jocotitlan\/","og_locale":"es_MX","og_type":"article","og_title":"2\u00aa FERIA DEL EMPLEO CON ENCANTO 2023 EN JOCOTITL\u00c1N - 21 Panorama","og_description":"El Ayuntamiento de Jocotitl\u00e1n encabezado por el Edil Jes\u00fas Cedillo Gonz\u00e1lez promovi\u00f3 vacantes del sector empresarial a trav\u00e9s de la 2\u00aa Feria del Empleo con Encanto 2023, en donde tambi\u00e9n se cont\u00f3 con la participaci\u00f3n de los artesanos del Municipio.","og_url":"https:\/\/21panorama.com\/index.php\/2023\/07\/14\/2a-feria-del-empleo-con-encanto-2023-en-jocotitlan\/","og_site_name":"21 Panorama","article_published_time":"2023-07-14T13:22:50+00:00","article_modified_time":"2023-07-18T13:41:34+00:00","og_image":[{"width":2048,"height":957,"url":"https:\/\/21panorama.com\/wp-content\/uploads\/2023\/07\/Jocotitlan-2a-Feria-del-empleo-3.jpg","type":"image\/jpeg"}],"author":"admin","twitter_card":"summary_large_image","twitter_misc":{"Escrito por":"admin","Tiempo de lectura":"1 minuto"},"schema":{"@context":"https:\/\/schema.org","@graph":[{"@type":"Article","@id":"https:\/\/21panorama.com\/index.php\/2023\/07\/14\/2a-feria-del-empleo-con-encanto-2023-en-jocotitlan\/#article","isPartOf":{"@id":"https:\/\/21panorama.com\/index.php\/2023\/07\/14\/2a-feria-del-empleo-con-encanto-2023-en-jocotitlan\/"},"author":{"name":"admin","@id":"https:\/\/21panorama.com\/#\/schema\/person\/1afc291b96d5792a158768324287319f"},"headline":"2\u00aa FERIA DEL EMPLEO CON ENCANTO 2023 EN JOCOTITL\u00c1N","datePublished":"2023-07-14T13:22:50+00:00","dateModified":"2023-07-18T13:41:34+00:00","mainEntityOfPage":{"@id":"https:\/\/21panorama.com\/index.php\/2023\/07\/14\/2a-feria-del-empleo-con-encanto-2023-en-jocotitlan\/"},"wordCount":193,"commentCount":0,"publisher":{"@id":"https:\/\/21panorama.com\/#organization"},"image":{"@id":"https:\/\/21panorama.com\/index.php\/2023\/07\/14\/2a-feria-del-empleo-con-encanto-2023-en-jocotitlan\/#primaryimage"},"thumbnailUrl":"https:\/\/21panorama.com\/wp-content\/uploads\/2023\/07\/Jocotitlan-2a-Feria-del-empleo-3.jpg","keywords":["EDOMEX","GEM","Jes\u00fas Cedillo Gonz\u00e1lez","Jocotitl\u00e1n"],"articleSection":["Econom\u00eda","Politica","Sociedad"],"inLanguage":"es","potentialAction":[{"@type":"CommentAction","name":"Comment","target":["https:\/\/21panorama.com\/index.php\/2023\/07\/14\/2a-feria-del-empleo-con-encanto-2023-en-jocotitlan\/#respond"]}]},{"@type":"WebPage","@id":"https:\/\/21panorama.com\/index.php\/2023\/07\/14\/2a-feria-del-empleo-con-encanto-2023-en-jocotitlan\/","url":"https:\/\/21panorama.com\/index.php\/2023\/07\/14\/2a-feria-del-empleo-con-encanto-2023-en-jocotitlan\/","name":"2\u00aa FERIA DEL EMPLEO CON ENCANTO 2023 EN JOCOTITL\u00c1N - 21 Panorama","isPartOf":{"@id":"https:\/\/21panorama.com\/#website"},"primaryImageOfPage":{"@id":"https:\/\/21panorama.com\/index.php\/2023\/07\/14\/2a-feria-del-empleo-con-encanto-2023-en-jocotitlan\/#primaryimage"},"image":{"@id":"https:\/\/21panorama.com\/index.php\/2023\/07\/14\/2a-feria-del-empleo-con-encanto-2023-en-jocotitlan\/#primaryimage"},"thumbnailUrl":"https:\/\/21panorama.com\/wp-content\/uploads\/2023\/07\/Jocotitlan-2a-Feria-del-empleo-3.jpg","datePublished":"2023-07-14T13:22:50+00:00","dateModified":"2023-07-18T13:41:34+00:00","breadcrumb":{"@id":"https:\/\/21panorama.com\/index.php\/2023\/07\/14\/2a-feria-del-empleo-con-encanto-2023-en-jocotitlan\/#breadcrumb"},"inLanguage":"es","potentialAction":[{"@type":"ReadAction","target":["https:\/\/21panorama.com\/index.php\/2023\/07\/14\/2a-feria-del-empleo-con-encanto-2023-en-jocotitlan\/"]}]},{"@type":"ImageObject","inLanguage":"es","@id":"https:\/\/21panorama.com\/index.php\/2023\/07\/14\/2a-feria-del-empleo-con-encanto-2023-en-jocotitlan\/#primaryimage","url":"https:\/\/21panorama.com\/wp-content\/uploads\/2023\/07\/Jocotitlan-2a-Feria-del-empleo-3.jpg","contentUrl":"https:\/\/21panorama.com\/wp-content\/uploads\/2023\/07\/Jocotitlan-2a-Feria-del-empleo-3.jpg","width":2048,"height":957},{"@type":"BreadcrumbList","@id":"https:\/\/21panorama.com\/index.php\/2023\/07\/14\/2a-feria-del-empleo-con-encanto-2023-en-jocotitlan\/#breadcrumb","itemListElement":[{"@type":"ListItem","position":1,"name":"Inicio","item":"https:\/\/21panorama.com\/"},{"@type":"ListItem","position":2,"name":"2\u00aa FERIA DEL EMPLEO CON ENCANTO 2023 EN JOCOTITL\u00c1N"}]},{"@type":"WebSite","@id":"https:\/\/21panorama.com\/#website","url":"https:\/\/21panorama.com\/","name":"21 Panorama","description":"La construcci\u00f3n de la opini\u00f3n p\u00fablica merece un mejor Panorama en este siglo 21 para alcanzar una sociedad con mayor transparencia y sin corrupci\u00f3n.","publisher":{"@id":"https:\/\/21panorama.com\/#organization"},"potentialAction":[{"@type":"SearchAction","target":{"@type":"EntryPoint","urlTemplate":"https:\/\/21panorama.com\/?s={search_term_string}"},"query-input":{"@type":"PropertyValueSpecification","valueRequired":true,"valueName":"search_term_string"}}],"inLanguage":"es"},{"@type":"Organization","@id":"https:\/\/21panorama.com\/#organization","name":"21 Panorama","url":"https:\/\/21panorama.com\/","logo":{"@type":"ImageObject","inLanguage":"es","@id":"https:\/\/21panorama.com\/#\/schema\/logo\/image\/","url":"https:\/\/21panorama.com\/wp-content\/uploads\/2019\/07\/cropped-Logo-Panorama-01.jpeg","contentUrl":"https:\/\/21panorama.com\/wp-content\/uploads\/2019\/07\/cropped-Logo-Panorama-01.jpeg","width":290,"height":70,"caption":"21 Panorama"},"image":{"@id":"https:\/\/21panorama.com\/#\/schema\/logo\/image\/"}},{"@type":"Person","@id":"https:\/\/21panorama.com\/#\/schema\/person\/1afc291b96d5792a158768324287319f","name":"admin","image":{"@type":"ImageObject","inLanguage":"es","@id":"https:\/\/21panorama.com\/#\/schema\/person\/image\/","url":"https:\/\/secure.gravatar.com\/avatar\/ad365d9d9f46719215b0d042cc3df92a5a8683e09ef13d102233e5491985f0f0?s=96&d=mm&r=g","contentUrl":"https:\/\/secure.gravatar.com\/avatar\/ad365d9d9f46719215b0d042cc3df92a5a8683e09ef13d102233e5491985f0f0?s=96&d=mm&r=g","caption":"admin"},"url":"https:\/\/21panorama.com\/index.php\/author\/admin\/"}]}},"_links":{"self":[{"href":"https:\/\/21panorama.com\/index.php\/wp-json\/wp\/v2\/posts\/4704","targetHints":{"allow":["GET"]}}],"collection":[{"href":"https:\/\/21panorama.com\/index.php\/wp-json\/wp\/v2\/posts"}],"about":[{"href":"https:\/\/21panorama.com\/index.php\/wp-json\/wp\/v2\/types\/post"}],"author":[{"embeddable":true,"href":"https:\/\/21panorama.com\/index.php\/wp-json\/wp\/v2\/users\/1"}],"replies":[{"embeddable":true,"href":"https:\/\/21panorama.com\/index.php\/wp-json\/wp\/v2\/comments?post=4704"}],"version-history":[{"count":1,"href":"https:\/\/21panorama.com\/index.php\/wp-json\/wp\/v2\/posts\/4704\/revisions"}],"predecessor-version":[{"id":4706,"href":"https:\/\/21panorama.com\/index.php\/wp-json\/wp\/v2\/posts\/4704\/revisions\/4706"}],"wp:featuredmedia":[{"embeddable":true,"href":"https:\/\/21panorama.com\/index.php\/wp-json\/wp\/v2\/media\/4705"}],"wp:attachment":[{"href":"https:\/\/21panorama.com\/index.php\/wp-json\/wp\/v2\/media?parent=4704"}],"wp:term":[{"taxonomy":"category","embeddable":true,"href":"https:\/\/21panorama.com\/index.php\/wp-json\/wp\/v2\/categories?post=4704"},{"taxonomy":"post_tag","embeddable":true,"href":"https:\/\/21panorama.com\/index.php\/wp-json\/wp\/v2\/tags?post=4704"}],"curies":[{"name":"wp","href":"https:\/\/api.w.org\/{rel}","templated":true}]}}