{"id":4698,"date":"2023-07-04T00:01:11","date_gmt":"2023-07-04T05:01:11","guid":{"rendered":"https:\/\/21panorama.com\/?p=4698"},"modified":"2023-07-18T00:07:32","modified_gmt":"2023-07-18T05:07:32","slug":"inicio-de-obras-y-entrega-de-la-clave-del-centro-de-trabajo-de-la-escuela-preparatoria-oficial-375-de-san-juan-coajomulco-jocotitlan","status":"publish","type":"post","link":"https:\/\/21panorama.com\/index.php\/2023\/07\/04\/inicio-de-obras-y-entrega-de-la-clave-del-centro-de-trabajo-de-la-escuela-preparatoria-oficial-375-de-san-juan-coajomulco-jocotitlan\/","title":{"rendered":"INICIO DE OBRAS Y ENTREGA DE LA CLAVE DEL CENTRO DE TRABAJO DE LA ESCUELA PREPARATORIA OFICIAL #375 DE SAN JUAN COAJOMULCO, JOCOTITL\u00c1N"},"content":{"rendered":"\n<p><\/p>\n\n\n\n<p>El Presidente Municipal Jes\u00fas Cedillo Gonz\u00e1lez dio un recorrido por el lugar donde se realizar\u00e1 la ampliaci\u00f3n del drenaje sanitario en el Barrio La Mesa de Santiago Casandej\u00e9. El gobierno local ha emprendido una iniciativa para continuar atendiendo las necesidades de nuevo servicio y eliminar los sistemas sanitarios particulares deficientes, as\u00ed como para implementar otras mejoras de operaci\u00f3n y mantenimiento en todo su sistema.<\/p>\n\n\n\n<p>Para mejorar la calidad de educativa de alumnos de la Escuela Primaria Jos\u00e9 Mar\u00eda Morelos y Pav\u00f3n de Providencia, el Presidente Municipal Jes\u00fas Cedillo Gonz\u00e1lez supervis\u00f3 la construcci\u00f3n de la techumbre; mismo que fue impulsado por el comit\u00e9 de padres de familia, en el cual se est\u00e1n trabajando en excavaciones y fabricaci\u00f3n de estructuras para la instalaci\u00f3n de dicha techumbre.<\/p>\n\n\n\n<p>Con esta obra se ver\u00e1n beneficiados un gran n\u00famero de estudiantes que utilizar\u00e1n las instalaciones educativas, mejorando las actividades recreativas, deportivas y culturales, adem\u00e1s de dotar de m\u00e1s calidad a dicha instituci\u00f3n.<\/p>\n\n\n\n<p>Finalmente, en el \u00faltimo punto se vio reflejado el trabajo coordinado entre el Presidente Municipal Jes\u00fas Cedillo Gonz\u00e1lez, el Diputado Federal Gustavo C\u00e1rdenas Monroy y el Diputado Local Iv\u00e1n Esquer Cruz. El cual ha sido fundamental para que se otorgara la Clave del Centro de trabajo de la Escuela Preparatoria Oficial #375 de San Juan Coajomulco, con la cual queda formalmente constituida; sin duda los sue\u00f1os se construyen a trav\u00e9s del trabajo, la constancia y la perseverancia, gracias a ello los j\u00f3venes tendr\u00e1n un espacio educativo de calidad, en donde cursen la Educaci\u00f3n Media Superior y contin\u00faen sus estudios sin tener que desplazarse lejos de sus domicilios.<\/p>\n","protected":false},"excerpt":{"rendered":"<p>El Presidente Municipal Jes\u00fas Cedillo Gonz\u00e1lez dio un recorrido por el lugar donde se realizar\u00e1 la ampliaci\u00f3n del drenaje sanitario en el Barrio La Mesa de Santiago Casandej\u00e9. El gobierno local ha emprendido una iniciativa para continuar atendiendo las necesidades de nuevo servicio y eliminar los sistemas sanitarios particulares deficientes, as\u00ed como para implementar otras mejoras de operaci\u00f3n y mantenimiento en todo su sistema.<\/p>\n","protected":false},"author":1,"featured_media":4699,"comment_status":"open","ping_status":"open","sticky":false,"template":"","format":"standard","meta":{"footnotes":""},"categories":[3,12,1],"tags":[97,222,325,42],"class_list":["post-4698","post","type-post","status-publish","format-standard","has-post-thumbnail","hentry","category-ecomomia","category-politica","category-sociedad","tag-edomex","tag-gem","tag-jesus-cedillo-gonzalez","tag-jocotitlan"],"yoast_head":"<!-- This site is optimized with the Yoast SEO plugin v24.9 - https:\/\/yoast.com\/wordpress\/plugins\/seo\/ -->\n<title>INICIO DE OBRAS Y ENTREGA DE LA CLAVE DEL CENTRO DE TRABAJO DE LA ESCUELA PREPARATORIA OFICIAL #375 DE SAN JUAN COAJOMULCO, JOCOTITL\u00c1N - 21 Panorama<\/title>\n<meta name=\"robots\" content=\"index, follow, max-snippet:-1, max-image-preview:large, max-video-preview:-1\" \/>\n<link rel=\"canonical\" href=\"https:\/\/21panorama.com\/index.php\/2023\/07\/04\/inicio-de-obras-y-entrega-de-la-clave-del-centro-de-trabajo-de-la-escuela-preparatoria-oficial-375-de-san-juan-coajomulco-jocotitlan\/\" \/>\n<meta property=\"og:locale\" content=\"es_MX\" \/>\n<meta property=\"og:type\" content=\"article\" \/>\n<meta property=\"og:title\" content=\"INICIO DE OBRAS Y ENTREGA DE LA CLAVE DEL CENTRO DE TRABAJO DE LA ESCUELA PREPARATORIA OFICIAL #375 DE SAN JUAN COAJOMULCO, JOCOTITL\u00c1N - 21 Panorama\" \/>\n<meta property=\"og:description\" content=\"El Presidente Municipal Jes\u00fas Cedillo Gonz\u00e1lez dio un recorrido por el lugar donde se realizar\u00e1 la ampliaci\u00f3n del drenaje sanitario en el Barrio La Mesa de Santiago Casandej\u00e9. El gobierno local ha emprendido una iniciativa para continuar atendiendo las necesidades de nuevo servicio y eliminar los sistemas sanitarios particulares deficientes, as\u00ed como para implementar otras mejoras de operaci\u00f3n y mantenimiento en todo su sistema.\" \/>\n<meta property=\"og:url\" content=\"https:\/\/21panorama.com\/index.php\/2023\/07\/04\/inicio-de-obras-y-entrega-de-la-clave-del-centro-de-trabajo-de-la-escuela-preparatoria-oficial-375-de-san-juan-coajomulco-jocotitlan\/\" \/>\n<meta property=\"og:site_name\" content=\"21 Panorama\" \/>\n<meta property=\"article:published_time\" content=\"2023-07-04T05:01:11+00:00\" \/>\n<meta property=\"article:modified_time\" content=\"2023-07-18T05:07:32+00:00\" \/>\n<meta property=\"og:image\" content=\"https:\/\/21panorama.com\/wp-content\/uploads\/2023\/07\/Jocotitlan-gira-030723-3.jpg\" \/>\n\t<meta property=\"og:image:width\" content=\"2048\" \/>\n\t<meta property=\"og:image:height\" content=\"1366\" \/>\n\t<meta property=\"og:image:type\" content=\"image\/jpeg\" \/>\n<meta name=\"author\" content=\"admin\" \/>\n<meta name=\"twitter:card\" content=\"summary_large_image\" \/>\n<meta name=\"twitter:label1\" content=\"Escrito por\" \/>\n\t<meta name=\"twitter:data1\" content=\"admin\" \/>\n\t<meta name=\"twitter:label2\" content=\"Tiempo de lectura\" \/>\n\t<meta name=\"twitter:data2\" content=\"2 minutos\" \/>\n<script type=\"application\/ld+json\" class=\"yoast-schema-graph\">{\"@context\":\"https:\/\/schema.org\",\"@graph\":[{\"@type\":\"Article\",\"@id\":\"https:\/\/21panorama.com\/index.php\/2023\/07\/04\/inicio-de-obras-y-entrega-de-la-clave-del-centro-de-trabajo-de-la-escuela-preparatoria-oficial-375-de-san-juan-coajomulco-jocotitlan\/#article\",\"isPartOf\":{\"@id\":\"https:\/\/21panorama.com\/index.php\/2023\/07\/04\/inicio-de-obras-y-entrega-de-la-clave-del-centro-de-trabajo-de-la-escuela-preparatoria-oficial-375-de-san-juan-coajomulco-jocotitlan\/\"},\"author\":{\"name\":\"admin\",\"@id\":\"https:\/\/21panorama.com\/#\/schema\/person\/1afc291b96d5792a158768324287319f\"},\"headline\":\"INICIO DE OBRAS Y ENTREGA DE LA CLAVE DEL CENTRO DE TRABAJO DE LA ESCUELA PREPARATORIA OFICIAL #375 DE SAN JUAN COAJOMULCO, JOCOTITL\u00c1N\",\"datePublished\":\"2023-07-04T05:01:11+00:00\",\"dateModified\":\"2023-07-18T05:07:32+00:00\",\"mainEntityOfPage\":{\"@id\":\"https:\/\/21panorama.com\/index.php\/2023\/07\/04\/inicio-de-obras-y-entrega-de-la-clave-del-centro-de-trabajo-de-la-escuela-preparatoria-oficial-375-de-san-juan-coajomulco-jocotitlan\/\"},\"wordCount\":313,\"commentCount\":0,\"publisher\":{\"@id\":\"https:\/\/21panorama.com\/#organization\"},\"image\":{\"@id\":\"https:\/\/21panorama.com\/index.php\/2023\/07\/04\/inicio-de-obras-y-entrega-de-la-clave-del-centro-de-trabajo-de-la-escuela-preparatoria-oficial-375-de-san-juan-coajomulco-jocotitlan\/#primaryimage\"},\"thumbnailUrl\":\"https:\/\/21panorama.com\/wp-content\/uploads\/2023\/07\/Jocotitlan-gira-030723-3.jpg\",\"keywords\":[\"EDOMEX\",\"GEM\",\"Jes\u00fas Cedillo Gonz\u00e1lez\",\"Jocotitl\u00e1n\"],\"articleSection\":[\"Econom\u00eda\",\"Politica\",\"Sociedad\"],\"inLanguage\":\"es\",\"potentialAction\":[{\"@type\":\"CommentAction\",\"name\":\"Comment\",\"target\":[\"https:\/\/21panorama.com\/index.php\/2023\/07\/04\/inicio-de-obras-y-entrega-de-la-clave-del-centro-de-trabajo-de-la-escuela-preparatoria-oficial-375-de-san-juan-coajomulco-jocotitlan\/#respond\"]}]},{\"@type\":\"WebPage\",\"@id\":\"https:\/\/21panorama.com\/index.php\/2023\/07\/04\/inicio-de-obras-y-entrega-de-la-clave-del-centro-de-trabajo-de-la-escuela-preparatoria-oficial-375-de-san-juan-coajomulco-jocotitlan\/\",\"url\":\"https:\/\/21panorama.com\/index.php\/2023\/07\/04\/inicio-de-obras-y-entrega-de-la-clave-del-centro-de-trabajo-de-la-escuela-preparatoria-oficial-375-de-san-juan-coajomulco-jocotitlan\/\",\"name\":\"INICIO DE OBRAS Y ENTREGA DE LA CLAVE DEL CENTRO DE TRABAJO DE LA ESCUELA PREPARATORIA OFICIAL #375 DE SAN JUAN COAJOMULCO, JOCOTITL\u00c1N - 21 Panorama\",\"isPartOf\":{\"@id\":\"https:\/\/21panorama.com\/#website\"},\"primaryImageOfPage\":{\"@id\":\"https:\/\/21panorama.com\/index.php\/2023\/07\/04\/inicio-de-obras-y-entrega-de-la-clave-del-centro-de-trabajo-de-la-escuela-preparatoria-oficial-375-de-san-juan-coajomulco-jocotitlan\/#primaryimage\"},\"image\":{\"@id\":\"https:\/\/21panorama.com\/index.php\/2023\/07\/04\/inicio-de-obras-y-entrega-de-la-clave-del-centro-de-trabajo-de-la-escuela-preparatoria-oficial-375-de-san-juan-coajomulco-jocotitlan\/#primaryimage\"},\"thumbnailUrl\":\"https:\/\/21panorama.com\/wp-content\/uploads\/2023\/07\/Jocotitlan-gira-030723-3.jpg\",\"datePublished\":\"2023-07-04T05:01:11+00:00\",\"dateModified\":\"2023-07-18T05:07:32+00:00\",\"breadcrumb\":{\"@id\":\"https:\/\/21panorama.com\/index.php\/2023\/07\/04\/inicio-de-obras-y-entrega-de-la-clave-del-centro-de-trabajo-de-la-escuela-preparatoria-oficial-375-de-san-juan-coajomulco-jocotitlan\/#breadcrumb\"},\"inLanguage\":\"es\",\"potentialAction\":[{\"@type\":\"ReadAction\",\"target\":[\"https:\/\/21panorama.com\/index.php\/2023\/07\/04\/inicio-de-obras-y-entrega-de-la-clave-del-centro-de-trabajo-de-la-escuela-preparatoria-oficial-375-de-san-juan-coajomulco-jocotitlan\/\"]}]},{\"@type\":\"ImageObject\",\"inLanguage\":\"es\",\"@id\":\"https:\/\/21panorama.com\/index.php\/2023\/07\/04\/inicio-de-obras-y-entrega-de-la-clave-del-centro-de-trabajo-de-la-escuela-preparatoria-oficial-375-de-san-juan-coajomulco-jocotitlan\/#primaryimage\",\"url\":\"https:\/\/21panorama.com\/wp-content\/uploads\/2023\/07\/Jocotitlan-gira-030723-3.jpg\",\"contentUrl\":\"https:\/\/21panorama.com\/wp-content\/uploads\/2023\/07\/Jocotitlan-gira-030723-3.jpg\",\"width\":2048,\"height\":1366},{\"@type\":\"BreadcrumbList\",\"@id\":\"https:\/\/21panorama.com\/index.php\/2023\/07\/04\/inicio-de-obras-y-entrega-de-la-clave-del-centro-de-trabajo-de-la-escuela-preparatoria-oficial-375-de-san-juan-coajomulco-jocotitlan\/#breadcrumb\",\"itemListElement\":[{\"@type\":\"ListItem\",\"position\":1,\"name\":\"Inicio\",\"item\":\"https:\/\/21panorama.com\/\"},{\"@type\":\"ListItem\",\"position\":2,\"name\":\"INICIO DE OBRAS Y ENTREGA DE LA CLAVE DEL CENTRO DE TRABAJO DE LA ESCUELA PREPARATORIA OFICIAL #375 DE SAN JUAN COAJOMULCO, JOCOTITL\u00c1N\"}]},{\"@type\":\"WebSite\",\"@id\":\"https:\/\/21panorama.com\/#website\",\"url\":\"https:\/\/21panorama.com\/\",\"name\":\"21 Panorama\",\"description\":\"La construcci\u00f3n de la opini\u00f3n p\u00fablica merece un mejor Panorama en este siglo 21 para alcanzar una sociedad con mayor transparencia y sin corrupci\u00f3n.\",\"publisher\":{\"@id\":\"https:\/\/21panorama.com\/#organization\"},\"potentialAction\":[{\"@type\":\"SearchAction\",\"target\":{\"@type\":\"EntryPoint\",\"urlTemplate\":\"https:\/\/21panorama.com\/?s={search_term_string}\"},\"query-input\":{\"@type\":\"PropertyValueSpecification\",\"valueRequired\":true,\"valueName\":\"search_term_string\"}}],\"inLanguage\":\"es\"},{\"@type\":\"Organization\",\"@id\":\"https:\/\/21panorama.com\/#organization\",\"name\":\"21 Panorama\",\"url\":\"https:\/\/21panorama.com\/\",\"logo\":{\"@type\":\"ImageObject\",\"inLanguage\":\"es\",\"@id\":\"https:\/\/21panorama.com\/#\/schema\/logo\/image\/\",\"url\":\"https:\/\/21panorama.com\/wp-content\/uploads\/2019\/07\/cropped-Logo-Panorama-01.jpeg\",\"contentUrl\":\"https:\/\/21panorama.com\/wp-content\/uploads\/2019\/07\/cropped-Logo-Panorama-01.jpeg\",\"width\":290,\"height\":70,\"caption\":\"21 Panorama\"},\"image\":{\"@id\":\"https:\/\/21panorama.com\/#\/schema\/logo\/image\/\"}},{\"@type\":\"Person\",\"@id\":\"https:\/\/21panorama.com\/#\/schema\/person\/1afc291b96d5792a158768324287319f\",\"name\":\"admin\",\"image\":{\"@type\":\"ImageObject\",\"inLanguage\":\"es\",\"@id\":\"https:\/\/21panorama.com\/#\/schema\/person\/image\/\",\"url\":\"https:\/\/secure.gravatar.com\/avatar\/ad365d9d9f46719215b0d042cc3df92a5a8683e09ef13d102233e5491985f0f0?s=96&d=mm&r=g\",\"contentUrl\":\"https:\/\/secure.gravatar.com\/avatar\/ad365d9d9f46719215b0d042cc3df92a5a8683e09ef13d102233e5491985f0f0?s=96&d=mm&r=g\",\"caption\":\"admin\"},\"url\":\"https:\/\/21panorama.com\/index.php\/author\/admin\/\"}]}<\/script>\n<!-- \/ Yoast SEO plugin. -->","yoast_head_json":{"title":"INICIO DE OBRAS Y ENTREGA DE LA CLAVE DEL CENTRO DE TRABAJO DE LA ESCUELA PREPARATORIA OFICIAL #375 DE SAN JUAN COAJOMULCO, JOCOTITL\u00c1N - 21 Panorama","robots":{"index":"index","follow":"follow","max-snippet":"max-snippet:-1","max-image-preview":"max-image-preview:large","max-video-preview":"max-video-preview:-1"},"canonical":"https:\/\/21panorama.com\/index.php\/2023\/07\/04\/inicio-de-obras-y-entrega-de-la-clave-del-centro-de-trabajo-de-la-escuela-preparatoria-oficial-375-de-san-juan-coajomulco-jocotitlan\/","og_locale":"es_MX","og_type":"article","og_title":"INICIO DE OBRAS Y ENTREGA DE LA CLAVE DEL CENTRO DE TRABAJO DE LA ESCUELA PREPARATORIA OFICIAL #375 DE SAN JUAN COAJOMULCO, JOCOTITL\u00c1N - 21 Panorama","og_description":"El Presidente Municipal Jes\u00fas Cedillo Gonz\u00e1lez dio un recorrido por el lugar donde se realizar\u00e1 la ampliaci\u00f3n del drenaje sanitario en el Barrio La Mesa de Santiago Casandej\u00e9. El gobierno local ha emprendido una iniciativa para continuar atendiendo las necesidades de nuevo servicio y eliminar los sistemas sanitarios particulares deficientes, as\u00ed como para implementar otras mejoras de operaci\u00f3n y mantenimiento en todo su sistema.","og_url":"https:\/\/21panorama.com\/index.php\/2023\/07\/04\/inicio-de-obras-y-entrega-de-la-clave-del-centro-de-trabajo-de-la-escuela-preparatoria-oficial-375-de-san-juan-coajomulco-jocotitlan\/","og_site_name":"21 Panorama","article_published_time":"2023-07-04T05:01:11+00:00","article_modified_time":"2023-07-18T05:07:32+00:00","og_image":[{"width":2048,"height":1366,"url":"https:\/\/21panorama.com\/wp-content\/uploads\/2023\/07\/Jocotitlan-gira-030723-3.jpg","type":"image\/jpeg"}],"author":"admin","twitter_card":"summary_large_image","twitter_misc":{"Escrito por":"admin","Tiempo de lectura":"2 minutos"},"schema":{"@context":"https:\/\/schema.org","@graph":[{"@type":"Article","@id":"https:\/\/21panorama.com\/index.php\/2023\/07\/04\/inicio-de-obras-y-entrega-de-la-clave-del-centro-de-trabajo-de-la-escuela-preparatoria-oficial-375-de-san-juan-coajomulco-jocotitlan\/#article","isPartOf":{"@id":"https:\/\/21panorama.com\/index.php\/2023\/07\/04\/inicio-de-obras-y-entrega-de-la-clave-del-centro-de-trabajo-de-la-escuela-preparatoria-oficial-375-de-san-juan-coajomulco-jocotitlan\/"},"author":{"name":"admin","@id":"https:\/\/21panorama.com\/#\/schema\/person\/1afc291b96d5792a158768324287319f"},"headline":"INICIO DE OBRAS Y ENTREGA DE LA CLAVE DEL CENTRO DE TRABAJO DE LA ESCUELA PREPARATORIA OFICIAL #375 DE SAN JUAN COAJOMULCO, JOCOTITL\u00c1N","datePublished":"2023-07-04T05:01:11+00:00","dateModified":"2023-07-18T05:07:32+00:00","mainEntityOfPage":{"@id":"https:\/\/21panorama.com\/index.php\/2023\/07\/04\/inicio-de-obras-y-entrega-de-la-clave-del-centro-de-trabajo-de-la-escuela-preparatoria-oficial-375-de-san-juan-coajomulco-jocotitlan\/"},"wordCount":313,"commentCount":0,"publisher":{"@id":"https:\/\/21panorama.com\/#organization"},"image":{"@id":"https:\/\/21panorama.com\/index.php\/2023\/07\/04\/inicio-de-obras-y-entrega-de-la-clave-del-centro-de-trabajo-de-la-escuela-preparatoria-oficial-375-de-san-juan-coajomulco-jocotitlan\/#primaryimage"},"thumbnailUrl":"https:\/\/21panorama.com\/wp-content\/uploads\/2023\/07\/Jocotitlan-gira-030723-3.jpg","keywords":["EDOMEX","GEM","Jes\u00fas Cedillo Gonz\u00e1lez","Jocotitl\u00e1n"],"articleSection":["Econom\u00eda","Politica","Sociedad"],"inLanguage":"es","potentialAction":[{"@type":"CommentAction","name":"Comment","target":["https:\/\/21panorama.com\/index.php\/2023\/07\/04\/inicio-de-obras-y-entrega-de-la-clave-del-centro-de-trabajo-de-la-escuela-preparatoria-oficial-375-de-san-juan-coajomulco-jocotitlan\/#respond"]}]},{"@type":"WebPage","@id":"https:\/\/21panorama.com\/index.php\/2023\/07\/04\/inicio-de-obras-y-entrega-de-la-clave-del-centro-de-trabajo-de-la-escuela-preparatoria-oficial-375-de-san-juan-coajomulco-jocotitlan\/","url":"https:\/\/21panorama.com\/index.php\/2023\/07\/04\/inicio-de-obras-y-entrega-de-la-clave-del-centro-de-trabajo-de-la-escuela-preparatoria-oficial-375-de-san-juan-coajomulco-jocotitlan\/","name":"INICIO DE OBRAS Y ENTREGA DE LA CLAVE DEL CENTRO DE TRABAJO DE LA ESCUELA PREPARATORIA OFICIAL #375 DE SAN JUAN COAJOMULCO, JOCOTITL\u00c1N - 21 Panorama","isPartOf":{"@id":"https:\/\/21panorama.com\/#website"},"primaryImageOfPage":{"@id":"https:\/\/21panorama.com\/index.php\/2023\/07\/04\/inicio-de-obras-y-entrega-de-la-clave-del-centro-de-trabajo-de-la-escuela-preparatoria-oficial-375-de-san-juan-coajomulco-jocotitlan\/#primaryimage"},"image":{"@id":"https:\/\/21panorama.com\/index.php\/2023\/07\/04\/inicio-de-obras-y-entrega-de-la-clave-del-centro-de-trabajo-de-la-escuela-preparatoria-oficial-375-de-san-juan-coajomulco-jocotitlan\/#primaryimage"},"thumbnailUrl":"https:\/\/21panorama.com\/wp-content\/uploads\/2023\/07\/Jocotitlan-gira-030723-3.jpg","datePublished":"2023-07-04T05:01:11+00:00","dateModified":"2023-07-18T05:07:32+00:00","breadcrumb":{"@id":"https:\/\/21panorama.com\/index.php\/2023\/07\/04\/inicio-de-obras-y-entrega-de-la-clave-del-centro-de-trabajo-de-la-escuela-preparatoria-oficial-375-de-san-juan-coajomulco-jocotitlan\/#breadcrumb"},"inLanguage":"es","potentialAction":[{"@type":"ReadAction","target":["https:\/\/21panorama.com\/index.php\/2023\/07\/04\/inicio-de-obras-y-entrega-de-la-clave-del-centro-de-trabajo-de-la-escuela-preparatoria-oficial-375-de-san-juan-coajomulco-jocotitlan\/"]}]},{"@type":"ImageObject","inLanguage":"es","@id":"https:\/\/21panorama.com\/index.php\/2023\/07\/04\/inicio-de-obras-y-entrega-de-la-clave-del-centro-de-trabajo-de-la-escuela-preparatoria-oficial-375-de-san-juan-coajomulco-jocotitlan\/#primaryimage","url":"https:\/\/21panorama.com\/wp-content\/uploads\/2023\/07\/Jocotitlan-gira-030723-3.jpg","contentUrl":"https:\/\/21panorama.com\/wp-content\/uploads\/2023\/07\/Jocotitlan-gira-030723-3.jpg","width":2048,"height":1366},{"@type":"BreadcrumbList","@id":"https:\/\/21panorama.com\/index.php\/2023\/07\/04\/inicio-de-obras-y-entrega-de-la-clave-del-centro-de-trabajo-de-la-escuela-preparatoria-oficial-375-de-san-juan-coajomulco-jocotitlan\/#breadcrumb","itemListElement":[{"@type":"ListItem","position":1,"name":"Inicio","item":"https:\/\/21panorama.com\/"},{"@type":"ListItem","position":2,"name":"INICIO DE OBRAS Y ENTREGA DE LA CLAVE DEL CENTRO DE TRABAJO DE LA ESCUELA PREPARATORIA OFICIAL #375 DE SAN JUAN COAJOMULCO, JOCOTITL\u00c1N"}]},{"@type":"WebSite","@id":"https:\/\/21panorama.com\/#website","url":"https:\/\/21panorama.com\/","name":"21 Panorama","description":"La construcci\u00f3n de la opini\u00f3n p\u00fablica merece un mejor Panorama en este siglo 21 para alcanzar una sociedad con mayor transparencia y sin corrupci\u00f3n.","publisher":{"@id":"https:\/\/21panorama.com\/#organization"},"potentialAction":[{"@type":"SearchAction","target":{"@type":"EntryPoint","urlTemplate":"https:\/\/21panorama.com\/?s={search_term_string}"},"query-input":{"@type":"PropertyValueSpecification","valueRequired":true,"valueName":"search_term_string"}}],"inLanguage":"es"},{"@type":"Organization","@id":"https:\/\/21panorama.com\/#organization","name":"21 Panorama","url":"https:\/\/21panorama.com\/","logo":{"@type":"ImageObject","inLanguage":"es","@id":"https:\/\/21panorama.com\/#\/schema\/logo\/image\/","url":"https:\/\/21panorama.com\/wp-content\/uploads\/2019\/07\/cropped-Logo-Panorama-01.jpeg","contentUrl":"https:\/\/21panorama.com\/wp-content\/uploads\/2019\/07\/cropped-Logo-Panorama-01.jpeg","width":290,"height":70,"caption":"21 Panorama"},"image":{"@id":"https:\/\/21panorama.com\/#\/schema\/logo\/image\/"}},{"@type":"Person","@id":"https:\/\/21panorama.com\/#\/schema\/person\/1afc291b96d5792a158768324287319f","name":"admin","image":{"@type":"ImageObject","inLanguage":"es","@id":"https:\/\/21panorama.com\/#\/schema\/person\/image\/","url":"https:\/\/secure.gravatar.com\/avatar\/ad365d9d9f46719215b0d042cc3df92a5a8683e09ef13d102233e5491985f0f0?s=96&d=mm&r=g","contentUrl":"https:\/\/secure.gravatar.com\/avatar\/ad365d9d9f46719215b0d042cc3df92a5a8683e09ef13d102233e5491985f0f0?s=96&d=mm&r=g","caption":"admin"},"url":"https:\/\/21panorama.com\/index.php\/author\/admin\/"}]}},"_links":{"self":[{"href":"https:\/\/21panorama.com\/index.php\/wp-json\/wp\/v2\/posts\/4698","targetHints":{"allow":["GET"]}}],"collection":[{"href":"https:\/\/21panorama.com\/index.php\/wp-json\/wp\/v2\/posts"}],"about":[{"href":"https:\/\/21panorama.com\/index.php\/wp-json\/wp\/v2\/types\/post"}],"author":[{"embeddable":true,"href":"https:\/\/21panorama.com\/index.php\/wp-json\/wp\/v2\/users\/1"}],"replies":[{"embeddable":true,"href":"https:\/\/21panorama.com\/index.php\/wp-json\/wp\/v2\/comments?post=4698"}],"version-history":[{"count":1,"href":"https:\/\/21panorama.com\/index.php\/wp-json\/wp\/v2\/posts\/4698\/revisions"}],"predecessor-version":[{"id":4700,"href":"https:\/\/21panorama.com\/index.php\/wp-json\/wp\/v2\/posts\/4698\/revisions\/4700"}],"wp:featuredmedia":[{"embeddable":true,"href":"https:\/\/21panorama.com\/index.php\/wp-json\/wp\/v2\/media\/4699"}],"wp:attachment":[{"href":"https:\/\/21panorama.com\/index.php\/wp-json\/wp\/v2\/media?parent=4698"}],"wp:term":[{"taxonomy":"category","embeddable":true,"href":"https:\/\/21panorama.com\/index.php\/wp-json\/wp\/v2\/categories?post=4698"},{"taxonomy":"post_tag","embeddable":true,"href":"https:\/\/21panorama.com\/index.php\/wp-json\/wp\/v2\/tags?post=4698"}],"curies":[{"name":"wp","href":"https:\/\/api.w.org\/{rel}","templated":true}]}}