{"id":4684,"date":"2023-07-14T00:02:45","date_gmt":"2023-07-14T05:02:45","guid":{"rendered":"https:\/\/21panorama.com\/?p=4684"},"modified":"2023-07-14T00:02:45","modified_gmt":"2023-07-14T05:02:45","slug":"premio-al-merito-ambiental-2023-en-la-categoria-autoridades-locales-para-jesus-cedillo-gonzalez","status":"publish","type":"post","link":"https:\/\/21panorama.com\/index.php\/2023\/07\/14\/premio-al-merito-ambiental-2023-en-la-categoria-autoridades-locales-para-jesus-cedillo-gonzalez\/","title":{"rendered":"PREMIO AL M\u00c9RITO AMBIENTAL 2023 EN LA CATEGOR\u00cdA AUTORIDADES LOCALES PARA JES\u00daS CEDILLO GONZ\u00c1LEZ"},"content":{"rendered":"\n<p><\/p>\n\n\n\n<p>El Presidente Municipal Jes\u00fas Cedillo Gonz\u00e1lez recibi\u00f3 el Premio al M\u00e9rito Ambiental 2023 en la categor\u00eda Autoridades Locales en manos del Secretario del Medio Ambiente del Gobierno del Estado de M\u00e9xico Ing. Jorge Rescala P\u00e9rez.<\/p>\n\n\n\n<p>Este reconocimiento se enfoca en las acciones que ha realizado el Gobierno Municipal a trav\u00e9s del \u00e1rea de Ecolog\u00eda en beneficio del medio ambiente, adem\u00e1s el Edil hizo una menci\u00f3n especial a la Brigada Municipal por su ardua labor de servicio, lo que ha contribuido en el desarrollo sustentable de Jocotitl\u00e1n y del Estado de M\u00e9xico.<\/p>\n\n\n\n<p>Este Reconocimiento al M\u00e9rito Ambiental busca reconocer la trayectoria de personas u organizaciones e instituciones que realizan acciones relevantes en beneficio del medio ambiente, que contribuyan al desarrollo sustentable del Estado de M\u00e9xico. Estas personas u organizaciones pueden pertenecer al \u00e1mbito privado o p\u00fablico, y que desde sus posiciones realicen aportaciones relevantes en el pa\u00eds a favor de la conservaci\u00f3n, protecci\u00f3n, restauraci\u00f3n y uso sustentable de los recursos forestales, que representen beneficios a la sociedad.<\/p>\n\n\n\n<p>En este sentido, el Presidente Municipal de Jocotitl\u00e1n, Jes\u00fas Cedillo Gonz\u00e1lez, siempre ha mostrado gran inter\u00e9s en el desarrollo de los mejores Programas para el medio ambiente; para lo cual se involucra responsablemente en cada uno de ellos. Por lo cual, constantemente exhorta y motiva a los ciudadanos de las distintas comunidades de Jocotitl\u00e1n a que participen activamente y tomen conciencia del cuidado del medio ambiente.<\/p>\n","protected":false},"excerpt":{"rendered":"<p>El Presidente Municipal Jes\u00fas Cedillo Gonz\u00e1lez recibi\u00f3 el Premio al M\u00e9rito Ambiental 2023 en la categor\u00eda Autoridades Locales en manos del Secretario del Medio Ambiente del Gobierno del Estado de M\u00e9xico Ing. Jorge Rescala P\u00e9rez.<\/p>\n","protected":false},"author":1,"featured_media":4685,"comment_status":"open","ping_status":"open","sticky":false,"template":"","format":"standard","meta":{"footnotes":""},"categories":[6,11,1],"tags":[97,325,42],"class_list":["post-4684","post","type-post","status-publish","format-standard","has-post-thumbnail","hentry","category-cienciaysalud","category-medio-ambiente","category-sociedad","tag-edomex","tag-jesus-cedillo-gonzalez","tag-jocotitlan"],"yoast_head":"<!-- This site is optimized with the Yoast SEO plugin v24.9 - https:\/\/yoast.com\/wordpress\/plugins\/seo\/ -->\n<title>PREMIO AL M\u00c9RITO AMBIENTAL 2023 EN LA CATEGOR\u00cdA AUTORIDADES LOCALES PARA JES\u00daS CEDILLO GONZ\u00c1LEZ - 21 Panorama<\/title>\n<meta name=\"robots\" content=\"index, follow, max-snippet:-1, max-image-preview:large, max-video-preview:-1\" \/>\n<link rel=\"canonical\" href=\"https:\/\/21panorama.com\/index.php\/2023\/07\/14\/premio-al-merito-ambiental-2023-en-la-categoria-autoridades-locales-para-jesus-cedillo-gonzalez\/\" \/>\n<meta property=\"og:locale\" content=\"es_MX\" \/>\n<meta property=\"og:type\" content=\"article\" \/>\n<meta property=\"og:title\" content=\"PREMIO AL M\u00c9RITO AMBIENTAL 2023 EN LA CATEGOR\u00cdA AUTORIDADES LOCALES PARA JES\u00daS CEDILLO GONZ\u00c1LEZ - 21 Panorama\" \/>\n<meta property=\"og:description\" content=\"El Presidente Municipal Jes\u00fas Cedillo Gonz\u00e1lez recibi\u00f3 el Premio al M\u00e9rito Ambiental 2023 en la categor\u00eda Autoridades Locales en manos del Secretario del Medio Ambiente del Gobierno del Estado de M\u00e9xico Ing. Jorge Rescala P\u00e9rez.\" \/>\n<meta property=\"og:url\" content=\"https:\/\/21panorama.com\/index.php\/2023\/07\/14\/premio-al-merito-ambiental-2023-en-la-categoria-autoridades-locales-para-jesus-cedillo-gonzalez\/\" \/>\n<meta property=\"og:site_name\" content=\"21 Panorama\" \/>\n<meta property=\"article:published_time\" content=\"2023-07-14T05:02:45+00:00\" \/>\n<meta property=\"og:image\" content=\"https:\/\/21panorama.com\/wp-content\/uploads\/2023\/07\/Jocotitlan-Premio-REMEA-3.jpg\" \/>\n\t<meta property=\"og:image:width\" content=\"2048\" \/>\n\t<meta property=\"og:image:height\" content=\"1536\" \/>\n\t<meta property=\"og:image:type\" content=\"image\/jpeg\" \/>\n<meta name=\"author\" content=\"admin\" \/>\n<meta name=\"twitter:card\" content=\"summary_large_image\" \/>\n<meta name=\"twitter:label1\" content=\"Escrito por\" \/>\n\t<meta name=\"twitter:data1\" content=\"admin\" \/>\n\t<meta name=\"twitter:label2\" content=\"Tiempo de lectura\" \/>\n\t<meta name=\"twitter:data2\" content=\"2 minutos\" \/>\n<script type=\"application\/ld+json\" class=\"yoast-schema-graph\">{\"@context\":\"https:\/\/schema.org\",\"@graph\":[{\"@type\":\"Article\",\"@id\":\"https:\/\/21panorama.com\/index.php\/2023\/07\/14\/premio-al-merito-ambiental-2023-en-la-categoria-autoridades-locales-para-jesus-cedillo-gonzalez\/#article\",\"isPartOf\":{\"@id\":\"https:\/\/21panorama.com\/index.php\/2023\/07\/14\/premio-al-merito-ambiental-2023-en-la-categoria-autoridades-locales-para-jesus-cedillo-gonzalez\/\"},\"author\":{\"name\":\"admin\",\"@id\":\"https:\/\/21panorama.com\/#\/schema\/person\/1afc291b96d5792a158768324287319f\"},\"headline\":\"PREMIO AL M\u00c9RITO AMBIENTAL 2023 EN LA CATEGOR\u00cdA AUTORIDADES LOCALES PARA JES\u00daS CEDILLO GONZ\u00c1LEZ\",\"datePublished\":\"2023-07-14T05:02:45+00:00\",\"mainEntityOfPage\":{\"@id\":\"https:\/\/21panorama.com\/index.php\/2023\/07\/14\/premio-al-merito-ambiental-2023-en-la-categoria-autoridades-locales-para-jesus-cedillo-gonzalez\/\"},\"wordCount\":272,\"commentCount\":0,\"publisher\":{\"@id\":\"https:\/\/21panorama.com\/#organization\"},\"image\":{\"@id\":\"https:\/\/21panorama.com\/index.php\/2023\/07\/14\/premio-al-merito-ambiental-2023-en-la-categoria-autoridades-locales-para-jesus-cedillo-gonzalez\/#primaryimage\"},\"thumbnailUrl\":\"https:\/\/21panorama.com\/wp-content\/uploads\/2023\/07\/Jocotitlan-Premio-REMEA-3.jpg\",\"keywords\":[\"EDOMEX\",\"Jes\u00fas Cedillo Gonz\u00e1lez\",\"Jocotitl\u00e1n\"],\"articleSection\":[\"Ciencia y Salud\",\"Medio Ambiente\",\"Sociedad\"],\"inLanguage\":\"es\",\"potentialAction\":[{\"@type\":\"CommentAction\",\"name\":\"Comment\",\"target\":[\"https:\/\/21panorama.com\/index.php\/2023\/07\/14\/premio-al-merito-ambiental-2023-en-la-categoria-autoridades-locales-para-jesus-cedillo-gonzalez\/#respond\"]}]},{\"@type\":\"WebPage\",\"@id\":\"https:\/\/21panorama.com\/index.php\/2023\/07\/14\/premio-al-merito-ambiental-2023-en-la-categoria-autoridades-locales-para-jesus-cedillo-gonzalez\/\",\"url\":\"https:\/\/21panorama.com\/index.php\/2023\/07\/14\/premio-al-merito-ambiental-2023-en-la-categoria-autoridades-locales-para-jesus-cedillo-gonzalez\/\",\"name\":\"PREMIO AL M\u00c9RITO AMBIENTAL 2023 EN LA CATEGOR\u00cdA AUTORIDADES LOCALES PARA JES\u00daS CEDILLO GONZ\u00c1LEZ - 21 Panorama\",\"isPartOf\":{\"@id\":\"https:\/\/21panorama.com\/#website\"},\"primaryImageOfPage\":{\"@id\":\"https:\/\/21panorama.com\/index.php\/2023\/07\/14\/premio-al-merito-ambiental-2023-en-la-categoria-autoridades-locales-para-jesus-cedillo-gonzalez\/#primaryimage\"},\"image\":{\"@id\":\"https:\/\/21panorama.com\/index.php\/2023\/07\/14\/premio-al-merito-ambiental-2023-en-la-categoria-autoridades-locales-para-jesus-cedillo-gonzalez\/#primaryimage\"},\"thumbnailUrl\":\"https:\/\/21panorama.com\/wp-content\/uploads\/2023\/07\/Jocotitlan-Premio-REMEA-3.jpg\",\"datePublished\":\"2023-07-14T05:02:45+00:00\",\"breadcrumb\":{\"@id\":\"https:\/\/21panorama.com\/index.php\/2023\/07\/14\/premio-al-merito-ambiental-2023-en-la-categoria-autoridades-locales-para-jesus-cedillo-gonzalez\/#breadcrumb\"},\"inLanguage\":\"es\",\"potentialAction\":[{\"@type\":\"ReadAction\",\"target\":[\"https:\/\/21panorama.com\/index.php\/2023\/07\/14\/premio-al-merito-ambiental-2023-en-la-categoria-autoridades-locales-para-jesus-cedillo-gonzalez\/\"]}]},{\"@type\":\"ImageObject\",\"inLanguage\":\"es\",\"@id\":\"https:\/\/21panorama.com\/index.php\/2023\/07\/14\/premio-al-merito-ambiental-2023-en-la-categoria-autoridades-locales-para-jesus-cedillo-gonzalez\/#primaryimage\",\"url\":\"https:\/\/21panorama.com\/wp-content\/uploads\/2023\/07\/Jocotitlan-Premio-REMEA-3.jpg\",\"contentUrl\":\"https:\/\/21panorama.com\/wp-content\/uploads\/2023\/07\/Jocotitlan-Premio-REMEA-3.jpg\",\"width\":2048,\"height\":1536},{\"@type\":\"BreadcrumbList\",\"@id\":\"https:\/\/21panorama.com\/index.php\/2023\/07\/14\/premio-al-merito-ambiental-2023-en-la-categoria-autoridades-locales-para-jesus-cedillo-gonzalez\/#breadcrumb\",\"itemListElement\":[{\"@type\":\"ListItem\",\"position\":1,\"name\":\"Inicio\",\"item\":\"https:\/\/21panorama.com\/\"},{\"@type\":\"ListItem\",\"position\":2,\"name\":\"PREMIO AL M\u00c9RITO AMBIENTAL 2023 EN LA CATEGOR\u00cdA AUTORIDADES LOCALES PARA JES\u00daS CEDILLO GONZ\u00c1LEZ\"}]},{\"@type\":\"WebSite\",\"@id\":\"https:\/\/21panorama.com\/#website\",\"url\":\"https:\/\/21panorama.com\/\",\"name\":\"21 Panorama\",\"description\":\"La construcci\u00f3n de la opini\u00f3n p\u00fablica merece un mejor Panorama en este siglo 21 para alcanzar una sociedad con mayor transparencia y sin corrupci\u00f3n.\",\"publisher\":{\"@id\":\"https:\/\/21panorama.com\/#organization\"},\"potentialAction\":[{\"@type\":\"SearchAction\",\"target\":{\"@type\":\"EntryPoint\",\"urlTemplate\":\"https:\/\/21panorama.com\/?s={search_term_string}\"},\"query-input\":{\"@type\":\"PropertyValueSpecification\",\"valueRequired\":true,\"valueName\":\"search_term_string\"}}],\"inLanguage\":\"es\"},{\"@type\":\"Organization\",\"@id\":\"https:\/\/21panorama.com\/#organization\",\"name\":\"21 Panorama\",\"url\":\"https:\/\/21panorama.com\/\",\"logo\":{\"@type\":\"ImageObject\",\"inLanguage\":\"es\",\"@id\":\"https:\/\/21panorama.com\/#\/schema\/logo\/image\/\",\"url\":\"https:\/\/21panorama.com\/wp-content\/uploads\/2019\/07\/cropped-Logo-Panorama-01.jpeg\",\"contentUrl\":\"https:\/\/21panorama.com\/wp-content\/uploads\/2019\/07\/cropped-Logo-Panorama-01.jpeg\",\"width\":290,\"height\":70,\"caption\":\"21 Panorama\"},\"image\":{\"@id\":\"https:\/\/21panorama.com\/#\/schema\/logo\/image\/\"}},{\"@type\":\"Person\",\"@id\":\"https:\/\/21panorama.com\/#\/schema\/person\/1afc291b96d5792a158768324287319f\",\"name\":\"admin\",\"image\":{\"@type\":\"ImageObject\",\"inLanguage\":\"es\",\"@id\":\"https:\/\/21panorama.com\/#\/schema\/person\/image\/\",\"url\":\"https:\/\/secure.gravatar.com\/avatar\/ad365d9d9f46719215b0d042cc3df92a5a8683e09ef13d102233e5491985f0f0?s=96&d=mm&r=g\",\"contentUrl\":\"https:\/\/secure.gravatar.com\/avatar\/ad365d9d9f46719215b0d042cc3df92a5a8683e09ef13d102233e5491985f0f0?s=96&d=mm&r=g\",\"caption\":\"admin\"},\"url\":\"https:\/\/21panorama.com\/index.php\/author\/admin\/\"}]}<\/script>\n<!-- \/ Yoast SEO plugin. -->","yoast_head_json":{"title":"PREMIO AL M\u00c9RITO AMBIENTAL 2023 EN LA CATEGOR\u00cdA AUTORIDADES LOCALES PARA JES\u00daS CEDILLO GONZ\u00c1LEZ - 21 Panorama","robots":{"index":"index","follow":"follow","max-snippet":"max-snippet:-1","max-image-preview":"max-image-preview:large","max-video-preview":"max-video-preview:-1"},"canonical":"https:\/\/21panorama.com\/index.php\/2023\/07\/14\/premio-al-merito-ambiental-2023-en-la-categoria-autoridades-locales-para-jesus-cedillo-gonzalez\/","og_locale":"es_MX","og_type":"article","og_title":"PREMIO AL M\u00c9RITO AMBIENTAL 2023 EN LA CATEGOR\u00cdA AUTORIDADES LOCALES PARA JES\u00daS CEDILLO GONZ\u00c1LEZ - 21 Panorama","og_description":"El Presidente Municipal Jes\u00fas Cedillo Gonz\u00e1lez recibi\u00f3 el Premio al M\u00e9rito Ambiental 2023 en la categor\u00eda Autoridades Locales en manos del Secretario del Medio Ambiente del Gobierno del Estado de M\u00e9xico Ing. Jorge Rescala P\u00e9rez.","og_url":"https:\/\/21panorama.com\/index.php\/2023\/07\/14\/premio-al-merito-ambiental-2023-en-la-categoria-autoridades-locales-para-jesus-cedillo-gonzalez\/","og_site_name":"21 Panorama","article_published_time":"2023-07-14T05:02:45+00:00","og_image":[{"width":2048,"height":1536,"url":"https:\/\/21panorama.com\/wp-content\/uploads\/2023\/07\/Jocotitlan-Premio-REMEA-3.jpg","type":"image\/jpeg"}],"author":"admin","twitter_card":"summary_large_image","twitter_misc":{"Escrito por":"admin","Tiempo de lectura":"2 minutos"},"schema":{"@context":"https:\/\/schema.org","@graph":[{"@type":"Article","@id":"https:\/\/21panorama.com\/index.php\/2023\/07\/14\/premio-al-merito-ambiental-2023-en-la-categoria-autoridades-locales-para-jesus-cedillo-gonzalez\/#article","isPartOf":{"@id":"https:\/\/21panorama.com\/index.php\/2023\/07\/14\/premio-al-merito-ambiental-2023-en-la-categoria-autoridades-locales-para-jesus-cedillo-gonzalez\/"},"author":{"name":"admin","@id":"https:\/\/21panorama.com\/#\/schema\/person\/1afc291b96d5792a158768324287319f"},"headline":"PREMIO AL M\u00c9RITO AMBIENTAL 2023 EN LA CATEGOR\u00cdA AUTORIDADES LOCALES PARA JES\u00daS CEDILLO GONZ\u00c1LEZ","datePublished":"2023-07-14T05:02:45+00:00","mainEntityOfPage":{"@id":"https:\/\/21panorama.com\/index.php\/2023\/07\/14\/premio-al-merito-ambiental-2023-en-la-categoria-autoridades-locales-para-jesus-cedillo-gonzalez\/"},"wordCount":272,"commentCount":0,"publisher":{"@id":"https:\/\/21panorama.com\/#organization"},"image":{"@id":"https:\/\/21panorama.com\/index.php\/2023\/07\/14\/premio-al-merito-ambiental-2023-en-la-categoria-autoridades-locales-para-jesus-cedillo-gonzalez\/#primaryimage"},"thumbnailUrl":"https:\/\/21panorama.com\/wp-content\/uploads\/2023\/07\/Jocotitlan-Premio-REMEA-3.jpg","keywords":["EDOMEX","Jes\u00fas Cedillo Gonz\u00e1lez","Jocotitl\u00e1n"],"articleSection":["Ciencia y Salud","Medio Ambiente","Sociedad"],"inLanguage":"es","potentialAction":[{"@type":"CommentAction","name":"Comment","target":["https:\/\/21panorama.com\/index.php\/2023\/07\/14\/premio-al-merito-ambiental-2023-en-la-categoria-autoridades-locales-para-jesus-cedillo-gonzalez\/#respond"]}]},{"@type":"WebPage","@id":"https:\/\/21panorama.com\/index.php\/2023\/07\/14\/premio-al-merito-ambiental-2023-en-la-categoria-autoridades-locales-para-jesus-cedillo-gonzalez\/","url":"https:\/\/21panorama.com\/index.php\/2023\/07\/14\/premio-al-merito-ambiental-2023-en-la-categoria-autoridades-locales-para-jesus-cedillo-gonzalez\/","name":"PREMIO AL M\u00c9RITO AMBIENTAL 2023 EN LA CATEGOR\u00cdA AUTORIDADES LOCALES PARA JES\u00daS CEDILLO GONZ\u00c1LEZ - 21 Panorama","isPartOf":{"@id":"https:\/\/21panorama.com\/#website"},"primaryImageOfPage":{"@id":"https:\/\/21panorama.com\/index.php\/2023\/07\/14\/premio-al-merito-ambiental-2023-en-la-categoria-autoridades-locales-para-jesus-cedillo-gonzalez\/#primaryimage"},"image":{"@id":"https:\/\/21panorama.com\/index.php\/2023\/07\/14\/premio-al-merito-ambiental-2023-en-la-categoria-autoridades-locales-para-jesus-cedillo-gonzalez\/#primaryimage"},"thumbnailUrl":"https:\/\/21panorama.com\/wp-content\/uploads\/2023\/07\/Jocotitlan-Premio-REMEA-3.jpg","datePublished":"2023-07-14T05:02:45+00:00","breadcrumb":{"@id":"https:\/\/21panorama.com\/index.php\/2023\/07\/14\/premio-al-merito-ambiental-2023-en-la-categoria-autoridades-locales-para-jesus-cedillo-gonzalez\/#breadcrumb"},"inLanguage":"es","potentialAction":[{"@type":"ReadAction","target":["https:\/\/21panorama.com\/index.php\/2023\/07\/14\/premio-al-merito-ambiental-2023-en-la-categoria-autoridades-locales-para-jesus-cedillo-gonzalez\/"]}]},{"@type":"ImageObject","inLanguage":"es","@id":"https:\/\/21panorama.com\/index.php\/2023\/07\/14\/premio-al-merito-ambiental-2023-en-la-categoria-autoridades-locales-para-jesus-cedillo-gonzalez\/#primaryimage","url":"https:\/\/21panorama.com\/wp-content\/uploads\/2023\/07\/Jocotitlan-Premio-REMEA-3.jpg","contentUrl":"https:\/\/21panorama.com\/wp-content\/uploads\/2023\/07\/Jocotitlan-Premio-REMEA-3.jpg","width":2048,"height":1536},{"@type":"BreadcrumbList","@id":"https:\/\/21panorama.com\/index.php\/2023\/07\/14\/premio-al-merito-ambiental-2023-en-la-categoria-autoridades-locales-para-jesus-cedillo-gonzalez\/#breadcrumb","itemListElement":[{"@type":"ListItem","position":1,"name":"Inicio","item":"https:\/\/21panorama.com\/"},{"@type":"ListItem","position":2,"name":"PREMIO AL M\u00c9RITO AMBIENTAL 2023 EN LA CATEGOR\u00cdA AUTORIDADES LOCALES PARA JES\u00daS CEDILLO GONZ\u00c1LEZ"}]},{"@type":"WebSite","@id":"https:\/\/21panorama.com\/#website","url":"https:\/\/21panorama.com\/","name":"21 Panorama","description":"La construcci\u00f3n de la opini\u00f3n p\u00fablica merece un mejor Panorama en este siglo 21 para alcanzar una sociedad con mayor transparencia y sin corrupci\u00f3n.","publisher":{"@id":"https:\/\/21panorama.com\/#organization"},"potentialAction":[{"@type":"SearchAction","target":{"@type":"EntryPoint","urlTemplate":"https:\/\/21panorama.com\/?s={search_term_string}"},"query-input":{"@type":"PropertyValueSpecification","valueRequired":true,"valueName":"search_term_string"}}],"inLanguage":"es"},{"@type":"Organization","@id":"https:\/\/21panorama.com\/#organization","name":"21 Panorama","url":"https:\/\/21panorama.com\/","logo":{"@type":"ImageObject","inLanguage":"es","@id":"https:\/\/21panorama.com\/#\/schema\/logo\/image\/","url":"https:\/\/21panorama.com\/wp-content\/uploads\/2019\/07\/cropped-Logo-Panorama-01.jpeg","contentUrl":"https:\/\/21panorama.com\/wp-content\/uploads\/2019\/07\/cropped-Logo-Panorama-01.jpeg","width":290,"height":70,"caption":"21 Panorama"},"image":{"@id":"https:\/\/21panorama.com\/#\/schema\/logo\/image\/"}},{"@type":"Person","@id":"https:\/\/21panorama.com\/#\/schema\/person\/1afc291b96d5792a158768324287319f","name":"admin","image":{"@type":"ImageObject","inLanguage":"es","@id":"https:\/\/21panorama.com\/#\/schema\/person\/image\/","url":"https:\/\/secure.gravatar.com\/avatar\/ad365d9d9f46719215b0d042cc3df92a5a8683e09ef13d102233e5491985f0f0?s=96&d=mm&r=g","contentUrl":"https:\/\/secure.gravatar.com\/avatar\/ad365d9d9f46719215b0d042cc3df92a5a8683e09ef13d102233e5491985f0f0?s=96&d=mm&r=g","caption":"admin"},"url":"https:\/\/21panorama.com\/index.php\/author\/admin\/"}]}},"_links":{"self":[{"href":"https:\/\/21panorama.com\/index.php\/wp-json\/wp\/v2\/posts\/4684","targetHints":{"allow":["GET"]}}],"collection":[{"href":"https:\/\/21panorama.com\/index.php\/wp-json\/wp\/v2\/posts"}],"about":[{"href":"https:\/\/21panorama.com\/index.php\/wp-json\/wp\/v2\/types\/post"}],"author":[{"embeddable":true,"href":"https:\/\/21panorama.com\/index.php\/wp-json\/wp\/v2\/users\/1"}],"replies":[{"embeddable":true,"href":"https:\/\/21panorama.com\/index.php\/wp-json\/wp\/v2\/comments?post=4684"}],"version-history":[{"count":1,"href":"https:\/\/21panorama.com\/index.php\/wp-json\/wp\/v2\/posts\/4684\/revisions"}],"predecessor-version":[{"id":4686,"href":"https:\/\/21panorama.com\/index.php\/wp-json\/wp\/v2\/posts\/4684\/revisions\/4686"}],"wp:featuredmedia":[{"embeddable":true,"href":"https:\/\/21panorama.com\/index.php\/wp-json\/wp\/v2\/media\/4685"}],"wp:attachment":[{"href":"https:\/\/21panorama.com\/index.php\/wp-json\/wp\/v2\/media?parent=4684"}],"wp:term":[{"taxonomy":"category","embeddable":true,"href":"https:\/\/21panorama.com\/index.php\/wp-json\/wp\/v2\/categories?post=4684"},{"taxonomy":"post_tag","embeddable":true,"href":"https:\/\/21panorama.com\/index.php\/wp-json\/wp\/v2\/tags?post=4684"}],"curies":[{"name":"wp","href":"https:\/\/api.w.org\/{rel}","templated":true}]}}