{"id":4672,"date":"2023-07-11T21:51:05","date_gmt":"2023-07-12T02:51:05","guid":{"rendered":"https:\/\/21panorama.com\/?p=4672"},"modified":"2023-07-12T23:17:21","modified_gmt":"2023-07-13T04:17:21","slug":"entrega-de-obra-ampliacion-de-sanitarios-en-mercado-publico-municipal","status":"publish","type":"post","link":"https:\/\/21panorama.com\/index.php\/2023\/07\/11\/entrega-de-obra-ampliacion-de-sanitarios-en-mercado-publico-municipal\/","title":{"rendered":"ENTREGA DE OBRA \u201cAMPLIACI\u00d3N DE SANITARIOS EN MERCADO P\u00daBLICO MUNICIPAL\u201d"},"content":{"rendered":"\n<p><\/p>\n\n\n\n<p>* El Gobierno Municipal de Aculco 2022-2024 hizo entrega de obra \u201cAmpliaci\u00f3n de Sanitarios en el Mercado P\u00fablico Municipal\u201d.<\/p>\n\n\n\n<p><\/p>\n\n\n\n<p>El Presidente Municipal de Aculco, Jorge Alfredo Osorio Victoria, en compa\u00f1\u00eda de su esposa, Maestra Rosa Yareth Andrade Quezada, Presidenta Honor\u00edfica del Sistema Municipal DIF Aculco; del secretario del ayuntamiento, Lic. Marco Sosa N\u00fa\u00f1ez; el representante de los locatarios del mercado Miguel Hidalgo, Jaime Hern\u00e1ndez; dirigi\u00f3 la entrega de obra de los sanitarios del Mercado Municipal.<\/p>\n\n\n\n<p><\/p>\n\n\n\n<p>En palabras del representante de los locatarios, mostr\u00f3 su agradecimiento al Gobierno Municipal de Aculco, por apoyarlos con la instalaci\u00f3n de estos sanitarios que ser\u00e1n beneficio tanto para los locatarios como para el p\u00fablico en general, siempre con la finalidad de brindar el mejor servicio.<\/p>\n\n\n\n<p><\/p>\n\n\n\n<p>En esta obra se llev\u00f3 a cabo el cambio total de la instalaci\u00f3n hidr\u00e1ulica, de los pisos, de los accesorios, es decir, que los sanitarios son completamente nuevos. En total son 8 ba\u00f1os para mujeres y 6 para hombres, con un plus de 3 mingitorios. La inversi\u00f3n aproximada para esta obra fue de 960 mil pesos.<\/p>\n","protected":false},"excerpt":{"rendered":"<p>El Gobierno Municipal de Aculco 2022-2024 hizo entrega de obra \u201cAmpliaci\u00f3n de Sanitarios en el Mercado P\u00fablico Municipal\u201d.<\/p>\n","protected":false},"author":1,"featured_media":4673,"comment_status":"open","ping_status":"open","sticky":false,"template":"","format":"standard","meta":{"footnotes":""},"categories":[3,11,1],"tags":[166,97,317],"class_list":["post-4672","post","type-post","status-publish","format-standard","has-post-thumbnail","hentry","category-ecomomia","category-medio-ambiente","category-sociedad","tag-aculco","tag-edomex","tag-jorge-osornio"],"yoast_head":"<!-- This site is optimized with the Yoast SEO plugin v24.9 - https:\/\/yoast.com\/wordpress\/plugins\/seo\/ -->\n<title>ENTREGA DE OBRA \u201cAMPLIACI\u00d3N DE SANITARIOS EN MERCADO P\u00daBLICO MUNICIPAL\u201d - 21 Panorama<\/title>\n<meta name=\"robots\" content=\"index, follow, max-snippet:-1, max-image-preview:large, max-video-preview:-1\" \/>\n<link rel=\"canonical\" href=\"https:\/\/21panorama.com\/index.php\/2023\/07\/11\/entrega-de-obra-ampliacion-de-sanitarios-en-mercado-publico-municipal\/\" \/>\n<meta property=\"og:locale\" content=\"es_MX\" \/>\n<meta property=\"og:type\" content=\"article\" \/>\n<meta property=\"og:title\" content=\"ENTREGA DE OBRA \u201cAMPLIACI\u00d3N DE SANITARIOS EN MERCADO P\u00daBLICO MUNICIPAL\u201d - 21 Panorama\" \/>\n<meta property=\"og:description\" content=\"El Gobierno Municipal de Aculco 2022-2024 hizo entrega de obra \u201cAmpliaci\u00f3n de Sanitarios en el Mercado P\u00fablico Municipal\u201d.\" \/>\n<meta property=\"og:url\" content=\"https:\/\/21panorama.com\/index.php\/2023\/07\/11\/entrega-de-obra-ampliacion-de-sanitarios-en-mercado-publico-municipal\/\" \/>\n<meta property=\"og:site_name\" content=\"21 Panorama\" \/>\n<meta property=\"article:published_time\" content=\"2023-07-12T02:51:05+00:00\" \/>\n<meta property=\"article:modified_time\" content=\"2023-07-13T04:17:21+00:00\" \/>\n<meta property=\"og:image\" content=\"https:\/\/21panorama.com\/wp-content\/uploads\/2023\/07\/Aculco-sanitarios-3.jpg\" \/>\n\t<meta property=\"og:image:width\" content=\"1600\" \/>\n\t<meta property=\"og:image:height\" content=\"1200\" \/>\n\t<meta property=\"og:image:type\" content=\"image\/jpeg\" \/>\n<meta name=\"author\" content=\"admin\" \/>\n<meta name=\"twitter:card\" content=\"summary_large_image\" \/>\n<meta name=\"twitter:label1\" content=\"Escrito por\" \/>\n\t<meta name=\"twitter:data1\" content=\"admin\" \/>\n\t<meta name=\"twitter:label2\" content=\"Tiempo de lectura\" \/>\n\t<meta name=\"twitter:data2\" content=\"1 minuto\" \/>\n<script type=\"application\/ld+json\" class=\"yoast-schema-graph\">{\"@context\":\"https:\/\/schema.org\",\"@graph\":[{\"@type\":\"Article\",\"@id\":\"https:\/\/21panorama.com\/index.php\/2023\/07\/11\/entrega-de-obra-ampliacion-de-sanitarios-en-mercado-publico-municipal\/#article\",\"isPartOf\":{\"@id\":\"https:\/\/21panorama.com\/index.php\/2023\/07\/11\/entrega-de-obra-ampliacion-de-sanitarios-en-mercado-publico-municipal\/\"},\"author\":{\"name\":\"admin\",\"@id\":\"https:\/\/21panorama.com\/#\/schema\/person\/1afc291b96d5792a158768324287319f\"},\"headline\":\"ENTREGA DE OBRA \u201cAMPLIACI\u00d3N DE SANITARIOS EN MERCADO P\u00daBLICO MUNICIPAL\u201d\",\"datePublished\":\"2023-07-12T02:51:05+00:00\",\"dateModified\":\"2023-07-13T04:17:21+00:00\",\"mainEntityOfPage\":{\"@id\":\"https:\/\/21panorama.com\/index.php\/2023\/07\/11\/entrega-de-obra-ampliacion-de-sanitarios-en-mercado-publico-municipal\/\"},\"wordCount\":196,\"commentCount\":0,\"publisher\":{\"@id\":\"https:\/\/21panorama.com\/#organization\"},\"image\":{\"@id\":\"https:\/\/21panorama.com\/index.php\/2023\/07\/11\/entrega-de-obra-ampliacion-de-sanitarios-en-mercado-publico-municipal\/#primaryimage\"},\"thumbnailUrl\":\"https:\/\/21panorama.com\/wp-content\/uploads\/2023\/07\/Aculco-sanitarios-3.jpg\",\"keywords\":[\"aculco\",\"EDOMEX\",\"JORGE OSORNIO\"],\"articleSection\":[\"Econom\u00eda\",\"Medio Ambiente\",\"Sociedad\"],\"inLanguage\":\"es\",\"potentialAction\":[{\"@type\":\"CommentAction\",\"name\":\"Comment\",\"target\":[\"https:\/\/21panorama.com\/index.php\/2023\/07\/11\/entrega-de-obra-ampliacion-de-sanitarios-en-mercado-publico-municipal\/#respond\"]}]},{\"@type\":\"WebPage\",\"@id\":\"https:\/\/21panorama.com\/index.php\/2023\/07\/11\/entrega-de-obra-ampliacion-de-sanitarios-en-mercado-publico-municipal\/\",\"url\":\"https:\/\/21panorama.com\/index.php\/2023\/07\/11\/entrega-de-obra-ampliacion-de-sanitarios-en-mercado-publico-municipal\/\",\"name\":\"ENTREGA DE OBRA \u201cAMPLIACI\u00d3N DE SANITARIOS EN MERCADO P\u00daBLICO MUNICIPAL\u201d - 21 Panorama\",\"isPartOf\":{\"@id\":\"https:\/\/21panorama.com\/#website\"},\"primaryImageOfPage\":{\"@id\":\"https:\/\/21panorama.com\/index.php\/2023\/07\/11\/entrega-de-obra-ampliacion-de-sanitarios-en-mercado-publico-municipal\/#primaryimage\"},\"image\":{\"@id\":\"https:\/\/21panorama.com\/index.php\/2023\/07\/11\/entrega-de-obra-ampliacion-de-sanitarios-en-mercado-publico-municipal\/#primaryimage\"},\"thumbnailUrl\":\"https:\/\/21panorama.com\/wp-content\/uploads\/2023\/07\/Aculco-sanitarios-3.jpg\",\"datePublished\":\"2023-07-12T02:51:05+00:00\",\"dateModified\":\"2023-07-13T04:17:21+00:00\",\"breadcrumb\":{\"@id\":\"https:\/\/21panorama.com\/index.php\/2023\/07\/11\/entrega-de-obra-ampliacion-de-sanitarios-en-mercado-publico-municipal\/#breadcrumb\"},\"inLanguage\":\"es\",\"potentialAction\":[{\"@type\":\"ReadAction\",\"target\":[\"https:\/\/21panorama.com\/index.php\/2023\/07\/11\/entrega-de-obra-ampliacion-de-sanitarios-en-mercado-publico-municipal\/\"]}]},{\"@type\":\"ImageObject\",\"inLanguage\":\"es\",\"@id\":\"https:\/\/21panorama.com\/index.php\/2023\/07\/11\/entrega-de-obra-ampliacion-de-sanitarios-en-mercado-publico-municipal\/#primaryimage\",\"url\":\"https:\/\/21panorama.com\/wp-content\/uploads\/2023\/07\/Aculco-sanitarios-3.jpg\",\"contentUrl\":\"https:\/\/21panorama.com\/wp-content\/uploads\/2023\/07\/Aculco-sanitarios-3.jpg\",\"width\":1600,\"height\":1200},{\"@type\":\"BreadcrumbList\",\"@id\":\"https:\/\/21panorama.com\/index.php\/2023\/07\/11\/entrega-de-obra-ampliacion-de-sanitarios-en-mercado-publico-municipal\/#breadcrumb\",\"itemListElement\":[{\"@type\":\"ListItem\",\"position\":1,\"name\":\"Inicio\",\"item\":\"https:\/\/21panorama.com\/\"},{\"@type\":\"ListItem\",\"position\":2,\"name\":\"ENTREGA DE OBRA \u201cAMPLIACI\u00d3N DE SANITARIOS EN MERCADO P\u00daBLICO MUNICIPAL\u201d\"}]},{\"@type\":\"WebSite\",\"@id\":\"https:\/\/21panorama.com\/#website\",\"url\":\"https:\/\/21panorama.com\/\",\"name\":\"21 Panorama\",\"description\":\"La construcci\u00f3n de la opini\u00f3n p\u00fablica merece un mejor Panorama en este siglo 21 para alcanzar una sociedad con mayor transparencia y sin corrupci\u00f3n.\",\"publisher\":{\"@id\":\"https:\/\/21panorama.com\/#organization\"},\"potentialAction\":[{\"@type\":\"SearchAction\",\"target\":{\"@type\":\"EntryPoint\",\"urlTemplate\":\"https:\/\/21panorama.com\/?s={search_term_string}\"},\"query-input\":{\"@type\":\"PropertyValueSpecification\",\"valueRequired\":true,\"valueName\":\"search_term_string\"}}],\"inLanguage\":\"es\"},{\"@type\":\"Organization\",\"@id\":\"https:\/\/21panorama.com\/#organization\",\"name\":\"21 Panorama\",\"url\":\"https:\/\/21panorama.com\/\",\"logo\":{\"@type\":\"ImageObject\",\"inLanguage\":\"es\",\"@id\":\"https:\/\/21panorama.com\/#\/schema\/logo\/image\/\",\"url\":\"https:\/\/21panorama.com\/wp-content\/uploads\/2019\/07\/cropped-Logo-Panorama-01.jpeg\",\"contentUrl\":\"https:\/\/21panorama.com\/wp-content\/uploads\/2019\/07\/cropped-Logo-Panorama-01.jpeg\",\"width\":290,\"height\":70,\"caption\":\"21 Panorama\"},\"image\":{\"@id\":\"https:\/\/21panorama.com\/#\/schema\/logo\/image\/\"}},{\"@type\":\"Person\",\"@id\":\"https:\/\/21panorama.com\/#\/schema\/person\/1afc291b96d5792a158768324287319f\",\"name\":\"admin\",\"image\":{\"@type\":\"ImageObject\",\"inLanguage\":\"es\",\"@id\":\"https:\/\/21panorama.com\/#\/schema\/person\/image\/\",\"url\":\"https:\/\/secure.gravatar.com\/avatar\/ad365d9d9f46719215b0d042cc3df92a5a8683e09ef13d102233e5491985f0f0?s=96&d=mm&r=g\",\"contentUrl\":\"https:\/\/secure.gravatar.com\/avatar\/ad365d9d9f46719215b0d042cc3df92a5a8683e09ef13d102233e5491985f0f0?s=96&d=mm&r=g\",\"caption\":\"admin\"},\"url\":\"https:\/\/21panorama.com\/index.php\/author\/admin\/\"}]}<\/script>\n<!-- \/ Yoast SEO plugin. -->","yoast_head_json":{"title":"ENTREGA DE OBRA \u201cAMPLIACI\u00d3N DE SANITARIOS EN MERCADO P\u00daBLICO MUNICIPAL\u201d - 21 Panorama","robots":{"index":"index","follow":"follow","max-snippet":"max-snippet:-1","max-image-preview":"max-image-preview:large","max-video-preview":"max-video-preview:-1"},"canonical":"https:\/\/21panorama.com\/index.php\/2023\/07\/11\/entrega-de-obra-ampliacion-de-sanitarios-en-mercado-publico-municipal\/","og_locale":"es_MX","og_type":"article","og_title":"ENTREGA DE OBRA \u201cAMPLIACI\u00d3N DE SANITARIOS EN MERCADO P\u00daBLICO MUNICIPAL\u201d - 21 Panorama","og_description":"El Gobierno Municipal de Aculco 2022-2024 hizo entrega de obra \u201cAmpliaci\u00f3n de Sanitarios en el Mercado P\u00fablico Municipal\u201d.","og_url":"https:\/\/21panorama.com\/index.php\/2023\/07\/11\/entrega-de-obra-ampliacion-de-sanitarios-en-mercado-publico-municipal\/","og_site_name":"21 Panorama","article_published_time":"2023-07-12T02:51:05+00:00","article_modified_time":"2023-07-13T04:17:21+00:00","og_image":[{"width":1600,"height":1200,"url":"https:\/\/21panorama.com\/wp-content\/uploads\/2023\/07\/Aculco-sanitarios-3.jpg","type":"image\/jpeg"}],"author":"admin","twitter_card":"summary_large_image","twitter_misc":{"Escrito por":"admin","Tiempo de lectura":"1 minuto"},"schema":{"@context":"https:\/\/schema.org","@graph":[{"@type":"Article","@id":"https:\/\/21panorama.com\/index.php\/2023\/07\/11\/entrega-de-obra-ampliacion-de-sanitarios-en-mercado-publico-municipal\/#article","isPartOf":{"@id":"https:\/\/21panorama.com\/index.php\/2023\/07\/11\/entrega-de-obra-ampliacion-de-sanitarios-en-mercado-publico-municipal\/"},"author":{"name":"admin","@id":"https:\/\/21panorama.com\/#\/schema\/person\/1afc291b96d5792a158768324287319f"},"headline":"ENTREGA DE OBRA \u201cAMPLIACI\u00d3N DE SANITARIOS EN MERCADO P\u00daBLICO MUNICIPAL\u201d","datePublished":"2023-07-12T02:51:05+00:00","dateModified":"2023-07-13T04:17:21+00:00","mainEntityOfPage":{"@id":"https:\/\/21panorama.com\/index.php\/2023\/07\/11\/entrega-de-obra-ampliacion-de-sanitarios-en-mercado-publico-municipal\/"},"wordCount":196,"commentCount":0,"publisher":{"@id":"https:\/\/21panorama.com\/#organization"},"image":{"@id":"https:\/\/21panorama.com\/index.php\/2023\/07\/11\/entrega-de-obra-ampliacion-de-sanitarios-en-mercado-publico-municipal\/#primaryimage"},"thumbnailUrl":"https:\/\/21panorama.com\/wp-content\/uploads\/2023\/07\/Aculco-sanitarios-3.jpg","keywords":["aculco","EDOMEX","JORGE OSORNIO"],"articleSection":["Econom\u00eda","Medio Ambiente","Sociedad"],"inLanguage":"es","potentialAction":[{"@type":"CommentAction","name":"Comment","target":["https:\/\/21panorama.com\/index.php\/2023\/07\/11\/entrega-de-obra-ampliacion-de-sanitarios-en-mercado-publico-municipal\/#respond"]}]},{"@type":"WebPage","@id":"https:\/\/21panorama.com\/index.php\/2023\/07\/11\/entrega-de-obra-ampliacion-de-sanitarios-en-mercado-publico-municipal\/","url":"https:\/\/21panorama.com\/index.php\/2023\/07\/11\/entrega-de-obra-ampliacion-de-sanitarios-en-mercado-publico-municipal\/","name":"ENTREGA DE OBRA \u201cAMPLIACI\u00d3N DE SANITARIOS EN MERCADO P\u00daBLICO MUNICIPAL\u201d - 21 Panorama","isPartOf":{"@id":"https:\/\/21panorama.com\/#website"},"primaryImageOfPage":{"@id":"https:\/\/21panorama.com\/index.php\/2023\/07\/11\/entrega-de-obra-ampliacion-de-sanitarios-en-mercado-publico-municipal\/#primaryimage"},"image":{"@id":"https:\/\/21panorama.com\/index.php\/2023\/07\/11\/entrega-de-obra-ampliacion-de-sanitarios-en-mercado-publico-municipal\/#primaryimage"},"thumbnailUrl":"https:\/\/21panorama.com\/wp-content\/uploads\/2023\/07\/Aculco-sanitarios-3.jpg","datePublished":"2023-07-12T02:51:05+00:00","dateModified":"2023-07-13T04:17:21+00:00","breadcrumb":{"@id":"https:\/\/21panorama.com\/index.php\/2023\/07\/11\/entrega-de-obra-ampliacion-de-sanitarios-en-mercado-publico-municipal\/#breadcrumb"},"inLanguage":"es","potentialAction":[{"@type":"ReadAction","target":["https:\/\/21panorama.com\/index.php\/2023\/07\/11\/entrega-de-obra-ampliacion-de-sanitarios-en-mercado-publico-municipal\/"]}]},{"@type":"ImageObject","inLanguage":"es","@id":"https:\/\/21panorama.com\/index.php\/2023\/07\/11\/entrega-de-obra-ampliacion-de-sanitarios-en-mercado-publico-municipal\/#primaryimage","url":"https:\/\/21panorama.com\/wp-content\/uploads\/2023\/07\/Aculco-sanitarios-3.jpg","contentUrl":"https:\/\/21panorama.com\/wp-content\/uploads\/2023\/07\/Aculco-sanitarios-3.jpg","width":1600,"height":1200},{"@type":"BreadcrumbList","@id":"https:\/\/21panorama.com\/index.php\/2023\/07\/11\/entrega-de-obra-ampliacion-de-sanitarios-en-mercado-publico-municipal\/#breadcrumb","itemListElement":[{"@type":"ListItem","position":1,"name":"Inicio","item":"https:\/\/21panorama.com\/"},{"@type":"ListItem","position":2,"name":"ENTREGA DE OBRA \u201cAMPLIACI\u00d3N DE SANITARIOS EN MERCADO P\u00daBLICO MUNICIPAL\u201d"}]},{"@type":"WebSite","@id":"https:\/\/21panorama.com\/#website","url":"https:\/\/21panorama.com\/","name":"21 Panorama","description":"La construcci\u00f3n de la opini\u00f3n p\u00fablica merece un mejor Panorama en este siglo 21 para alcanzar una sociedad con mayor transparencia y sin corrupci\u00f3n.","publisher":{"@id":"https:\/\/21panorama.com\/#organization"},"potentialAction":[{"@type":"SearchAction","target":{"@type":"EntryPoint","urlTemplate":"https:\/\/21panorama.com\/?s={search_term_string}"},"query-input":{"@type":"PropertyValueSpecification","valueRequired":true,"valueName":"search_term_string"}}],"inLanguage":"es"},{"@type":"Organization","@id":"https:\/\/21panorama.com\/#organization","name":"21 Panorama","url":"https:\/\/21panorama.com\/","logo":{"@type":"ImageObject","inLanguage":"es","@id":"https:\/\/21panorama.com\/#\/schema\/logo\/image\/","url":"https:\/\/21panorama.com\/wp-content\/uploads\/2019\/07\/cropped-Logo-Panorama-01.jpeg","contentUrl":"https:\/\/21panorama.com\/wp-content\/uploads\/2019\/07\/cropped-Logo-Panorama-01.jpeg","width":290,"height":70,"caption":"21 Panorama"},"image":{"@id":"https:\/\/21panorama.com\/#\/schema\/logo\/image\/"}},{"@type":"Person","@id":"https:\/\/21panorama.com\/#\/schema\/person\/1afc291b96d5792a158768324287319f","name":"admin","image":{"@type":"ImageObject","inLanguage":"es","@id":"https:\/\/21panorama.com\/#\/schema\/person\/image\/","url":"https:\/\/secure.gravatar.com\/avatar\/ad365d9d9f46719215b0d042cc3df92a5a8683e09ef13d102233e5491985f0f0?s=96&d=mm&r=g","contentUrl":"https:\/\/secure.gravatar.com\/avatar\/ad365d9d9f46719215b0d042cc3df92a5a8683e09ef13d102233e5491985f0f0?s=96&d=mm&r=g","caption":"admin"},"url":"https:\/\/21panorama.com\/index.php\/author\/admin\/"}]}},"_links":{"self":[{"href":"https:\/\/21panorama.com\/index.php\/wp-json\/wp\/v2\/posts\/4672","targetHints":{"allow":["GET"]}}],"collection":[{"href":"https:\/\/21panorama.com\/index.php\/wp-json\/wp\/v2\/posts"}],"about":[{"href":"https:\/\/21panorama.com\/index.php\/wp-json\/wp\/v2\/types\/post"}],"author":[{"embeddable":true,"href":"https:\/\/21panorama.com\/index.php\/wp-json\/wp\/v2\/users\/1"}],"replies":[{"embeddable":true,"href":"https:\/\/21panorama.com\/index.php\/wp-json\/wp\/v2\/comments?post=4672"}],"version-history":[{"count":1,"href":"https:\/\/21panorama.com\/index.php\/wp-json\/wp\/v2\/posts\/4672\/revisions"}],"predecessor-version":[{"id":4674,"href":"https:\/\/21panorama.com\/index.php\/wp-json\/wp\/v2\/posts\/4672\/revisions\/4674"}],"wp:featuredmedia":[{"embeddable":true,"href":"https:\/\/21panorama.com\/index.php\/wp-json\/wp\/v2\/media\/4673"}],"wp:attachment":[{"href":"https:\/\/21panorama.com\/index.php\/wp-json\/wp\/v2\/media?parent=4672"}],"wp:term":[{"taxonomy":"category","embeddable":true,"href":"https:\/\/21panorama.com\/index.php\/wp-json\/wp\/v2\/categories?post=4672"},{"taxonomy":"post_tag","embeddable":true,"href":"https:\/\/21panorama.com\/index.php\/wp-json\/wp\/v2\/tags?post=4672"}],"curies":[{"name":"wp","href":"https:\/\/api.w.org\/{rel}","templated":true}]}}