{"id":4665,"date":"2023-07-12T18:54:36","date_gmt":"2023-07-12T23:54:36","guid":{"rendered":"https:\/\/21panorama.com\/?p=4665"},"modified":"2023-07-12T18:54:36","modified_gmt":"2023-07-12T23:54:36","slug":"graduacion-de-la-generacion-2020-2023-y-clausura-del-ciclo-escolar-jiquipilco","status":"publish","type":"post","link":"https:\/\/21panorama.com\/index.php\/2023\/07\/12\/graduacion-de-la-generacion-2020-2023-y-clausura-del-ciclo-escolar-jiquipilco\/","title":{"rendered":"GRADUACI\u00d3N DE LA GENERACI\u00d3N 2020-2023 Y CLAUSURA DEL CICLO ESCOLAR: JIQUIPILCO"},"content":{"rendered":"\n<p><\/p>\n\n\n\n<p>* El\u00a0<a href=\"https:\/\/www.facebook.com\/watch\/hashtag\/gobiernomunicipaldejiquipilco?__eep__=6%2F&amp;__cft__[0]=AZXGljy-u014NZGgZ-3oaPnH-PzwpzXdNxXCnXIv3BO6FVFg3XGGcLHIjBv0Y3SLVKS9Dzd0bp9LOn6Mty93nqIxJGtkdRNzRSMDmRb4cSuYw83gUVtp8bjG96PZKdzxHy5jfZUouTAznGoAu-kFnamc3xhsO3c6Ye4J-hV6Wx97Pp-nOnJgdvFp8XqZ5UCZSaU&amp;__tn__=*NK-R\">#GobiernoMunicipalDeJiquipilco<\/a>\u00a0presente en la entrega de constancias y t\u00e9rmino del ciclo escolar\u00a0de la Escuela Preparatoria Oficial #058 de San Felipe Santiago y de la Escuela Preparatoria Oficial #71.<\/p>\n\n\n\n<p><\/p>\n\n\n\n<p>En presencia de las autoridades educativas y de los padres de familia, el Presidente Municipal de Jiquipilco, Maestro Felipe de Jes\u00fas S\u00e1nchez D\u00e1vila, encabez\u00f3 la clausura de la Escuela Preparatoria Oficial #58 de San Felipe Santiago y de la Escuela Preparatoria Oficial #71, en donde se hizo  la entrega de constancias y se dio el t\u00e9rmino del ciclo escolar.<\/p>\n\n\n\n<p>En ambas escuelas, el Presidente Municipal exhort\u00f3 a los alumnos a continuar con sus estudios para que logren alcanzar la profesi\u00f3n que hayan escogido seguir. Les record\u00f3 la importancia de tener sue\u00f1os y objetivos claros para lograr integrarse a la sociedad, para ser ciudadanos funcionales y responsables. Que en su d\u00eda a d\u00eda den lo mejor de s\u00ed, en busca de lo que anhelan, de lo que quieren, de lo que pretenden vivir, ser el mejor en la profesi\u00f3n que escojan.<\/p>\n\n\n\n<p>El edil destac\u00f3 la importancia del respaldo de sus padres o tutores, de la familia, quienes les impulsar\u00e1n a ser mejores personas y a darle continuidad a cada decisi\u00f3n que tomen para su desarrollo personal y profesional.<\/p>\n\n\n\n<p>Transformar es parte de la vida, reinventar es un proceso necesario para crecer, y ahora es el tiempo de los graduados, es su compromiso, es a quienes corresponde modificar al mundo que nos rodea por la luz de la ciencia y con la magia de la tecnolog\u00eda.<\/p>\n\n\n\n<p>Se realiz\u00f3 el \u00faltimo pase de lista de la Generaci\u00f3n 2020-2023, se les hizo entrega de sus documentos y se les dese\u00f3 felicidades a los graduados.<\/p>\n","protected":false},"excerpt":{"rendered":"<p>En presencia de las autoridades educativas y de los padres de familia, el Presidente Municipal de Jiquipilco, Maestro Felipe de Jes\u00fas S\u00e1nchez D\u00e1vila, encabez\u00f3 la clausura de la Escuela Preparatoria Oficial #58 de San Felipe Santiago y de la Escuela Preparatoria Oficial #71, en donde se hizo  la entrega de constancias y se dio el t\u00e9rmino del ciclo escolar.<\/p>\n","protected":false},"author":1,"featured_media":4666,"comment_status":"open","ping_status":"open","sticky":false,"template":"","format":"standard","meta":{"footnotes":""},"categories":[6,1],"tags":[97,327,222,257],"class_list":["post-4665","post","type-post","status-publish","format-standard","has-post-thumbnail","hentry","category-cienciaysalud","category-sociedad","tag-edomex","tag-felipe-sanchez-davila","tag-gem","tag-jiquipilco"],"yoast_head":"<!-- This site is optimized with the Yoast SEO plugin v24.9 - https:\/\/yoast.com\/wordpress\/plugins\/seo\/ -->\n<title>GRADUACI\u00d3N DE LA GENERACI\u00d3N 2020-2023 Y CLAUSURA DEL CICLO ESCOLAR: JIQUIPILCO - 21 Panorama<\/title>\n<meta name=\"robots\" content=\"index, follow, max-snippet:-1, max-image-preview:large, max-video-preview:-1\" \/>\n<link rel=\"canonical\" href=\"https:\/\/21panorama.com\/index.php\/2023\/07\/12\/graduacion-de-la-generacion-2020-2023-y-clausura-del-ciclo-escolar-jiquipilco\/\" \/>\n<meta property=\"og:locale\" content=\"es_MX\" \/>\n<meta property=\"og:type\" content=\"article\" \/>\n<meta property=\"og:title\" content=\"GRADUACI\u00d3N DE LA GENERACI\u00d3N 2020-2023 Y CLAUSURA DEL CICLO ESCOLAR: JIQUIPILCO - 21 Panorama\" \/>\n<meta property=\"og:description\" content=\"En presencia de las autoridades educativas y de los padres de familia, el Presidente Municipal de Jiquipilco, Maestro Felipe de Jes\u00fas S\u00e1nchez D\u00e1vila, encabez\u00f3 la clausura de la Escuela Preparatoria Oficial #58 de San Felipe Santiago y de la Escuela Preparatoria Oficial #71, en donde se hizo la entrega de constancias y se dio el t\u00e9rmino del ciclo escolar.\" \/>\n<meta property=\"og:url\" content=\"https:\/\/21panorama.com\/index.php\/2023\/07\/12\/graduacion-de-la-generacion-2020-2023-y-clausura-del-ciclo-escolar-jiquipilco\/\" \/>\n<meta property=\"og:site_name\" content=\"21 Panorama\" \/>\n<meta property=\"article:published_time\" content=\"2023-07-12T23:54:36+00:00\" \/>\n<meta property=\"og:image\" content=\"https:\/\/21panorama.com\/wp-content\/uploads\/2023\/07\/Jiquipilco-Clausura-3.jpg\" \/>\n\t<meta property=\"og:image:width\" content=\"1155\" \/>\n\t<meta property=\"og:image:height\" content=\"942\" \/>\n\t<meta property=\"og:image:type\" content=\"image\/jpeg\" \/>\n<meta name=\"author\" content=\"admin\" \/>\n<meta name=\"twitter:card\" content=\"summary_large_image\" \/>\n<meta name=\"twitter:label1\" content=\"Escrito por\" \/>\n\t<meta name=\"twitter:data1\" content=\"admin\" \/>\n\t<meta name=\"twitter:label2\" content=\"Tiempo de lectura\" \/>\n\t<meta name=\"twitter:data2\" content=\"2 minutos\" \/>\n<script type=\"application\/ld+json\" class=\"yoast-schema-graph\">{\"@context\":\"https:\/\/schema.org\",\"@graph\":[{\"@type\":\"Article\",\"@id\":\"https:\/\/21panorama.com\/index.php\/2023\/07\/12\/graduacion-de-la-generacion-2020-2023-y-clausura-del-ciclo-escolar-jiquipilco\/#article\",\"isPartOf\":{\"@id\":\"https:\/\/21panorama.com\/index.php\/2023\/07\/12\/graduacion-de-la-generacion-2020-2023-y-clausura-del-ciclo-escolar-jiquipilco\/\"},\"author\":{\"name\":\"admin\",\"@id\":\"https:\/\/21panorama.com\/#\/schema\/person\/1afc291b96d5792a158768324287319f\"},\"headline\":\"GRADUACI\u00d3N DE LA GENERACI\u00d3N 2020-2023 Y CLAUSURA DEL CICLO ESCOLAR: JIQUIPILCO\",\"datePublished\":\"2023-07-12T23:54:36+00:00\",\"mainEntityOfPage\":{\"@id\":\"https:\/\/21panorama.com\/index.php\/2023\/07\/12\/graduacion-de-la-generacion-2020-2023-y-clausura-del-ciclo-escolar-jiquipilco\/\"},\"wordCount\":303,\"commentCount\":0,\"publisher\":{\"@id\":\"https:\/\/21panorama.com\/#organization\"},\"image\":{\"@id\":\"https:\/\/21panorama.com\/index.php\/2023\/07\/12\/graduacion-de-la-generacion-2020-2023-y-clausura-del-ciclo-escolar-jiquipilco\/#primaryimage\"},\"thumbnailUrl\":\"https:\/\/21panorama.com\/wp-content\/uploads\/2023\/07\/Jiquipilco-Clausura-3.jpg\",\"keywords\":[\"EDOMEX\",\"Felipe S\u00e1nchez D\u00e1vila\",\"GEM\",\"Jiquipilco\"],\"articleSection\":[\"Ciencia y Salud\",\"Sociedad\"],\"inLanguage\":\"es\",\"potentialAction\":[{\"@type\":\"CommentAction\",\"name\":\"Comment\",\"target\":[\"https:\/\/21panorama.com\/index.php\/2023\/07\/12\/graduacion-de-la-generacion-2020-2023-y-clausura-del-ciclo-escolar-jiquipilco\/#respond\"]}]},{\"@type\":\"WebPage\",\"@id\":\"https:\/\/21panorama.com\/index.php\/2023\/07\/12\/graduacion-de-la-generacion-2020-2023-y-clausura-del-ciclo-escolar-jiquipilco\/\",\"url\":\"https:\/\/21panorama.com\/index.php\/2023\/07\/12\/graduacion-de-la-generacion-2020-2023-y-clausura-del-ciclo-escolar-jiquipilco\/\",\"name\":\"GRADUACI\u00d3N DE LA GENERACI\u00d3N 2020-2023 Y CLAUSURA DEL CICLO ESCOLAR: JIQUIPILCO - 21 Panorama\",\"isPartOf\":{\"@id\":\"https:\/\/21panorama.com\/#website\"},\"primaryImageOfPage\":{\"@id\":\"https:\/\/21panorama.com\/index.php\/2023\/07\/12\/graduacion-de-la-generacion-2020-2023-y-clausura-del-ciclo-escolar-jiquipilco\/#primaryimage\"},\"image\":{\"@id\":\"https:\/\/21panorama.com\/index.php\/2023\/07\/12\/graduacion-de-la-generacion-2020-2023-y-clausura-del-ciclo-escolar-jiquipilco\/#primaryimage\"},\"thumbnailUrl\":\"https:\/\/21panorama.com\/wp-content\/uploads\/2023\/07\/Jiquipilco-Clausura-3.jpg\",\"datePublished\":\"2023-07-12T23:54:36+00:00\",\"breadcrumb\":{\"@id\":\"https:\/\/21panorama.com\/index.php\/2023\/07\/12\/graduacion-de-la-generacion-2020-2023-y-clausura-del-ciclo-escolar-jiquipilco\/#breadcrumb\"},\"inLanguage\":\"es\",\"potentialAction\":[{\"@type\":\"ReadAction\",\"target\":[\"https:\/\/21panorama.com\/index.php\/2023\/07\/12\/graduacion-de-la-generacion-2020-2023-y-clausura-del-ciclo-escolar-jiquipilco\/\"]}]},{\"@type\":\"ImageObject\",\"inLanguage\":\"es\",\"@id\":\"https:\/\/21panorama.com\/index.php\/2023\/07\/12\/graduacion-de-la-generacion-2020-2023-y-clausura-del-ciclo-escolar-jiquipilco\/#primaryimage\",\"url\":\"https:\/\/21panorama.com\/wp-content\/uploads\/2023\/07\/Jiquipilco-Clausura-3.jpg\",\"contentUrl\":\"https:\/\/21panorama.com\/wp-content\/uploads\/2023\/07\/Jiquipilco-Clausura-3.jpg\",\"width\":1155,\"height\":942},{\"@type\":\"BreadcrumbList\",\"@id\":\"https:\/\/21panorama.com\/index.php\/2023\/07\/12\/graduacion-de-la-generacion-2020-2023-y-clausura-del-ciclo-escolar-jiquipilco\/#breadcrumb\",\"itemListElement\":[{\"@type\":\"ListItem\",\"position\":1,\"name\":\"Inicio\",\"item\":\"https:\/\/21panorama.com\/\"},{\"@type\":\"ListItem\",\"position\":2,\"name\":\"GRADUACI\u00d3N DE LA GENERACI\u00d3N 2020-2023 Y CLAUSURA DEL CICLO ESCOLAR: JIQUIPILCO\"}]},{\"@type\":\"WebSite\",\"@id\":\"https:\/\/21panorama.com\/#website\",\"url\":\"https:\/\/21panorama.com\/\",\"name\":\"21 Panorama\",\"description\":\"La construcci\u00f3n de la opini\u00f3n p\u00fablica merece un mejor Panorama en este siglo 21 para alcanzar una sociedad con mayor transparencia y sin corrupci\u00f3n.\",\"publisher\":{\"@id\":\"https:\/\/21panorama.com\/#organization\"},\"potentialAction\":[{\"@type\":\"SearchAction\",\"target\":{\"@type\":\"EntryPoint\",\"urlTemplate\":\"https:\/\/21panorama.com\/?s={search_term_string}\"},\"query-input\":{\"@type\":\"PropertyValueSpecification\",\"valueRequired\":true,\"valueName\":\"search_term_string\"}}],\"inLanguage\":\"es\"},{\"@type\":\"Organization\",\"@id\":\"https:\/\/21panorama.com\/#organization\",\"name\":\"21 Panorama\",\"url\":\"https:\/\/21panorama.com\/\",\"logo\":{\"@type\":\"ImageObject\",\"inLanguage\":\"es\",\"@id\":\"https:\/\/21panorama.com\/#\/schema\/logo\/image\/\",\"url\":\"https:\/\/21panorama.com\/wp-content\/uploads\/2019\/07\/cropped-Logo-Panorama-01.jpeg\",\"contentUrl\":\"https:\/\/21panorama.com\/wp-content\/uploads\/2019\/07\/cropped-Logo-Panorama-01.jpeg\",\"width\":290,\"height\":70,\"caption\":\"21 Panorama\"},\"image\":{\"@id\":\"https:\/\/21panorama.com\/#\/schema\/logo\/image\/\"}},{\"@type\":\"Person\",\"@id\":\"https:\/\/21panorama.com\/#\/schema\/person\/1afc291b96d5792a158768324287319f\",\"name\":\"admin\",\"image\":{\"@type\":\"ImageObject\",\"inLanguage\":\"es\",\"@id\":\"https:\/\/21panorama.com\/#\/schema\/person\/image\/\",\"url\":\"https:\/\/secure.gravatar.com\/avatar\/ad365d9d9f46719215b0d042cc3df92a5a8683e09ef13d102233e5491985f0f0?s=96&d=mm&r=g\",\"contentUrl\":\"https:\/\/secure.gravatar.com\/avatar\/ad365d9d9f46719215b0d042cc3df92a5a8683e09ef13d102233e5491985f0f0?s=96&d=mm&r=g\",\"caption\":\"admin\"},\"url\":\"https:\/\/21panorama.com\/index.php\/author\/admin\/\"}]}<\/script>\n<!-- \/ Yoast SEO plugin. -->","yoast_head_json":{"title":"GRADUACI\u00d3N DE LA GENERACI\u00d3N 2020-2023 Y CLAUSURA DEL CICLO ESCOLAR: JIQUIPILCO - 21 Panorama","robots":{"index":"index","follow":"follow","max-snippet":"max-snippet:-1","max-image-preview":"max-image-preview:large","max-video-preview":"max-video-preview:-1"},"canonical":"https:\/\/21panorama.com\/index.php\/2023\/07\/12\/graduacion-de-la-generacion-2020-2023-y-clausura-del-ciclo-escolar-jiquipilco\/","og_locale":"es_MX","og_type":"article","og_title":"GRADUACI\u00d3N DE LA GENERACI\u00d3N 2020-2023 Y CLAUSURA DEL CICLO ESCOLAR: JIQUIPILCO - 21 Panorama","og_description":"En presencia de las autoridades educativas y de los padres de familia, el Presidente Municipal de Jiquipilco, Maestro Felipe de Jes\u00fas S\u00e1nchez D\u00e1vila, encabez\u00f3 la clausura de la Escuela Preparatoria Oficial #58 de San Felipe Santiago y de la Escuela Preparatoria Oficial #71, en donde se hizo la entrega de constancias y se dio el t\u00e9rmino del ciclo escolar.","og_url":"https:\/\/21panorama.com\/index.php\/2023\/07\/12\/graduacion-de-la-generacion-2020-2023-y-clausura-del-ciclo-escolar-jiquipilco\/","og_site_name":"21 Panorama","article_published_time":"2023-07-12T23:54:36+00:00","og_image":[{"width":1155,"height":942,"url":"https:\/\/21panorama.com\/wp-content\/uploads\/2023\/07\/Jiquipilco-Clausura-3.jpg","type":"image\/jpeg"}],"author":"admin","twitter_card":"summary_large_image","twitter_misc":{"Escrito por":"admin","Tiempo de lectura":"2 minutos"},"schema":{"@context":"https:\/\/schema.org","@graph":[{"@type":"Article","@id":"https:\/\/21panorama.com\/index.php\/2023\/07\/12\/graduacion-de-la-generacion-2020-2023-y-clausura-del-ciclo-escolar-jiquipilco\/#article","isPartOf":{"@id":"https:\/\/21panorama.com\/index.php\/2023\/07\/12\/graduacion-de-la-generacion-2020-2023-y-clausura-del-ciclo-escolar-jiquipilco\/"},"author":{"name":"admin","@id":"https:\/\/21panorama.com\/#\/schema\/person\/1afc291b96d5792a158768324287319f"},"headline":"GRADUACI\u00d3N DE LA GENERACI\u00d3N 2020-2023 Y CLAUSURA DEL CICLO ESCOLAR: JIQUIPILCO","datePublished":"2023-07-12T23:54:36+00:00","mainEntityOfPage":{"@id":"https:\/\/21panorama.com\/index.php\/2023\/07\/12\/graduacion-de-la-generacion-2020-2023-y-clausura-del-ciclo-escolar-jiquipilco\/"},"wordCount":303,"commentCount":0,"publisher":{"@id":"https:\/\/21panorama.com\/#organization"},"image":{"@id":"https:\/\/21panorama.com\/index.php\/2023\/07\/12\/graduacion-de-la-generacion-2020-2023-y-clausura-del-ciclo-escolar-jiquipilco\/#primaryimage"},"thumbnailUrl":"https:\/\/21panorama.com\/wp-content\/uploads\/2023\/07\/Jiquipilco-Clausura-3.jpg","keywords":["EDOMEX","Felipe S\u00e1nchez D\u00e1vila","GEM","Jiquipilco"],"articleSection":["Ciencia y Salud","Sociedad"],"inLanguage":"es","potentialAction":[{"@type":"CommentAction","name":"Comment","target":["https:\/\/21panorama.com\/index.php\/2023\/07\/12\/graduacion-de-la-generacion-2020-2023-y-clausura-del-ciclo-escolar-jiquipilco\/#respond"]}]},{"@type":"WebPage","@id":"https:\/\/21panorama.com\/index.php\/2023\/07\/12\/graduacion-de-la-generacion-2020-2023-y-clausura-del-ciclo-escolar-jiquipilco\/","url":"https:\/\/21panorama.com\/index.php\/2023\/07\/12\/graduacion-de-la-generacion-2020-2023-y-clausura-del-ciclo-escolar-jiquipilco\/","name":"GRADUACI\u00d3N DE LA GENERACI\u00d3N 2020-2023 Y CLAUSURA DEL CICLO ESCOLAR: JIQUIPILCO - 21 Panorama","isPartOf":{"@id":"https:\/\/21panorama.com\/#website"},"primaryImageOfPage":{"@id":"https:\/\/21panorama.com\/index.php\/2023\/07\/12\/graduacion-de-la-generacion-2020-2023-y-clausura-del-ciclo-escolar-jiquipilco\/#primaryimage"},"image":{"@id":"https:\/\/21panorama.com\/index.php\/2023\/07\/12\/graduacion-de-la-generacion-2020-2023-y-clausura-del-ciclo-escolar-jiquipilco\/#primaryimage"},"thumbnailUrl":"https:\/\/21panorama.com\/wp-content\/uploads\/2023\/07\/Jiquipilco-Clausura-3.jpg","datePublished":"2023-07-12T23:54:36+00:00","breadcrumb":{"@id":"https:\/\/21panorama.com\/index.php\/2023\/07\/12\/graduacion-de-la-generacion-2020-2023-y-clausura-del-ciclo-escolar-jiquipilco\/#breadcrumb"},"inLanguage":"es","potentialAction":[{"@type":"ReadAction","target":["https:\/\/21panorama.com\/index.php\/2023\/07\/12\/graduacion-de-la-generacion-2020-2023-y-clausura-del-ciclo-escolar-jiquipilco\/"]}]},{"@type":"ImageObject","inLanguage":"es","@id":"https:\/\/21panorama.com\/index.php\/2023\/07\/12\/graduacion-de-la-generacion-2020-2023-y-clausura-del-ciclo-escolar-jiquipilco\/#primaryimage","url":"https:\/\/21panorama.com\/wp-content\/uploads\/2023\/07\/Jiquipilco-Clausura-3.jpg","contentUrl":"https:\/\/21panorama.com\/wp-content\/uploads\/2023\/07\/Jiquipilco-Clausura-3.jpg","width":1155,"height":942},{"@type":"BreadcrumbList","@id":"https:\/\/21panorama.com\/index.php\/2023\/07\/12\/graduacion-de-la-generacion-2020-2023-y-clausura-del-ciclo-escolar-jiquipilco\/#breadcrumb","itemListElement":[{"@type":"ListItem","position":1,"name":"Inicio","item":"https:\/\/21panorama.com\/"},{"@type":"ListItem","position":2,"name":"GRADUACI\u00d3N DE LA GENERACI\u00d3N 2020-2023 Y CLAUSURA DEL CICLO ESCOLAR: JIQUIPILCO"}]},{"@type":"WebSite","@id":"https:\/\/21panorama.com\/#website","url":"https:\/\/21panorama.com\/","name":"21 Panorama","description":"La construcci\u00f3n de la opini\u00f3n p\u00fablica merece un mejor Panorama en este siglo 21 para alcanzar una sociedad con mayor transparencia y sin corrupci\u00f3n.","publisher":{"@id":"https:\/\/21panorama.com\/#organization"},"potentialAction":[{"@type":"SearchAction","target":{"@type":"EntryPoint","urlTemplate":"https:\/\/21panorama.com\/?s={search_term_string}"},"query-input":{"@type":"PropertyValueSpecification","valueRequired":true,"valueName":"search_term_string"}}],"inLanguage":"es"},{"@type":"Organization","@id":"https:\/\/21panorama.com\/#organization","name":"21 Panorama","url":"https:\/\/21panorama.com\/","logo":{"@type":"ImageObject","inLanguage":"es","@id":"https:\/\/21panorama.com\/#\/schema\/logo\/image\/","url":"https:\/\/21panorama.com\/wp-content\/uploads\/2019\/07\/cropped-Logo-Panorama-01.jpeg","contentUrl":"https:\/\/21panorama.com\/wp-content\/uploads\/2019\/07\/cropped-Logo-Panorama-01.jpeg","width":290,"height":70,"caption":"21 Panorama"},"image":{"@id":"https:\/\/21panorama.com\/#\/schema\/logo\/image\/"}},{"@type":"Person","@id":"https:\/\/21panorama.com\/#\/schema\/person\/1afc291b96d5792a158768324287319f","name":"admin","image":{"@type":"ImageObject","inLanguage":"es","@id":"https:\/\/21panorama.com\/#\/schema\/person\/image\/","url":"https:\/\/secure.gravatar.com\/avatar\/ad365d9d9f46719215b0d042cc3df92a5a8683e09ef13d102233e5491985f0f0?s=96&d=mm&r=g","contentUrl":"https:\/\/secure.gravatar.com\/avatar\/ad365d9d9f46719215b0d042cc3df92a5a8683e09ef13d102233e5491985f0f0?s=96&d=mm&r=g","caption":"admin"},"url":"https:\/\/21panorama.com\/index.php\/author\/admin\/"}]}},"_links":{"self":[{"href":"https:\/\/21panorama.com\/index.php\/wp-json\/wp\/v2\/posts\/4665","targetHints":{"allow":["GET"]}}],"collection":[{"href":"https:\/\/21panorama.com\/index.php\/wp-json\/wp\/v2\/posts"}],"about":[{"href":"https:\/\/21panorama.com\/index.php\/wp-json\/wp\/v2\/types\/post"}],"author":[{"embeddable":true,"href":"https:\/\/21panorama.com\/index.php\/wp-json\/wp\/v2\/users\/1"}],"replies":[{"embeddable":true,"href":"https:\/\/21panorama.com\/index.php\/wp-json\/wp\/v2\/comments?post=4665"}],"version-history":[{"count":1,"href":"https:\/\/21panorama.com\/index.php\/wp-json\/wp\/v2\/posts\/4665\/revisions"}],"predecessor-version":[{"id":4667,"href":"https:\/\/21panorama.com\/index.php\/wp-json\/wp\/v2\/posts\/4665\/revisions\/4667"}],"wp:featuredmedia":[{"embeddable":true,"href":"https:\/\/21panorama.com\/index.php\/wp-json\/wp\/v2\/media\/4666"}],"wp:attachment":[{"href":"https:\/\/21panorama.com\/index.php\/wp-json\/wp\/v2\/media?parent=4665"}],"wp:term":[{"taxonomy":"category","embeddable":true,"href":"https:\/\/21panorama.com\/index.php\/wp-json\/wp\/v2\/categories?post=4665"},{"taxonomy":"post_tag","embeddable":true,"href":"https:\/\/21panorama.com\/index.php\/wp-json\/wp\/v2\/tags?post=4665"}],"curies":[{"name":"wp","href":"https:\/\/api.w.org\/{rel}","templated":true}]}}