{"id":4659,"date":"2023-07-11T19:37:49","date_gmt":"2023-07-12T00:37:49","guid":{"rendered":"https:\/\/21panorama.com\/?p=4659"},"modified":"2023-07-11T19:37:50","modified_gmt":"2023-07-12T00:37:50","slug":"nueva-alianza-no-perdera-su-registro-como-partido-politico","status":"publish","type":"post","link":"https:\/\/21panorama.com\/index.php\/2023\/07\/11\/nueva-alianza-no-perdera-su-registro-como-partido-politico\/","title":{"rendered":"NUEVA ALIANZA NO PERDER\u00c1 SU REGISTRO COMO PARTIDO POL\u00cdTICO"},"content":{"rendered":"\n<p><\/p>\n\n\n\n<p>* La dirigencia desaprueba la decisi\u00f3n del IEEM.<\/p>\n\n\n\n<p>En un acto antidem\u00f3cratico, el Consejo General del Instituto Electoral del Estado de M\u00e9xico aprob\u00f3 el&nbsp; acuerdo por el que designa a la persona interventora responsable del control y vigilancia directos del uso y destino de los recursos y bienes del partido pol\u00edtico Nueva Alianza Estado de M\u00e9xico.<\/p>\n\n\n\n<p>La medida anterior, es a todas luces ilegal y una verdadera afrenta en perjuicio de este instituto, de sus simpatizantes y de los m\u00e1s de 200 mil ciudadanos que el pasado 4 de junio volvieron a depositar su confianza en este proyecto pol\u00edtico, dijo Efr\u00e9n Ortiz, representante de Nueva Alianza en el IEEM.&nbsp;<\/p>\n\n\n\n<p>Nueva Alianza desaprueba tajantemente la decisi\u00f3n del \u00f3rgano electoral y lamenta que la misma se d\u00e9 en funci\u00f3n de los intereses de unos cuantos o, mejor dicho, en funci\u00f3n de los intereses del poder.<\/p>\n\n\n\n<p>No permitiremos que el actuar irresponsable de cinco consejeras electorales, se convierta en un atentado en contra de nuestra democracia y acudiremos puntualmente a las instancias jurisdiccionales para hacer respetar nuestro derecho y el de toda nuestra militancia.<\/p>\n\n\n\n<p>Como un partido respetuoso de las instituciones, confiamos plenamente en los Tribunales Electorales y esperamos su oportuna intervenci\u00f3n para corregir el acto del \u00f3rgano administrativo y salvaguardar los derechos pol\u00edticos de miles de ciudadanos mexiquenses que ven representadas sus causas en este instituto pol\u00edtico.<\/p>\n\n\n\n<p>Nuestra militancia puede estar segura de que Nueva Alianza Estado de M\u00e9xico no ha perdido ni perder\u00e1 su registro como partido pol\u00edtico local y contrario a lo que pretenden conseguir con estos actos ilegales, somos una familia que est\u00e1 m\u00e1s fuerte y m\u00e1s viva que nunca. Convencidos de que lo mejor est\u00e1 por venir, continuaremos prepar\u00e1ndonos para afrontar los importantes desaf\u00edos que se avecinan en 2024 y seguir refrendando el voto de confianza de las y los mexiquenses.<\/p>\n","protected":false},"excerpt":{"rendered":"<p>En un acto antidem\u00f3cratico, el Consejo General del Instituto Electoral del Estado de M\u00e9xico aprob\u00f3 el\u00a0 acuerdo por el que designa a la persona interventora responsable del control y vigilancia directos del uso y destino de los recursos y bienes del partido pol\u00edtico Nueva Alianza Estado de M\u00e9xico.<\/p>\n","protected":false},"author":1,"featured_media":4660,"comment_status":"open","ping_status":"open","sticky":false,"template":"","format":"standard","meta":{"footnotes":""},"categories":[12,1],"tags":[97,222,371,86],"class_list":["post-4659","post","type-post","status-publish","format-standard","has-post-thumbnail","hentry","category-politica","category-sociedad","tag-edomex","tag-gem","tag-ieem","tag-nueva-alianza"],"yoast_head":"<!-- This site is optimized with the Yoast SEO plugin v24.9 - https:\/\/yoast.com\/wordpress\/plugins\/seo\/ -->\n<title>NUEVA ALIANZA NO PERDER\u00c1 SU REGISTRO COMO PARTIDO POL\u00cdTICO - 21 Panorama<\/title>\n<meta name=\"robots\" content=\"index, follow, max-snippet:-1, max-image-preview:large, max-video-preview:-1\" \/>\n<link rel=\"canonical\" href=\"https:\/\/21panorama.com\/index.php\/2023\/07\/11\/nueva-alianza-no-perdera-su-registro-como-partido-politico\/\" \/>\n<meta property=\"og:locale\" content=\"es_MX\" \/>\n<meta property=\"og:type\" content=\"article\" \/>\n<meta property=\"og:title\" content=\"NUEVA ALIANZA NO PERDER\u00c1 SU REGISTRO COMO PARTIDO POL\u00cdTICO - 21 Panorama\" \/>\n<meta property=\"og:description\" content=\"En un acto antidem\u00f3cratico, el Consejo General del Instituto Electoral del Estado de M\u00e9xico aprob\u00f3 el\u00a0 acuerdo por el que designa a la persona interventora responsable del control y vigilancia directos del uso y destino de los recursos y bienes del partido pol\u00edtico Nueva Alianza Estado de M\u00e9xico.\" \/>\n<meta property=\"og:url\" content=\"https:\/\/21panorama.com\/index.php\/2023\/07\/11\/nueva-alianza-no-perdera-su-registro-como-partido-politico\/\" \/>\n<meta property=\"og:site_name\" content=\"21 Panorama\" \/>\n<meta property=\"article:published_time\" content=\"2023-07-12T00:37:49+00:00\" \/>\n<meta property=\"article:modified_time\" content=\"2023-07-12T00:37:50+00:00\" \/>\n<meta property=\"og:image\" content=\"https:\/\/21panorama.com\/wp-content\/uploads\/2023\/07\/Nueva-Alianza.jpg\" \/>\n\t<meta property=\"og:image:width\" content=\"1280\" \/>\n\t<meta property=\"og:image:height\" content=\"718\" \/>\n\t<meta property=\"og:image:type\" content=\"image\/jpeg\" \/>\n<meta name=\"author\" content=\"admin\" \/>\n<meta name=\"twitter:card\" content=\"summary_large_image\" \/>\n<meta name=\"twitter:label1\" content=\"Escrito por\" \/>\n\t<meta name=\"twitter:data1\" content=\"admin\" \/>\n\t<meta name=\"twitter:label2\" content=\"Tiempo de lectura\" \/>\n\t<meta name=\"twitter:data2\" content=\"2 minutos\" \/>\n<script type=\"application\/ld+json\" class=\"yoast-schema-graph\">{\"@context\":\"https:\/\/schema.org\",\"@graph\":[{\"@type\":\"Article\",\"@id\":\"https:\/\/21panorama.com\/index.php\/2023\/07\/11\/nueva-alianza-no-perdera-su-registro-como-partido-politico\/#article\",\"isPartOf\":{\"@id\":\"https:\/\/21panorama.com\/index.php\/2023\/07\/11\/nueva-alianza-no-perdera-su-registro-como-partido-politico\/\"},\"author\":{\"name\":\"admin\",\"@id\":\"https:\/\/21panorama.com\/#\/schema\/person\/1afc291b96d5792a158768324287319f\"},\"headline\":\"NUEVA ALIANZA NO PERDER\u00c1 SU REGISTRO COMO PARTIDO POL\u00cdTICO\",\"datePublished\":\"2023-07-12T00:37:49+00:00\",\"dateModified\":\"2023-07-12T00:37:50+00:00\",\"mainEntityOfPage\":{\"@id\":\"https:\/\/21panorama.com\/index.php\/2023\/07\/11\/nueva-alianza-no-perdera-su-registro-como-partido-politico\/\"},\"wordCount\":331,\"commentCount\":0,\"publisher\":{\"@id\":\"https:\/\/21panorama.com\/#organization\"},\"image\":{\"@id\":\"https:\/\/21panorama.com\/index.php\/2023\/07\/11\/nueva-alianza-no-perdera-su-registro-como-partido-politico\/#primaryimage\"},\"thumbnailUrl\":\"https:\/\/21panorama.com\/wp-content\/uploads\/2023\/07\/Nueva-Alianza.jpg\",\"keywords\":[\"EDOMEX\",\"GEM\",\"IEEM\",\"Nueva Alianza\"],\"articleSection\":[\"Politica\",\"Sociedad\"],\"inLanguage\":\"es\",\"potentialAction\":[{\"@type\":\"CommentAction\",\"name\":\"Comment\",\"target\":[\"https:\/\/21panorama.com\/index.php\/2023\/07\/11\/nueva-alianza-no-perdera-su-registro-como-partido-politico\/#respond\"]}]},{\"@type\":\"WebPage\",\"@id\":\"https:\/\/21panorama.com\/index.php\/2023\/07\/11\/nueva-alianza-no-perdera-su-registro-como-partido-politico\/\",\"url\":\"https:\/\/21panorama.com\/index.php\/2023\/07\/11\/nueva-alianza-no-perdera-su-registro-como-partido-politico\/\",\"name\":\"NUEVA ALIANZA NO PERDER\u00c1 SU REGISTRO COMO PARTIDO POL\u00cdTICO - 21 Panorama\",\"isPartOf\":{\"@id\":\"https:\/\/21panorama.com\/#website\"},\"primaryImageOfPage\":{\"@id\":\"https:\/\/21panorama.com\/index.php\/2023\/07\/11\/nueva-alianza-no-perdera-su-registro-como-partido-politico\/#primaryimage\"},\"image\":{\"@id\":\"https:\/\/21panorama.com\/index.php\/2023\/07\/11\/nueva-alianza-no-perdera-su-registro-como-partido-politico\/#primaryimage\"},\"thumbnailUrl\":\"https:\/\/21panorama.com\/wp-content\/uploads\/2023\/07\/Nueva-Alianza.jpg\",\"datePublished\":\"2023-07-12T00:37:49+00:00\",\"dateModified\":\"2023-07-12T00:37:50+00:00\",\"breadcrumb\":{\"@id\":\"https:\/\/21panorama.com\/index.php\/2023\/07\/11\/nueva-alianza-no-perdera-su-registro-como-partido-politico\/#breadcrumb\"},\"inLanguage\":\"es\",\"potentialAction\":[{\"@type\":\"ReadAction\",\"target\":[\"https:\/\/21panorama.com\/index.php\/2023\/07\/11\/nueva-alianza-no-perdera-su-registro-como-partido-politico\/\"]}]},{\"@type\":\"ImageObject\",\"inLanguage\":\"es\",\"@id\":\"https:\/\/21panorama.com\/index.php\/2023\/07\/11\/nueva-alianza-no-perdera-su-registro-como-partido-politico\/#primaryimage\",\"url\":\"https:\/\/21panorama.com\/wp-content\/uploads\/2023\/07\/Nueva-Alianza.jpg\",\"contentUrl\":\"https:\/\/21panorama.com\/wp-content\/uploads\/2023\/07\/Nueva-Alianza.jpg\",\"width\":1280,\"height\":718},{\"@type\":\"BreadcrumbList\",\"@id\":\"https:\/\/21panorama.com\/index.php\/2023\/07\/11\/nueva-alianza-no-perdera-su-registro-como-partido-politico\/#breadcrumb\",\"itemListElement\":[{\"@type\":\"ListItem\",\"position\":1,\"name\":\"Inicio\",\"item\":\"https:\/\/21panorama.com\/\"},{\"@type\":\"ListItem\",\"position\":2,\"name\":\"NUEVA ALIANZA NO PERDER\u00c1 SU REGISTRO COMO PARTIDO POL\u00cdTICO\"}]},{\"@type\":\"WebSite\",\"@id\":\"https:\/\/21panorama.com\/#website\",\"url\":\"https:\/\/21panorama.com\/\",\"name\":\"21 Panorama\",\"description\":\"La construcci\u00f3n de la opini\u00f3n p\u00fablica merece un mejor Panorama en este siglo 21 para alcanzar una sociedad con mayor transparencia y sin corrupci\u00f3n.\",\"publisher\":{\"@id\":\"https:\/\/21panorama.com\/#organization\"},\"potentialAction\":[{\"@type\":\"SearchAction\",\"target\":{\"@type\":\"EntryPoint\",\"urlTemplate\":\"https:\/\/21panorama.com\/?s={search_term_string}\"},\"query-input\":{\"@type\":\"PropertyValueSpecification\",\"valueRequired\":true,\"valueName\":\"search_term_string\"}}],\"inLanguage\":\"es\"},{\"@type\":\"Organization\",\"@id\":\"https:\/\/21panorama.com\/#organization\",\"name\":\"21 Panorama\",\"url\":\"https:\/\/21panorama.com\/\",\"logo\":{\"@type\":\"ImageObject\",\"inLanguage\":\"es\",\"@id\":\"https:\/\/21panorama.com\/#\/schema\/logo\/image\/\",\"url\":\"https:\/\/21panorama.com\/wp-content\/uploads\/2019\/07\/cropped-Logo-Panorama-01.jpeg\",\"contentUrl\":\"https:\/\/21panorama.com\/wp-content\/uploads\/2019\/07\/cropped-Logo-Panorama-01.jpeg\",\"width\":290,\"height\":70,\"caption\":\"21 Panorama\"},\"image\":{\"@id\":\"https:\/\/21panorama.com\/#\/schema\/logo\/image\/\"}},{\"@type\":\"Person\",\"@id\":\"https:\/\/21panorama.com\/#\/schema\/person\/1afc291b96d5792a158768324287319f\",\"name\":\"admin\",\"image\":{\"@type\":\"ImageObject\",\"inLanguage\":\"es\",\"@id\":\"https:\/\/21panorama.com\/#\/schema\/person\/image\/\",\"url\":\"https:\/\/secure.gravatar.com\/avatar\/ad365d9d9f46719215b0d042cc3df92a5a8683e09ef13d102233e5491985f0f0?s=96&d=mm&r=g\",\"contentUrl\":\"https:\/\/secure.gravatar.com\/avatar\/ad365d9d9f46719215b0d042cc3df92a5a8683e09ef13d102233e5491985f0f0?s=96&d=mm&r=g\",\"caption\":\"admin\"},\"url\":\"https:\/\/21panorama.com\/index.php\/author\/admin\/\"}]}<\/script>\n<!-- \/ Yoast SEO plugin. -->","yoast_head_json":{"title":"NUEVA ALIANZA NO PERDER\u00c1 SU REGISTRO COMO PARTIDO POL\u00cdTICO - 21 Panorama","robots":{"index":"index","follow":"follow","max-snippet":"max-snippet:-1","max-image-preview":"max-image-preview:large","max-video-preview":"max-video-preview:-1"},"canonical":"https:\/\/21panorama.com\/index.php\/2023\/07\/11\/nueva-alianza-no-perdera-su-registro-como-partido-politico\/","og_locale":"es_MX","og_type":"article","og_title":"NUEVA ALIANZA NO PERDER\u00c1 SU REGISTRO COMO PARTIDO POL\u00cdTICO - 21 Panorama","og_description":"En un acto antidem\u00f3cratico, el Consejo General del Instituto Electoral del Estado de M\u00e9xico aprob\u00f3 el\u00a0 acuerdo por el que designa a la persona interventora responsable del control y vigilancia directos del uso y destino de los recursos y bienes del partido pol\u00edtico Nueva Alianza Estado de M\u00e9xico.","og_url":"https:\/\/21panorama.com\/index.php\/2023\/07\/11\/nueva-alianza-no-perdera-su-registro-como-partido-politico\/","og_site_name":"21 Panorama","article_published_time":"2023-07-12T00:37:49+00:00","article_modified_time":"2023-07-12T00:37:50+00:00","og_image":[{"width":1280,"height":718,"url":"https:\/\/21panorama.com\/wp-content\/uploads\/2023\/07\/Nueva-Alianza.jpg","type":"image\/jpeg"}],"author":"admin","twitter_card":"summary_large_image","twitter_misc":{"Escrito por":"admin","Tiempo de lectura":"2 minutos"},"schema":{"@context":"https:\/\/schema.org","@graph":[{"@type":"Article","@id":"https:\/\/21panorama.com\/index.php\/2023\/07\/11\/nueva-alianza-no-perdera-su-registro-como-partido-politico\/#article","isPartOf":{"@id":"https:\/\/21panorama.com\/index.php\/2023\/07\/11\/nueva-alianza-no-perdera-su-registro-como-partido-politico\/"},"author":{"name":"admin","@id":"https:\/\/21panorama.com\/#\/schema\/person\/1afc291b96d5792a158768324287319f"},"headline":"NUEVA ALIANZA NO PERDER\u00c1 SU REGISTRO COMO PARTIDO POL\u00cdTICO","datePublished":"2023-07-12T00:37:49+00:00","dateModified":"2023-07-12T00:37:50+00:00","mainEntityOfPage":{"@id":"https:\/\/21panorama.com\/index.php\/2023\/07\/11\/nueva-alianza-no-perdera-su-registro-como-partido-politico\/"},"wordCount":331,"commentCount":0,"publisher":{"@id":"https:\/\/21panorama.com\/#organization"},"image":{"@id":"https:\/\/21panorama.com\/index.php\/2023\/07\/11\/nueva-alianza-no-perdera-su-registro-como-partido-politico\/#primaryimage"},"thumbnailUrl":"https:\/\/21panorama.com\/wp-content\/uploads\/2023\/07\/Nueva-Alianza.jpg","keywords":["EDOMEX","GEM","IEEM","Nueva Alianza"],"articleSection":["Politica","Sociedad"],"inLanguage":"es","potentialAction":[{"@type":"CommentAction","name":"Comment","target":["https:\/\/21panorama.com\/index.php\/2023\/07\/11\/nueva-alianza-no-perdera-su-registro-como-partido-politico\/#respond"]}]},{"@type":"WebPage","@id":"https:\/\/21panorama.com\/index.php\/2023\/07\/11\/nueva-alianza-no-perdera-su-registro-como-partido-politico\/","url":"https:\/\/21panorama.com\/index.php\/2023\/07\/11\/nueva-alianza-no-perdera-su-registro-como-partido-politico\/","name":"NUEVA ALIANZA NO PERDER\u00c1 SU REGISTRO COMO PARTIDO POL\u00cdTICO - 21 Panorama","isPartOf":{"@id":"https:\/\/21panorama.com\/#website"},"primaryImageOfPage":{"@id":"https:\/\/21panorama.com\/index.php\/2023\/07\/11\/nueva-alianza-no-perdera-su-registro-como-partido-politico\/#primaryimage"},"image":{"@id":"https:\/\/21panorama.com\/index.php\/2023\/07\/11\/nueva-alianza-no-perdera-su-registro-como-partido-politico\/#primaryimage"},"thumbnailUrl":"https:\/\/21panorama.com\/wp-content\/uploads\/2023\/07\/Nueva-Alianza.jpg","datePublished":"2023-07-12T00:37:49+00:00","dateModified":"2023-07-12T00:37:50+00:00","breadcrumb":{"@id":"https:\/\/21panorama.com\/index.php\/2023\/07\/11\/nueva-alianza-no-perdera-su-registro-como-partido-politico\/#breadcrumb"},"inLanguage":"es","potentialAction":[{"@type":"ReadAction","target":["https:\/\/21panorama.com\/index.php\/2023\/07\/11\/nueva-alianza-no-perdera-su-registro-como-partido-politico\/"]}]},{"@type":"ImageObject","inLanguage":"es","@id":"https:\/\/21panorama.com\/index.php\/2023\/07\/11\/nueva-alianza-no-perdera-su-registro-como-partido-politico\/#primaryimage","url":"https:\/\/21panorama.com\/wp-content\/uploads\/2023\/07\/Nueva-Alianza.jpg","contentUrl":"https:\/\/21panorama.com\/wp-content\/uploads\/2023\/07\/Nueva-Alianza.jpg","width":1280,"height":718},{"@type":"BreadcrumbList","@id":"https:\/\/21panorama.com\/index.php\/2023\/07\/11\/nueva-alianza-no-perdera-su-registro-como-partido-politico\/#breadcrumb","itemListElement":[{"@type":"ListItem","position":1,"name":"Inicio","item":"https:\/\/21panorama.com\/"},{"@type":"ListItem","position":2,"name":"NUEVA ALIANZA NO PERDER\u00c1 SU REGISTRO COMO PARTIDO POL\u00cdTICO"}]},{"@type":"WebSite","@id":"https:\/\/21panorama.com\/#website","url":"https:\/\/21panorama.com\/","name":"21 Panorama","description":"La construcci\u00f3n de la opini\u00f3n p\u00fablica merece un mejor Panorama en este siglo 21 para alcanzar una sociedad con mayor transparencia y sin corrupci\u00f3n.","publisher":{"@id":"https:\/\/21panorama.com\/#organization"},"potentialAction":[{"@type":"SearchAction","target":{"@type":"EntryPoint","urlTemplate":"https:\/\/21panorama.com\/?s={search_term_string}"},"query-input":{"@type":"PropertyValueSpecification","valueRequired":true,"valueName":"search_term_string"}}],"inLanguage":"es"},{"@type":"Organization","@id":"https:\/\/21panorama.com\/#organization","name":"21 Panorama","url":"https:\/\/21panorama.com\/","logo":{"@type":"ImageObject","inLanguage":"es","@id":"https:\/\/21panorama.com\/#\/schema\/logo\/image\/","url":"https:\/\/21panorama.com\/wp-content\/uploads\/2019\/07\/cropped-Logo-Panorama-01.jpeg","contentUrl":"https:\/\/21panorama.com\/wp-content\/uploads\/2019\/07\/cropped-Logo-Panorama-01.jpeg","width":290,"height":70,"caption":"21 Panorama"},"image":{"@id":"https:\/\/21panorama.com\/#\/schema\/logo\/image\/"}},{"@type":"Person","@id":"https:\/\/21panorama.com\/#\/schema\/person\/1afc291b96d5792a158768324287319f","name":"admin","image":{"@type":"ImageObject","inLanguage":"es","@id":"https:\/\/21panorama.com\/#\/schema\/person\/image\/","url":"https:\/\/secure.gravatar.com\/avatar\/ad365d9d9f46719215b0d042cc3df92a5a8683e09ef13d102233e5491985f0f0?s=96&d=mm&r=g","contentUrl":"https:\/\/secure.gravatar.com\/avatar\/ad365d9d9f46719215b0d042cc3df92a5a8683e09ef13d102233e5491985f0f0?s=96&d=mm&r=g","caption":"admin"},"url":"https:\/\/21panorama.com\/index.php\/author\/admin\/"}]}},"_links":{"self":[{"href":"https:\/\/21panorama.com\/index.php\/wp-json\/wp\/v2\/posts\/4659","targetHints":{"allow":["GET"]}}],"collection":[{"href":"https:\/\/21panorama.com\/index.php\/wp-json\/wp\/v2\/posts"}],"about":[{"href":"https:\/\/21panorama.com\/index.php\/wp-json\/wp\/v2\/types\/post"}],"author":[{"embeddable":true,"href":"https:\/\/21panorama.com\/index.php\/wp-json\/wp\/v2\/users\/1"}],"replies":[{"embeddable":true,"href":"https:\/\/21panorama.com\/index.php\/wp-json\/wp\/v2\/comments?post=4659"}],"version-history":[{"count":1,"href":"https:\/\/21panorama.com\/index.php\/wp-json\/wp\/v2\/posts\/4659\/revisions"}],"predecessor-version":[{"id":4661,"href":"https:\/\/21panorama.com\/index.php\/wp-json\/wp\/v2\/posts\/4659\/revisions\/4661"}],"wp:featuredmedia":[{"embeddable":true,"href":"https:\/\/21panorama.com\/index.php\/wp-json\/wp\/v2\/media\/4660"}],"wp:attachment":[{"href":"https:\/\/21panorama.com\/index.php\/wp-json\/wp\/v2\/media?parent=4659"}],"wp:term":[{"taxonomy":"category","embeddable":true,"href":"https:\/\/21panorama.com\/index.php\/wp-json\/wp\/v2\/categories?post=4659"},{"taxonomy":"post_tag","embeddable":true,"href":"https:\/\/21panorama.com\/index.php\/wp-json\/wp\/v2\/tags?post=4659"}],"curies":[{"name":"wp","href":"https:\/\/api.w.org\/{rel}","templated":true}]}}