{"id":4523,"date":"2023-03-10T12:26:00","date_gmt":"2023-03-10T18:26:00","guid":{"rendered":"https:\/\/21panorama.com\/?p=4523"},"modified":"2023-03-30T12:28:24","modified_gmt":"2023-03-30T18:28:24","slug":"llega-mas-obra-a-la-pastora","status":"publish","type":"post","link":"https:\/\/21panorama.com\/index.php\/2023\/03\/10\/llega-mas-obra-a-la-pastora\/","title":{"rendered":"LLEGA M\u00c1S OBRA A LA PASTORA"},"content":{"rendered":"\n<p>El presidente municipal de Jiquipilco Felipe S\u00e1nchez llev\u00f3 a cabo el arranque de obra para la construcci\u00f3n del nuevo dep\u00f3sito para Agua Potable e Inducci\u00f3n de Red de Conducci\u00f3n en la comunidad La Pastora.<\/p>\n\n\n\n<p>Esto con el fin de llevar los servicios b\u00e1sicos a las comunidades m\u00e1s alejadas del municipio y priorizando las peticiones de la poblaci\u00f3n.<\/p>\n\n\n\n<p>En unos meses las personas que conforman la zona podr\u00e1n contar con este l\u00edquido que es vital para todos nosotros.<\/p>\n\n\n\n<p><img decoding=\"async\" width=\"150\" height=\"100\" class=\"wp-image-4524\" style=\"width: 150px;\" src=\"https:\/\/21panorama.com\/wp-content\/uploads\/2023\/03\/IMG-20230329-WA0003.jpg\" alt=\"\" srcset=\"https:\/\/21panorama.com\/wp-content\/uploads\/2023\/03\/IMG-20230329-WA0003.jpg 720w, https:\/\/21panorama.com\/wp-content\/uploads\/2023\/03\/IMG-20230329-WA0003-300x200.jpg 300w\" sizes=\"(max-width: 150px) 100vw, 150px\" \/><\/p>\n","protected":false},"excerpt":{"rendered":"<p>El presidente municipal de Jiquipilco Felipe S\u00e1nchez llev\u00f3 a cabo el arranque de obra para la construcci\u00f3n del nuevo dep\u00f3sito para Agua Potable e Inducci\u00f3n de Red de Conducci\u00f3n en la comunidad La Pastora. Esto con el fin de llevar los servicios b\u00e1sicos a las comunidades m\u00e1s alejadas del municipio y priorizando las peticiones de la poblaci\u00f3n. En unos meses las personas que conforman la zona podr\u00e1n contar con este l\u00edquido que es vital para todos nosotros.<\/p>\n","protected":false},"author":1,"featured_media":0,"comment_status":"open","ping_status":"open","sticky":false,"template":"","format":"standard","meta":{"footnotes":""},"categories":[1],"tags":[],"class_list":["post-4523","post","type-post","status-publish","format-standard","hentry","category-sociedad"],"yoast_head":"<!-- This site is optimized with the Yoast SEO plugin v24.9 - https:\/\/yoast.com\/wordpress\/plugins\/seo\/ -->\n<title>LLEGA M\u00c1S OBRA A LA PASTORA - 21 Panorama<\/title>\n<meta name=\"robots\" content=\"index, follow, max-snippet:-1, max-image-preview:large, max-video-preview:-1\" \/>\n<link rel=\"canonical\" href=\"https:\/\/21panorama.com\/index.php\/2023\/03\/10\/llega-mas-obra-a-la-pastora\/\" \/>\n<meta property=\"og:locale\" content=\"es_MX\" \/>\n<meta property=\"og:type\" content=\"article\" \/>\n<meta property=\"og:title\" content=\"LLEGA M\u00c1S OBRA A LA PASTORA - 21 Panorama\" \/>\n<meta property=\"og:description\" content=\"El presidente municipal de Jiquipilco Felipe S\u00e1nchez llev\u00f3 a cabo el arranque de obra para la construcci\u00f3n del nuevo dep\u00f3sito para Agua Potable e Inducci\u00f3n de Red de Conducci\u00f3n en la comunidad La Pastora. Esto con el fin de llevar los servicios b\u00e1sicos a las comunidades m\u00e1s alejadas del municipio y priorizando las peticiones de la poblaci\u00f3n. En unos meses las personas que conforman la zona podr\u00e1n contar con este l\u00edquido que es vital para todos nosotros.\" \/>\n<meta property=\"og:url\" content=\"https:\/\/21panorama.com\/index.php\/2023\/03\/10\/llega-mas-obra-a-la-pastora\/\" \/>\n<meta property=\"og:site_name\" content=\"21 Panorama\" \/>\n<meta property=\"article:published_time\" content=\"2023-03-10T18:26:00+00:00\" \/>\n<meta property=\"article:modified_time\" content=\"2023-03-30T18:28:24+00:00\" \/>\n<meta property=\"og:image\" content=\"http:\/\/21panorama.com\/wp-content\/uploads\/2023\/03\/IMG-20230329-WA0003.jpg\" \/>\n<meta name=\"author\" content=\"admin\" \/>\n<meta name=\"twitter:card\" content=\"summary_large_image\" \/>\n<meta name=\"twitter:label1\" content=\"Escrito por\" \/>\n\t<meta name=\"twitter:data1\" content=\"admin\" \/>\n\t<meta name=\"twitter:label2\" content=\"Tiempo de lectura\" \/>\n\t<meta name=\"twitter:data2\" content=\"1 minuto\" \/>\n<script type=\"application\/ld+json\" class=\"yoast-schema-graph\">{\"@context\":\"https:\/\/schema.org\",\"@graph\":[{\"@type\":\"Article\",\"@id\":\"https:\/\/21panorama.com\/index.php\/2023\/03\/10\/llega-mas-obra-a-la-pastora\/#article\",\"isPartOf\":{\"@id\":\"https:\/\/21panorama.com\/index.php\/2023\/03\/10\/llega-mas-obra-a-la-pastora\/\"},\"author\":{\"name\":\"admin\",\"@id\":\"https:\/\/21panorama.com\/#\/schema\/person\/1afc291b96d5792a158768324287319f\"},\"headline\":\"LLEGA M\u00c1S OBRA A LA PASTORA\",\"datePublished\":\"2023-03-10T18:26:00+00:00\",\"dateModified\":\"2023-03-30T18:28:24+00:00\",\"mainEntityOfPage\":{\"@id\":\"https:\/\/21panorama.com\/index.php\/2023\/03\/10\/llega-mas-obra-a-la-pastora\/\"},\"wordCount\":94,\"commentCount\":0,\"publisher\":{\"@id\":\"https:\/\/21panorama.com\/#organization\"},\"image\":{\"@id\":\"https:\/\/21panorama.com\/index.php\/2023\/03\/10\/llega-mas-obra-a-la-pastora\/#primaryimage\"},\"thumbnailUrl\":\"http:\/\/21panorama.com\/wp-content\/uploads\/2023\/03\/IMG-20230329-WA0003.jpg\",\"articleSection\":[\"Sociedad\"],\"inLanguage\":\"es\",\"potentialAction\":[{\"@type\":\"CommentAction\",\"name\":\"Comment\",\"target\":[\"https:\/\/21panorama.com\/index.php\/2023\/03\/10\/llega-mas-obra-a-la-pastora\/#respond\"]}]},{\"@type\":\"WebPage\",\"@id\":\"https:\/\/21panorama.com\/index.php\/2023\/03\/10\/llega-mas-obra-a-la-pastora\/\",\"url\":\"https:\/\/21panorama.com\/index.php\/2023\/03\/10\/llega-mas-obra-a-la-pastora\/\",\"name\":\"LLEGA M\u00c1S OBRA A LA PASTORA - 21 Panorama\",\"isPartOf\":{\"@id\":\"https:\/\/21panorama.com\/#website\"},\"primaryImageOfPage\":{\"@id\":\"https:\/\/21panorama.com\/index.php\/2023\/03\/10\/llega-mas-obra-a-la-pastora\/#primaryimage\"},\"image\":{\"@id\":\"https:\/\/21panorama.com\/index.php\/2023\/03\/10\/llega-mas-obra-a-la-pastora\/#primaryimage\"},\"thumbnailUrl\":\"http:\/\/21panorama.com\/wp-content\/uploads\/2023\/03\/IMG-20230329-WA0003.jpg\",\"datePublished\":\"2023-03-10T18:26:00+00:00\",\"dateModified\":\"2023-03-30T18:28:24+00:00\",\"breadcrumb\":{\"@id\":\"https:\/\/21panorama.com\/index.php\/2023\/03\/10\/llega-mas-obra-a-la-pastora\/#breadcrumb\"},\"inLanguage\":\"es\",\"potentialAction\":[{\"@type\":\"ReadAction\",\"target\":[\"https:\/\/21panorama.com\/index.php\/2023\/03\/10\/llega-mas-obra-a-la-pastora\/\"]}]},{\"@type\":\"ImageObject\",\"inLanguage\":\"es\",\"@id\":\"https:\/\/21panorama.com\/index.php\/2023\/03\/10\/llega-mas-obra-a-la-pastora\/#primaryimage\",\"url\":\"http:\/\/21panorama.com\/wp-content\/uploads\/2023\/03\/IMG-20230329-WA0003.jpg\",\"contentUrl\":\"http:\/\/21panorama.com\/wp-content\/uploads\/2023\/03\/IMG-20230329-WA0003.jpg\"},{\"@type\":\"BreadcrumbList\",\"@id\":\"https:\/\/21panorama.com\/index.php\/2023\/03\/10\/llega-mas-obra-a-la-pastora\/#breadcrumb\",\"itemListElement\":[{\"@type\":\"ListItem\",\"position\":1,\"name\":\"Inicio\",\"item\":\"https:\/\/21panorama.com\/\"},{\"@type\":\"ListItem\",\"position\":2,\"name\":\"LLEGA M\u00c1S OBRA A LA PASTORA\"}]},{\"@type\":\"WebSite\",\"@id\":\"https:\/\/21panorama.com\/#website\",\"url\":\"https:\/\/21panorama.com\/\",\"name\":\"21 Panorama\",\"description\":\"La construcci\u00f3n de la opini\u00f3n p\u00fablica merece un mejor Panorama en este siglo 21 para alcanzar una sociedad con mayor transparencia y sin corrupci\u00f3n.\",\"publisher\":{\"@id\":\"https:\/\/21panorama.com\/#organization\"},\"potentialAction\":[{\"@type\":\"SearchAction\",\"target\":{\"@type\":\"EntryPoint\",\"urlTemplate\":\"https:\/\/21panorama.com\/?s={search_term_string}\"},\"query-input\":{\"@type\":\"PropertyValueSpecification\",\"valueRequired\":true,\"valueName\":\"search_term_string\"}}],\"inLanguage\":\"es\"},{\"@type\":\"Organization\",\"@id\":\"https:\/\/21panorama.com\/#organization\",\"name\":\"21 Panorama\",\"url\":\"https:\/\/21panorama.com\/\",\"logo\":{\"@type\":\"ImageObject\",\"inLanguage\":\"es\",\"@id\":\"https:\/\/21panorama.com\/#\/schema\/logo\/image\/\",\"url\":\"https:\/\/21panorama.com\/wp-content\/uploads\/2019\/07\/cropped-Logo-Panorama-01.jpeg\",\"contentUrl\":\"https:\/\/21panorama.com\/wp-content\/uploads\/2019\/07\/cropped-Logo-Panorama-01.jpeg\",\"width\":290,\"height\":70,\"caption\":\"21 Panorama\"},\"image\":{\"@id\":\"https:\/\/21panorama.com\/#\/schema\/logo\/image\/\"}},{\"@type\":\"Person\",\"@id\":\"https:\/\/21panorama.com\/#\/schema\/person\/1afc291b96d5792a158768324287319f\",\"name\":\"admin\",\"image\":{\"@type\":\"ImageObject\",\"inLanguage\":\"es\",\"@id\":\"https:\/\/21panorama.com\/#\/schema\/person\/image\/\",\"url\":\"https:\/\/secure.gravatar.com\/avatar\/ad365d9d9f46719215b0d042cc3df92a5a8683e09ef13d102233e5491985f0f0?s=96&d=mm&r=g\",\"contentUrl\":\"https:\/\/secure.gravatar.com\/avatar\/ad365d9d9f46719215b0d042cc3df92a5a8683e09ef13d102233e5491985f0f0?s=96&d=mm&r=g\",\"caption\":\"admin\"},\"url\":\"https:\/\/21panorama.com\/index.php\/author\/admin\/\"}]}<\/script>\n<!-- \/ Yoast SEO plugin. -->","yoast_head_json":{"title":"LLEGA M\u00c1S OBRA A LA PASTORA - 21 Panorama","robots":{"index":"index","follow":"follow","max-snippet":"max-snippet:-1","max-image-preview":"max-image-preview:large","max-video-preview":"max-video-preview:-1"},"canonical":"https:\/\/21panorama.com\/index.php\/2023\/03\/10\/llega-mas-obra-a-la-pastora\/","og_locale":"es_MX","og_type":"article","og_title":"LLEGA M\u00c1S OBRA A LA PASTORA - 21 Panorama","og_description":"El presidente municipal de Jiquipilco Felipe S\u00e1nchez llev\u00f3 a cabo el arranque de obra para la construcci\u00f3n del nuevo dep\u00f3sito para Agua Potable e Inducci\u00f3n de Red de Conducci\u00f3n en la comunidad La Pastora. Esto con el fin de llevar los servicios b\u00e1sicos a las comunidades m\u00e1s alejadas del municipio y priorizando las peticiones de la poblaci\u00f3n. En unos meses las personas que conforman la zona podr\u00e1n contar con este l\u00edquido que es vital para todos nosotros.","og_url":"https:\/\/21panorama.com\/index.php\/2023\/03\/10\/llega-mas-obra-a-la-pastora\/","og_site_name":"21 Panorama","article_published_time":"2023-03-10T18:26:00+00:00","article_modified_time":"2023-03-30T18:28:24+00:00","og_image":[{"url":"http:\/\/21panorama.com\/wp-content\/uploads\/2023\/03\/IMG-20230329-WA0003.jpg","type":"","width":"","height":""}],"author":"admin","twitter_card":"summary_large_image","twitter_misc":{"Escrito por":"admin","Tiempo de lectura":"1 minuto"},"schema":{"@context":"https:\/\/schema.org","@graph":[{"@type":"Article","@id":"https:\/\/21panorama.com\/index.php\/2023\/03\/10\/llega-mas-obra-a-la-pastora\/#article","isPartOf":{"@id":"https:\/\/21panorama.com\/index.php\/2023\/03\/10\/llega-mas-obra-a-la-pastora\/"},"author":{"name":"admin","@id":"https:\/\/21panorama.com\/#\/schema\/person\/1afc291b96d5792a158768324287319f"},"headline":"LLEGA M\u00c1S OBRA A LA PASTORA","datePublished":"2023-03-10T18:26:00+00:00","dateModified":"2023-03-30T18:28:24+00:00","mainEntityOfPage":{"@id":"https:\/\/21panorama.com\/index.php\/2023\/03\/10\/llega-mas-obra-a-la-pastora\/"},"wordCount":94,"commentCount":0,"publisher":{"@id":"https:\/\/21panorama.com\/#organization"},"image":{"@id":"https:\/\/21panorama.com\/index.php\/2023\/03\/10\/llega-mas-obra-a-la-pastora\/#primaryimage"},"thumbnailUrl":"http:\/\/21panorama.com\/wp-content\/uploads\/2023\/03\/IMG-20230329-WA0003.jpg","articleSection":["Sociedad"],"inLanguage":"es","potentialAction":[{"@type":"CommentAction","name":"Comment","target":["https:\/\/21panorama.com\/index.php\/2023\/03\/10\/llega-mas-obra-a-la-pastora\/#respond"]}]},{"@type":"WebPage","@id":"https:\/\/21panorama.com\/index.php\/2023\/03\/10\/llega-mas-obra-a-la-pastora\/","url":"https:\/\/21panorama.com\/index.php\/2023\/03\/10\/llega-mas-obra-a-la-pastora\/","name":"LLEGA M\u00c1S OBRA A LA PASTORA - 21 Panorama","isPartOf":{"@id":"https:\/\/21panorama.com\/#website"},"primaryImageOfPage":{"@id":"https:\/\/21panorama.com\/index.php\/2023\/03\/10\/llega-mas-obra-a-la-pastora\/#primaryimage"},"image":{"@id":"https:\/\/21panorama.com\/index.php\/2023\/03\/10\/llega-mas-obra-a-la-pastora\/#primaryimage"},"thumbnailUrl":"http:\/\/21panorama.com\/wp-content\/uploads\/2023\/03\/IMG-20230329-WA0003.jpg","datePublished":"2023-03-10T18:26:00+00:00","dateModified":"2023-03-30T18:28:24+00:00","breadcrumb":{"@id":"https:\/\/21panorama.com\/index.php\/2023\/03\/10\/llega-mas-obra-a-la-pastora\/#breadcrumb"},"inLanguage":"es","potentialAction":[{"@type":"ReadAction","target":["https:\/\/21panorama.com\/index.php\/2023\/03\/10\/llega-mas-obra-a-la-pastora\/"]}]},{"@type":"ImageObject","inLanguage":"es","@id":"https:\/\/21panorama.com\/index.php\/2023\/03\/10\/llega-mas-obra-a-la-pastora\/#primaryimage","url":"http:\/\/21panorama.com\/wp-content\/uploads\/2023\/03\/IMG-20230329-WA0003.jpg","contentUrl":"http:\/\/21panorama.com\/wp-content\/uploads\/2023\/03\/IMG-20230329-WA0003.jpg"},{"@type":"BreadcrumbList","@id":"https:\/\/21panorama.com\/index.php\/2023\/03\/10\/llega-mas-obra-a-la-pastora\/#breadcrumb","itemListElement":[{"@type":"ListItem","position":1,"name":"Inicio","item":"https:\/\/21panorama.com\/"},{"@type":"ListItem","position":2,"name":"LLEGA M\u00c1S OBRA A LA PASTORA"}]},{"@type":"WebSite","@id":"https:\/\/21panorama.com\/#website","url":"https:\/\/21panorama.com\/","name":"21 Panorama","description":"La construcci\u00f3n de la opini\u00f3n p\u00fablica merece un mejor Panorama en este siglo 21 para alcanzar una sociedad con mayor transparencia y sin corrupci\u00f3n.","publisher":{"@id":"https:\/\/21panorama.com\/#organization"},"potentialAction":[{"@type":"SearchAction","target":{"@type":"EntryPoint","urlTemplate":"https:\/\/21panorama.com\/?s={search_term_string}"},"query-input":{"@type":"PropertyValueSpecification","valueRequired":true,"valueName":"search_term_string"}}],"inLanguage":"es"},{"@type":"Organization","@id":"https:\/\/21panorama.com\/#organization","name":"21 Panorama","url":"https:\/\/21panorama.com\/","logo":{"@type":"ImageObject","inLanguage":"es","@id":"https:\/\/21panorama.com\/#\/schema\/logo\/image\/","url":"https:\/\/21panorama.com\/wp-content\/uploads\/2019\/07\/cropped-Logo-Panorama-01.jpeg","contentUrl":"https:\/\/21panorama.com\/wp-content\/uploads\/2019\/07\/cropped-Logo-Panorama-01.jpeg","width":290,"height":70,"caption":"21 Panorama"},"image":{"@id":"https:\/\/21panorama.com\/#\/schema\/logo\/image\/"}},{"@type":"Person","@id":"https:\/\/21panorama.com\/#\/schema\/person\/1afc291b96d5792a158768324287319f","name":"admin","image":{"@type":"ImageObject","inLanguage":"es","@id":"https:\/\/21panorama.com\/#\/schema\/person\/image\/","url":"https:\/\/secure.gravatar.com\/avatar\/ad365d9d9f46719215b0d042cc3df92a5a8683e09ef13d102233e5491985f0f0?s=96&d=mm&r=g","contentUrl":"https:\/\/secure.gravatar.com\/avatar\/ad365d9d9f46719215b0d042cc3df92a5a8683e09ef13d102233e5491985f0f0?s=96&d=mm&r=g","caption":"admin"},"url":"https:\/\/21panorama.com\/index.php\/author\/admin\/"}]}},"_links":{"self":[{"href":"https:\/\/21panorama.com\/index.php\/wp-json\/wp\/v2\/posts\/4523","targetHints":{"allow":["GET"]}}],"collection":[{"href":"https:\/\/21panorama.com\/index.php\/wp-json\/wp\/v2\/posts"}],"about":[{"href":"https:\/\/21panorama.com\/index.php\/wp-json\/wp\/v2\/types\/post"}],"author":[{"embeddable":true,"href":"https:\/\/21panorama.com\/index.php\/wp-json\/wp\/v2\/users\/1"}],"replies":[{"embeddable":true,"href":"https:\/\/21panorama.com\/index.php\/wp-json\/wp\/v2\/comments?post=4523"}],"version-history":[{"count":1,"href":"https:\/\/21panorama.com\/index.php\/wp-json\/wp\/v2\/posts\/4523\/revisions"}],"predecessor-version":[{"id":4525,"href":"https:\/\/21panorama.com\/index.php\/wp-json\/wp\/v2\/posts\/4523\/revisions\/4525"}],"wp:attachment":[{"href":"https:\/\/21panorama.com\/index.php\/wp-json\/wp\/v2\/media?parent=4523"}],"wp:term":[{"taxonomy":"category","embeddable":true,"href":"https:\/\/21panorama.com\/index.php\/wp-json\/wp\/v2\/categories?post=4523"},{"taxonomy":"post_tag","embeddable":true,"href":"https:\/\/21panorama.com\/index.php\/wp-json\/wp\/v2\/tags?post=4523"}],"curies":[{"name":"wp","href":"https:\/\/api.w.org\/{rel}","templated":true}]}}