{"id":4459,"date":"2023-02-05T18:38:00","date_gmt":"2023-02-06T00:38:00","guid":{"rendered":"https:\/\/21panorama.com\/?p=4459"},"modified":"2023-02-13T18:39:44","modified_gmt":"2023-02-14T00:39:44","slug":"entrega-jesus-cedillo-bando-municipal-a-delegados","status":"publish","type":"post","link":"https:\/\/21panorama.com\/index.php\/2023\/02\/05\/entrega-jesus-cedillo-bando-municipal-a-delegados\/","title":{"rendered":"ENTREGA JES\u00daS CEDILLO BANDO MUNICIPAL A DELEGADOS"},"content":{"rendered":"\n<p><\/p>\n\n\n\n<p>En la casa de cultura \u201cDiego de N\u00e1jera Yanguas\u201d, el presidente municipal de Jocotitl\u00e1n Jes\u00fas Cedillo Gonz\u00e1lez realiz\u00f3 la entrega del Bando Municipal a los Delegados de las comunidades.<\/p>\n\n\n\n<p>Esto con el objetivo de brindarles una herramienta m\u00e1s al ejecutar las normas que emanan para la ciudadan\u00eda en un ambiente de respeto y cordialidad, basado en las leyes y normas que rigen actualmente a nuestro pa\u00eds.<\/p>\n\n\n\n<p>As\u00ed se conmemor\u00f3 106 a\u00f1os de la promulgaci\u00f3n de La Constituci\u00f3n Pol\u00edtica de los Estados Unidos Mexicanos con el Bando Municipal 2023 para establecer normas b\u00e1sicas en la organizaci\u00f3n de su territorio, poblaci\u00f3n y gobierno.<\/p>\n\n\n\n<p><img decoding=\"async\" width=\"150\" height=\"112\" class=\"wp-image-4460\" style=\"width: 150px;\" src=\"https:\/\/21panorama.com\/wp-content\/uploads\/2023\/02\/IMG-20230213-WA0020.jpg\" alt=\"\" srcset=\"https:\/\/21panorama.com\/wp-content\/uploads\/2023\/02\/IMG-20230213-WA0020.jpg 721w, https:\/\/21panorama.com\/wp-content\/uploads\/2023\/02\/IMG-20230213-WA0020-300x225.jpg 300w\" sizes=\"(max-width: 150px) 100vw, 150px\" \/><\/p>\n\n\n\n<p><img decoding=\"async\" width=\"150\" height=\"100\" class=\"wp-image-4461\" style=\"width: 150px;\" src=\"https:\/\/21panorama.com\/wp-content\/uploads\/2023\/02\/IMG-20230213-WA0019.jpg\" alt=\"\" srcset=\"https:\/\/21panorama.com\/wp-content\/uploads\/2023\/02\/IMG-20230213-WA0019.jpg 720w, https:\/\/21panorama.com\/wp-content\/uploads\/2023\/02\/IMG-20230213-WA0019-300x200.jpg 300w\" sizes=\"(max-width: 150px) 100vw, 150px\" \/><\/p>\n","protected":false},"excerpt":{"rendered":"<p>En la casa de cultura \u201cDiego de N\u00e1jera Yanguas\u201d, el presidente municipal de Jocotitl\u00e1n Jes\u00fas Cedillo Gonz\u00e1lez realiz\u00f3 la entrega del Bando Municipal a los Delegados de las comunidades. Esto con el objetivo de brindarles una herramienta m\u00e1s al ejecutar las normas que emanan para la ciudadan\u00eda en un ambiente de respeto y cordialidad, basado en las leyes y normas que rigen actualmente a nuestro pa\u00eds. As\u00ed se conmemor\u00f3 106 a\u00f1os de la promulgaci\u00f3n de La Constituci\u00f3n Pol\u00edtica de los Estados Unidos Mexicanos con el Bando Municipal 2023 para establecer&hellip;<\/p>\n","protected":false},"author":1,"featured_media":0,"comment_status":"open","ping_status":"open","sticky":false,"template":"","format":"standard","meta":{"footnotes":""},"categories":[1],"tags":[],"class_list":["post-4459","post","type-post","status-publish","format-standard","hentry","category-sociedad"],"yoast_head":"<!-- This site is optimized with the Yoast SEO plugin v24.9 - https:\/\/yoast.com\/wordpress\/plugins\/seo\/ -->\n<title>ENTREGA JES\u00daS CEDILLO BANDO MUNICIPAL A DELEGADOS - 21 Panorama<\/title>\n<meta name=\"robots\" content=\"index, follow, max-snippet:-1, max-image-preview:large, max-video-preview:-1\" \/>\n<link rel=\"canonical\" href=\"https:\/\/21panorama.com\/index.php\/2023\/02\/05\/entrega-jesus-cedillo-bando-municipal-a-delegados\/\" \/>\n<meta property=\"og:locale\" content=\"es_MX\" \/>\n<meta property=\"og:type\" content=\"article\" \/>\n<meta property=\"og:title\" content=\"ENTREGA JES\u00daS CEDILLO BANDO MUNICIPAL A DELEGADOS - 21 Panorama\" \/>\n<meta property=\"og:description\" content=\"En la casa de cultura \u201cDiego de N\u00e1jera Yanguas\u201d, el presidente municipal de Jocotitl\u00e1n Jes\u00fas Cedillo Gonz\u00e1lez realiz\u00f3 la entrega del Bando Municipal a los Delegados de las comunidades. Esto con el objetivo de brindarles una herramienta m\u00e1s al ejecutar las normas que emanan para la ciudadan\u00eda en un ambiente de respeto y cordialidad, basado en las leyes y normas que rigen actualmente a nuestro pa\u00eds. As\u00ed se conmemor\u00f3 106 a\u00f1os de la promulgaci\u00f3n de La Constituci\u00f3n Pol\u00edtica de los Estados Unidos Mexicanos con el Bando Municipal 2023 para establecer&hellip;\" \/>\n<meta property=\"og:url\" content=\"https:\/\/21panorama.com\/index.php\/2023\/02\/05\/entrega-jesus-cedillo-bando-municipal-a-delegados\/\" \/>\n<meta property=\"og:site_name\" content=\"21 Panorama\" \/>\n<meta property=\"article:published_time\" content=\"2023-02-06T00:38:00+00:00\" \/>\n<meta property=\"article:modified_time\" content=\"2023-02-14T00:39:44+00:00\" \/>\n<meta property=\"og:image\" content=\"http:\/\/21panorama.com\/wp-content\/uploads\/2023\/02\/IMG-20230213-WA0020.jpg\" \/>\n<meta name=\"author\" content=\"admin\" \/>\n<meta name=\"twitter:card\" content=\"summary_large_image\" \/>\n<meta name=\"twitter:label1\" content=\"Escrito por\" \/>\n\t<meta name=\"twitter:data1\" content=\"admin\" \/>\n\t<meta name=\"twitter:label2\" content=\"Tiempo de lectura\" \/>\n\t<meta name=\"twitter:data2\" content=\"1 minuto\" \/>\n<script type=\"application\/ld+json\" class=\"yoast-schema-graph\">{\"@context\":\"https:\/\/schema.org\",\"@graph\":[{\"@type\":\"Article\",\"@id\":\"https:\/\/21panorama.com\/index.php\/2023\/02\/05\/entrega-jesus-cedillo-bando-municipal-a-delegados\/#article\",\"isPartOf\":{\"@id\":\"https:\/\/21panorama.com\/index.php\/2023\/02\/05\/entrega-jesus-cedillo-bando-municipal-a-delegados\/\"},\"author\":{\"name\":\"admin\",\"@id\":\"https:\/\/21panorama.com\/#\/schema\/person\/1afc291b96d5792a158768324287319f\"},\"headline\":\"ENTREGA JES\u00daS CEDILLO BANDO MUNICIPAL A DELEGADOS\",\"datePublished\":\"2023-02-06T00:38:00+00:00\",\"dateModified\":\"2023-02-14T00:39:44+00:00\",\"mainEntityOfPage\":{\"@id\":\"https:\/\/21panorama.com\/index.php\/2023\/02\/05\/entrega-jesus-cedillo-bando-municipal-a-delegados\/\"},\"wordCount\":121,\"commentCount\":0,\"publisher\":{\"@id\":\"https:\/\/21panorama.com\/#organization\"},\"image\":{\"@id\":\"https:\/\/21panorama.com\/index.php\/2023\/02\/05\/entrega-jesus-cedillo-bando-municipal-a-delegados\/#primaryimage\"},\"thumbnailUrl\":\"http:\/\/21panorama.com\/wp-content\/uploads\/2023\/02\/IMG-20230213-WA0020.jpg\",\"articleSection\":[\"Sociedad\"],\"inLanguage\":\"es\",\"potentialAction\":[{\"@type\":\"CommentAction\",\"name\":\"Comment\",\"target\":[\"https:\/\/21panorama.com\/index.php\/2023\/02\/05\/entrega-jesus-cedillo-bando-municipal-a-delegados\/#respond\"]}]},{\"@type\":\"WebPage\",\"@id\":\"https:\/\/21panorama.com\/index.php\/2023\/02\/05\/entrega-jesus-cedillo-bando-municipal-a-delegados\/\",\"url\":\"https:\/\/21panorama.com\/index.php\/2023\/02\/05\/entrega-jesus-cedillo-bando-municipal-a-delegados\/\",\"name\":\"ENTREGA JES\u00daS CEDILLO BANDO MUNICIPAL A DELEGADOS - 21 Panorama\",\"isPartOf\":{\"@id\":\"https:\/\/21panorama.com\/#website\"},\"primaryImageOfPage\":{\"@id\":\"https:\/\/21panorama.com\/index.php\/2023\/02\/05\/entrega-jesus-cedillo-bando-municipal-a-delegados\/#primaryimage\"},\"image\":{\"@id\":\"https:\/\/21panorama.com\/index.php\/2023\/02\/05\/entrega-jesus-cedillo-bando-municipal-a-delegados\/#primaryimage\"},\"thumbnailUrl\":\"http:\/\/21panorama.com\/wp-content\/uploads\/2023\/02\/IMG-20230213-WA0020.jpg\",\"datePublished\":\"2023-02-06T00:38:00+00:00\",\"dateModified\":\"2023-02-14T00:39:44+00:00\",\"breadcrumb\":{\"@id\":\"https:\/\/21panorama.com\/index.php\/2023\/02\/05\/entrega-jesus-cedillo-bando-municipal-a-delegados\/#breadcrumb\"},\"inLanguage\":\"es\",\"potentialAction\":[{\"@type\":\"ReadAction\",\"target\":[\"https:\/\/21panorama.com\/index.php\/2023\/02\/05\/entrega-jesus-cedillo-bando-municipal-a-delegados\/\"]}]},{\"@type\":\"ImageObject\",\"inLanguage\":\"es\",\"@id\":\"https:\/\/21panorama.com\/index.php\/2023\/02\/05\/entrega-jesus-cedillo-bando-municipal-a-delegados\/#primaryimage\",\"url\":\"http:\/\/21panorama.com\/wp-content\/uploads\/2023\/02\/IMG-20230213-WA0020.jpg\",\"contentUrl\":\"http:\/\/21panorama.com\/wp-content\/uploads\/2023\/02\/IMG-20230213-WA0020.jpg\"},{\"@type\":\"BreadcrumbList\",\"@id\":\"https:\/\/21panorama.com\/index.php\/2023\/02\/05\/entrega-jesus-cedillo-bando-municipal-a-delegados\/#breadcrumb\",\"itemListElement\":[{\"@type\":\"ListItem\",\"position\":1,\"name\":\"Inicio\",\"item\":\"https:\/\/21panorama.com\/\"},{\"@type\":\"ListItem\",\"position\":2,\"name\":\"ENTREGA JES\u00daS CEDILLO BANDO MUNICIPAL A DELEGADOS\"}]},{\"@type\":\"WebSite\",\"@id\":\"https:\/\/21panorama.com\/#website\",\"url\":\"https:\/\/21panorama.com\/\",\"name\":\"21 Panorama\",\"description\":\"La construcci\u00f3n de la opini\u00f3n p\u00fablica merece un mejor Panorama en este siglo 21 para alcanzar una sociedad con mayor transparencia y sin corrupci\u00f3n.\",\"publisher\":{\"@id\":\"https:\/\/21panorama.com\/#organization\"},\"potentialAction\":[{\"@type\":\"SearchAction\",\"target\":{\"@type\":\"EntryPoint\",\"urlTemplate\":\"https:\/\/21panorama.com\/?s={search_term_string}\"},\"query-input\":{\"@type\":\"PropertyValueSpecification\",\"valueRequired\":true,\"valueName\":\"search_term_string\"}}],\"inLanguage\":\"es\"},{\"@type\":\"Organization\",\"@id\":\"https:\/\/21panorama.com\/#organization\",\"name\":\"21 Panorama\",\"url\":\"https:\/\/21panorama.com\/\",\"logo\":{\"@type\":\"ImageObject\",\"inLanguage\":\"es\",\"@id\":\"https:\/\/21panorama.com\/#\/schema\/logo\/image\/\",\"url\":\"https:\/\/21panorama.com\/wp-content\/uploads\/2019\/07\/cropped-Logo-Panorama-01.jpeg\",\"contentUrl\":\"https:\/\/21panorama.com\/wp-content\/uploads\/2019\/07\/cropped-Logo-Panorama-01.jpeg\",\"width\":290,\"height\":70,\"caption\":\"21 Panorama\"},\"image\":{\"@id\":\"https:\/\/21panorama.com\/#\/schema\/logo\/image\/\"}},{\"@type\":\"Person\",\"@id\":\"https:\/\/21panorama.com\/#\/schema\/person\/1afc291b96d5792a158768324287319f\",\"name\":\"admin\",\"image\":{\"@type\":\"ImageObject\",\"inLanguage\":\"es\",\"@id\":\"https:\/\/21panorama.com\/#\/schema\/person\/image\/\",\"url\":\"https:\/\/secure.gravatar.com\/avatar\/ad365d9d9f46719215b0d042cc3df92a5a8683e09ef13d102233e5491985f0f0?s=96&d=mm&r=g\",\"contentUrl\":\"https:\/\/secure.gravatar.com\/avatar\/ad365d9d9f46719215b0d042cc3df92a5a8683e09ef13d102233e5491985f0f0?s=96&d=mm&r=g\",\"caption\":\"admin\"},\"url\":\"https:\/\/21panorama.com\/index.php\/author\/admin\/\"}]}<\/script>\n<!-- \/ Yoast SEO plugin. -->","yoast_head_json":{"title":"ENTREGA JES\u00daS CEDILLO BANDO MUNICIPAL A DELEGADOS - 21 Panorama","robots":{"index":"index","follow":"follow","max-snippet":"max-snippet:-1","max-image-preview":"max-image-preview:large","max-video-preview":"max-video-preview:-1"},"canonical":"https:\/\/21panorama.com\/index.php\/2023\/02\/05\/entrega-jesus-cedillo-bando-municipal-a-delegados\/","og_locale":"es_MX","og_type":"article","og_title":"ENTREGA JES\u00daS CEDILLO BANDO MUNICIPAL A DELEGADOS - 21 Panorama","og_description":"En la casa de cultura \u201cDiego de N\u00e1jera Yanguas\u201d, el presidente municipal de Jocotitl\u00e1n Jes\u00fas Cedillo Gonz\u00e1lez realiz\u00f3 la entrega del Bando Municipal a los Delegados de las comunidades. Esto con el objetivo de brindarles una herramienta m\u00e1s al ejecutar las normas que emanan para la ciudadan\u00eda en un ambiente de respeto y cordialidad, basado en las leyes y normas que rigen actualmente a nuestro pa\u00eds. As\u00ed se conmemor\u00f3 106 a\u00f1os de la promulgaci\u00f3n de La Constituci\u00f3n Pol\u00edtica de los Estados Unidos Mexicanos con el Bando Municipal 2023 para establecer&hellip;","og_url":"https:\/\/21panorama.com\/index.php\/2023\/02\/05\/entrega-jesus-cedillo-bando-municipal-a-delegados\/","og_site_name":"21 Panorama","article_published_time":"2023-02-06T00:38:00+00:00","article_modified_time":"2023-02-14T00:39:44+00:00","og_image":[{"url":"http:\/\/21panorama.com\/wp-content\/uploads\/2023\/02\/IMG-20230213-WA0020.jpg","type":"","width":"","height":""}],"author":"admin","twitter_card":"summary_large_image","twitter_misc":{"Escrito por":"admin","Tiempo de lectura":"1 minuto"},"schema":{"@context":"https:\/\/schema.org","@graph":[{"@type":"Article","@id":"https:\/\/21panorama.com\/index.php\/2023\/02\/05\/entrega-jesus-cedillo-bando-municipal-a-delegados\/#article","isPartOf":{"@id":"https:\/\/21panorama.com\/index.php\/2023\/02\/05\/entrega-jesus-cedillo-bando-municipal-a-delegados\/"},"author":{"name":"admin","@id":"https:\/\/21panorama.com\/#\/schema\/person\/1afc291b96d5792a158768324287319f"},"headline":"ENTREGA JES\u00daS CEDILLO BANDO MUNICIPAL A DELEGADOS","datePublished":"2023-02-06T00:38:00+00:00","dateModified":"2023-02-14T00:39:44+00:00","mainEntityOfPage":{"@id":"https:\/\/21panorama.com\/index.php\/2023\/02\/05\/entrega-jesus-cedillo-bando-municipal-a-delegados\/"},"wordCount":121,"commentCount":0,"publisher":{"@id":"https:\/\/21panorama.com\/#organization"},"image":{"@id":"https:\/\/21panorama.com\/index.php\/2023\/02\/05\/entrega-jesus-cedillo-bando-municipal-a-delegados\/#primaryimage"},"thumbnailUrl":"http:\/\/21panorama.com\/wp-content\/uploads\/2023\/02\/IMG-20230213-WA0020.jpg","articleSection":["Sociedad"],"inLanguage":"es","potentialAction":[{"@type":"CommentAction","name":"Comment","target":["https:\/\/21panorama.com\/index.php\/2023\/02\/05\/entrega-jesus-cedillo-bando-municipal-a-delegados\/#respond"]}]},{"@type":"WebPage","@id":"https:\/\/21panorama.com\/index.php\/2023\/02\/05\/entrega-jesus-cedillo-bando-municipal-a-delegados\/","url":"https:\/\/21panorama.com\/index.php\/2023\/02\/05\/entrega-jesus-cedillo-bando-municipal-a-delegados\/","name":"ENTREGA JES\u00daS CEDILLO BANDO MUNICIPAL A DELEGADOS - 21 Panorama","isPartOf":{"@id":"https:\/\/21panorama.com\/#website"},"primaryImageOfPage":{"@id":"https:\/\/21panorama.com\/index.php\/2023\/02\/05\/entrega-jesus-cedillo-bando-municipal-a-delegados\/#primaryimage"},"image":{"@id":"https:\/\/21panorama.com\/index.php\/2023\/02\/05\/entrega-jesus-cedillo-bando-municipal-a-delegados\/#primaryimage"},"thumbnailUrl":"http:\/\/21panorama.com\/wp-content\/uploads\/2023\/02\/IMG-20230213-WA0020.jpg","datePublished":"2023-02-06T00:38:00+00:00","dateModified":"2023-02-14T00:39:44+00:00","breadcrumb":{"@id":"https:\/\/21panorama.com\/index.php\/2023\/02\/05\/entrega-jesus-cedillo-bando-municipal-a-delegados\/#breadcrumb"},"inLanguage":"es","potentialAction":[{"@type":"ReadAction","target":["https:\/\/21panorama.com\/index.php\/2023\/02\/05\/entrega-jesus-cedillo-bando-municipal-a-delegados\/"]}]},{"@type":"ImageObject","inLanguage":"es","@id":"https:\/\/21panorama.com\/index.php\/2023\/02\/05\/entrega-jesus-cedillo-bando-municipal-a-delegados\/#primaryimage","url":"http:\/\/21panorama.com\/wp-content\/uploads\/2023\/02\/IMG-20230213-WA0020.jpg","contentUrl":"http:\/\/21panorama.com\/wp-content\/uploads\/2023\/02\/IMG-20230213-WA0020.jpg"},{"@type":"BreadcrumbList","@id":"https:\/\/21panorama.com\/index.php\/2023\/02\/05\/entrega-jesus-cedillo-bando-municipal-a-delegados\/#breadcrumb","itemListElement":[{"@type":"ListItem","position":1,"name":"Inicio","item":"https:\/\/21panorama.com\/"},{"@type":"ListItem","position":2,"name":"ENTREGA JES\u00daS CEDILLO BANDO MUNICIPAL A DELEGADOS"}]},{"@type":"WebSite","@id":"https:\/\/21panorama.com\/#website","url":"https:\/\/21panorama.com\/","name":"21 Panorama","description":"La construcci\u00f3n de la opini\u00f3n p\u00fablica merece un mejor Panorama en este siglo 21 para alcanzar una sociedad con mayor transparencia y sin corrupci\u00f3n.","publisher":{"@id":"https:\/\/21panorama.com\/#organization"},"potentialAction":[{"@type":"SearchAction","target":{"@type":"EntryPoint","urlTemplate":"https:\/\/21panorama.com\/?s={search_term_string}"},"query-input":{"@type":"PropertyValueSpecification","valueRequired":true,"valueName":"search_term_string"}}],"inLanguage":"es"},{"@type":"Organization","@id":"https:\/\/21panorama.com\/#organization","name":"21 Panorama","url":"https:\/\/21panorama.com\/","logo":{"@type":"ImageObject","inLanguage":"es","@id":"https:\/\/21panorama.com\/#\/schema\/logo\/image\/","url":"https:\/\/21panorama.com\/wp-content\/uploads\/2019\/07\/cropped-Logo-Panorama-01.jpeg","contentUrl":"https:\/\/21panorama.com\/wp-content\/uploads\/2019\/07\/cropped-Logo-Panorama-01.jpeg","width":290,"height":70,"caption":"21 Panorama"},"image":{"@id":"https:\/\/21panorama.com\/#\/schema\/logo\/image\/"}},{"@type":"Person","@id":"https:\/\/21panorama.com\/#\/schema\/person\/1afc291b96d5792a158768324287319f","name":"admin","image":{"@type":"ImageObject","inLanguage":"es","@id":"https:\/\/21panorama.com\/#\/schema\/person\/image\/","url":"https:\/\/secure.gravatar.com\/avatar\/ad365d9d9f46719215b0d042cc3df92a5a8683e09ef13d102233e5491985f0f0?s=96&d=mm&r=g","contentUrl":"https:\/\/secure.gravatar.com\/avatar\/ad365d9d9f46719215b0d042cc3df92a5a8683e09ef13d102233e5491985f0f0?s=96&d=mm&r=g","caption":"admin"},"url":"https:\/\/21panorama.com\/index.php\/author\/admin\/"}]}},"_links":{"self":[{"href":"https:\/\/21panorama.com\/index.php\/wp-json\/wp\/v2\/posts\/4459","targetHints":{"allow":["GET"]}}],"collection":[{"href":"https:\/\/21panorama.com\/index.php\/wp-json\/wp\/v2\/posts"}],"about":[{"href":"https:\/\/21panorama.com\/index.php\/wp-json\/wp\/v2\/types\/post"}],"author":[{"embeddable":true,"href":"https:\/\/21panorama.com\/index.php\/wp-json\/wp\/v2\/users\/1"}],"replies":[{"embeddable":true,"href":"https:\/\/21panorama.com\/index.php\/wp-json\/wp\/v2\/comments?post=4459"}],"version-history":[{"count":1,"href":"https:\/\/21panorama.com\/index.php\/wp-json\/wp\/v2\/posts\/4459\/revisions"}],"predecessor-version":[{"id":4462,"href":"https:\/\/21panorama.com\/index.php\/wp-json\/wp\/v2\/posts\/4459\/revisions\/4462"}],"wp:attachment":[{"href":"https:\/\/21panorama.com\/index.php\/wp-json\/wp\/v2\/media?parent=4459"}],"wp:term":[{"taxonomy":"category","embeddable":true,"href":"https:\/\/21panorama.com\/index.php\/wp-json\/wp\/v2\/categories?post=4459"},{"taxonomy":"post_tag","embeddable":true,"href":"https:\/\/21panorama.com\/index.php\/wp-json\/wp\/v2\/tags?post=4459"}],"curies":[{"name":"wp","href":"https:\/\/api.w.org\/{rel}","templated":true}]}}