{"id":4236,"date":"2022-09-02T20:04:00","date_gmt":"2022-09-03T01:04:00","guid":{"rendered":"https:\/\/21panorama.com\/?p=4236"},"modified":"2022-10-06T06:47:56","modified_gmt":"2022-10-06T11:47:56","slug":"arranque-de-obras-en-comunidades-de-aculco-jorge-osornio-recorrio-higuerillas-y-loma-alta-cabrestreros","status":"publish","type":"post","link":"https:\/\/21panorama.com\/index.php\/2022\/09\/02\/arranque-de-obras-en-comunidades-de-aculco-jorge-osornio-recorrio-higuerillas-y-loma-alta-cabrestreros\/","title":{"rendered":"ARRANQUE DE OBRAS EN COMUNIDADES DE ACULCO: JORGE OSORNIO RECORRI\u00d3 HIGUERILLAS Y LOMA ALTA CABRESTREROS"},"content":{"rendered":"\n<p><\/p>\n\n\n\n<p>El Presidente Municipal de Aculco, Jorge Osornio Victoria dio inicio a obra en Loma Alta Cabrestreros en el Telebachillerato N\u00famero 20 en donde se construir\u00e1 un aula. En compa\u00f1\u00eda de su s\u00edndica, sus regidores, regidoras, autoridades locales, alumnos y padres de familia, el edil destac\u00f3 la importancia de que los j\u00f3venes tengan las mejores condiciones posibles para que contin\u00faen sus estudios.<\/p>\n\n\n\n<p>Ra\u00fal Dionisio L\u00f3pez, Coordinador de la Zona N\u00famero 19 en Telebachilleratos Comunitarios, expres\u00f3 que las obras de este tipo tienen un impacto de manera muy directa a la comunidad educativa. Agradeci\u00f3 al Presidente &nbsp;por considerar esta obra como prioridad, una obra que beneficia a la comunidad educativa y que les permite tener un espacio m\u00e1s, para construir los aprendizajes, para contribuir a la formaci\u00f3n de los alumnos de educaci\u00f3n media superior.<\/p>\n\n\n\n<p>En el segundo y tercer punto, Higuerillas B e Higuerillas C, se dio inicio a la construcci\u00f3n de pavimentaci\u00f3n de calles principales. En estas localidades se\u00f1al\u00f3 que se aplicar\u00eda lo de su ramo 33 son $250000 pesos en concreto para su camino y gracias a que sus pobladores implementaron lo de las piedras pues va alcanzar m\u00e1s y que la meta se va a largar y qu\u00e9 bueno que lo hayan destinado donde se pone m\u00e1s feo.<\/p>\n\n\n\n<p>Jorge Osornio agradeci\u00f3 a los presentes por permitirle estar en su comunidad, y aprovech\u00f3 el uso de la voz para desearle mucha suerte en estos tres a\u00f1os de trabajo. En donde destac\u00f3 que, si le va bien al delegado, le va bien a su comunidad. Se percibe desde el inicio de una obra, cuando la gente te ayuda, cuando la gente est\u00e1 dispuesta a trabajar, su buena disposici\u00f3n. Eso quiere decir que la comunidad te apoya y es algo muy bueno, es lo que uno busca como administraci\u00f3n o como gobierno, porque las comunidades son unidas, y unidos se trabaja m\u00e1s.<\/p>\n\n\n\n<p>El Presidente Osornio expres\u00f3 su alegr\u00eda al resaltar de que a pesar de ser de las comunidades m\u00e1s peque\u00f1as, son las m\u00e1s unidas y m\u00e1s trabajadoras y eso, la verdad habla muy bien de todos sus pobladores, finaliz\u00f3.<\/p>\n","protected":false},"excerpt":{"rendered":"<p>El Presidente Municipal de Aculco, Jorge Osornio Victoria dio inicio a obra en Loma Alta Cabrestreros en el Telebachillerato N\u00famero 20 en donde se construir\u00e1 un aula. En compa\u00f1\u00eda de su s\u00edndica, sus regidores, regidoras, autoridades locales, alumnos y padres de familia, el edil destac\u00f3 la importancia de que los j\u00f3venes tengan las mejores condiciones posibles para que contin\u00faen sus estudios.<\/p>\n","protected":false},"author":1,"featured_media":4237,"comment_status":"open","ping_status":"open","sticky":false,"template":"","format":"standard","meta":{"footnotes":""},"categories":[10,12,1],"tags":[166,97,317,33],"class_list":["post-4236","post","type-post","status-publish","format-standard","has-post-thumbnail","hentry","category-opinion","category-politica","category-sociedad","tag-aculco","tag-edomex","tag-jorge-osornio","tag-pri"],"yoast_head":"<!-- This site is optimized with the Yoast SEO plugin v24.9 - https:\/\/yoast.com\/wordpress\/plugins\/seo\/ -->\n<title>ARRANQUE DE OBRAS EN COMUNIDADES DE ACULCO: JORGE OSORNIO RECORRI\u00d3 HIGUERILLAS Y LOMA ALTA CABRESTREROS - 21 Panorama<\/title>\n<meta name=\"robots\" content=\"index, follow, max-snippet:-1, max-image-preview:large, max-video-preview:-1\" \/>\n<link rel=\"canonical\" href=\"https:\/\/21panorama.com\/index.php\/2022\/09\/02\/arranque-de-obras-en-comunidades-de-aculco-jorge-osornio-recorrio-higuerillas-y-loma-alta-cabrestreros\/\" \/>\n<meta property=\"og:locale\" content=\"es_MX\" \/>\n<meta property=\"og:type\" content=\"article\" \/>\n<meta property=\"og:title\" content=\"ARRANQUE DE OBRAS EN COMUNIDADES DE ACULCO: JORGE OSORNIO RECORRI\u00d3 HIGUERILLAS Y LOMA ALTA CABRESTREROS - 21 Panorama\" \/>\n<meta property=\"og:description\" content=\"El Presidente Municipal de Aculco, Jorge Osornio Victoria dio inicio a obra en Loma Alta Cabrestreros en el Telebachillerato N\u00famero 20 en donde se construir\u00e1 un aula. En compa\u00f1\u00eda de su s\u00edndica, sus regidores, regidoras, autoridades locales, alumnos y padres de familia, el edil destac\u00f3 la importancia de que los j\u00f3venes tengan las mejores condiciones posibles para que contin\u00faen sus estudios.\" \/>\n<meta property=\"og:url\" content=\"https:\/\/21panorama.com\/index.php\/2022\/09\/02\/arranque-de-obras-en-comunidades-de-aculco-jorge-osornio-recorrio-higuerillas-y-loma-alta-cabrestreros\/\" \/>\n<meta property=\"og:site_name\" content=\"21 Panorama\" \/>\n<meta property=\"article:published_time\" content=\"2022-09-03T01:04:00+00:00\" \/>\n<meta property=\"article:modified_time\" content=\"2022-10-06T11:47:56+00:00\" \/>\n<meta property=\"og:image\" content=\"https:\/\/21panorama.com\/wp-content\/uploads\/2022\/10\/34.jpg\" \/>\n\t<meta property=\"og:image:width\" content=\"1600\" \/>\n\t<meta property=\"og:image:height\" content=\"1200\" \/>\n\t<meta property=\"og:image:type\" content=\"image\/jpeg\" \/>\n<meta name=\"author\" content=\"admin\" \/>\n<meta name=\"twitter:card\" content=\"summary_large_image\" \/>\n<meta name=\"twitter:label1\" content=\"Escrito por\" \/>\n\t<meta name=\"twitter:data1\" content=\"admin\" \/>\n\t<meta name=\"twitter:label2\" content=\"Tiempo de lectura\" \/>\n\t<meta name=\"twitter:data2\" content=\"2 minutos\" \/>\n<script type=\"application\/ld+json\" class=\"yoast-schema-graph\">{\"@context\":\"https:\/\/schema.org\",\"@graph\":[{\"@type\":\"Article\",\"@id\":\"https:\/\/21panorama.com\/index.php\/2022\/09\/02\/arranque-de-obras-en-comunidades-de-aculco-jorge-osornio-recorrio-higuerillas-y-loma-alta-cabrestreros\/#article\",\"isPartOf\":{\"@id\":\"https:\/\/21panorama.com\/index.php\/2022\/09\/02\/arranque-de-obras-en-comunidades-de-aculco-jorge-osornio-recorrio-higuerillas-y-loma-alta-cabrestreros\/\"},\"author\":{\"name\":\"admin\",\"@id\":\"https:\/\/21panorama.com\/#\/schema\/person\/1afc291b96d5792a158768324287319f\"},\"headline\":\"ARRANQUE DE OBRAS EN COMUNIDADES DE ACULCO: JORGE OSORNIO RECORRI\u00d3 HIGUERILLAS Y LOMA ALTA CABRESTREROS\",\"datePublished\":\"2022-09-03T01:04:00+00:00\",\"dateModified\":\"2022-10-06T11:47:56+00:00\",\"mainEntityOfPage\":{\"@id\":\"https:\/\/21panorama.com\/index.php\/2022\/09\/02\/arranque-de-obras-en-comunidades-de-aculco-jorge-osornio-recorrio-higuerillas-y-loma-alta-cabrestreros\/\"},\"wordCount\":386,\"commentCount\":0,\"publisher\":{\"@id\":\"https:\/\/21panorama.com\/#organization\"},\"image\":{\"@id\":\"https:\/\/21panorama.com\/index.php\/2022\/09\/02\/arranque-de-obras-en-comunidades-de-aculco-jorge-osornio-recorrio-higuerillas-y-loma-alta-cabrestreros\/#primaryimage\"},\"thumbnailUrl\":\"https:\/\/21panorama.com\/wp-content\/uploads\/2022\/10\/34.jpg\",\"keywords\":[\"aculco\",\"EDOMEX\",\"JORGE OSORNIO\",\"PRI\"],\"articleSection\":[\"Opini\u00f3n\",\"Politica\",\"Sociedad\"],\"inLanguage\":\"es\",\"potentialAction\":[{\"@type\":\"CommentAction\",\"name\":\"Comment\",\"target\":[\"https:\/\/21panorama.com\/index.php\/2022\/09\/02\/arranque-de-obras-en-comunidades-de-aculco-jorge-osornio-recorrio-higuerillas-y-loma-alta-cabrestreros\/#respond\"]}]},{\"@type\":\"WebPage\",\"@id\":\"https:\/\/21panorama.com\/index.php\/2022\/09\/02\/arranque-de-obras-en-comunidades-de-aculco-jorge-osornio-recorrio-higuerillas-y-loma-alta-cabrestreros\/\",\"url\":\"https:\/\/21panorama.com\/index.php\/2022\/09\/02\/arranque-de-obras-en-comunidades-de-aculco-jorge-osornio-recorrio-higuerillas-y-loma-alta-cabrestreros\/\",\"name\":\"ARRANQUE DE OBRAS EN COMUNIDADES DE ACULCO: JORGE OSORNIO RECORRI\u00d3 HIGUERILLAS Y LOMA ALTA CABRESTREROS - 21 Panorama\",\"isPartOf\":{\"@id\":\"https:\/\/21panorama.com\/#website\"},\"primaryImageOfPage\":{\"@id\":\"https:\/\/21panorama.com\/index.php\/2022\/09\/02\/arranque-de-obras-en-comunidades-de-aculco-jorge-osornio-recorrio-higuerillas-y-loma-alta-cabrestreros\/#primaryimage\"},\"image\":{\"@id\":\"https:\/\/21panorama.com\/index.php\/2022\/09\/02\/arranque-de-obras-en-comunidades-de-aculco-jorge-osornio-recorrio-higuerillas-y-loma-alta-cabrestreros\/#primaryimage\"},\"thumbnailUrl\":\"https:\/\/21panorama.com\/wp-content\/uploads\/2022\/10\/34.jpg\",\"datePublished\":\"2022-09-03T01:04:00+00:00\",\"dateModified\":\"2022-10-06T11:47:56+00:00\",\"breadcrumb\":{\"@id\":\"https:\/\/21panorama.com\/index.php\/2022\/09\/02\/arranque-de-obras-en-comunidades-de-aculco-jorge-osornio-recorrio-higuerillas-y-loma-alta-cabrestreros\/#breadcrumb\"},\"inLanguage\":\"es\",\"potentialAction\":[{\"@type\":\"ReadAction\",\"target\":[\"https:\/\/21panorama.com\/index.php\/2022\/09\/02\/arranque-de-obras-en-comunidades-de-aculco-jorge-osornio-recorrio-higuerillas-y-loma-alta-cabrestreros\/\"]}]},{\"@type\":\"ImageObject\",\"inLanguage\":\"es\",\"@id\":\"https:\/\/21panorama.com\/index.php\/2022\/09\/02\/arranque-de-obras-en-comunidades-de-aculco-jorge-osornio-recorrio-higuerillas-y-loma-alta-cabrestreros\/#primaryimage\",\"url\":\"https:\/\/21panorama.com\/wp-content\/uploads\/2022\/10\/34.jpg\",\"contentUrl\":\"https:\/\/21panorama.com\/wp-content\/uploads\/2022\/10\/34.jpg\",\"width\":1600,\"height\":1200},{\"@type\":\"BreadcrumbList\",\"@id\":\"https:\/\/21panorama.com\/index.php\/2022\/09\/02\/arranque-de-obras-en-comunidades-de-aculco-jorge-osornio-recorrio-higuerillas-y-loma-alta-cabrestreros\/#breadcrumb\",\"itemListElement\":[{\"@type\":\"ListItem\",\"position\":1,\"name\":\"Inicio\",\"item\":\"https:\/\/21panorama.com\/\"},{\"@type\":\"ListItem\",\"position\":2,\"name\":\"ARRANQUE DE OBRAS EN COMUNIDADES DE ACULCO: JORGE OSORNIO RECORRI\u00d3 HIGUERILLAS Y LOMA ALTA CABRESTREROS\"}]},{\"@type\":\"WebSite\",\"@id\":\"https:\/\/21panorama.com\/#website\",\"url\":\"https:\/\/21panorama.com\/\",\"name\":\"21 Panorama\",\"description\":\"La construcci\u00f3n de la opini\u00f3n p\u00fablica merece un mejor Panorama en este siglo 21 para alcanzar una sociedad con mayor transparencia y sin corrupci\u00f3n.\",\"publisher\":{\"@id\":\"https:\/\/21panorama.com\/#organization\"},\"potentialAction\":[{\"@type\":\"SearchAction\",\"target\":{\"@type\":\"EntryPoint\",\"urlTemplate\":\"https:\/\/21panorama.com\/?s={search_term_string}\"},\"query-input\":{\"@type\":\"PropertyValueSpecification\",\"valueRequired\":true,\"valueName\":\"search_term_string\"}}],\"inLanguage\":\"es\"},{\"@type\":\"Organization\",\"@id\":\"https:\/\/21panorama.com\/#organization\",\"name\":\"21 Panorama\",\"url\":\"https:\/\/21panorama.com\/\",\"logo\":{\"@type\":\"ImageObject\",\"inLanguage\":\"es\",\"@id\":\"https:\/\/21panorama.com\/#\/schema\/logo\/image\/\",\"url\":\"https:\/\/21panorama.com\/wp-content\/uploads\/2019\/07\/cropped-Logo-Panorama-01.jpeg\",\"contentUrl\":\"https:\/\/21panorama.com\/wp-content\/uploads\/2019\/07\/cropped-Logo-Panorama-01.jpeg\",\"width\":290,\"height\":70,\"caption\":\"21 Panorama\"},\"image\":{\"@id\":\"https:\/\/21panorama.com\/#\/schema\/logo\/image\/\"}},{\"@type\":\"Person\",\"@id\":\"https:\/\/21panorama.com\/#\/schema\/person\/1afc291b96d5792a158768324287319f\",\"name\":\"admin\",\"image\":{\"@type\":\"ImageObject\",\"inLanguage\":\"es\",\"@id\":\"https:\/\/21panorama.com\/#\/schema\/person\/image\/\",\"url\":\"https:\/\/secure.gravatar.com\/avatar\/ad365d9d9f46719215b0d042cc3df92a5a8683e09ef13d102233e5491985f0f0?s=96&d=mm&r=g\",\"contentUrl\":\"https:\/\/secure.gravatar.com\/avatar\/ad365d9d9f46719215b0d042cc3df92a5a8683e09ef13d102233e5491985f0f0?s=96&d=mm&r=g\",\"caption\":\"admin\"},\"url\":\"https:\/\/21panorama.com\/index.php\/author\/admin\/\"}]}<\/script>\n<!-- \/ Yoast SEO plugin. -->","yoast_head_json":{"title":"ARRANQUE DE OBRAS EN COMUNIDADES DE ACULCO: JORGE OSORNIO RECORRI\u00d3 HIGUERILLAS Y LOMA ALTA CABRESTREROS - 21 Panorama","robots":{"index":"index","follow":"follow","max-snippet":"max-snippet:-1","max-image-preview":"max-image-preview:large","max-video-preview":"max-video-preview:-1"},"canonical":"https:\/\/21panorama.com\/index.php\/2022\/09\/02\/arranque-de-obras-en-comunidades-de-aculco-jorge-osornio-recorrio-higuerillas-y-loma-alta-cabrestreros\/","og_locale":"es_MX","og_type":"article","og_title":"ARRANQUE DE OBRAS EN COMUNIDADES DE ACULCO: JORGE OSORNIO RECORRI\u00d3 HIGUERILLAS Y LOMA ALTA CABRESTREROS - 21 Panorama","og_description":"El Presidente Municipal de Aculco, Jorge Osornio Victoria dio inicio a obra en Loma Alta Cabrestreros en el Telebachillerato N\u00famero 20 en donde se construir\u00e1 un aula. En compa\u00f1\u00eda de su s\u00edndica, sus regidores, regidoras, autoridades locales, alumnos y padres de familia, el edil destac\u00f3 la importancia de que los j\u00f3venes tengan las mejores condiciones posibles para que contin\u00faen sus estudios.","og_url":"https:\/\/21panorama.com\/index.php\/2022\/09\/02\/arranque-de-obras-en-comunidades-de-aculco-jorge-osornio-recorrio-higuerillas-y-loma-alta-cabrestreros\/","og_site_name":"21 Panorama","article_published_time":"2022-09-03T01:04:00+00:00","article_modified_time":"2022-10-06T11:47:56+00:00","og_image":[{"width":1600,"height":1200,"url":"https:\/\/21panorama.com\/wp-content\/uploads\/2022\/10\/34.jpg","type":"image\/jpeg"}],"author":"admin","twitter_card":"summary_large_image","twitter_misc":{"Escrito por":"admin","Tiempo de lectura":"2 minutos"},"schema":{"@context":"https:\/\/schema.org","@graph":[{"@type":"Article","@id":"https:\/\/21panorama.com\/index.php\/2022\/09\/02\/arranque-de-obras-en-comunidades-de-aculco-jorge-osornio-recorrio-higuerillas-y-loma-alta-cabrestreros\/#article","isPartOf":{"@id":"https:\/\/21panorama.com\/index.php\/2022\/09\/02\/arranque-de-obras-en-comunidades-de-aculco-jorge-osornio-recorrio-higuerillas-y-loma-alta-cabrestreros\/"},"author":{"name":"admin","@id":"https:\/\/21panorama.com\/#\/schema\/person\/1afc291b96d5792a158768324287319f"},"headline":"ARRANQUE DE OBRAS EN COMUNIDADES DE ACULCO: JORGE OSORNIO RECORRI\u00d3 HIGUERILLAS Y LOMA ALTA CABRESTREROS","datePublished":"2022-09-03T01:04:00+00:00","dateModified":"2022-10-06T11:47:56+00:00","mainEntityOfPage":{"@id":"https:\/\/21panorama.com\/index.php\/2022\/09\/02\/arranque-de-obras-en-comunidades-de-aculco-jorge-osornio-recorrio-higuerillas-y-loma-alta-cabrestreros\/"},"wordCount":386,"commentCount":0,"publisher":{"@id":"https:\/\/21panorama.com\/#organization"},"image":{"@id":"https:\/\/21panorama.com\/index.php\/2022\/09\/02\/arranque-de-obras-en-comunidades-de-aculco-jorge-osornio-recorrio-higuerillas-y-loma-alta-cabrestreros\/#primaryimage"},"thumbnailUrl":"https:\/\/21panorama.com\/wp-content\/uploads\/2022\/10\/34.jpg","keywords":["aculco","EDOMEX","JORGE OSORNIO","PRI"],"articleSection":["Opini\u00f3n","Politica","Sociedad"],"inLanguage":"es","potentialAction":[{"@type":"CommentAction","name":"Comment","target":["https:\/\/21panorama.com\/index.php\/2022\/09\/02\/arranque-de-obras-en-comunidades-de-aculco-jorge-osornio-recorrio-higuerillas-y-loma-alta-cabrestreros\/#respond"]}]},{"@type":"WebPage","@id":"https:\/\/21panorama.com\/index.php\/2022\/09\/02\/arranque-de-obras-en-comunidades-de-aculco-jorge-osornio-recorrio-higuerillas-y-loma-alta-cabrestreros\/","url":"https:\/\/21panorama.com\/index.php\/2022\/09\/02\/arranque-de-obras-en-comunidades-de-aculco-jorge-osornio-recorrio-higuerillas-y-loma-alta-cabrestreros\/","name":"ARRANQUE DE OBRAS EN COMUNIDADES DE ACULCO: JORGE OSORNIO RECORRI\u00d3 HIGUERILLAS Y LOMA ALTA CABRESTREROS - 21 Panorama","isPartOf":{"@id":"https:\/\/21panorama.com\/#website"},"primaryImageOfPage":{"@id":"https:\/\/21panorama.com\/index.php\/2022\/09\/02\/arranque-de-obras-en-comunidades-de-aculco-jorge-osornio-recorrio-higuerillas-y-loma-alta-cabrestreros\/#primaryimage"},"image":{"@id":"https:\/\/21panorama.com\/index.php\/2022\/09\/02\/arranque-de-obras-en-comunidades-de-aculco-jorge-osornio-recorrio-higuerillas-y-loma-alta-cabrestreros\/#primaryimage"},"thumbnailUrl":"https:\/\/21panorama.com\/wp-content\/uploads\/2022\/10\/34.jpg","datePublished":"2022-09-03T01:04:00+00:00","dateModified":"2022-10-06T11:47:56+00:00","breadcrumb":{"@id":"https:\/\/21panorama.com\/index.php\/2022\/09\/02\/arranque-de-obras-en-comunidades-de-aculco-jorge-osornio-recorrio-higuerillas-y-loma-alta-cabrestreros\/#breadcrumb"},"inLanguage":"es","potentialAction":[{"@type":"ReadAction","target":["https:\/\/21panorama.com\/index.php\/2022\/09\/02\/arranque-de-obras-en-comunidades-de-aculco-jorge-osornio-recorrio-higuerillas-y-loma-alta-cabrestreros\/"]}]},{"@type":"ImageObject","inLanguage":"es","@id":"https:\/\/21panorama.com\/index.php\/2022\/09\/02\/arranque-de-obras-en-comunidades-de-aculco-jorge-osornio-recorrio-higuerillas-y-loma-alta-cabrestreros\/#primaryimage","url":"https:\/\/21panorama.com\/wp-content\/uploads\/2022\/10\/34.jpg","contentUrl":"https:\/\/21panorama.com\/wp-content\/uploads\/2022\/10\/34.jpg","width":1600,"height":1200},{"@type":"BreadcrumbList","@id":"https:\/\/21panorama.com\/index.php\/2022\/09\/02\/arranque-de-obras-en-comunidades-de-aculco-jorge-osornio-recorrio-higuerillas-y-loma-alta-cabrestreros\/#breadcrumb","itemListElement":[{"@type":"ListItem","position":1,"name":"Inicio","item":"https:\/\/21panorama.com\/"},{"@type":"ListItem","position":2,"name":"ARRANQUE DE OBRAS EN COMUNIDADES DE ACULCO: JORGE OSORNIO RECORRI\u00d3 HIGUERILLAS Y LOMA ALTA CABRESTREROS"}]},{"@type":"WebSite","@id":"https:\/\/21panorama.com\/#website","url":"https:\/\/21panorama.com\/","name":"21 Panorama","description":"La construcci\u00f3n de la opini\u00f3n p\u00fablica merece un mejor Panorama en este siglo 21 para alcanzar una sociedad con mayor transparencia y sin corrupci\u00f3n.","publisher":{"@id":"https:\/\/21panorama.com\/#organization"},"potentialAction":[{"@type":"SearchAction","target":{"@type":"EntryPoint","urlTemplate":"https:\/\/21panorama.com\/?s={search_term_string}"},"query-input":{"@type":"PropertyValueSpecification","valueRequired":true,"valueName":"search_term_string"}}],"inLanguage":"es"},{"@type":"Organization","@id":"https:\/\/21panorama.com\/#organization","name":"21 Panorama","url":"https:\/\/21panorama.com\/","logo":{"@type":"ImageObject","inLanguage":"es","@id":"https:\/\/21panorama.com\/#\/schema\/logo\/image\/","url":"https:\/\/21panorama.com\/wp-content\/uploads\/2019\/07\/cropped-Logo-Panorama-01.jpeg","contentUrl":"https:\/\/21panorama.com\/wp-content\/uploads\/2019\/07\/cropped-Logo-Panorama-01.jpeg","width":290,"height":70,"caption":"21 Panorama"},"image":{"@id":"https:\/\/21panorama.com\/#\/schema\/logo\/image\/"}},{"@type":"Person","@id":"https:\/\/21panorama.com\/#\/schema\/person\/1afc291b96d5792a158768324287319f","name":"admin","image":{"@type":"ImageObject","inLanguage":"es","@id":"https:\/\/21panorama.com\/#\/schema\/person\/image\/","url":"https:\/\/secure.gravatar.com\/avatar\/ad365d9d9f46719215b0d042cc3df92a5a8683e09ef13d102233e5491985f0f0?s=96&d=mm&r=g","contentUrl":"https:\/\/secure.gravatar.com\/avatar\/ad365d9d9f46719215b0d042cc3df92a5a8683e09ef13d102233e5491985f0f0?s=96&d=mm&r=g","caption":"admin"},"url":"https:\/\/21panorama.com\/index.php\/author\/admin\/"}]}},"_links":{"self":[{"href":"https:\/\/21panorama.com\/index.php\/wp-json\/wp\/v2\/posts\/4236","targetHints":{"allow":["GET"]}}],"collection":[{"href":"https:\/\/21panorama.com\/index.php\/wp-json\/wp\/v2\/posts"}],"about":[{"href":"https:\/\/21panorama.com\/index.php\/wp-json\/wp\/v2\/types\/post"}],"author":[{"embeddable":true,"href":"https:\/\/21panorama.com\/index.php\/wp-json\/wp\/v2\/users\/1"}],"replies":[{"embeddable":true,"href":"https:\/\/21panorama.com\/index.php\/wp-json\/wp\/v2\/comments?post=4236"}],"version-history":[{"count":1,"href":"https:\/\/21panorama.com\/index.php\/wp-json\/wp\/v2\/posts\/4236\/revisions"}],"predecessor-version":[{"id":4238,"href":"https:\/\/21panorama.com\/index.php\/wp-json\/wp\/v2\/posts\/4236\/revisions\/4238"}],"wp:featuredmedia":[{"embeddable":true,"href":"https:\/\/21panorama.com\/index.php\/wp-json\/wp\/v2\/media\/4237"}],"wp:attachment":[{"href":"https:\/\/21panorama.com\/index.php\/wp-json\/wp\/v2\/media?parent=4236"}],"wp:term":[{"taxonomy":"category","embeddable":true,"href":"https:\/\/21panorama.com\/index.php\/wp-json\/wp\/v2\/categories?post=4236"},{"taxonomy":"post_tag","embeddable":true,"href":"https:\/\/21panorama.com\/index.php\/wp-json\/wp\/v2\/tags?post=4236"}],"curies":[{"name":"wp","href":"https:\/\/api.w.org\/{rel}","templated":true}]}}