{"id":4232,"date":"2022-09-09T19:52:00","date_gmt":"2022-09-10T00:52:00","guid":{"rendered":"https:\/\/21panorama.com\/?p=4232"},"modified":"2022-10-05T20:04:27","modified_gmt":"2022-10-06T01:04:27","slug":"rehabilitacion-de-la-red-de-agua-potable-y-de-drenaje-en-santa-cruz-tepexpan-jiquipilco","status":"publish","type":"post","link":"https:\/\/21panorama.com\/index.php\/2022\/09\/09\/rehabilitacion-de-la-red-de-agua-potable-y-de-drenaje-en-santa-cruz-tepexpan-jiquipilco\/","title":{"rendered":"REHABILITACI\u00d3N DE LA RED DE AGUA POTABLE Y DE DRENAJE EN SANTA CRUZ TEPEXPAN, JIQUIPILCO"},"content":{"rendered":"\n<p><\/p>\n\n\n\n<p>El Presidente Municipal de Jiquipilco, Felipe S\u00e1nchez D\u00e1vila dio el banderazo a la Rehabilitaci\u00f3n de Red de Agua Potable en Tierra Blanca de Santa Cruz Tepexpan; y la Rehabilitaci\u00f3n de Red de Drenaje Sanitario en Manzana 3ra. de Santa Cruz Tepexpan. En compa\u00f1\u00eda de sus regidores y regidoras, de la s\u00edndico municipal, del representante del Diputado Federal, Gustavo C\u00e1rdenas, el Lic. Rafael Alc\u00e1ntara, y del p\u00fablico en general, el edil procedi\u00f3 a dirigirse a los locales con respecto a la construcci\u00f3n de estas obras.<\/p>\n\n\n\n<p>En la primera obra, en Tierra Blanca, el Ing. Enrique torres Medina indic\u00f3 que los beneficiarios ser\u00e1n aproximadamente de 200 habitantes en esta localidad. &nbsp;Las metas programadas de este proyecto constan de 321 metros lineales de tuber\u00eda hidr\u00e1ulica de PVC de 3 pulgadas, as\u00ed como de una caja de seccionamiento. Esto se lograr\u00e1 del Fondo de Aportaciones para la Infraestructura Social Municipal del ejercicio fiscal 2022 con un monto de inversi\u00f3n aproximado de 380 mil pesos y un tiempo en su ejecuci\u00f3n de 2 meses.<\/p>\n\n\n\n<p>\u201cEspero que a todos y a todas nos haya ense\u00f1ado la pandemia que no hay ninguna otra cosa m\u00e1s importante, m\u00e1s que afortunadamente amanecer\u201d dijo Felipe S\u00e1nchez, y recalc\u00f3 la importancia de dar gracias por seguir vivos y con salud. Dar arranque a estas obras, que muchos pensar\u00e1n que no son tan importantes, pero para el Presidente Municipal, las obras que implican el uso del agua, son indispensables, no solamente necesarias.<\/p>\n\n\n\n<p>La responsabilidad que el Presidente y su Cabildo tienen es el deber de trabajar para lo que les pusieron ese compromiso. Tratar de consensar una obra entre cien, es dif\u00edcil, debido a las diferencias de pensamientos, voluntades e intereses de por medio. &nbsp;Sin embargo, la mayor\u00eda de veces se logra el acuerdo para el beneficio de los jiquilpenses, tal vez van a hacer falta muchas cosas todav\u00eda, se tiene en conocimiento que todas las obras son necesarias, y siempre se buscar\u00e1 la forma de poder cubrir esas necesidades. El Presidente, Felipe S\u00e1nchez, exhort\u00f3 a los locales a hacer un trabajo en equipo entre gobierno y ciudadanos, y limpien las cunetas alrededor de todos los caminos para que el agua no ingrese a ellos. Es responsabilidad de todos, no solamente el ayuntamiento, se puede hacer un gran equipo y saber que s\u00ed se puede transformar este municipio en una gesti\u00f3n acelerada, pero eso solamente va a suceder si todos participamos; si no participamos todos, pues no avanzamos.<\/p>\n","protected":false},"excerpt":{"rendered":"<p>El Presidente Municipal de Jiquipilco, Felipe S\u00e1nchez D\u00e1vila dio el banderazo a la Rehabilitaci\u00f3n de Red de Agua Potable en Tierra Blanca de Santa Cruz Tepexpan; y la Rehabilitaci\u00f3n de Red de Drenaje Sanitario en Manzana 3ra. de Santa Cruz Tepexpan.<\/p>\n","protected":false},"author":1,"featured_media":4233,"comment_status":"open","ping_status":"open","sticky":false,"template":"","format":"standard","meta":{"footnotes":""},"categories":[3,12,1],"tags":[97,327,257,33],"class_list":["post-4232","post","type-post","status-publish","format-standard","has-post-thumbnail","hentry","category-ecomomia","category-politica","category-sociedad","tag-edomex","tag-felipe-sanchez-davila","tag-jiquipilco","tag-pri"],"yoast_head":"<!-- This site is optimized with the Yoast SEO plugin v24.9 - https:\/\/yoast.com\/wordpress\/plugins\/seo\/ -->\n<title>REHABILITACI\u00d3N DE LA RED DE AGUA POTABLE Y DE DRENAJE EN SANTA CRUZ TEPEXPAN, JIQUIPILCO - 21 Panorama<\/title>\n<meta name=\"robots\" content=\"index, follow, max-snippet:-1, max-image-preview:large, max-video-preview:-1\" \/>\n<link rel=\"canonical\" href=\"https:\/\/21panorama.com\/index.php\/2022\/09\/09\/rehabilitacion-de-la-red-de-agua-potable-y-de-drenaje-en-santa-cruz-tepexpan-jiquipilco\/\" \/>\n<meta property=\"og:locale\" content=\"es_MX\" \/>\n<meta property=\"og:type\" content=\"article\" \/>\n<meta property=\"og:title\" content=\"REHABILITACI\u00d3N DE LA RED DE AGUA POTABLE Y DE DRENAJE EN SANTA CRUZ TEPEXPAN, JIQUIPILCO - 21 Panorama\" \/>\n<meta property=\"og:description\" content=\"El Presidente Municipal de Jiquipilco, Felipe S\u00e1nchez D\u00e1vila dio el banderazo a la Rehabilitaci\u00f3n de Red de Agua Potable en Tierra Blanca de Santa Cruz Tepexpan; y la Rehabilitaci\u00f3n de Red de Drenaje Sanitario en Manzana 3ra. de Santa Cruz Tepexpan.\" \/>\n<meta property=\"og:url\" content=\"https:\/\/21panorama.com\/index.php\/2022\/09\/09\/rehabilitacion-de-la-red-de-agua-potable-y-de-drenaje-en-santa-cruz-tepexpan-jiquipilco\/\" \/>\n<meta property=\"og:site_name\" content=\"21 Panorama\" \/>\n<meta property=\"article:published_time\" content=\"2022-09-10T00:52:00+00:00\" \/>\n<meta property=\"article:modified_time\" content=\"2022-10-06T01:04:27+00:00\" \/>\n<meta property=\"og:image\" content=\"https:\/\/21panorama.com\/wp-content\/uploads\/2022\/10\/Jiquipilco-Gira-de-Trabajo-090922-5.jpg\" \/>\n\t<meta property=\"og:image:width\" content=\"538\" \/>\n\t<meta property=\"og:image:height\" content=\"396\" \/>\n\t<meta property=\"og:image:type\" content=\"image\/jpeg\" \/>\n<meta name=\"author\" content=\"admin\" \/>\n<meta name=\"twitter:card\" content=\"summary_large_image\" \/>\n<meta name=\"twitter:label1\" content=\"Escrito por\" \/>\n\t<meta name=\"twitter:data1\" content=\"admin\" \/>\n\t<meta name=\"twitter:label2\" content=\"Tiempo de lectura\" \/>\n\t<meta name=\"twitter:data2\" content=\"2 minutos\" \/>\n<script type=\"application\/ld+json\" class=\"yoast-schema-graph\">{\"@context\":\"https:\/\/schema.org\",\"@graph\":[{\"@type\":\"Article\",\"@id\":\"https:\/\/21panorama.com\/index.php\/2022\/09\/09\/rehabilitacion-de-la-red-de-agua-potable-y-de-drenaje-en-santa-cruz-tepexpan-jiquipilco\/#article\",\"isPartOf\":{\"@id\":\"https:\/\/21panorama.com\/index.php\/2022\/09\/09\/rehabilitacion-de-la-red-de-agua-potable-y-de-drenaje-en-santa-cruz-tepexpan-jiquipilco\/\"},\"author\":{\"name\":\"admin\",\"@id\":\"https:\/\/21panorama.com\/#\/schema\/person\/1afc291b96d5792a158768324287319f\"},\"headline\":\"REHABILITACI\u00d3N DE LA RED DE AGUA POTABLE Y DE DRENAJE EN SANTA CRUZ TEPEXPAN, JIQUIPILCO\",\"datePublished\":\"2022-09-10T00:52:00+00:00\",\"dateModified\":\"2022-10-06T01:04:27+00:00\",\"mainEntityOfPage\":{\"@id\":\"https:\/\/21panorama.com\/index.php\/2022\/09\/09\/rehabilitacion-de-la-red-de-agua-potable-y-de-drenaje-en-santa-cruz-tepexpan-jiquipilco\/\"},\"wordCount\":443,\"commentCount\":0,\"publisher\":{\"@id\":\"https:\/\/21panorama.com\/#organization\"},\"image\":{\"@id\":\"https:\/\/21panorama.com\/index.php\/2022\/09\/09\/rehabilitacion-de-la-red-de-agua-potable-y-de-drenaje-en-santa-cruz-tepexpan-jiquipilco\/#primaryimage\"},\"thumbnailUrl\":\"https:\/\/21panorama.com\/wp-content\/uploads\/2022\/10\/Jiquipilco-Gira-de-Trabajo-090922-5.jpg\",\"keywords\":[\"EDOMEX\",\"Felipe S\u00e1nchez D\u00e1vila\",\"Jiquipilco\",\"PRI\"],\"articleSection\":[\"Econom\u00eda\",\"Politica\",\"Sociedad\"],\"inLanguage\":\"es\",\"potentialAction\":[{\"@type\":\"CommentAction\",\"name\":\"Comment\",\"target\":[\"https:\/\/21panorama.com\/index.php\/2022\/09\/09\/rehabilitacion-de-la-red-de-agua-potable-y-de-drenaje-en-santa-cruz-tepexpan-jiquipilco\/#respond\"]}]},{\"@type\":\"WebPage\",\"@id\":\"https:\/\/21panorama.com\/index.php\/2022\/09\/09\/rehabilitacion-de-la-red-de-agua-potable-y-de-drenaje-en-santa-cruz-tepexpan-jiquipilco\/\",\"url\":\"https:\/\/21panorama.com\/index.php\/2022\/09\/09\/rehabilitacion-de-la-red-de-agua-potable-y-de-drenaje-en-santa-cruz-tepexpan-jiquipilco\/\",\"name\":\"REHABILITACI\u00d3N DE LA RED DE AGUA POTABLE Y DE DRENAJE EN SANTA CRUZ TEPEXPAN, JIQUIPILCO - 21 Panorama\",\"isPartOf\":{\"@id\":\"https:\/\/21panorama.com\/#website\"},\"primaryImageOfPage\":{\"@id\":\"https:\/\/21panorama.com\/index.php\/2022\/09\/09\/rehabilitacion-de-la-red-de-agua-potable-y-de-drenaje-en-santa-cruz-tepexpan-jiquipilco\/#primaryimage\"},\"image\":{\"@id\":\"https:\/\/21panorama.com\/index.php\/2022\/09\/09\/rehabilitacion-de-la-red-de-agua-potable-y-de-drenaje-en-santa-cruz-tepexpan-jiquipilco\/#primaryimage\"},\"thumbnailUrl\":\"https:\/\/21panorama.com\/wp-content\/uploads\/2022\/10\/Jiquipilco-Gira-de-Trabajo-090922-5.jpg\",\"datePublished\":\"2022-09-10T00:52:00+00:00\",\"dateModified\":\"2022-10-06T01:04:27+00:00\",\"breadcrumb\":{\"@id\":\"https:\/\/21panorama.com\/index.php\/2022\/09\/09\/rehabilitacion-de-la-red-de-agua-potable-y-de-drenaje-en-santa-cruz-tepexpan-jiquipilco\/#breadcrumb\"},\"inLanguage\":\"es\",\"potentialAction\":[{\"@type\":\"ReadAction\",\"target\":[\"https:\/\/21panorama.com\/index.php\/2022\/09\/09\/rehabilitacion-de-la-red-de-agua-potable-y-de-drenaje-en-santa-cruz-tepexpan-jiquipilco\/\"]}]},{\"@type\":\"ImageObject\",\"inLanguage\":\"es\",\"@id\":\"https:\/\/21panorama.com\/index.php\/2022\/09\/09\/rehabilitacion-de-la-red-de-agua-potable-y-de-drenaje-en-santa-cruz-tepexpan-jiquipilco\/#primaryimage\",\"url\":\"https:\/\/21panorama.com\/wp-content\/uploads\/2022\/10\/Jiquipilco-Gira-de-Trabajo-090922-5.jpg\",\"contentUrl\":\"https:\/\/21panorama.com\/wp-content\/uploads\/2022\/10\/Jiquipilco-Gira-de-Trabajo-090922-5.jpg\",\"width\":538,\"height\":396},{\"@type\":\"BreadcrumbList\",\"@id\":\"https:\/\/21panorama.com\/index.php\/2022\/09\/09\/rehabilitacion-de-la-red-de-agua-potable-y-de-drenaje-en-santa-cruz-tepexpan-jiquipilco\/#breadcrumb\",\"itemListElement\":[{\"@type\":\"ListItem\",\"position\":1,\"name\":\"Inicio\",\"item\":\"https:\/\/21panorama.com\/\"},{\"@type\":\"ListItem\",\"position\":2,\"name\":\"REHABILITACI\u00d3N DE LA RED DE AGUA POTABLE Y DE DRENAJE EN SANTA CRUZ TEPEXPAN, JIQUIPILCO\"}]},{\"@type\":\"WebSite\",\"@id\":\"https:\/\/21panorama.com\/#website\",\"url\":\"https:\/\/21panorama.com\/\",\"name\":\"21 Panorama\",\"description\":\"La construcci\u00f3n de la opini\u00f3n p\u00fablica merece un mejor Panorama en este siglo 21 para alcanzar una sociedad con mayor transparencia y sin corrupci\u00f3n.\",\"publisher\":{\"@id\":\"https:\/\/21panorama.com\/#organization\"},\"potentialAction\":[{\"@type\":\"SearchAction\",\"target\":{\"@type\":\"EntryPoint\",\"urlTemplate\":\"https:\/\/21panorama.com\/?s={search_term_string}\"},\"query-input\":{\"@type\":\"PropertyValueSpecification\",\"valueRequired\":true,\"valueName\":\"search_term_string\"}}],\"inLanguage\":\"es\"},{\"@type\":\"Organization\",\"@id\":\"https:\/\/21panorama.com\/#organization\",\"name\":\"21 Panorama\",\"url\":\"https:\/\/21panorama.com\/\",\"logo\":{\"@type\":\"ImageObject\",\"inLanguage\":\"es\",\"@id\":\"https:\/\/21panorama.com\/#\/schema\/logo\/image\/\",\"url\":\"https:\/\/21panorama.com\/wp-content\/uploads\/2019\/07\/cropped-Logo-Panorama-01.jpeg\",\"contentUrl\":\"https:\/\/21panorama.com\/wp-content\/uploads\/2019\/07\/cropped-Logo-Panorama-01.jpeg\",\"width\":290,\"height\":70,\"caption\":\"21 Panorama\"},\"image\":{\"@id\":\"https:\/\/21panorama.com\/#\/schema\/logo\/image\/\"}},{\"@type\":\"Person\",\"@id\":\"https:\/\/21panorama.com\/#\/schema\/person\/1afc291b96d5792a158768324287319f\",\"name\":\"admin\",\"image\":{\"@type\":\"ImageObject\",\"inLanguage\":\"es\",\"@id\":\"https:\/\/21panorama.com\/#\/schema\/person\/image\/\",\"url\":\"https:\/\/secure.gravatar.com\/avatar\/ad365d9d9f46719215b0d042cc3df92a5a8683e09ef13d102233e5491985f0f0?s=96&d=mm&r=g\",\"contentUrl\":\"https:\/\/secure.gravatar.com\/avatar\/ad365d9d9f46719215b0d042cc3df92a5a8683e09ef13d102233e5491985f0f0?s=96&d=mm&r=g\",\"caption\":\"admin\"},\"url\":\"https:\/\/21panorama.com\/index.php\/author\/admin\/\"}]}<\/script>\n<!-- \/ Yoast SEO plugin. -->","yoast_head_json":{"title":"REHABILITACI\u00d3N DE LA RED DE AGUA POTABLE Y DE DRENAJE EN SANTA CRUZ TEPEXPAN, JIQUIPILCO - 21 Panorama","robots":{"index":"index","follow":"follow","max-snippet":"max-snippet:-1","max-image-preview":"max-image-preview:large","max-video-preview":"max-video-preview:-1"},"canonical":"https:\/\/21panorama.com\/index.php\/2022\/09\/09\/rehabilitacion-de-la-red-de-agua-potable-y-de-drenaje-en-santa-cruz-tepexpan-jiquipilco\/","og_locale":"es_MX","og_type":"article","og_title":"REHABILITACI\u00d3N DE LA RED DE AGUA POTABLE Y DE DRENAJE EN SANTA CRUZ TEPEXPAN, JIQUIPILCO - 21 Panorama","og_description":"El Presidente Municipal de Jiquipilco, Felipe S\u00e1nchez D\u00e1vila dio el banderazo a la Rehabilitaci\u00f3n de Red de Agua Potable en Tierra Blanca de Santa Cruz Tepexpan; y la Rehabilitaci\u00f3n de Red de Drenaje Sanitario en Manzana 3ra. de Santa Cruz Tepexpan.","og_url":"https:\/\/21panorama.com\/index.php\/2022\/09\/09\/rehabilitacion-de-la-red-de-agua-potable-y-de-drenaje-en-santa-cruz-tepexpan-jiquipilco\/","og_site_name":"21 Panorama","article_published_time":"2022-09-10T00:52:00+00:00","article_modified_time":"2022-10-06T01:04:27+00:00","og_image":[{"width":538,"height":396,"url":"https:\/\/21panorama.com\/wp-content\/uploads\/2022\/10\/Jiquipilco-Gira-de-Trabajo-090922-5.jpg","type":"image\/jpeg"}],"author":"admin","twitter_card":"summary_large_image","twitter_misc":{"Escrito por":"admin","Tiempo de lectura":"2 minutos"},"schema":{"@context":"https:\/\/schema.org","@graph":[{"@type":"Article","@id":"https:\/\/21panorama.com\/index.php\/2022\/09\/09\/rehabilitacion-de-la-red-de-agua-potable-y-de-drenaje-en-santa-cruz-tepexpan-jiquipilco\/#article","isPartOf":{"@id":"https:\/\/21panorama.com\/index.php\/2022\/09\/09\/rehabilitacion-de-la-red-de-agua-potable-y-de-drenaje-en-santa-cruz-tepexpan-jiquipilco\/"},"author":{"name":"admin","@id":"https:\/\/21panorama.com\/#\/schema\/person\/1afc291b96d5792a158768324287319f"},"headline":"REHABILITACI\u00d3N DE LA RED DE AGUA POTABLE Y DE DRENAJE EN SANTA CRUZ TEPEXPAN, JIQUIPILCO","datePublished":"2022-09-10T00:52:00+00:00","dateModified":"2022-10-06T01:04:27+00:00","mainEntityOfPage":{"@id":"https:\/\/21panorama.com\/index.php\/2022\/09\/09\/rehabilitacion-de-la-red-de-agua-potable-y-de-drenaje-en-santa-cruz-tepexpan-jiquipilco\/"},"wordCount":443,"commentCount":0,"publisher":{"@id":"https:\/\/21panorama.com\/#organization"},"image":{"@id":"https:\/\/21panorama.com\/index.php\/2022\/09\/09\/rehabilitacion-de-la-red-de-agua-potable-y-de-drenaje-en-santa-cruz-tepexpan-jiquipilco\/#primaryimage"},"thumbnailUrl":"https:\/\/21panorama.com\/wp-content\/uploads\/2022\/10\/Jiquipilco-Gira-de-Trabajo-090922-5.jpg","keywords":["EDOMEX","Felipe S\u00e1nchez D\u00e1vila","Jiquipilco","PRI"],"articleSection":["Econom\u00eda","Politica","Sociedad"],"inLanguage":"es","potentialAction":[{"@type":"CommentAction","name":"Comment","target":["https:\/\/21panorama.com\/index.php\/2022\/09\/09\/rehabilitacion-de-la-red-de-agua-potable-y-de-drenaje-en-santa-cruz-tepexpan-jiquipilco\/#respond"]}]},{"@type":"WebPage","@id":"https:\/\/21panorama.com\/index.php\/2022\/09\/09\/rehabilitacion-de-la-red-de-agua-potable-y-de-drenaje-en-santa-cruz-tepexpan-jiquipilco\/","url":"https:\/\/21panorama.com\/index.php\/2022\/09\/09\/rehabilitacion-de-la-red-de-agua-potable-y-de-drenaje-en-santa-cruz-tepexpan-jiquipilco\/","name":"REHABILITACI\u00d3N DE LA RED DE AGUA POTABLE Y DE DRENAJE EN SANTA CRUZ TEPEXPAN, JIQUIPILCO - 21 Panorama","isPartOf":{"@id":"https:\/\/21panorama.com\/#website"},"primaryImageOfPage":{"@id":"https:\/\/21panorama.com\/index.php\/2022\/09\/09\/rehabilitacion-de-la-red-de-agua-potable-y-de-drenaje-en-santa-cruz-tepexpan-jiquipilco\/#primaryimage"},"image":{"@id":"https:\/\/21panorama.com\/index.php\/2022\/09\/09\/rehabilitacion-de-la-red-de-agua-potable-y-de-drenaje-en-santa-cruz-tepexpan-jiquipilco\/#primaryimage"},"thumbnailUrl":"https:\/\/21panorama.com\/wp-content\/uploads\/2022\/10\/Jiquipilco-Gira-de-Trabajo-090922-5.jpg","datePublished":"2022-09-10T00:52:00+00:00","dateModified":"2022-10-06T01:04:27+00:00","breadcrumb":{"@id":"https:\/\/21panorama.com\/index.php\/2022\/09\/09\/rehabilitacion-de-la-red-de-agua-potable-y-de-drenaje-en-santa-cruz-tepexpan-jiquipilco\/#breadcrumb"},"inLanguage":"es","potentialAction":[{"@type":"ReadAction","target":["https:\/\/21panorama.com\/index.php\/2022\/09\/09\/rehabilitacion-de-la-red-de-agua-potable-y-de-drenaje-en-santa-cruz-tepexpan-jiquipilco\/"]}]},{"@type":"ImageObject","inLanguage":"es","@id":"https:\/\/21panorama.com\/index.php\/2022\/09\/09\/rehabilitacion-de-la-red-de-agua-potable-y-de-drenaje-en-santa-cruz-tepexpan-jiquipilco\/#primaryimage","url":"https:\/\/21panorama.com\/wp-content\/uploads\/2022\/10\/Jiquipilco-Gira-de-Trabajo-090922-5.jpg","contentUrl":"https:\/\/21panorama.com\/wp-content\/uploads\/2022\/10\/Jiquipilco-Gira-de-Trabajo-090922-5.jpg","width":538,"height":396},{"@type":"BreadcrumbList","@id":"https:\/\/21panorama.com\/index.php\/2022\/09\/09\/rehabilitacion-de-la-red-de-agua-potable-y-de-drenaje-en-santa-cruz-tepexpan-jiquipilco\/#breadcrumb","itemListElement":[{"@type":"ListItem","position":1,"name":"Inicio","item":"https:\/\/21panorama.com\/"},{"@type":"ListItem","position":2,"name":"REHABILITACI\u00d3N DE LA RED DE AGUA POTABLE Y DE DRENAJE EN SANTA CRUZ TEPEXPAN, JIQUIPILCO"}]},{"@type":"WebSite","@id":"https:\/\/21panorama.com\/#website","url":"https:\/\/21panorama.com\/","name":"21 Panorama","description":"La construcci\u00f3n de la opini\u00f3n p\u00fablica merece un mejor Panorama en este siglo 21 para alcanzar una sociedad con mayor transparencia y sin corrupci\u00f3n.","publisher":{"@id":"https:\/\/21panorama.com\/#organization"},"potentialAction":[{"@type":"SearchAction","target":{"@type":"EntryPoint","urlTemplate":"https:\/\/21panorama.com\/?s={search_term_string}"},"query-input":{"@type":"PropertyValueSpecification","valueRequired":true,"valueName":"search_term_string"}}],"inLanguage":"es"},{"@type":"Organization","@id":"https:\/\/21panorama.com\/#organization","name":"21 Panorama","url":"https:\/\/21panorama.com\/","logo":{"@type":"ImageObject","inLanguage":"es","@id":"https:\/\/21panorama.com\/#\/schema\/logo\/image\/","url":"https:\/\/21panorama.com\/wp-content\/uploads\/2019\/07\/cropped-Logo-Panorama-01.jpeg","contentUrl":"https:\/\/21panorama.com\/wp-content\/uploads\/2019\/07\/cropped-Logo-Panorama-01.jpeg","width":290,"height":70,"caption":"21 Panorama"},"image":{"@id":"https:\/\/21panorama.com\/#\/schema\/logo\/image\/"}},{"@type":"Person","@id":"https:\/\/21panorama.com\/#\/schema\/person\/1afc291b96d5792a158768324287319f","name":"admin","image":{"@type":"ImageObject","inLanguage":"es","@id":"https:\/\/21panorama.com\/#\/schema\/person\/image\/","url":"https:\/\/secure.gravatar.com\/avatar\/ad365d9d9f46719215b0d042cc3df92a5a8683e09ef13d102233e5491985f0f0?s=96&d=mm&r=g","contentUrl":"https:\/\/secure.gravatar.com\/avatar\/ad365d9d9f46719215b0d042cc3df92a5a8683e09ef13d102233e5491985f0f0?s=96&d=mm&r=g","caption":"admin"},"url":"https:\/\/21panorama.com\/index.php\/author\/admin\/"}]}},"_links":{"self":[{"href":"https:\/\/21panorama.com\/index.php\/wp-json\/wp\/v2\/posts\/4232","targetHints":{"allow":["GET"]}}],"collection":[{"href":"https:\/\/21panorama.com\/index.php\/wp-json\/wp\/v2\/posts"}],"about":[{"href":"https:\/\/21panorama.com\/index.php\/wp-json\/wp\/v2\/types\/post"}],"author":[{"embeddable":true,"href":"https:\/\/21panorama.com\/index.php\/wp-json\/wp\/v2\/users\/1"}],"replies":[{"embeddable":true,"href":"https:\/\/21panorama.com\/index.php\/wp-json\/wp\/v2\/comments?post=4232"}],"version-history":[{"count":1,"href":"https:\/\/21panorama.com\/index.php\/wp-json\/wp\/v2\/posts\/4232\/revisions"}],"predecessor-version":[{"id":4234,"href":"https:\/\/21panorama.com\/index.php\/wp-json\/wp\/v2\/posts\/4232\/revisions\/4234"}],"wp:featuredmedia":[{"embeddable":true,"href":"https:\/\/21panorama.com\/index.php\/wp-json\/wp\/v2\/media\/4233"}],"wp:attachment":[{"href":"https:\/\/21panorama.com\/index.php\/wp-json\/wp\/v2\/media?parent=4232"}],"wp:term":[{"taxonomy":"category","embeddable":true,"href":"https:\/\/21panorama.com\/index.php\/wp-json\/wp\/v2\/categories?post=4232"},{"taxonomy":"post_tag","embeddable":true,"href":"https:\/\/21panorama.com\/index.php\/wp-json\/wp\/v2\/tags?post=4232"}],"curies":[{"name":"wp","href":"https:\/\/api.w.org\/{rel}","templated":true}]}}