{"id":4222,"date":"2022-10-05T11:40:22","date_gmt":"2022-10-05T16:40:22","guid":{"rendered":"https:\/\/21panorama.com\/?p=4222"},"modified":"2022-10-05T14:23:30","modified_gmt":"2022-10-05T19:23:30","slug":"en-duelo-de-operadores-se-impone-alito-sobre-osorio-chong","status":"publish","type":"post","link":"https:\/\/21panorama.com\/index.php\/2022\/10\/05\/en-duelo-de-operadores-se-impone-alito-sobre-osorio-chong\/","title":{"rendered":"EN DUELO DE OPERADORES, SE IMPONE ALITO SOBRE OSORIO CHONG"},"content":{"rendered":"\n<p><\/p>\n\n\n\n<p>Las discrepancias de pensamientos en la iniciativa de la Guardia Nacional ten\u00edan en vilo la cohesi\u00f3n al interior tanto del PRI como de Va por M\u00e9xico. Y esto se vio reflejado en lo ocurrido este martes en el Senado, ya que varios senadores priistas votaron a favor del dictamen que dejar\u00e1 a las Fuerzas Armadas acompa\u00f1ando a la Guardia Nacional hasta 2028.<\/p>\n\n\n\n<p>Se le atribuye al Diputado Alejandro Moreno, el hecho de convencer a estos senadores priistas, de dar su voto a favor de este dictamen, contradiciendo a lo propuesto por Osorio Chong. De esta forma, Alejandro Moreno env\u00eda un mensaje muy claro al interior del PRI y al gobierno de la Rep\u00fablica, es mejor estar de su lado, que en contra de \u00e9l.<\/p>\n\n\n\n<p>Moreno, sentado desde su curul, actu\u00f3 como un buen estratega, paciente y calculador. Logr\u00f3 que el Senado aprobara su iniciativa, teniendo como observador, a Palacio Nacional, que solo pudo ver a lo lejos, la forma en que Osorio Chong ve\u00eda reducida su lucha, a solo dos votos.<\/p>\n\n\n\n<p>Uno a uno, los Senadores que votaron a favor de la iniciativa, fueron apagando la voz de Osorio Chong y su negativa a la iniciativa. Solo quedaron Osorio y Claudia Ruiz, dos de trece votos.<\/p>\n\n\n\n<p>La audacia de Chong, al intentar emprender una campa\u00f1a en contra de sus propios compa\u00f1eros, le pasar\u00e1 factura a un alto costo, perdiendo el apoyo de sus pares. Tratar de convencerlos de que sigan coadyuvando a su favor, ser\u00e1 una labor tit\u00e1nica, que muy probablemente termine en fracaso.<\/p>\n\n\n\n<p>Alito logr\u00f3 que la bancada votara a favor la iniciativa en el Congreso y lo que parec\u00eda imposible desplum\u00f3 a Osorio en el Senado. Buen mensaje para la unidad del PRI y mal d\u00eda para quien intent\u00f3 traicionarla.<\/p>\n","protected":false},"excerpt":{"rendered":"<p>Las discrepancias de pensamientos en la iniciativa de la Guardia Nacional ten\u00edan en vilo la cohesi\u00f3n al interior tanto del PRI como de Va por M\u00e9xico. Y esto se vio reflejado en lo ocurrido este martes en el Senado, ya que varios senadores priistas votaron a favor del dictamen que dejar\u00e1 a las Fuerzas Armadas acompa\u00f1ando a la Guardia Nacional hasta 2028.<\/p>\n","protected":false},"author":1,"featured_media":4223,"comment_status":"open","ping_status":"open","sticky":false,"template":"","format":"standard","meta":{"footnotes":""},"categories":[22,10,12,1],"tags":[321,362,365,363,33,364],"class_list":["post-4222","post","type-post","status-publish","format-standard","has-post-thumbnail","hentry","category-columna-opinion","category-opinion","category-politica","category-sociedad","tag-alejandro-moreno","tag-alito","tag-guardia-nacional","tag-osorio-chong","tag-pri","tag-senado"],"yoast_head":"<!-- This site is optimized with the Yoast SEO plugin v24.9 - https:\/\/yoast.com\/wordpress\/plugins\/seo\/ -->\n<title>EN DUELO DE OPERADORES, SE IMPONE ALITO SOBRE OSORIO CHONG - 21 Panorama<\/title>\n<meta name=\"robots\" content=\"index, follow, max-snippet:-1, max-image-preview:large, max-video-preview:-1\" \/>\n<link rel=\"canonical\" href=\"https:\/\/21panorama.com\/index.php\/2022\/10\/05\/en-duelo-de-operadores-se-impone-alito-sobre-osorio-chong\/\" \/>\n<meta property=\"og:locale\" content=\"es_MX\" \/>\n<meta property=\"og:type\" content=\"article\" \/>\n<meta property=\"og:title\" content=\"EN DUELO DE OPERADORES, SE IMPONE ALITO SOBRE OSORIO CHONG - 21 Panorama\" \/>\n<meta property=\"og:description\" content=\"Las discrepancias de pensamientos en la iniciativa de la Guardia Nacional ten\u00edan en vilo la cohesi\u00f3n al interior tanto del PRI como de Va por M\u00e9xico. Y esto se vio reflejado en lo ocurrido este martes en el Senado, ya que varios senadores priistas votaron a favor del dictamen que dejar\u00e1 a las Fuerzas Armadas acompa\u00f1ando a la Guardia Nacional hasta 2028.\" \/>\n<meta property=\"og:url\" content=\"https:\/\/21panorama.com\/index.php\/2022\/10\/05\/en-duelo-de-operadores-se-impone-alito-sobre-osorio-chong\/\" \/>\n<meta property=\"og:site_name\" content=\"21 Panorama\" \/>\n<meta property=\"article:published_time\" content=\"2022-10-05T16:40:22+00:00\" \/>\n<meta property=\"article:modified_time\" content=\"2022-10-05T19:23:30+00:00\" \/>\n<meta property=\"og:image\" content=\"https:\/\/21panorama.com\/wp-content\/uploads\/2022\/10\/Alito-Osorio-Chong.png\" \/>\n\t<meta property=\"og:image:width\" content=\"940\" \/>\n\t<meta property=\"og:image:height\" content=\"788\" \/>\n\t<meta property=\"og:image:type\" content=\"image\/png\" \/>\n<meta name=\"author\" content=\"admin\" \/>\n<meta name=\"twitter:card\" content=\"summary_large_image\" \/>\n<meta name=\"twitter:label1\" content=\"Escrito por\" \/>\n\t<meta name=\"twitter:data1\" content=\"admin\" \/>\n\t<meta name=\"twitter:label2\" content=\"Tiempo de lectura\" \/>\n\t<meta name=\"twitter:data2\" content=\"2 minutos\" \/>\n<script type=\"application\/ld+json\" class=\"yoast-schema-graph\">{\"@context\":\"https:\/\/schema.org\",\"@graph\":[{\"@type\":\"Article\",\"@id\":\"https:\/\/21panorama.com\/index.php\/2022\/10\/05\/en-duelo-de-operadores-se-impone-alito-sobre-osorio-chong\/#article\",\"isPartOf\":{\"@id\":\"https:\/\/21panorama.com\/index.php\/2022\/10\/05\/en-duelo-de-operadores-se-impone-alito-sobre-osorio-chong\/\"},\"author\":{\"name\":\"admin\",\"@id\":\"https:\/\/21panorama.com\/#\/schema\/person\/1afc291b96d5792a158768324287319f\"},\"headline\":\"EN DUELO DE OPERADORES, SE IMPONE ALITO SOBRE OSORIO CHONG\",\"datePublished\":\"2022-10-05T16:40:22+00:00\",\"dateModified\":\"2022-10-05T19:23:30+00:00\",\"mainEntityOfPage\":{\"@id\":\"https:\/\/21panorama.com\/index.php\/2022\/10\/05\/en-duelo-de-operadores-se-impone-alito-sobre-osorio-chong\/\"},\"wordCount\":313,\"commentCount\":0,\"publisher\":{\"@id\":\"https:\/\/21panorama.com\/#organization\"},\"image\":{\"@id\":\"https:\/\/21panorama.com\/index.php\/2022\/10\/05\/en-duelo-de-operadores-se-impone-alito-sobre-osorio-chong\/#primaryimage\"},\"thumbnailUrl\":\"https:\/\/21panorama.com\/wp-content\/uploads\/2022\/10\/Alito-Osorio-Chong.png\",\"keywords\":[\"Alejandro Moreno\",\"Alito\",\"Guardia Nacional\",\"Osorio Chong\",\"PRI\",\"Senado\"],\"articleSection\":[\"Columna-Opini\u00f3n\",\"Opini\u00f3n\",\"Politica\",\"Sociedad\"],\"inLanguage\":\"es\",\"potentialAction\":[{\"@type\":\"CommentAction\",\"name\":\"Comment\",\"target\":[\"https:\/\/21panorama.com\/index.php\/2022\/10\/05\/en-duelo-de-operadores-se-impone-alito-sobre-osorio-chong\/#respond\"]}]},{\"@type\":\"WebPage\",\"@id\":\"https:\/\/21panorama.com\/index.php\/2022\/10\/05\/en-duelo-de-operadores-se-impone-alito-sobre-osorio-chong\/\",\"url\":\"https:\/\/21panorama.com\/index.php\/2022\/10\/05\/en-duelo-de-operadores-se-impone-alito-sobre-osorio-chong\/\",\"name\":\"EN DUELO DE OPERADORES, SE IMPONE ALITO SOBRE OSORIO CHONG - 21 Panorama\",\"isPartOf\":{\"@id\":\"https:\/\/21panorama.com\/#website\"},\"primaryImageOfPage\":{\"@id\":\"https:\/\/21panorama.com\/index.php\/2022\/10\/05\/en-duelo-de-operadores-se-impone-alito-sobre-osorio-chong\/#primaryimage\"},\"image\":{\"@id\":\"https:\/\/21panorama.com\/index.php\/2022\/10\/05\/en-duelo-de-operadores-se-impone-alito-sobre-osorio-chong\/#primaryimage\"},\"thumbnailUrl\":\"https:\/\/21panorama.com\/wp-content\/uploads\/2022\/10\/Alito-Osorio-Chong.png\",\"datePublished\":\"2022-10-05T16:40:22+00:00\",\"dateModified\":\"2022-10-05T19:23:30+00:00\",\"breadcrumb\":{\"@id\":\"https:\/\/21panorama.com\/index.php\/2022\/10\/05\/en-duelo-de-operadores-se-impone-alito-sobre-osorio-chong\/#breadcrumb\"},\"inLanguage\":\"es\",\"potentialAction\":[{\"@type\":\"ReadAction\",\"target\":[\"https:\/\/21panorama.com\/index.php\/2022\/10\/05\/en-duelo-de-operadores-se-impone-alito-sobre-osorio-chong\/\"]}]},{\"@type\":\"ImageObject\",\"inLanguage\":\"es\",\"@id\":\"https:\/\/21panorama.com\/index.php\/2022\/10\/05\/en-duelo-de-operadores-se-impone-alito-sobre-osorio-chong\/#primaryimage\",\"url\":\"https:\/\/21panorama.com\/wp-content\/uploads\/2022\/10\/Alito-Osorio-Chong.png\",\"contentUrl\":\"https:\/\/21panorama.com\/wp-content\/uploads\/2022\/10\/Alito-Osorio-Chong.png\",\"width\":940,\"height\":788},{\"@type\":\"BreadcrumbList\",\"@id\":\"https:\/\/21panorama.com\/index.php\/2022\/10\/05\/en-duelo-de-operadores-se-impone-alito-sobre-osorio-chong\/#breadcrumb\",\"itemListElement\":[{\"@type\":\"ListItem\",\"position\":1,\"name\":\"Inicio\",\"item\":\"https:\/\/21panorama.com\/\"},{\"@type\":\"ListItem\",\"position\":2,\"name\":\"EN DUELO DE OPERADORES, SE IMPONE ALITO SOBRE OSORIO CHONG\"}]},{\"@type\":\"WebSite\",\"@id\":\"https:\/\/21panorama.com\/#website\",\"url\":\"https:\/\/21panorama.com\/\",\"name\":\"21 Panorama\",\"description\":\"La construcci\u00f3n de la opini\u00f3n p\u00fablica merece un mejor Panorama en este siglo 21 para alcanzar una sociedad con mayor transparencia y sin corrupci\u00f3n.\",\"publisher\":{\"@id\":\"https:\/\/21panorama.com\/#organization\"},\"potentialAction\":[{\"@type\":\"SearchAction\",\"target\":{\"@type\":\"EntryPoint\",\"urlTemplate\":\"https:\/\/21panorama.com\/?s={search_term_string}\"},\"query-input\":{\"@type\":\"PropertyValueSpecification\",\"valueRequired\":true,\"valueName\":\"search_term_string\"}}],\"inLanguage\":\"es\"},{\"@type\":\"Organization\",\"@id\":\"https:\/\/21panorama.com\/#organization\",\"name\":\"21 Panorama\",\"url\":\"https:\/\/21panorama.com\/\",\"logo\":{\"@type\":\"ImageObject\",\"inLanguage\":\"es\",\"@id\":\"https:\/\/21panorama.com\/#\/schema\/logo\/image\/\",\"url\":\"https:\/\/21panorama.com\/wp-content\/uploads\/2019\/07\/cropped-Logo-Panorama-01.jpeg\",\"contentUrl\":\"https:\/\/21panorama.com\/wp-content\/uploads\/2019\/07\/cropped-Logo-Panorama-01.jpeg\",\"width\":290,\"height\":70,\"caption\":\"21 Panorama\"},\"image\":{\"@id\":\"https:\/\/21panorama.com\/#\/schema\/logo\/image\/\"}},{\"@type\":\"Person\",\"@id\":\"https:\/\/21panorama.com\/#\/schema\/person\/1afc291b96d5792a158768324287319f\",\"name\":\"admin\",\"image\":{\"@type\":\"ImageObject\",\"inLanguage\":\"es\",\"@id\":\"https:\/\/21panorama.com\/#\/schema\/person\/image\/\",\"url\":\"https:\/\/secure.gravatar.com\/avatar\/ad365d9d9f46719215b0d042cc3df92a5a8683e09ef13d102233e5491985f0f0?s=96&d=mm&r=g\",\"contentUrl\":\"https:\/\/secure.gravatar.com\/avatar\/ad365d9d9f46719215b0d042cc3df92a5a8683e09ef13d102233e5491985f0f0?s=96&d=mm&r=g\",\"caption\":\"admin\"},\"url\":\"https:\/\/21panorama.com\/index.php\/author\/admin\/\"}]}<\/script>\n<!-- \/ Yoast SEO plugin. -->","yoast_head_json":{"title":"EN DUELO DE OPERADORES, SE IMPONE ALITO SOBRE OSORIO CHONG - 21 Panorama","robots":{"index":"index","follow":"follow","max-snippet":"max-snippet:-1","max-image-preview":"max-image-preview:large","max-video-preview":"max-video-preview:-1"},"canonical":"https:\/\/21panorama.com\/index.php\/2022\/10\/05\/en-duelo-de-operadores-se-impone-alito-sobre-osorio-chong\/","og_locale":"es_MX","og_type":"article","og_title":"EN DUELO DE OPERADORES, SE IMPONE ALITO SOBRE OSORIO CHONG - 21 Panorama","og_description":"Las discrepancias de pensamientos en la iniciativa de la Guardia Nacional ten\u00edan en vilo la cohesi\u00f3n al interior tanto del PRI como de Va por M\u00e9xico. Y esto se vio reflejado en lo ocurrido este martes en el Senado, ya que varios senadores priistas votaron a favor del dictamen que dejar\u00e1 a las Fuerzas Armadas acompa\u00f1ando a la Guardia Nacional hasta 2028.","og_url":"https:\/\/21panorama.com\/index.php\/2022\/10\/05\/en-duelo-de-operadores-se-impone-alito-sobre-osorio-chong\/","og_site_name":"21 Panorama","article_published_time":"2022-10-05T16:40:22+00:00","article_modified_time":"2022-10-05T19:23:30+00:00","og_image":[{"width":940,"height":788,"url":"https:\/\/21panorama.com\/wp-content\/uploads\/2022\/10\/Alito-Osorio-Chong.png","type":"image\/png"}],"author":"admin","twitter_card":"summary_large_image","twitter_misc":{"Escrito por":"admin","Tiempo de lectura":"2 minutos"},"schema":{"@context":"https:\/\/schema.org","@graph":[{"@type":"Article","@id":"https:\/\/21panorama.com\/index.php\/2022\/10\/05\/en-duelo-de-operadores-se-impone-alito-sobre-osorio-chong\/#article","isPartOf":{"@id":"https:\/\/21panorama.com\/index.php\/2022\/10\/05\/en-duelo-de-operadores-se-impone-alito-sobre-osorio-chong\/"},"author":{"name":"admin","@id":"https:\/\/21panorama.com\/#\/schema\/person\/1afc291b96d5792a158768324287319f"},"headline":"EN DUELO DE OPERADORES, SE IMPONE ALITO SOBRE OSORIO CHONG","datePublished":"2022-10-05T16:40:22+00:00","dateModified":"2022-10-05T19:23:30+00:00","mainEntityOfPage":{"@id":"https:\/\/21panorama.com\/index.php\/2022\/10\/05\/en-duelo-de-operadores-se-impone-alito-sobre-osorio-chong\/"},"wordCount":313,"commentCount":0,"publisher":{"@id":"https:\/\/21panorama.com\/#organization"},"image":{"@id":"https:\/\/21panorama.com\/index.php\/2022\/10\/05\/en-duelo-de-operadores-se-impone-alito-sobre-osorio-chong\/#primaryimage"},"thumbnailUrl":"https:\/\/21panorama.com\/wp-content\/uploads\/2022\/10\/Alito-Osorio-Chong.png","keywords":["Alejandro Moreno","Alito","Guardia Nacional","Osorio Chong","PRI","Senado"],"articleSection":["Columna-Opini\u00f3n","Opini\u00f3n","Politica","Sociedad"],"inLanguage":"es","potentialAction":[{"@type":"CommentAction","name":"Comment","target":["https:\/\/21panorama.com\/index.php\/2022\/10\/05\/en-duelo-de-operadores-se-impone-alito-sobre-osorio-chong\/#respond"]}]},{"@type":"WebPage","@id":"https:\/\/21panorama.com\/index.php\/2022\/10\/05\/en-duelo-de-operadores-se-impone-alito-sobre-osorio-chong\/","url":"https:\/\/21panorama.com\/index.php\/2022\/10\/05\/en-duelo-de-operadores-se-impone-alito-sobre-osorio-chong\/","name":"EN DUELO DE OPERADORES, SE IMPONE ALITO SOBRE OSORIO CHONG - 21 Panorama","isPartOf":{"@id":"https:\/\/21panorama.com\/#website"},"primaryImageOfPage":{"@id":"https:\/\/21panorama.com\/index.php\/2022\/10\/05\/en-duelo-de-operadores-se-impone-alito-sobre-osorio-chong\/#primaryimage"},"image":{"@id":"https:\/\/21panorama.com\/index.php\/2022\/10\/05\/en-duelo-de-operadores-se-impone-alito-sobre-osorio-chong\/#primaryimage"},"thumbnailUrl":"https:\/\/21panorama.com\/wp-content\/uploads\/2022\/10\/Alito-Osorio-Chong.png","datePublished":"2022-10-05T16:40:22+00:00","dateModified":"2022-10-05T19:23:30+00:00","breadcrumb":{"@id":"https:\/\/21panorama.com\/index.php\/2022\/10\/05\/en-duelo-de-operadores-se-impone-alito-sobre-osorio-chong\/#breadcrumb"},"inLanguage":"es","potentialAction":[{"@type":"ReadAction","target":["https:\/\/21panorama.com\/index.php\/2022\/10\/05\/en-duelo-de-operadores-se-impone-alito-sobre-osorio-chong\/"]}]},{"@type":"ImageObject","inLanguage":"es","@id":"https:\/\/21panorama.com\/index.php\/2022\/10\/05\/en-duelo-de-operadores-se-impone-alito-sobre-osorio-chong\/#primaryimage","url":"https:\/\/21panorama.com\/wp-content\/uploads\/2022\/10\/Alito-Osorio-Chong.png","contentUrl":"https:\/\/21panorama.com\/wp-content\/uploads\/2022\/10\/Alito-Osorio-Chong.png","width":940,"height":788},{"@type":"BreadcrumbList","@id":"https:\/\/21panorama.com\/index.php\/2022\/10\/05\/en-duelo-de-operadores-se-impone-alito-sobre-osorio-chong\/#breadcrumb","itemListElement":[{"@type":"ListItem","position":1,"name":"Inicio","item":"https:\/\/21panorama.com\/"},{"@type":"ListItem","position":2,"name":"EN DUELO DE OPERADORES, SE IMPONE ALITO SOBRE OSORIO CHONG"}]},{"@type":"WebSite","@id":"https:\/\/21panorama.com\/#website","url":"https:\/\/21panorama.com\/","name":"21 Panorama","description":"La construcci\u00f3n de la opini\u00f3n p\u00fablica merece un mejor Panorama en este siglo 21 para alcanzar una sociedad con mayor transparencia y sin corrupci\u00f3n.","publisher":{"@id":"https:\/\/21panorama.com\/#organization"},"potentialAction":[{"@type":"SearchAction","target":{"@type":"EntryPoint","urlTemplate":"https:\/\/21panorama.com\/?s={search_term_string}"},"query-input":{"@type":"PropertyValueSpecification","valueRequired":true,"valueName":"search_term_string"}}],"inLanguage":"es"},{"@type":"Organization","@id":"https:\/\/21panorama.com\/#organization","name":"21 Panorama","url":"https:\/\/21panorama.com\/","logo":{"@type":"ImageObject","inLanguage":"es","@id":"https:\/\/21panorama.com\/#\/schema\/logo\/image\/","url":"https:\/\/21panorama.com\/wp-content\/uploads\/2019\/07\/cropped-Logo-Panorama-01.jpeg","contentUrl":"https:\/\/21panorama.com\/wp-content\/uploads\/2019\/07\/cropped-Logo-Panorama-01.jpeg","width":290,"height":70,"caption":"21 Panorama"},"image":{"@id":"https:\/\/21panorama.com\/#\/schema\/logo\/image\/"}},{"@type":"Person","@id":"https:\/\/21panorama.com\/#\/schema\/person\/1afc291b96d5792a158768324287319f","name":"admin","image":{"@type":"ImageObject","inLanguage":"es","@id":"https:\/\/21panorama.com\/#\/schema\/person\/image\/","url":"https:\/\/secure.gravatar.com\/avatar\/ad365d9d9f46719215b0d042cc3df92a5a8683e09ef13d102233e5491985f0f0?s=96&d=mm&r=g","contentUrl":"https:\/\/secure.gravatar.com\/avatar\/ad365d9d9f46719215b0d042cc3df92a5a8683e09ef13d102233e5491985f0f0?s=96&d=mm&r=g","caption":"admin"},"url":"https:\/\/21panorama.com\/index.php\/author\/admin\/"}]}},"_links":{"self":[{"href":"https:\/\/21panorama.com\/index.php\/wp-json\/wp\/v2\/posts\/4222","targetHints":{"allow":["GET"]}}],"collection":[{"href":"https:\/\/21panorama.com\/index.php\/wp-json\/wp\/v2\/posts"}],"about":[{"href":"https:\/\/21panorama.com\/index.php\/wp-json\/wp\/v2\/types\/post"}],"author":[{"embeddable":true,"href":"https:\/\/21panorama.com\/index.php\/wp-json\/wp\/v2\/users\/1"}],"replies":[{"embeddable":true,"href":"https:\/\/21panorama.com\/index.php\/wp-json\/wp\/v2\/comments?post=4222"}],"version-history":[{"count":1,"href":"https:\/\/21panorama.com\/index.php\/wp-json\/wp\/v2\/posts\/4222\/revisions"}],"predecessor-version":[{"id":4224,"href":"https:\/\/21panorama.com\/index.php\/wp-json\/wp\/v2\/posts\/4222\/revisions\/4224"}],"wp:featuredmedia":[{"embeddable":true,"href":"https:\/\/21panorama.com\/index.php\/wp-json\/wp\/v2\/media\/4223"}],"wp:attachment":[{"href":"https:\/\/21panorama.com\/index.php\/wp-json\/wp\/v2\/media?parent=4222"}],"wp:term":[{"taxonomy":"category","embeddable":true,"href":"https:\/\/21panorama.com\/index.php\/wp-json\/wp\/v2\/categories?post=4222"},{"taxonomy":"post_tag","embeddable":true,"href":"https:\/\/21panorama.com\/index.php\/wp-json\/wp\/v2\/tags?post=4222"}],"curies":[{"name":"wp","href":"https:\/\/api.w.org\/{rel}","templated":true}]}}