{"id":4189,"date":"2022-09-19T11:20:00","date_gmt":"2022-09-19T16:20:00","guid":{"rendered":"https:\/\/21panorama.com\/?p=4189"},"modified":"2022-09-23T11:25:54","modified_gmt":"2022-09-23T16:25:54","slug":"jornadas-de-reforestacion-en-jocotitlan-por-un-bosque-sano","status":"publish","type":"post","link":"https:\/\/21panorama.com\/index.php\/2022\/09\/19\/jornadas-de-reforestacion-en-jocotitlan-por-un-bosque-sano\/","title":{"rendered":"JORNADAS DE REFORESTACI\u00d3N EN JOCOTITL\u00c1N \u201cPOR UN BOSQUE SANO\u201d"},"content":{"rendered":"\n<p><\/p>\n\n\n\n<p>El cuidado de la naturaleza es prioritario y m\u00e1s cuando se pone empe\u00f1o en ello. Durante este mes, el Presidente Municipal Jes\u00fas Cedillo Gonz\u00e1lez, Servidores P\u00fablicos del Ayuntamiento y del Sistema Municipal Dif de Jocotitl\u00e1n y ciudadan\u00eda participaron en la jornada de reforestaci\u00f3n &#8220;Por un Bosque Sano&#8221; en distintos lugares, como el Paraje la Virgen del cerro Xocot\u00e9petl, el cerro de la Luna en Santiago Cadandej\u00e9, entre otros.<\/p>\n\n\n\n<p>Esta acci\u00f3n coloca a Jocotitl\u00e1n como el Municipio que m\u00e1s \u00e1rboles ha plantado en lo que va de la temporada. A esta actividad se sum\u00f3 el Club aventureros, conquistadores y gu\u00edas mayores de la Comunidad de San Joaqu\u00edn.<\/p>\n\n\n\n<p>La mec\u00e1nica de estas jornadas consiste en que diversos grupos ambientales, grupos de j\u00f3venes y el p\u00fablico en general asistieron al punto de encuentro, para sembrar \u00e1rboles forestales nativos de la zona. El objetivo de esta actividad es la participaci\u00f3n en una jornada de reforestaci\u00f3n para lograr a trav\u00e9s de la participaci\u00f3n comunitaria nuevas generaciones m\u00e1s comprometidas y sustentables.<\/p>\n\n\n\n<p>Los beneficios de la reforestaci\u00f3n y, en primer lugar, evitar la deforestaci\u00f3n son claros. Los bosques ayudan a luchar contra el cambio clim\u00e1tico global y ayudan a restaurar las especies en peligro de extinci\u00f3n. Tambi\u00e9n permitir\u00e1 a los seres humanos abordar mejor los problemas del hambre en el mundo, as\u00ed como los problemas relacionados con el uso y la disponibilidad del agua. Cualquier persona que desee aprender m\u00e1s sobre la reforestaci\u00f3n puede tomarse el tiempo para obtener m\u00e1s informaci\u00f3n sobre este importante problema ambiental y social o ponerse en contacto con las entidades locales para saber qu\u00e9 se puede hacer a un nivel m\u00e1s interno.<\/p>\n","protected":false},"excerpt":{"rendered":"<p>El cuidado de la naturaleza es prioritario y m\u00e1s cuando se pone empe\u00f1o en ello. Durante este mes, el Presidente Municipal Jes\u00fas Cedillo Gonz\u00e1lez, Servidores P\u00fablicos del Ayuntamiento y del Sistema Municipal Dif de Jocotitl\u00e1n y ciudadan\u00eda participaron en la jornada de reforestaci\u00f3n &#8220;Por un Bosque Sano&#8221; en distintos lugares, como el Paraje la Virgen del cerro Xocot\u00e9petl, el cerro de la Luna en Santiago Cadandej\u00e9, entre otros.<\/p>\n","protected":false},"author":1,"featured_media":4191,"comment_status":"open","ping_status":"open","sticky":false,"template":"","format":"standard","meta":{"footnotes":""},"categories":[11,12,1],"tags":[97,325,42,343],"class_list":["post-4189","post","type-post","status-publish","format-standard","has-post-thumbnail","hentry","category-medio-ambiente","category-politica","category-sociedad","tag-edomex","tag-jesus-cedillo-gonzalez","tag-jocotitlan","tag-reforestacion"],"yoast_head":"<!-- This site is optimized with the Yoast SEO plugin v24.9 - https:\/\/yoast.com\/wordpress\/plugins\/seo\/ -->\n<title>JORNADAS DE REFORESTACI\u00d3N EN JOCOTITL\u00c1N \u201cPOR UN BOSQUE SANO\u201d - 21 Panorama<\/title>\n<meta name=\"robots\" content=\"index, follow, max-snippet:-1, max-image-preview:large, max-video-preview:-1\" \/>\n<link rel=\"canonical\" href=\"https:\/\/21panorama.com\/index.php\/2022\/09\/19\/jornadas-de-reforestacion-en-jocotitlan-por-un-bosque-sano\/\" \/>\n<meta property=\"og:locale\" content=\"es_MX\" \/>\n<meta property=\"og:type\" content=\"article\" \/>\n<meta property=\"og:title\" content=\"JORNADAS DE REFORESTACI\u00d3N EN JOCOTITL\u00c1N \u201cPOR UN BOSQUE SANO\u201d - 21 Panorama\" \/>\n<meta property=\"og:description\" content=\"El cuidado de la naturaleza es prioritario y m\u00e1s cuando se pone empe\u00f1o en ello. Durante este mes, el Presidente Municipal Jes\u00fas Cedillo Gonz\u00e1lez, Servidores P\u00fablicos del Ayuntamiento y del Sistema Municipal Dif de Jocotitl\u00e1n y ciudadan\u00eda participaron en la jornada de reforestaci\u00f3n &quot;Por un Bosque Sano&quot; en distintos lugares, como el Paraje la Virgen del cerro Xocot\u00e9petl, el cerro de la Luna en Santiago Cadandej\u00e9, entre otros.\" \/>\n<meta property=\"og:url\" content=\"https:\/\/21panorama.com\/index.php\/2022\/09\/19\/jornadas-de-reforestacion-en-jocotitlan-por-un-bosque-sano\/\" \/>\n<meta property=\"og:site_name\" content=\"21 Panorama\" \/>\n<meta property=\"article:published_time\" content=\"2022-09-19T16:20:00+00:00\" \/>\n<meta property=\"article:modified_time\" content=\"2022-09-23T16:25:54+00:00\" \/>\n<meta property=\"og:image\" content=\"https:\/\/21panorama.com\/wp-content\/uploads\/2022\/09\/Jocotitlan-Reforestacion-040922-3.jpg\" \/>\n\t<meta property=\"og:image:width\" content=\"1440\" \/>\n\t<meta property=\"og:image:height\" content=\"960\" \/>\n\t<meta property=\"og:image:type\" content=\"image\/jpeg\" \/>\n<meta name=\"author\" content=\"admin\" \/>\n<meta name=\"twitter:card\" content=\"summary_large_image\" \/>\n<meta name=\"twitter:label1\" content=\"Escrito por\" \/>\n\t<meta name=\"twitter:data1\" content=\"admin\" \/>\n\t<meta name=\"twitter:label2\" content=\"Tiempo de lectura\" \/>\n\t<meta name=\"twitter:data2\" content=\"2 minutos\" \/>\n<script type=\"application\/ld+json\" class=\"yoast-schema-graph\">{\"@context\":\"https:\/\/schema.org\",\"@graph\":[{\"@type\":\"Article\",\"@id\":\"https:\/\/21panorama.com\/index.php\/2022\/09\/19\/jornadas-de-reforestacion-en-jocotitlan-por-un-bosque-sano\/#article\",\"isPartOf\":{\"@id\":\"https:\/\/21panorama.com\/index.php\/2022\/09\/19\/jornadas-de-reforestacion-en-jocotitlan-por-un-bosque-sano\/\"},\"author\":{\"name\":\"admin\",\"@id\":\"https:\/\/21panorama.com\/#\/schema\/person\/1afc291b96d5792a158768324287319f\"},\"headline\":\"JORNADAS DE REFORESTACI\u00d3N EN JOCOTITL\u00c1N \u201cPOR UN BOSQUE SANO\u201d\",\"datePublished\":\"2022-09-19T16:20:00+00:00\",\"dateModified\":\"2022-09-23T16:25:54+00:00\",\"mainEntityOfPage\":{\"@id\":\"https:\/\/21panorama.com\/index.php\/2022\/09\/19\/jornadas-de-reforestacion-en-jocotitlan-por-un-bosque-sano\/\"},\"wordCount\":313,\"commentCount\":0,\"publisher\":{\"@id\":\"https:\/\/21panorama.com\/#organization\"},\"image\":{\"@id\":\"https:\/\/21panorama.com\/index.php\/2022\/09\/19\/jornadas-de-reforestacion-en-jocotitlan-por-un-bosque-sano\/#primaryimage\"},\"thumbnailUrl\":\"https:\/\/21panorama.com\/wp-content\/uploads\/2022\/09\/Jocotitlan-Reforestacion-040922-3.jpg\",\"keywords\":[\"EDOMEX\",\"Jes\u00fas Cedillo Gonz\u00e1lez\",\"Jocotitl\u00e1n\",\"Reforestaci\u00f3n\"],\"articleSection\":[\"Medio Ambiente\",\"Politica\",\"Sociedad\"],\"inLanguage\":\"es\",\"potentialAction\":[{\"@type\":\"CommentAction\",\"name\":\"Comment\",\"target\":[\"https:\/\/21panorama.com\/index.php\/2022\/09\/19\/jornadas-de-reforestacion-en-jocotitlan-por-un-bosque-sano\/#respond\"]}]},{\"@type\":\"WebPage\",\"@id\":\"https:\/\/21panorama.com\/index.php\/2022\/09\/19\/jornadas-de-reforestacion-en-jocotitlan-por-un-bosque-sano\/\",\"url\":\"https:\/\/21panorama.com\/index.php\/2022\/09\/19\/jornadas-de-reforestacion-en-jocotitlan-por-un-bosque-sano\/\",\"name\":\"JORNADAS DE REFORESTACI\u00d3N EN JOCOTITL\u00c1N \u201cPOR UN BOSQUE SANO\u201d - 21 Panorama\",\"isPartOf\":{\"@id\":\"https:\/\/21panorama.com\/#website\"},\"primaryImageOfPage\":{\"@id\":\"https:\/\/21panorama.com\/index.php\/2022\/09\/19\/jornadas-de-reforestacion-en-jocotitlan-por-un-bosque-sano\/#primaryimage\"},\"image\":{\"@id\":\"https:\/\/21panorama.com\/index.php\/2022\/09\/19\/jornadas-de-reforestacion-en-jocotitlan-por-un-bosque-sano\/#primaryimage\"},\"thumbnailUrl\":\"https:\/\/21panorama.com\/wp-content\/uploads\/2022\/09\/Jocotitlan-Reforestacion-040922-3.jpg\",\"datePublished\":\"2022-09-19T16:20:00+00:00\",\"dateModified\":\"2022-09-23T16:25:54+00:00\",\"breadcrumb\":{\"@id\":\"https:\/\/21panorama.com\/index.php\/2022\/09\/19\/jornadas-de-reforestacion-en-jocotitlan-por-un-bosque-sano\/#breadcrumb\"},\"inLanguage\":\"es\",\"potentialAction\":[{\"@type\":\"ReadAction\",\"target\":[\"https:\/\/21panorama.com\/index.php\/2022\/09\/19\/jornadas-de-reforestacion-en-jocotitlan-por-un-bosque-sano\/\"]}]},{\"@type\":\"ImageObject\",\"inLanguage\":\"es\",\"@id\":\"https:\/\/21panorama.com\/index.php\/2022\/09\/19\/jornadas-de-reforestacion-en-jocotitlan-por-un-bosque-sano\/#primaryimage\",\"url\":\"https:\/\/21panorama.com\/wp-content\/uploads\/2022\/09\/Jocotitlan-Reforestacion-040922-3.jpg\",\"contentUrl\":\"https:\/\/21panorama.com\/wp-content\/uploads\/2022\/09\/Jocotitlan-Reforestacion-040922-3.jpg\",\"width\":1440,\"height\":960},{\"@type\":\"BreadcrumbList\",\"@id\":\"https:\/\/21panorama.com\/index.php\/2022\/09\/19\/jornadas-de-reforestacion-en-jocotitlan-por-un-bosque-sano\/#breadcrumb\",\"itemListElement\":[{\"@type\":\"ListItem\",\"position\":1,\"name\":\"Inicio\",\"item\":\"https:\/\/21panorama.com\/\"},{\"@type\":\"ListItem\",\"position\":2,\"name\":\"JORNADAS DE REFORESTACI\u00d3N EN JOCOTITL\u00c1N \u201cPOR UN BOSQUE SANO\u201d\"}]},{\"@type\":\"WebSite\",\"@id\":\"https:\/\/21panorama.com\/#website\",\"url\":\"https:\/\/21panorama.com\/\",\"name\":\"21 Panorama\",\"description\":\"La construcci\u00f3n de la opini\u00f3n p\u00fablica merece un mejor Panorama en este siglo 21 para alcanzar una sociedad con mayor transparencia y sin corrupci\u00f3n.\",\"publisher\":{\"@id\":\"https:\/\/21panorama.com\/#organization\"},\"potentialAction\":[{\"@type\":\"SearchAction\",\"target\":{\"@type\":\"EntryPoint\",\"urlTemplate\":\"https:\/\/21panorama.com\/?s={search_term_string}\"},\"query-input\":{\"@type\":\"PropertyValueSpecification\",\"valueRequired\":true,\"valueName\":\"search_term_string\"}}],\"inLanguage\":\"es\"},{\"@type\":\"Organization\",\"@id\":\"https:\/\/21panorama.com\/#organization\",\"name\":\"21 Panorama\",\"url\":\"https:\/\/21panorama.com\/\",\"logo\":{\"@type\":\"ImageObject\",\"inLanguage\":\"es\",\"@id\":\"https:\/\/21panorama.com\/#\/schema\/logo\/image\/\",\"url\":\"https:\/\/21panorama.com\/wp-content\/uploads\/2019\/07\/cropped-Logo-Panorama-01.jpeg\",\"contentUrl\":\"https:\/\/21panorama.com\/wp-content\/uploads\/2019\/07\/cropped-Logo-Panorama-01.jpeg\",\"width\":290,\"height\":70,\"caption\":\"21 Panorama\"},\"image\":{\"@id\":\"https:\/\/21panorama.com\/#\/schema\/logo\/image\/\"}},{\"@type\":\"Person\",\"@id\":\"https:\/\/21panorama.com\/#\/schema\/person\/1afc291b96d5792a158768324287319f\",\"name\":\"admin\",\"image\":{\"@type\":\"ImageObject\",\"inLanguage\":\"es\",\"@id\":\"https:\/\/21panorama.com\/#\/schema\/person\/image\/\",\"url\":\"https:\/\/secure.gravatar.com\/avatar\/ad365d9d9f46719215b0d042cc3df92a5a8683e09ef13d102233e5491985f0f0?s=96&d=mm&r=g\",\"contentUrl\":\"https:\/\/secure.gravatar.com\/avatar\/ad365d9d9f46719215b0d042cc3df92a5a8683e09ef13d102233e5491985f0f0?s=96&d=mm&r=g\",\"caption\":\"admin\"},\"url\":\"https:\/\/21panorama.com\/index.php\/author\/admin\/\"}]}<\/script>\n<!-- \/ Yoast SEO plugin. -->","yoast_head_json":{"title":"JORNADAS DE REFORESTACI\u00d3N EN JOCOTITL\u00c1N \u201cPOR UN BOSQUE SANO\u201d - 21 Panorama","robots":{"index":"index","follow":"follow","max-snippet":"max-snippet:-1","max-image-preview":"max-image-preview:large","max-video-preview":"max-video-preview:-1"},"canonical":"https:\/\/21panorama.com\/index.php\/2022\/09\/19\/jornadas-de-reforestacion-en-jocotitlan-por-un-bosque-sano\/","og_locale":"es_MX","og_type":"article","og_title":"JORNADAS DE REFORESTACI\u00d3N EN JOCOTITL\u00c1N \u201cPOR UN BOSQUE SANO\u201d - 21 Panorama","og_description":"El cuidado de la naturaleza es prioritario y m\u00e1s cuando se pone empe\u00f1o en ello. Durante este mes, el Presidente Municipal Jes\u00fas Cedillo Gonz\u00e1lez, Servidores P\u00fablicos del Ayuntamiento y del Sistema Municipal Dif de Jocotitl\u00e1n y ciudadan\u00eda participaron en la jornada de reforestaci\u00f3n \"Por un Bosque Sano\" en distintos lugares, como el Paraje la Virgen del cerro Xocot\u00e9petl, el cerro de la Luna en Santiago Cadandej\u00e9, entre otros.","og_url":"https:\/\/21panorama.com\/index.php\/2022\/09\/19\/jornadas-de-reforestacion-en-jocotitlan-por-un-bosque-sano\/","og_site_name":"21 Panorama","article_published_time":"2022-09-19T16:20:00+00:00","article_modified_time":"2022-09-23T16:25:54+00:00","og_image":[{"width":1440,"height":960,"url":"https:\/\/21panorama.com\/wp-content\/uploads\/2022\/09\/Jocotitlan-Reforestacion-040922-3.jpg","type":"image\/jpeg"}],"author":"admin","twitter_card":"summary_large_image","twitter_misc":{"Escrito por":"admin","Tiempo de lectura":"2 minutos"},"schema":{"@context":"https:\/\/schema.org","@graph":[{"@type":"Article","@id":"https:\/\/21panorama.com\/index.php\/2022\/09\/19\/jornadas-de-reforestacion-en-jocotitlan-por-un-bosque-sano\/#article","isPartOf":{"@id":"https:\/\/21panorama.com\/index.php\/2022\/09\/19\/jornadas-de-reforestacion-en-jocotitlan-por-un-bosque-sano\/"},"author":{"name":"admin","@id":"https:\/\/21panorama.com\/#\/schema\/person\/1afc291b96d5792a158768324287319f"},"headline":"JORNADAS DE REFORESTACI\u00d3N EN JOCOTITL\u00c1N \u201cPOR UN BOSQUE SANO\u201d","datePublished":"2022-09-19T16:20:00+00:00","dateModified":"2022-09-23T16:25:54+00:00","mainEntityOfPage":{"@id":"https:\/\/21panorama.com\/index.php\/2022\/09\/19\/jornadas-de-reforestacion-en-jocotitlan-por-un-bosque-sano\/"},"wordCount":313,"commentCount":0,"publisher":{"@id":"https:\/\/21panorama.com\/#organization"},"image":{"@id":"https:\/\/21panorama.com\/index.php\/2022\/09\/19\/jornadas-de-reforestacion-en-jocotitlan-por-un-bosque-sano\/#primaryimage"},"thumbnailUrl":"https:\/\/21panorama.com\/wp-content\/uploads\/2022\/09\/Jocotitlan-Reforestacion-040922-3.jpg","keywords":["EDOMEX","Jes\u00fas Cedillo Gonz\u00e1lez","Jocotitl\u00e1n","Reforestaci\u00f3n"],"articleSection":["Medio Ambiente","Politica","Sociedad"],"inLanguage":"es","potentialAction":[{"@type":"CommentAction","name":"Comment","target":["https:\/\/21panorama.com\/index.php\/2022\/09\/19\/jornadas-de-reforestacion-en-jocotitlan-por-un-bosque-sano\/#respond"]}]},{"@type":"WebPage","@id":"https:\/\/21panorama.com\/index.php\/2022\/09\/19\/jornadas-de-reforestacion-en-jocotitlan-por-un-bosque-sano\/","url":"https:\/\/21panorama.com\/index.php\/2022\/09\/19\/jornadas-de-reforestacion-en-jocotitlan-por-un-bosque-sano\/","name":"JORNADAS DE REFORESTACI\u00d3N EN JOCOTITL\u00c1N \u201cPOR UN BOSQUE SANO\u201d - 21 Panorama","isPartOf":{"@id":"https:\/\/21panorama.com\/#website"},"primaryImageOfPage":{"@id":"https:\/\/21panorama.com\/index.php\/2022\/09\/19\/jornadas-de-reforestacion-en-jocotitlan-por-un-bosque-sano\/#primaryimage"},"image":{"@id":"https:\/\/21panorama.com\/index.php\/2022\/09\/19\/jornadas-de-reforestacion-en-jocotitlan-por-un-bosque-sano\/#primaryimage"},"thumbnailUrl":"https:\/\/21panorama.com\/wp-content\/uploads\/2022\/09\/Jocotitlan-Reforestacion-040922-3.jpg","datePublished":"2022-09-19T16:20:00+00:00","dateModified":"2022-09-23T16:25:54+00:00","breadcrumb":{"@id":"https:\/\/21panorama.com\/index.php\/2022\/09\/19\/jornadas-de-reforestacion-en-jocotitlan-por-un-bosque-sano\/#breadcrumb"},"inLanguage":"es","potentialAction":[{"@type":"ReadAction","target":["https:\/\/21panorama.com\/index.php\/2022\/09\/19\/jornadas-de-reforestacion-en-jocotitlan-por-un-bosque-sano\/"]}]},{"@type":"ImageObject","inLanguage":"es","@id":"https:\/\/21panorama.com\/index.php\/2022\/09\/19\/jornadas-de-reforestacion-en-jocotitlan-por-un-bosque-sano\/#primaryimage","url":"https:\/\/21panorama.com\/wp-content\/uploads\/2022\/09\/Jocotitlan-Reforestacion-040922-3.jpg","contentUrl":"https:\/\/21panorama.com\/wp-content\/uploads\/2022\/09\/Jocotitlan-Reforestacion-040922-3.jpg","width":1440,"height":960},{"@type":"BreadcrumbList","@id":"https:\/\/21panorama.com\/index.php\/2022\/09\/19\/jornadas-de-reforestacion-en-jocotitlan-por-un-bosque-sano\/#breadcrumb","itemListElement":[{"@type":"ListItem","position":1,"name":"Inicio","item":"https:\/\/21panorama.com\/"},{"@type":"ListItem","position":2,"name":"JORNADAS DE REFORESTACI\u00d3N EN JOCOTITL\u00c1N \u201cPOR UN BOSQUE SANO\u201d"}]},{"@type":"WebSite","@id":"https:\/\/21panorama.com\/#website","url":"https:\/\/21panorama.com\/","name":"21 Panorama","description":"La construcci\u00f3n de la opini\u00f3n p\u00fablica merece un mejor Panorama en este siglo 21 para alcanzar una sociedad con mayor transparencia y sin corrupci\u00f3n.","publisher":{"@id":"https:\/\/21panorama.com\/#organization"},"potentialAction":[{"@type":"SearchAction","target":{"@type":"EntryPoint","urlTemplate":"https:\/\/21panorama.com\/?s={search_term_string}"},"query-input":{"@type":"PropertyValueSpecification","valueRequired":true,"valueName":"search_term_string"}}],"inLanguage":"es"},{"@type":"Organization","@id":"https:\/\/21panorama.com\/#organization","name":"21 Panorama","url":"https:\/\/21panorama.com\/","logo":{"@type":"ImageObject","inLanguage":"es","@id":"https:\/\/21panorama.com\/#\/schema\/logo\/image\/","url":"https:\/\/21panorama.com\/wp-content\/uploads\/2019\/07\/cropped-Logo-Panorama-01.jpeg","contentUrl":"https:\/\/21panorama.com\/wp-content\/uploads\/2019\/07\/cropped-Logo-Panorama-01.jpeg","width":290,"height":70,"caption":"21 Panorama"},"image":{"@id":"https:\/\/21panorama.com\/#\/schema\/logo\/image\/"}},{"@type":"Person","@id":"https:\/\/21panorama.com\/#\/schema\/person\/1afc291b96d5792a158768324287319f","name":"admin","image":{"@type":"ImageObject","inLanguage":"es","@id":"https:\/\/21panorama.com\/#\/schema\/person\/image\/","url":"https:\/\/secure.gravatar.com\/avatar\/ad365d9d9f46719215b0d042cc3df92a5a8683e09ef13d102233e5491985f0f0?s=96&d=mm&r=g","contentUrl":"https:\/\/secure.gravatar.com\/avatar\/ad365d9d9f46719215b0d042cc3df92a5a8683e09ef13d102233e5491985f0f0?s=96&d=mm&r=g","caption":"admin"},"url":"https:\/\/21panorama.com\/index.php\/author\/admin\/"}]}},"_links":{"self":[{"href":"https:\/\/21panorama.com\/index.php\/wp-json\/wp\/v2\/posts\/4189","targetHints":{"allow":["GET"]}}],"collection":[{"href":"https:\/\/21panorama.com\/index.php\/wp-json\/wp\/v2\/posts"}],"about":[{"href":"https:\/\/21panorama.com\/index.php\/wp-json\/wp\/v2\/types\/post"}],"author":[{"embeddable":true,"href":"https:\/\/21panorama.com\/index.php\/wp-json\/wp\/v2\/users\/1"}],"replies":[{"embeddable":true,"href":"https:\/\/21panorama.com\/index.php\/wp-json\/wp\/v2\/comments?post=4189"}],"version-history":[{"count":1,"href":"https:\/\/21panorama.com\/index.php\/wp-json\/wp\/v2\/posts\/4189\/revisions"}],"predecessor-version":[{"id":4190,"href":"https:\/\/21panorama.com\/index.php\/wp-json\/wp\/v2\/posts\/4189\/revisions\/4190"}],"wp:featuredmedia":[{"embeddable":true,"href":"https:\/\/21panorama.com\/index.php\/wp-json\/wp\/v2\/media\/4191"}],"wp:attachment":[{"href":"https:\/\/21panorama.com\/index.php\/wp-json\/wp\/v2\/media?parent=4189"}],"wp:term":[{"taxonomy":"category","embeddable":true,"href":"https:\/\/21panorama.com\/index.php\/wp-json\/wp\/v2\/categories?post=4189"},{"taxonomy":"post_tag","embeddable":true,"href":"https:\/\/21panorama.com\/index.php\/wp-json\/wp\/v2\/tags?post=4189"}],"curies":[{"name":"wp","href":"https:\/\/api.w.org\/{rel}","templated":true}]}}