{"id":4186,"date":"2022-09-16T11:14:00","date_gmt":"2022-09-16T16:14:00","guid":{"rendered":"https:\/\/21panorama.com\/?p=4186"},"modified":"2022-09-23T11:18:42","modified_gmt":"2022-09-23T16:18:42","slug":"jocotitlan-festeja-el-tradicional-grito-de-independencia","status":"publish","type":"post","link":"https:\/\/21panorama.com\/index.php\/2022\/09\/16\/jocotitlan-festeja-el-tradicional-grito-de-independencia\/","title":{"rendered":"JOCOTITL\u00c1N FESTEJA EL TRADICIONAL GRITO DE INDEPENDENCIA"},"content":{"rendered":"\n<p><\/p>\n\n\n\n<p>En el marco de la celebraci\u00f3n del grito de independencia en Jocotitl\u00e1n, el Presidente Municipal Jes\u00fas Cedillo Gonz\u00e1lez encabez\u00f3 la ceremonia del Tradicional Grito de Independencia, la cual inici\u00f3 con los honores al l\u00e1baro patrio, para despu\u00e9s salir al balc\u00f3n central del Palacio Municipal y arengar a los h\u00e9roes que dieron patria y libertad, culminando con el arraigado grito de \u00a1Viva M\u00e9xico! Al t\u00e9rmino de este acto se llev\u00f3 a cabo la quema de fuegos pirot\u00e9cnicos que iluminaron el cielo Jocotitlense deleitando a todos los asistentes y dejando ver orgullo de ser mexicanos.<\/p>\n\n\n\n<p>Posteriormente se dio lugar a la verbena popular con la participaci\u00f3n de grupos de danza, cantantes, grupos musicales y no pod\u00eda faltar el mariachi para hacer vibrar a la gente con las canciones que nos identifican en todo el mundialmente.<\/p>\n\n\n\n<p>Una noche mexicana de m\u00fasica, baile y tradici\u00f3n se vivi\u00f3 en la explanada municipal de Jocotitl\u00e1n, en donde la participaci\u00f3n art\u00edstica de la Banda La Tropa Loca, Banda La Hu\u00e9rfana y del Grupo Gatos Negros puso a cantar y a bailar a los asistentes, en un ambiente familiar y de armon\u00eda destacando a la Patria Mexicana que nos vio nacer.<\/p>\n\n\n\n<p>Una gran verbena popular fue la que se vivi\u00f3 en estas Fiestas Patrias con Encanto Jocotitl\u00e1n 2022, d\u00f3nde los Jocotitlenses pudieron degustar de la gastronom\u00eda 100% elaborada por manos mexicanas en donde las familias se re\u00fanen para convivir sanamente; as\u00ed mismo se pudo disfrutar de la Marimba Folcl\u00f3rica del Edo. M\u00e9x., Mariachi Joco y del Grupo Musical Imperio.<\/p>\n","protected":false},"excerpt":{"rendered":"<p>En el marco de la celebraci\u00f3n del grito de independencia en Jocotitl\u00e1n, el Presidente Municipal Jes\u00fas Cedillo Gonz\u00e1lez encabez\u00f3 la ceremonia del Tradicional Grito de Independencia, la cual inici\u00f3 con los honores al l\u00e1baro patrio, para despu\u00e9s salir al balc\u00f3n central del Palacio Municipal y arengar a los h\u00e9roes que dieron patria y libertad, culminando con el arraigado grito de \u00a1Viva M\u00e9xico! Al t\u00e9rmino de este acto se llev\u00f3 a cabo la quema de fuegos pirot\u00e9cnicos que iluminaron el cielo Jocotitlense deleitando a todos los asistentes y dejando ver orgullo de ser mexicanos.<\/p>\n","protected":false},"author":1,"featured_media":4187,"comment_status":"open","ping_status":"open","sticky":false,"template":"","format":"standard","meta":{"footnotes":""},"categories":[5,12,1],"tags":[97,325,42],"class_list":["post-4186","post","type-post","status-publish","format-standard","has-post-thumbnail","hentry","category-cultura","category-politica","category-sociedad","tag-edomex","tag-jesus-cedillo-gonzalez","tag-jocotitlan"],"yoast_head":"<!-- This site is optimized with the Yoast SEO plugin v24.9 - https:\/\/yoast.com\/wordpress\/plugins\/seo\/ -->\n<title>JOCOTITL\u00c1N FESTEJA EL TRADICIONAL GRITO DE INDEPENDENCIA - 21 Panorama<\/title>\n<meta name=\"robots\" content=\"index, follow, max-snippet:-1, max-image-preview:large, max-video-preview:-1\" \/>\n<link rel=\"canonical\" href=\"https:\/\/21panorama.com\/index.php\/2022\/09\/16\/jocotitlan-festeja-el-tradicional-grito-de-independencia\/\" \/>\n<meta property=\"og:locale\" content=\"es_MX\" \/>\n<meta property=\"og:type\" content=\"article\" \/>\n<meta property=\"og:title\" content=\"JOCOTITL\u00c1N FESTEJA EL TRADICIONAL GRITO DE INDEPENDENCIA - 21 Panorama\" \/>\n<meta property=\"og:description\" content=\"En el marco de la celebraci\u00f3n del grito de independencia en Jocotitl\u00e1n, el Presidente Municipal Jes\u00fas Cedillo Gonz\u00e1lez encabez\u00f3 la ceremonia del Tradicional Grito de Independencia, la cual inici\u00f3 con los honores al l\u00e1baro patrio, para despu\u00e9s salir al balc\u00f3n central del Palacio Municipal y arengar a los h\u00e9roes que dieron patria y libertad, culminando con el arraigado grito de \u00a1Viva M\u00e9xico! Al t\u00e9rmino de este acto se llev\u00f3 a cabo la quema de fuegos pirot\u00e9cnicos que iluminaron el cielo Jocotitlense deleitando a todos los asistentes y dejando ver orgullo de ser mexicanos.\" \/>\n<meta property=\"og:url\" content=\"https:\/\/21panorama.com\/index.php\/2022\/09\/16\/jocotitlan-festeja-el-tradicional-grito-de-independencia\/\" \/>\n<meta property=\"og:site_name\" content=\"21 Panorama\" \/>\n<meta property=\"article:published_time\" content=\"2022-09-16T16:14:00+00:00\" \/>\n<meta property=\"article:modified_time\" content=\"2022-09-23T16:18:42+00:00\" \/>\n<meta property=\"og:image\" content=\"https:\/\/21panorama.com\/wp-content\/uploads\/2022\/09\/Jocotitlan-Fiestas-Patrias-150922-2.jpg\" \/>\n\t<meta property=\"og:image:width\" content=\"1440\" \/>\n\t<meta property=\"og:image:height\" content=\"810\" \/>\n\t<meta property=\"og:image:type\" content=\"image\/jpeg\" \/>\n<meta name=\"author\" content=\"admin\" \/>\n<meta name=\"twitter:card\" content=\"summary_large_image\" \/>\n<meta name=\"twitter:label1\" content=\"Escrito por\" \/>\n\t<meta name=\"twitter:data1\" content=\"admin\" \/>\n\t<meta name=\"twitter:label2\" content=\"Tiempo de lectura\" \/>\n\t<meta name=\"twitter:data2\" content=\"2 minutos\" \/>\n<script type=\"application\/ld+json\" class=\"yoast-schema-graph\">{\"@context\":\"https:\/\/schema.org\",\"@graph\":[{\"@type\":\"Article\",\"@id\":\"https:\/\/21panorama.com\/index.php\/2022\/09\/16\/jocotitlan-festeja-el-tradicional-grito-de-independencia\/#article\",\"isPartOf\":{\"@id\":\"https:\/\/21panorama.com\/index.php\/2022\/09\/16\/jocotitlan-festeja-el-tradicional-grito-de-independencia\/\"},\"author\":{\"name\":\"admin\",\"@id\":\"https:\/\/21panorama.com\/#\/schema\/person\/1afc291b96d5792a158768324287319f\"},\"headline\":\"JOCOTITL\u00c1N FESTEJA EL TRADICIONAL GRITO DE INDEPENDENCIA\",\"datePublished\":\"2022-09-16T16:14:00+00:00\",\"dateModified\":\"2022-09-23T16:18:42+00:00\",\"mainEntityOfPage\":{\"@id\":\"https:\/\/21panorama.com\/index.php\/2022\/09\/16\/jocotitlan-festeja-el-tradicional-grito-de-independencia\/\"},\"wordCount\":283,\"commentCount\":0,\"publisher\":{\"@id\":\"https:\/\/21panorama.com\/#organization\"},\"image\":{\"@id\":\"https:\/\/21panorama.com\/index.php\/2022\/09\/16\/jocotitlan-festeja-el-tradicional-grito-de-independencia\/#primaryimage\"},\"thumbnailUrl\":\"https:\/\/21panorama.com\/wp-content\/uploads\/2022\/09\/Jocotitlan-Fiestas-Patrias-150922-2.jpg\",\"keywords\":[\"EDOMEX\",\"Jes\u00fas Cedillo Gonz\u00e1lez\",\"Jocotitl\u00e1n\"],\"articleSection\":[\"Cultura\",\"Politica\",\"Sociedad\"],\"inLanguage\":\"es\",\"potentialAction\":[{\"@type\":\"CommentAction\",\"name\":\"Comment\",\"target\":[\"https:\/\/21panorama.com\/index.php\/2022\/09\/16\/jocotitlan-festeja-el-tradicional-grito-de-independencia\/#respond\"]}]},{\"@type\":\"WebPage\",\"@id\":\"https:\/\/21panorama.com\/index.php\/2022\/09\/16\/jocotitlan-festeja-el-tradicional-grito-de-independencia\/\",\"url\":\"https:\/\/21panorama.com\/index.php\/2022\/09\/16\/jocotitlan-festeja-el-tradicional-grito-de-independencia\/\",\"name\":\"JOCOTITL\u00c1N FESTEJA EL TRADICIONAL GRITO DE INDEPENDENCIA - 21 Panorama\",\"isPartOf\":{\"@id\":\"https:\/\/21panorama.com\/#website\"},\"primaryImageOfPage\":{\"@id\":\"https:\/\/21panorama.com\/index.php\/2022\/09\/16\/jocotitlan-festeja-el-tradicional-grito-de-independencia\/#primaryimage\"},\"image\":{\"@id\":\"https:\/\/21panorama.com\/index.php\/2022\/09\/16\/jocotitlan-festeja-el-tradicional-grito-de-independencia\/#primaryimage\"},\"thumbnailUrl\":\"https:\/\/21panorama.com\/wp-content\/uploads\/2022\/09\/Jocotitlan-Fiestas-Patrias-150922-2.jpg\",\"datePublished\":\"2022-09-16T16:14:00+00:00\",\"dateModified\":\"2022-09-23T16:18:42+00:00\",\"breadcrumb\":{\"@id\":\"https:\/\/21panorama.com\/index.php\/2022\/09\/16\/jocotitlan-festeja-el-tradicional-grito-de-independencia\/#breadcrumb\"},\"inLanguage\":\"es\",\"potentialAction\":[{\"@type\":\"ReadAction\",\"target\":[\"https:\/\/21panorama.com\/index.php\/2022\/09\/16\/jocotitlan-festeja-el-tradicional-grito-de-independencia\/\"]}]},{\"@type\":\"ImageObject\",\"inLanguage\":\"es\",\"@id\":\"https:\/\/21panorama.com\/index.php\/2022\/09\/16\/jocotitlan-festeja-el-tradicional-grito-de-independencia\/#primaryimage\",\"url\":\"https:\/\/21panorama.com\/wp-content\/uploads\/2022\/09\/Jocotitlan-Fiestas-Patrias-150922-2.jpg\",\"contentUrl\":\"https:\/\/21panorama.com\/wp-content\/uploads\/2022\/09\/Jocotitlan-Fiestas-Patrias-150922-2.jpg\",\"width\":1440,\"height\":810},{\"@type\":\"BreadcrumbList\",\"@id\":\"https:\/\/21panorama.com\/index.php\/2022\/09\/16\/jocotitlan-festeja-el-tradicional-grito-de-independencia\/#breadcrumb\",\"itemListElement\":[{\"@type\":\"ListItem\",\"position\":1,\"name\":\"Inicio\",\"item\":\"https:\/\/21panorama.com\/\"},{\"@type\":\"ListItem\",\"position\":2,\"name\":\"JOCOTITL\u00c1N FESTEJA EL TRADICIONAL GRITO DE INDEPENDENCIA\"}]},{\"@type\":\"WebSite\",\"@id\":\"https:\/\/21panorama.com\/#website\",\"url\":\"https:\/\/21panorama.com\/\",\"name\":\"21 Panorama\",\"description\":\"La construcci\u00f3n de la opini\u00f3n p\u00fablica merece un mejor Panorama en este siglo 21 para alcanzar una sociedad con mayor transparencia y sin corrupci\u00f3n.\",\"publisher\":{\"@id\":\"https:\/\/21panorama.com\/#organization\"},\"potentialAction\":[{\"@type\":\"SearchAction\",\"target\":{\"@type\":\"EntryPoint\",\"urlTemplate\":\"https:\/\/21panorama.com\/?s={search_term_string}\"},\"query-input\":{\"@type\":\"PropertyValueSpecification\",\"valueRequired\":true,\"valueName\":\"search_term_string\"}}],\"inLanguage\":\"es\"},{\"@type\":\"Organization\",\"@id\":\"https:\/\/21panorama.com\/#organization\",\"name\":\"21 Panorama\",\"url\":\"https:\/\/21panorama.com\/\",\"logo\":{\"@type\":\"ImageObject\",\"inLanguage\":\"es\",\"@id\":\"https:\/\/21panorama.com\/#\/schema\/logo\/image\/\",\"url\":\"https:\/\/21panorama.com\/wp-content\/uploads\/2019\/07\/cropped-Logo-Panorama-01.jpeg\",\"contentUrl\":\"https:\/\/21panorama.com\/wp-content\/uploads\/2019\/07\/cropped-Logo-Panorama-01.jpeg\",\"width\":290,\"height\":70,\"caption\":\"21 Panorama\"},\"image\":{\"@id\":\"https:\/\/21panorama.com\/#\/schema\/logo\/image\/\"}},{\"@type\":\"Person\",\"@id\":\"https:\/\/21panorama.com\/#\/schema\/person\/1afc291b96d5792a158768324287319f\",\"name\":\"admin\",\"image\":{\"@type\":\"ImageObject\",\"inLanguage\":\"es\",\"@id\":\"https:\/\/21panorama.com\/#\/schema\/person\/image\/\",\"url\":\"https:\/\/secure.gravatar.com\/avatar\/ad365d9d9f46719215b0d042cc3df92a5a8683e09ef13d102233e5491985f0f0?s=96&d=mm&r=g\",\"contentUrl\":\"https:\/\/secure.gravatar.com\/avatar\/ad365d9d9f46719215b0d042cc3df92a5a8683e09ef13d102233e5491985f0f0?s=96&d=mm&r=g\",\"caption\":\"admin\"},\"url\":\"https:\/\/21panorama.com\/index.php\/author\/admin\/\"}]}<\/script>\n<!-- \/ Yoast SEO plugin. -->","yoast_head_json":{"title":"JOCOTITL\u00c1N FESTEJA EL TRADICIONAL GRITO DE INDEPENDENCIA - 21 Panorama","robots":{"index":"index","follow":"follow","max-snippet":"max-snippet:-1","max-image-preview":"max-image-preview:large","max-video-preview":"max-video-preview:-1"},"canonical":"https:\/\/21panorama.com\/index.php\/2022\/09\/16\/jocotitlan-festeja-el-tradicional-grito-de-independencia\/","og_locale":"es_MX","og_type":"article","og_title":"JOCOTITL\u00c1N FESTEJA EL TRADICIONAL GRITO DE INDEPENDENCIA - 21 Panorama","og_description":"En el marco de la celebraci\u00f3n del grito de independencia en Jocotitl\u00e1n, el Presidente Municipal Jes\u00fas Cedillo Gonz\u00e1lez encabez\u00f3 la ceremonia del Tradicional Grito de Independencia, la cual inici\u00f3 con los honores al l\u00e1baro patrio, para despu\u00e9s salir al balc\u00f3n central del Palacio Municipal y arengar a los h\u00e9roes que dieron patria y libertad, culminando con el arraigado grito de \u00a1Viva M\u00e9xico! Al t\u00e9rmino de este acto se llev\u00f3 a cabo la quema de fuegos pirot\u00e9cnicos que iluminaron el cielo Jocotitlense deleitando a todos los asistentes y dejando ver orgullo de ser mexicanos.","og_url":"https:\/\/21panorama.com\/index.php\/2022\/09\/16\/jocotitlan-festeja-el-tradicional-grito-de-independencia\/","og_site_name":"21 Panorama","article_published_time":"2022-09-16T16:14:00+00:00","article_modified_time":"2022-09-23T16:18:42+00:00","og_image":[{"width":1440,"height":810,"url":"https:\/\/21panorama.com\/wp-content\/uploads\/2022\/09\/Jocotitlan-Fiestas-Patrias-150922-2.jpg","type":"image\/jpeg"}],"author":"admin","twitter_card":"summary_large_image","twitter_misc":{"Escrito por":"admin","Tiempo de lectura":"2 minutos"},"schema":{"@context":"https:\/\/schema.org","@graph":[{"@type":"Article","@id":"https:\/\/21panorama.com\/index.php\/2022\/09\/16\/jocotitlan-festeja-el-tradicional-grito-de-independencia\/#article","isPartOf":{"@id":"https:\/\/21panorama.com\/index.php\/2022\/09\/16\/jocotitlan-festeja-el-tradicional-grito-de-independencia\/"},"author":{"name":"admin","@id":"https:\/\/21panorama.com\/#\/schema\/person\/1afc291b96d5792a158768324287319f"},"headline":"JOCOTITL\u00c1N FESTEJA EL TRADICIONAL GRITO DE INDEPENDENCIA","datePublished":"2022-09-16T16:14:00+00:00","dateModified":"2022-09-23T16:18:42+00:00","mainEntityOfPage":{"@id":"https:\/\/21panorama.com\/index.php\/2022\/09\/16\/jocotitlan-festeja-el-tradicional-grito-de-independencia\/"},"wordCount":283,"commentCount":0,"publisher":{"@id":"https:\/\/21panorama.com\/#organization"},"image":{"@id":"https:\/\/21panorama.com\/index.php\/2022\/09\/16\/jocotitlan-festeja-el-tradicional-grito-de-independencia\/#primaryimage"},"thumbnailUrl":"https:\/\/21panorama.com\/wp-content\/uploads\/2022\/09\/Jocotitlan-Fiestas-Patrias-150922-2.jpg","keywords":["EDOMEX","Jes\u00fas Cedillo Gonz\u00e1lez","Jocotitl\u00e1n"],"articleSection":["Cultura","Politica","Sociedad"],"inLanguage":"es","potentialAction":[{"@type":"CommentAction","name":"Comment","target":["https:\/\/21panorama.com\/index.php\/2022\/09\/16\/jocotitlan-festeja-el-tradicional-grito-de-independencia\/#respond"]}]},{"@type":"WebPage","@id":"https:\/\/21panorama.com\/index.php\/2022\/09\/16\/jocotitlan-festeja-el-tradicional-grito-de-independencia\/","url":"https:\/\/21panorama.com\/index.php\/2022\/09\/16\/jocotitlan-festeja-el-tradicional-grito-de-independencia\/","name":"JOCOTITL\u00c1N FESTEJA EL TRADICIONAL GRITO DE INDEPENDENCIA - 21 Panorama","isPartOf":{"@id":"https:\/\/21panorama.com\/#website"},"primaryImageOfPage":{"@id":"https:\/\/21panorama.com\/index.php\/2022\/09\/16\/jocotitlan-festeja-el-tradicional-grito-de-independencia\/#primaryimage"},"image":{"@id":"https:\/\/21panorama.com\/index.php\/2022\/09\/16\/jocotitlan-festeja-el-tradicional-grito-de-independencia\/#primaryimage"},"thumbnailUrl":"https:\/\/21panorama.com\/wp-content\/uploads\/2022\/09\/Jocotitlan-Fiestas-Patrias-150922-2.jpg","datePublished":"2022-09-16T16:14:00+00:00","dateModified":"2022-09-23T16:18:42+00:00","breadcrumb":{"@id":"https:\/\/21panorama.com\/index.php\/2022\/09\/16\/jocotitlan-festeja-el-tradicional-grito-de-independencia\/#breadcrumb"},"inLanguage":"es","potentialAction":[{"@type":"ReadAction","target":["https:\/\/21panorama.com\/index.php\/2022\/09\/16\/jocotitlan-festeja-el-tradicional-grito-de-independencia\/"]}]},{"@type":"ImageObject","inLanguage":"es","@id":"https:\/\/21panorama.com\/index.php\/2022\/09\/16\/jocotitlan-festeja-el-tradicional-grito-de-independencia\/#primaryimage","url":"https:\/\/21panorama.com\/wp-content\/uploads\/2022\/09\/Jocotitlan-Fiestas-Patrias-150922-2.jpg","contentUrl":"https:\/\/21panorama.com\/wp-content\/uploads\/2022\/09\/Jocotitlan-Fiestas-Patrias-150922-2.jpg","width":1440,"height":810},{"@type":"BreadcrumbList","@id":"https:\/\/21panorama.com\/index.php\/2022\/09\/16\/jocotitlan-festeja-el-tradicional-grito-de-independencia\/#breadcrumb","itemListElement":[{"@type":"ListItem","position":1,"name":"Inicio","item":"https:\/\/21panorama.com\/"},{"@type":"ListItem","position":2,"name":"JOCOTITL\u00c1N FESTEJA EL TRADICIONAL GRITO DE INDEPENDENCIA"}]},{"@type":"WebSite","@id":"https:\/\/21panorama.com\/#website","url":"https:\/\/21panorama.com\/","name":"21 Panorama","description":"La construcci\u00f3n de la opini\u00f3n p\u00fablica merece un mejor Panorama en este siglo 21 para alcanzar una sociedad con mayor transparencia y sin corrupci\u00f3n.","publisher":{"@id":"https:\/\/21panorama.com\/#organization"},"potentialAction":[{"@type":"SearchAction","target":{"@type":"EntryPoint","urlTemplate":"https:\/\/21panorama.com\/?s={search_term_string}"},"query-input":{"@type":"PropertyValueSpecification","valueRequired":true,"valueName":"search_term_string"}}],"inLanguage":"es"},{"@type":"Organization","@id":"https:\/\/21panorama.com\/#organization","name":"21 Panorama","url":"https:\/\/21panorama.com\/","logo":{"@type":"ImageObject","inLanguage":"es","@id":"https:\/\/21panorama.com\/#\/schema\/logo\/image\/","url":"https:\/\/21panorama.com\/wp-content\/uploads\/2019\/07\/cropped-Logo-Panorama-01.jpeg","contentUrl":"https:\/\/21panorama.com\/wp-content\/uploads\/2019\/07\/cropped-Logo-Panorama-01.jpeg","width":290,"height":70,"caption":"21 Panorama"},"image":{"@id":"https:\/\/21panorama.com\/#\/schema\/logo\/image\/"}},{"@type":"Person","@id":"https:\/\/21panorama.com\/#\/schema\/person\/1afc291b96d5792a158768324287319f","name":"admin","image":{"@type":"ImageObject","inLanguage":"es","@id":"https:\/\/21panorama.com\/#\/schema\/person\/image\/","url":"https:\/\/secure.gravatar.com\/avatar\/ad365d9d9f46719215b0d042cc3df92a5a8683e09ef13d102233e5491985f0f0?s=96&d=mm&r=g","contentUrl":"https:\/\/secure.gravatar.com\/avatar\/ad365d9d9f46719215b0d042cc3df92a5a8683e09ef13d102233e5491985f0f0?s=96&d=mm&r=g","caption":"admin"},"url":"https:\/\/21panorama.com\/index.php\/author\/admin\/"}]}},"_links":{"self":[{"href":"https:\/\/21panorama.com\/index.php\/wp-json\/wp\/v2\/posts\/4186","targetHints":{"allow":["GET"]}}],"collection":[{"href":"https:\/\/21panorama.com\/index.php\/wp-json\/wp\/v2\/posts"}],"about":[{"href":"https:\/\/21panorama.com\/index.php\/wp-json\/wp\/v2\/types\/post"}],"author":[{"embeddable":true,"href":"https:\/\/21panorama.com\/index.php\/wp-json\/wp\/v2\/users\/1"}],"replies":[{"embeddable":true,"href":"https:\/\/21panorama.com\/index.php\/wp-json\/wp\/v2\/comments?post=4186"}],"version-history":[{"count":1,"href":"https:\/\/21panorama.com\/index.php\/wp-json\/wp\/v2\/posts\/4186\/revisions"}],"predecessor-version":[{"id":4188,"href":"https:\/\/21panorama.com\/index.php\/wp-json\/wp\/v2\/posts\/4186\/revisions\/4188"}],"wp:featuredmedia":[{"embeddable":true,"href":"https:\/\/21panorama.com\/index.php\/wp-json\/wp\/v2\/media\/4187"}],"wp:attachment":[{"href":"https:\/\/21panorama.com\/index.php\/wp-json\/wp\/v2\/media?parent=4186"}],"wp:term":[{"taxonomy":"category","embeddable":true,"href":"https:\/\/21panorama.com\/index.php\/wp-json\/wp\/v2\/categories?post=4186"},{"taxonomy":"post_tag","embeddable":true,"href":"https:\/\/21panorama.com\/index.php\/wp-json\/wp\/v2\/tags?post=4186"}],"curies":[{"name":"wp","href":"https:\/\/api.w.org\/{rel}","templated":true}]}}