{"id":4169,"date":"2022-09-16T02:59:31","date_gmt":"2022-09-16T07:59:31","guid":{"rendered":"https:\/\/21panorama.com\/?p=4169"},"modified":"2022-09-16T02:59:32","modified_gmt":"2022-09-16T07:59:32","slug":"recuerdan-en-edomex-a-los-heroes-que-lucharon-por-la-libertad-del-pais-en-el-212-aniversario-del-inicio-de-la-independencia-de-mexico","status":"publish","type":"post","link":"https:\/\/21panorama.com\/index.php\/2022\/09\/16\/recuerdan-en-edomex-a-los-heroes-que-lucharon-por-la-libertad-del-pais-en-el-212-aniversario-del-inicio-de-la-independencia-de-mexico\/","title":{"rendered":"RECUERDAN EN EDOM\u00c9X A LOS H\u00c9ROES QUE LUCHARON POR LA LIBERTAD DEL PA\u00cdS, EN EL 212 ANIVERSARIO DEL INICIO DE LA INDEPENDENCIA DE M\u00c9XICO"},"content":{"rendered":"\n<p><\/p>\n\n\n\n<p>\u2022 Encabeza Gobernador Alfredo Del Mazo la celebraci\u00f3n por el 212 aniversario del inicio de la Independencia de M\u00e9xico.<\/p>\n\n\n\n<p>\u2022 Festejan mexiquenses con la presentaci\u00f3n de grupos culturales y musicales en el centro de Toluca.<\/p>\n\n\n\n<p>En punto de las 23:00 horas, como cada a\u00f1o, los mexiquenses recordaron a los h\u00e9roes que lucharon para dar libertad a nuestro pa\u00eds, hora en la que el Gobernador Alfredo Del Mazo Maza sali\u00f3 al balc\u00f3n central de Palacio de Gobierno y dio el tradicional Grito de Independencia.<\/p>\n\n\n\n<p>En la celebraci\u00f3n del 212 aniversario del inicio de la Independencia de M\u00e9xico, el Gobernador mexiquense estuvo acompa\u00f1ado por su esposa, Fernanda Castillo de Del Mazo, as\u00ed como de los representantes de los Poderes Legislativo y Judicial del Estado de M\u00e9xico, los Diputados locales Enrique Jacob Rocha, Presidente de la Mesa Directiva, y Maurilio Hern\u00e1ndez Gonz\u00e1lez, Presidente de la Junta de Coordinaci\u00f3n Pol\u00edtica, ambos de la LXI Legislatura del Estado de M\u00e9xico, as\u00ed como Ricardo Sodi Cuellar, Presidente del Tribunal Superior de Justicia y del Consejo de la Judicatura.<\/p>\n\n\n\n<figure class=\"wp-block-image size-large\"><img decoding=\"async\" width=\"1024\" height=\"575\" src=\"https:\/\/21panorama.com\/wp-content\/uploads\/2022\/09\/Edomex-Fiestas-Patrias-150922-8-1024x575.jpg\" alt=\"\" class=\"wp-image-4171\" srcset=\"https:\/\/21panorama.com\/wp-content\/uploads\/2022\/09\/Edomex-Fiestas-Patrias-150922-8-1024x575.jpg 1024w, https:\/\/21panorama.com\/wp-content\/uploads\/2022\/09\/Edomex-Fiestas-Patrias-150922-8-300x169.jpg 300w, https:\/\/21panorama.com\/wp-content\/uploads\/2022\/09\/Edomex-Fiestas-Patrias-150922-8-768x431.jpg 768w, https:\/\/21panorama.com\/wp-content\/uploads\/2022\/09\/Edomex-Fiestas-Patrias-150922-8.jpg 1280w\" sizes=\"(max-width: 1024px) 100vw, 1024px\" \/><\/figure>\n\n\n\n<p>Previo al Grito de la Independencia los asistentes a la verbena popular que se dieron cita en la Plaza de los M\u00e1rtires de la ciudad de Toluca, disfrutaron de la presentaci\u00f3n de la Compa\u00f1\u00eda Mexiquense de Danzas Regionales y diversos n\u00fameros musicales con La Sonora Dinamita de Lucho Arga\u00edn y Elsa L\u00f3pez.<\/p>\n\n\n\n<p>Posteriormente a la Ceremonia del Grito de Independencia, se realiz\u00f3 un espect\u00e1culo de fuegos artificiales y al finalizar inici\u00f3 la presentaci\u00f3n de la banda de regional mexicano La Adictiva.<\/p>\n\n\n\n<p>Al evento asistieron integrantes del Gabinete Legal y Ampliado del Gobierno del Estado de M\u00e9xico, el titular de la 22 Zona Militar, Federico San Juan Rosales, el Fiscal General de Justicia de la entidad, Jos\u00e9 Luis Cervantes Mart\u00ednez, y el Alcalde de Toluca, Raymundo Mart\u00ednez Carbajal, entre otros.<\/p>\n\n\n\n<p>El tradicional festejo del aniversario por el inicio de la Independencia de M\u00e9xico fue resguardado por elementos de la Secretar\u00eda de Seguridad del Estado de M\u00e9xico, mediante un operativo que permiti\u00f3 cuidar de la integridad de los mexiquenses que formaron parte de la conmemoraci\u00f3n.<\/p>\n","protected":false},"excerpt":{"rendered":"<p>Encabeza Gobernador Alfredo Del Mazo la celebraci\u00f3n por el 212 aniversario del inicio de la Independencia de M\u00e9xico.<\/p>\n","protected":false},"author":1,"featured_media":4170,"comment_status":"open","ping_status":"open","sticky":false,"template":"","format":"standard","meta":{"footnotes":""},"categories":[5,8,12,1],"tags":[322,97,33],"class_list":["post-4169","post","type-post","status-publish","format-standard","has-post-thumbnail","hentry","category-cultura","category-internacional","category-politica","category-sociedad","tag-alfredo-del-mazo","tag-edomex","tag-pri"],"yoast_head":"<!-- This site is optimized with the Yoast SEO plugin v24.9 - https:\/\/yoast.com\/wordpress\/plugins\/seo\/ -->\n<title>RECUERDAN EN EDOM\u00c9X A LOS H\u00c9ROES QUE LUCHARON POR LA LIBERTAD DEL PA\u00cdS, EN EL 212 ANIVERSARIO DEL INICIO DE LA INDEPENDENCIA DE M\u00c9XICO - 21 Panorama<\/title>\n<meta name=\"robots\" content=\"index, follow, max-snippet:-1, max-image-preview:large, max-video-preview:-1\" \/>\n<link rel=\"canonical\" href=\"https:\/\/21panorama.com\/index.php\/2022\/09\/16\/recuerdan-en-edomex-a-los-heroes-que-lucharon-por-la-libertad-del-pais-en-el-212-aniversario-del-inicio-de-la-independencia-de-mexico\/\" \/>\n<meta property=\"og:locale\" content=\"es_MX\" \/>\n<meta property=\"og:type\" content=\"article\" \/>\n<meta property=\"og:title\" content=\"RECUERDAN EN EDOM\u00c9X A LOS H\u00c9ROES QUE LUCHARON POR LA LIBERTAD DEL PA\u00cdS, EN EL 212 ANIVERSARIO DEL INICIO DE LA INDEPENDENCIA DE M\u00c9XICO - 21 Panorama\" \/>\n<meta property=\"og:description\" content=\"Encabeza Gobernador Alfredo Del Mazo la celebraci\u00f3n por el 212 aniversario del inicio de la Independencia de M\u00e9xico.\" \/>\n<meta property=\"og:url\" content=\"https:\/\/21panorama.com\/index.php\/2022\/09\/16\/recuerdan-en-edomex-a-los-heroes-que-lucharon-por-la-libertad-del-pais-en-el-212-aniversario-del-inicio-de-la-independencia-de-mexico\/\" \/>\n<meta property=\"og:site_name\" content=\"21 Panorama\" \/>\n<meta property=\"article:published_time\" content=\"2022-09-16T07:59:31+00:00\" \/>\n<meta property=\"article:modified_time\" content=\"2022-09-16T07:59:32+00:00\" \/>\n<meta property=\"og:image\" content=\"https:\/\/21panorama.com\/wp-content\/uploads\/2022\/09\/Edomex-Fiestas-Patrias-150922-6.jpg\" \/>\n\t<meta property=\"og:image:width\" content=\"1280\" \/>\n\t<meta property=\"og:image:height\" content=\"719\" \/>\n\t<meta property=\"og:image:type\" content=\"image\/jpeg\" \/>\n<meta name=\"author\" content=\"admin\" \/>\n<meta name=\"twitter:card\" content=\"summary_large_image\" \/>\n<meta name=\"twitter:label1\" content=\"Escrito por\" \/>\n\t<meta name=\"twitter:data1\" content=\"admin\" \/>\n\t<meta name=\"twitter:label2\" content=\"Tiempo de lectura\" \/>\n\t<meta name=\"twitter:data2\" content=\"2 minutos\" \/>\n<script type=\"application\/ld+json\" class=\"yoast-schema-graph\">{\"@context\":\"https:\/\/schema.org\",\"@graph\":[{\"@type\":\"Article\",\"@id\":\"https:\/\/21panorama.com\/index.php\/2022\/09\/16\/recuerdan-en-edomex-a-los-heroes-que-lucharon-por-la-libertad-del-pais-en-el-212-aniversario-del-inicio-de-la-independencia-de-mexico\/#article\",\"isPartOf\":{\"@id\":\"https:\/\/21panorama.com\/index.php\/2022\/09\/16\/recuerdan-en-edomex-a-los-heroes-que-lucharon-por-la-libertad-del-pais-en-el-212-aniversario-del-inicio-de-la-independencia-de-mexico\/\"},\"author\":{\"name\":\"admin\",\"@id\":\"https:\/\/21panorama.com\/#\/schema\/person\/1afc291b96d5792a158768324287319f\"},\"headline\":\"RECUERDAN EN EDOM\u00c9X A LOS H\u00c9ROES QUE LUCHARON POR LA LIBERTAD DEL PA\u00cdS, EN EL 212 ANIVERSARIO DEL INICIO DE LA INDEPENDENCIA DE M\u00c9XICO\",\"datePublished\":\"2022-09-16T07:59:31+00:00\",\"dateModified\":\"2022-09-16T07:59:32+00:00\",\"mainEntityOfPage\":{\"@id\":\"https:\/\/21panorama.com\/index.php\/2022\/09\/16\/recuerdan-en-edomex-a-los-heroes-que-lucharon-por-la-libertad-del-pais-en-el-212-aniversario-del-inicio-de-la-independencia-de-mexico\/\"},\"wordCount\":397,\"commentCount\":0,\"publisher\":{\"@id\":\"https:\/\/21panorama.com\/#organization\"},\"image\":{\"@id\":\"https:\/\/21panorama.com\/index.php\/2022\/09\/16\/recuerdan-en-edomex-a-los-heroes-que-lucharon-por-la-libertad-del-pais-en-el-212-aniversario-del-inicio-de-la-independencia-de-mexico\/#primaryimage\"},\"thumbnailUrl\":\"https:\/\/21panorama.com\/wp-content\/uploads\/2022\/09\/Edomex-Fiestas-Patrias-150922-6.jpg\",\"keywords\":[\"Alfredo del Mazo\",\"EDOMEX\",\"PRI\"],\"articleSection\":[\"Cultura\",\"Internacional\",\"Politica\",\"Sociedad\"],\"inLanguage\":\"es\",\"potentialAction\":[{\"@type\":\"CommentAction\",\"name\":\"Comment\",\"target\":[\"https:\/\/21panorama.com\/index.php\/2022\/09\/16\/recuerdan-en-edomex-a-los-heroes-que-lucharon-por-la-libertad-del-pais-en-el-212-aniversario-del-inicio-de-la-independencia-de-mexico\/#respond\"]}]},{\"@type\":\"WebPage\",\"@id\":\"https:\/\/21panorama.com\/index.php\/2022\/09\/16\/recuerdan-en-edomex-a-los-heroes-que-lucharon-por-la-libertad-del-pais-en-el-212-aniversario-del-inicio-de-la-independencia-de-mexico\/\",\"url\":\"https:\/\/21panorama.com\/index.php\/2022\/09\/16\/recuerdan-en-edomex-a-los-heroes-que-lucharon-por-la-libertad-del-pais-en-el-212-aniversario-del-inicio-de-la-independencia-de-mexico\/\",\"name\":\"RECUERDAN EN EDOM\u00c9X A LOS H\u00c9ROES QUE LUCHARON POR LA LIBERTAD DEL PA\u00cdS, EN EL 212 ANIVERSARIO DEL INICIO DE LA INDEPENDENCIA DE M\u00c9XICO - 21 Panorama\",\"isPartOf\":{\"@id\":\"https:\/\/21panorama.com\/#website\"},\"primaryImageOfPage\":{\"@id\":\"https:\/\/21panorama.com\/index.php\/2022\/09\/16\/recuerdan-en-edomex-a-los-heroes-que-lucharon-por-la-libertad-del-pais-en-el-212-aniversario-del-inicio-de-la-independencia-de-mexico\/#primaryimage\"},\"image\":{\"@id\":\"https:\/\/21panorama.com\/index.php\/2022\/09\/16\/recuerdan-en-edomex-a-los-heroes-que-lucharon-por-la-libertad-del-pais-en-el-212-aniversario-del-inicio-de-la-independencia-de-mexico\/#primaryimage\"},\"thumbnailUrl\":\"https:\/\/21panorama.com\/wp-content\/uploads\/2022\/09\/Edomex-Fiestas-Patrias-150922-6.jpg\",\"datePublished\":\"2022-09-16T07:59:31+00:00\",\"dateModified\":\"2022-09-16T07:59:32+00:00\",\"breadcrumb\":{\"@id\":\"https:\/\/21panorama.com\/index.php\/2022\/09\/16\/recuerdan-en-edomex-a-los-heroes-que-lucharon-por-la-libertad-del-pais-en-el-212-aniversario-del-inicio-de-la-independencia-de-mexico\/#breadcrumb\"},\"inLanguage\":\"es\",\"potentialAction\":[{\"@type\":\"ReadAction\",\"target\":[\"https:\/\/21panorama.com\/index.php\/2022\/09\/16\/recuerdan-en-edomex-a-los-heroes-que-lucharon-por-la-libertad-del-pais-en-el-212-aniversario-del-inicio-de-la-independencia-de-mexico\/\"]}]},{\"@type\":\"ImageObject\",\"inLanguage\":\"es\",\"@id\":\"https:\/\/21panorama.com\/index.php\/2022\/09\/16\/recuerdan-en-edomex-a-los-heroes-que-lucharon-por-la-libertad-del-pais-en-el-212-aniversario-del-inicio-de-la-independencia-de-mexico\/#primaryimage\",\"url\":\"https:\/\/21panorama.com\/wp-content\/uploads\/2022\/09\/Edomex-Fiestas-Patrias-150922-6.jpg\",\"contentUrl\":\"https:\/\/21panorama.com\/wp-content\/uploads\/2022\/09\/Edomex-Fiestas-Patrias-150922-6.jpg\",\"width\":1280,\"height\":719},{\"@type\":\"BreadcrumbList\",\"@id\":\"https:\/\/21panorama.com\/index.php\/2022\/09\/16\/recuerdan-en-edomex-a-los-heroes-que-lucharon-por-la-libertad-del-pais-en-el-212-aniversario-del-inicio-de-la-independencia-de-mexico\/#breadcrumb\",\"itemListElement\":[{\"@type\":\"ListItem\",\"position\":1,\"name\":\"Inicio\",\"item\":\"https:\/\/21panorama.com\/\"},{\"@type\":\"ListItem\",\"position\":2,\"name\":\"RECUERDAN EN EDOM\u00c9X A LOS H\u00c9ROES QUE LUCHARON POR LA LIBERTAD DEL PA\u00cdS, EN EL 212 ANIVERSARIO DEL INICIO DE LA INDEPENDENCIA DE M\u00c9XICO\"}]},{\"@type\":\"WebSite\",\"@id\":\"https:\/\/21panorama.com\/#website\",\"url\":\"https:\/\/21panorama.com\/\",\"name\":\"21 Panorama\",\"description\":\"La construcci\u00f3n de la opini\u00f3n p\u00fablica merece un mejor Panorama en este siglo 21 para alcanzar una sociedad con mayor transparencia y sin corrupci\u00f3n.\",\"publisher\":{\"@id\":\"https:\/\/21panorama.com\/#organization\"},\"potentialAction\":[{\"@type\":\"SearchAction\",\"target\":{\"@type\":\"EntryPoint\",\"urlTemplate\":\"https:\/\/21panorama.com\/?s={search_term_string}\"},\"query-input\":{\"@type\":\"PropertyValueSpecification\",\"valueRequired\":true,\"valueName\":\"search_term_string\"}}],\"inLanguage\":\"es\"},{\"@type\":\"Organization\",\"@id\":\"https:\/\/21panorama.com\/#organization\",\"name\":\"21 Panorama\",\"url\":\"https:\/\/21panorama.com\/\",\"logo\":{\"@type\":\"ImageObject\",\"inLanguage\":\"es\",\"@id\":\"https:\/\/21panorama.com\/#\/schema\/logo\/image\/\",\"url\":\"https:\/\/21panorama.com\/wp-content\/uploads\/2019\/07\/cropped-Logo-Panorama-01.jpeg\",\"contentUrl\":\"https:\/\/21panorama.com\/wp-content\/uploads\/2019\/07\/cropped-Logo-Panorama-01.jpeg\",\"width\":290,\"height\":70,\"caption\":\"21 Panorama\"},\"image\":{\"@id\":\"https:\/\/21panorama.com\/#\/schema\/logo\/image\/\"}},{\"@type\":\"Person\",\"@id\":\"https:\/\/21panorama.com\/#\/schema\/person\/1afc291b96d5792a158768324287319f\",\"name\":\"admin\",\"image\":{\"@type\":\"ImageObject\",\"inLanguage\":\"es\",\"@id\":\"https:\/\/21panorama.com\/#\/schema\/person\/image\/\",\"url\":\"https:\/\/secure.gravatar.com\/avatar\/ad365d9d9f46719215b0d042cc3df92a5a8683e09ef13d102233e5491985f0f0?s=96&d=mm&r=g\",\"contentUrl\":\"https:\/\/secure.gravatar.com\/avatar\/ad365d9d9f46719215b0d042cc3df92a5a8683e09ef13d102233e5491985f0f0?s=96&d=mm&r=g\",\"caption\":\"admin\"},\"url\":\"https:\/\/21panorama.com\/index.php\/author\/admin\/\"}]}<\/script>\n<!-- \/ Yoast SEO plugin. -->","yoast_head_json":{"title":"RECUERDAN EN EDOM\u00c9X A LOS H\u00c9ROES QUE LUCHARON POR LA LIBERTAD DEL PA\u00cdS, EN EL 212 ANIVERSARIO DEL INICIO DE LA INDEPENDENCIA DE M\u00c9XICO - 21 Panorama","robots":{"index":"index","follow":"follow","max-snippet":"max-snippet:-1","max-image-preview":"max-image-preview:large","max-video-preview":"max-video-preview:-1"},"canonical":"https:\/\/21panorama.com\/index.php\/2022\/09\/16\/recuerdan-en-edomex-a-los-heroes-que-lucharon-por-la-libertad-del-pais-en-el-212-aniversario-del-inicio-de-la-independencia-de-mexico\/","og_locale":"es_MX","og_type":"article","og_title":"RECUERDAN EN EDOM\u00c9X A LOS H\u00c9ROES QUE LUCHARON POR LA LIBERTAD DEL PA\u00cdS, EN EL 212 ANIVERSARIO DEL INICIO DE LA INDEPENDENCIA DE M\u00c9XICO - 21 Panorama","og_description":"Encabeza Gobernador Alfredo Del Mazo la celebraci\u00f3n por el 212 aniversario del inicio de la Independencia de M\u00e9xico.","og_url":"https:\/\/21panorama.com\/index.php\/2022\/09\/16\/recuerdan-en-edomex-a-los-heroes-que-lucharon-por-la-libertad-del-pais-en-el-212-aniversario-del-inicio-de-la-independencia-de-mexico\/","og_site_name":"21 Panorama","article_published_time":"2022-09-16T07:59:31+00:00","article_modified_time":"2022-09-16T07:59:32+00:00","og_image":[{"width":1280,"height":719,"url":"https:\/\/21panorama.com\/wp-content\/uploads\/2022\/09\/Edomex-Fiestas-Patrias-150922-6.jpg","type":"image\/jpeg"}],"author":"admin","twitter_card":"summary_large_image","twitter_misc":{"Escrito por":"admin","Tiempo de lectura":"2 minutos"},"schema":{"@context":"https:\/\/schema.org","@graph":[{"@type":"Article","@id":"https:\/\/21panorama.com\/index.php\/2022\/09\/16\/recuerdan-en-edomex-a-los-heroes-que-lucharon-por-la-libertad-del-pais-en-el-212-aniversario-del-inicio-de-la-independencia-de-mexico\/#article","isPartOf":{"@id":"https:\/\/21panorama.com\/index.php\/2022\/09\/16\/recuerdan-en-edomex-a-los-heroes-que-lucharon-por-la-libertad-del-pais-en-el-212-aniversario-del-inicio-de-la-independencia-de-mexico\/"},"author":{"name":"admin","@id":"https:\/\/21panorama.com\/#\/schema\/person\/1afc291b96d5792a158768324287319f"},"headline":"RECUERDAN EN EDOM\u00c9X A LOS H\u00c9ROES QUE LUCHARON POR LA LIBERTAD DEL PA\u00cdS, EN EL 212 ANIVERSARIO DEL INICIO DE LA INDEPENDENCIA DE M\u00c9XICO","datePublished":"2022-09-16T07:59:31+00:00","dateModified":"2022-09-16T07:59:32+00:00","mainEntityOfPage":{"@id":"https:\/\/21panorama.com\/index.php\/2022\/09\/16\/recuerdan-en-edomex-a-los-heroes-que-lucharon-por-la-libertad-del-pais-en-el-212-aniversario-del-inicio-de-la-independencia-de-mexico\/"},"wordCount":397,"commentCount":0,"publisher":{"@id":"https:\/\/21panorama.com\/#organization"},"image":{"@id":"https:\/\/21panorama.com\/index.php\/2022\/09\/16\/recuerdan-en-edomex-a-los-heroes-que-lucharon-por-la-libertad-del-pais-en-el-212-aniversario-del-inicio-de-la-independencia-de-mexico\/#primaryimage"},"thumbnailUrl":"https:\/\/21panorama.com\/wp-content\/uploads\/2022\/09\/Edomex-Fiestas-Patrias-150922-6.jpg","keywords":["Alfredo del Mazo","EDOMEX","PRI"],"articleSection":["Cultura","Internacional","Politica","Sociedad"],"inLanguage":"es","potentialAction":[{"@type":"CommentAction","name":"Comment","target":["https:\/\/21panorama.com\/index.php\/2022\/09\/16\/recuerdan-en-edomex-a-los-heroes-que-lucharon-por-la-libertad-del-pais-en-el-212-aniversario-del-inicio-de-la-independencia-de-mexico\/#respond"]}]},{"@type":"WebPage","@id":"https:\/\/21panorama.com\/index.php\/2022\/09\/16\/recuerdan-en-edomex-a-los-heroes-que-lucharon-por-la-libertad-del-pais-en-el-212-aniversario-del-inicio-de-la-independencia-de-mexico\/","url":"https:\/\/21panorama.com\/index.php\/2022\/09\/16\/recuerdan-en-edomex-a-los-heroes-que-lucharon-por-la-libertad-del-pais-en-el-212-aniversario-del-inicio-de-la-independencia-de-mexico\/","name":"RECUERDAN EN EDOM\u00c9X A LOS H\u00c9ROES QUE LUCHARON POR LA LIBERTAD DEL PA\u00cdS, EN EL 212 ANIVERSARIO DEL INICIO DE LA INDEPENDENCIA DE M\u00c9XICO - 21 Panorama","isPartOf":{"@id":"https:\/\/21panorama.com\/#website"},"primaryImageOfPage":{"@id":"https:\/\/21panorama.com\/index.php\/2022\/09\/16\/recuerdan-en-edomex-a-los-heroes-que-lucharon-por-la-libertad-del-pais-en-el-212-aniversario-del-inicio-de-la-independencia-de-mexico\/#primaryimage"},"image":{"@id":"https:\/\/21panorama.com\/index.php\/2022\/09\/16\/recuerdan-en-edomex-a-los-heroes-que-lucharon-por-la-libertad-del-pais-en-el-212-aniversario-del-inicio-de-la-independencia-de-mexico\/#primaryimage"},"thumbnailUrl":"https:\/\/21panorama.com\/wp-content\/uploads\/2022\/09\/Edomex-Fiestas-Patrias-150922-6.jpg","datePublished":"2022-09-16T07:59:31+00:00","dateModified":"2022-09-16T07:59:32+00:00","breadcrumb":{"@id":"https:\/\/21panorama.com\/index.php\/2022\/09\/16\/recuerdan-en-edomex-a-los-heroes-que-lucharon-por-la-libertad-del-pais-en-el-212-aniversario-del-inicio-de-la-independencia-de-mexico\/#breadcrumb"},"inLanguage":"es","potentialAction":[{"@type":"ReadAction","target":["https:\/\/21panorama.com\/index.php\/2022\/09\/16\/recuerdan-en-edomex-a-los-heroes-que-lucharon-por-la-libertad-del-pais-en-el-212-aniversario-del-inicio-de-la-independencia-de-mexico\/"]}]},{"@type":"ImageObject","inLanguage":"es","@id":"https:\/\/21panorama.com\/index.php\/2022\/09\/16\/recuerdan-en-edomex-a-los-heroes-que-lucharon-por-la-libertad-del-pais-en-el-212-aniversario-del-inicio-de-la-independencia-de-mexico\/#primaryimage","url":"https:\/\/21panorama.com\/wp-content\/uploads\/2022\/09\/Edomex-Fiestas-Patrias-150922-6.jpg","contentUrl":"https:\/\/21panorama.com\/wp-content\/uploads\/2022\/09\/Edomex-Fiestas-Patrias-150922-6.jpg","width":1280,"height":719},{"@type":"BreadcrumbList","@id":"https:\/\/21panorama.com\/index.php\/2022\/09\/16\/recuerdan-en-edomex-a-los-heroes-que-lucharon-por-la-libertad-del-pais-en-el-212-aniversario-del-inicio-de-la-independencia-de-mexico\/#breadcrumb","itemListElement":[{"@type":"ListItem","position":1,"name":"Inicio","item":"https:\/\/21panorama.com\/"},{"@type":"ListItem","position":2,"name":"RECUERDAN EN EDOM\u00c9X A LOS H\u00c9ROES QUE LUCHARON POR LA LIBERTAD DEL PA\u00cdS, EN EL 212 ANIVERSARIO DEL INICIO DE LA INDEPENDENCIA DE M\u00c9XICO"}]},{"@type":"WebSite","@id":"https:\/\/21panorama.com\/#website","url":"https:\/\/21panorama.com\/","name":"21 Panorama","description":"La construcci\u00f3n de la opini\u00f3n p\u00fablica merece un mejor Panorama en este siglo 21 para alcanzar una sociedad con mayor transparencia y sin corrupci\u00f3n.","publisher":{"@id":"https:\/\/21panorama.com\/#organization"},"potentialAction":[{"@type":"SearchAction","target":{"@type":"EntryPoint","urlTemplate":"https:\/\/21panorama.com\/?s={search_term_string}"},"query-input":{"@type":"PropertyValueSpecification","valueRequired":true,"valueName":"search_term_string"}}],"inLanguage":"es"},{"@type":"Organization","@id":"https:\/\/21panorama.com\/#organization","name":"21 Panorama","url":"https:\/\/21panorama.com\/","logo":{"@type":"ImageObject","inLanguage":"es","@id":"https:\/\/21panorama.com\/#\/schema\/logo\/image\/","url":"https:\/\/21panorama.com\/wp-content\/uploads\/2019\/07\/cropped-Logo-Panorama-01.jpeg","contentUrl":"https:\/\/21panorama.com\/wp-content\/uploads\/2019\/07\/cropped-Logo-Panorama-01.jpeg","width":290,"height":70,"caption":"21 Panorama"},"image":{"@id":"https:\/\/21panorama.com\/#\/schema\/logo\/image\/"}},{"@type":"Person","@id":"https:\/\/21panorama.com\/#\/schema\/person\/1afc291b96d5792a158768324287319f","name":"admin","image":{"@type":"ImageObject","inLanguage":"es","@id":"https:\/\/21panorama.com\/#\/schema\/person\/image\/","url":"https:\/\/secure.gravatar.com\/avatar\/ad365d9d9f46719215b0d042cc3df92a5a8683e09ef13d102233e5491985f0f0?s=96&d=mm&r=g","contentUrl":"https:\/\/secure.gravatar.com\/avatar\/ad365d9d9f46719215b0d042cc3df92a5a8683e09ef13d102233e5491985f0f0?s=96&d=mm&r=g","caption":"admin"},"url":"https:\/\/21panorama.com\/index.php\/author\/admin\/"}]}},"_links":{"self":[{"href":"https:\/\/21panorama.com\/index.php\/wp-json\/wp\/v2\/posts\/4169","targetHints":{"allow":["GET"]}}],"collection":[{"href":"https:\/\/21panorama.com\/index.php\/wp-json\/wp\/v2\/posts"}],"about":[{"href":"https:\/\/21panorama.com\/index.php\/wp-json\/wp\/v2\/types\/post"}],"author":[{"embeddable":true,"href":"https:\/\/21panorama.com\/index.php\/wp-json\/wp\/v2\/users\/1"}],"replies":[{"embeddable":true,"href":"https:\/\/21panorama.com\/index.php\/wp-json\/wp\/v2\/comments?post=4169"}],"version-history":[{"count":1,"href":"https:\/\/21panorama.com\/index.php\/wp-json\/wp\/v2\/posts\/4169\/revisions"}],"predecessor-version":[{"id":4172,"href":"https:\/\/21panorama.com\/index.php\/wp-json\/wp\/v2\/posts\/4169\/revisions\/4172"}],"wp:featuredmedia":[{"embeddable":true,"href":"https:\/\/21panorama.com\/index.php\/wp-json\/wp\/v2\/media\/4170"}],"wp:attachment":[{"href":"https:\/\/21panorama.com\/index.php\/wp-json\/wp\/v2\/media?parent=4169"}],"wp:term":[{"taxonomy":"category","embeddable":true,"href":"https:\/\/21panorama.com\/index.php\/wp-json\/wp\/v2\/categories?post=4169"},{"taxonomy":"post_tag","embeddable":true,"href":"https:\/\/21panorama.com\/index.php\/wp-json\/wp\/v2\/tags?post=4169"}],"curies":[{"name":"wp","href":"https:\/\/api.w.org\/{rel}","templated":true}]}}