{"id":4144,"date":"2022-09-07T16:06:56","date_gmt":"2022-09-07T21:06:56","guid":{"rendered":"https:\/\/21panorama.com\/?p=4144"},"modified":"2022-09-07T16:06:57","modified_gmt":"2022-09-07T21:06:57","slug":"promover-el-turismo-en-el-estado-de-mexico-esta-en-la-agenda-del-diputado-gustavo-cardenas","status":"publish","type":"post","link":"https:\/\/21panorama.com\/index.php\/2022\/09\/07\/promover-el-turismo-en-el-estado-de-mexico-esta-en-la-agenda-del-diputado-gustavo-cardenas\/","title":{"rendered":"PROMOVER EL TURISMO EN EL ESTADO DE M\u00c9XICO EST\u00c1 EN LA AGENDA DEL DIPUTADO GUSTAVO C\u00c1RDENAS"},"content":{"rendered":"\n<p><\/p>\n\n\n\n<p>La zona norte del Estado de M\u00e9xico sigue impulsando el turismo, no solo como una fuente de ingresos que produce grandes derramas econ\u00f3micas. Tambi\u00e9n es una gran fuente de trabajo para los locales. Es por esto que el Diputado Federal Gustavo C\u00e1rdenas Monroy sostuvo una reuni\u00f3n con el Secretario de Turismo Federal, Miguel Torruco Marqu\u00e9s; el Diputado Local Iv\u00e1n Esquer Cruz y Alcaldes de la Regi\u00f3n Norte del Estado, Atlacomulco, Ixtlahuaca, Villa del Carb\u00f3n, El Oro, Jocotitl\u00e1n y Jiquipilco, con el prop\u00f3sito de coordinar acciones que fomenten e impulsen el turismo regional.<\/p>\n\n\n\n<p>C\u00e1rdenas Monroy coment\u00f3 que la regi\u00f3n norte del Estado est\u00e1 vinculada con las grandes regiones del Valle de M\u00e9xico, Quer\u00e9taro, Hidalgo y Michoac\u00e1n, siendo un paso obligado, lo cual es un destino importante que contribuye al desarrollo del Estado y del Pa\u00eds por ser una zona pr\u00f3spera en la industria y agricultura.<\/p>\n\n\n\n<p>El turismo siempre ha sido importante a nivel nacional, y despu\u00e9s de pasar por la pandemia, se est\u00e1n buscando formas de reactivarlo. El legislador realiz\u00f3 una invitaci\u00f3n al Secretario a qu\u00e9 visite cada uno de los municipios para que conozca la regi\u00f3n y puedan darse las oportunidades para que exista el progreso y dar mejores espacios al sector tur\u00edstico.<\/p>\n\n\n\n<p>El Estado de M\u00e9xico cuenta con diez Pueblos M\u00e1gicos, 21 Pueblos con Encanto, y varios Municipios que est\u00e1n completando los requisitos para lograr ser uno de estos. El Diputado C\u00e1rdenas aplica la f\u00f3rmula tres de tres, que es un equipo muy integrado, que lo conforman Diputados Federales, Diputados Locales y Alcaldes Municipales, quienes trabajan en un solo sentido por el bien de la ciudadan\u00eda.<\/p>\n\n\n\n<p>Por su parte el secretario de Turismo, Miguel Torruco M\u00e1rquez dijo que esta reuni\u00f3n diputados y alcaldes, sirvi\u00f3 para intercambiar propuestas y coordinar acciones que detonar\u00e1n la actividad tur\u00edstica en diversas entidades.<\/p>\n\n\n\n<p>Miguel Torruco tambi\u00e9n destac\u00f3 la importancia de los productos ancla como un elemento clave para apoyar la diversificaci\u00f3n de los destinos tur\u00edsticos.<\/p>\n","protected":false},"excerpt":{"rendered":"<p>La zona norte del Estado de M\u00e9xico sigue impulsando el turismo, no solo como una fuente de ingresos que produce grandes derramas econ\u00f3micas. Tambi\u00e9n es una gran fuente de trabajo para los locales. Es por esto que el Diputado Federal Gustavo C\u00e1rdenas Monroy sostuvo una reuni\u00f3n con el Secretario de Turismo Federal, Miguel Torruco Marqu\u00e9s; el Diputado Local Iv\u00e1n Esquer Cruz y Alcaldes de la Regi\u00f3n Norte del Estado, Atlacomulco, Ixtlahuaca, Villa del Carb\u00f3n, El Oro, Jocotitl\u00e1n y Jiquipilco, con el prop\u00f3sito de coordinar acciones que fomenten e impulsen el turismo regional.<\/p>\n","protected":false},"author":1,"featured_media":4145,"comment_status":"open","ping_status":"open","sticky":false,"template":"","format":"standard","meta":{"footnotes":""},"categories":[3,12,1],"tags":[97,315,33],"class_list":["post-4144","post","type-post","status-publish","format-standard","has-post-thumbnail","hentry","category-ecomomia","category-politica","category-sociedad","tag-edomex","tag-gustavo-cardenas","tag-pri"],"yoast_head":"<!-- This site is optimized with the Yoast SEO plugin v24.9 - https:\/\/yoast.com\/wordpress\/plugins\/seo\/ -->\n<title>PROMOVER EL TURISMO EN EL ESTADO DE M\u00c9XICO EST\u00c1 EN LA AGENDA DEL DIPUTADO GUSTAVO C\u00c1RDENAS - 21 Panorama<\/title>\n<meta name=\"robots\" content=\"index, follow, max-snippet:-1, max-image-preview:large, max-video-preview:-1\" \/>\n<link rel=\"canonical\" href=\"https:\/\/21panorama.com\/index.php\/2022\/09\/07\/promover-el-turismo-en-el-estado-de-mexico-esta-en-la-agenda-del-diputado-gustavo-cardenas\/\" \/>\n<meta property=\"og:locale\" content=\"es_MX\" \/>\n<meta property=\"og:type\" content=\"article\" \/>\n<meta property=\"og:title\" content=\"PROMOVER EL TURISMO EN EL ESTADO DE M\u00c9XICO EST\u00c1 EN LA AGENDA DEL DIPUTADO GUSTAVO C\u00c1RDENAS - 21 Panorama\" \/>\n<meta property=\"og:description\" content=\"La zona norte del Estado de M\u00e9xico sigue impulsando el turismo, no solo como una fuente de ingresos que produce grandes derramas econ\u00f3micas. Tambi\u00e9n es una gran fuente de trabajo para los locales. Es por esto que el Diputado Federal Gustavo C\u00e1rdenas Monroy sostuvo una reuni\u00f3n con el Secretario de Turismo Federal, Miguel Torruco Marqu\u00e9s; el Diputado Local Iv\u00e1n Esquer Cruz y Alcaldes de la Regi\u00f3n Norte del Estado, Atlacomulco, Ixtlahuaca, Villa del Carb\u00f3n, El Oro, Jocotitl\u00e1n y Jiquipilco, con el prop\u00f3sito de coordinar acciones que fomenten e impulsen el turismo regional.\" \/>\n<meta property=\"og:url\" content=\"https:\/\/21panorama.com\/index.php\/2022\/09\/07\/promover-el-turismo-en-el-estado-de-mexico-esta-en-la-agenda-del-diputado-gustavo-cardenas\/\" \/>\n<meta property=\"og:site_name\" content=\"21 Panorama\" \/>\n<meta property=\"article:published_time\" content=\"2022-09-07T21:06:56+00:00\" \/>\n<meta property=\"article:modified_time\" content=\"2022-09-07T21:06:57+00:00\" \/>\n<meta property=\"og:image\" content=\"https:\/\/21panorama.com\/wp-content\/uploads\/2022\/09\/Gustavo-Cardenas-Secretaria-de-Turismo-070922-3.jpg\" \/>\n\t<meta property=\"og:image:width\" content=\"960\" \/>\n\t<meta property=\"og:image:height\" content=\"540\" \/>\n\t<meta property=\"og:image:type\" content=\"image\/jpeg\" \/>\n<meta name=\"author\" content=\"admin\" \/>\n<meta name=\"twitter:card\" content=\"summary_large_image\" \/>\n<meta name=\"twitter:label1\" content=\"Escrito por\" \/>\n\t<meta name=\"twitter:data1\" content=\"admin\" \/>\n\t<meta name=\"twitter:label2\" content=\"Tiempo de lectura\" \/>\n\t<meta name=\"twitter:data2\" content=\"2 minutos\" \/>\n<script type=\"application\/ld+json\" class=\"yoast-schema-graph\">{\"@context\":\"https:\/\/schema.org\",\"@graph\":[{\"@type\":\"Article\",\"@id\":\"https:\/\/21panorama.com\/index.php\/2022\/09\/07\/promover-el-turismo-en-el-estado-de-mexico-esta-en-la-agenda-del-diputado-gustavo-cardenas\/#article\",\"isPartOf\":{\"@id\":\"https:\/\/21panorama.com\/index.php\/2022\/09\/07\/promover-el-turismo-en-el-estado-de-mexico-esta-en-la-agenda-del-diputado-gustavo-cardenas\/\"},\"author\":{\"name\":\"admin\",\"@id\":\"https:\/\/21panorama.com\/#\/schema\/person\/1afc291b96d5792a158768324287319f\"},\"headline\":\"PROMOVER EL TURISMO EN EL ESTADO DE M\u00c9XICO EST\u00c1 EN LA AGENDA DEL DIPUTADO GUSTAVO C\u00c1RDENAS\",\"datePublished\":\"2022-09-07T21:06:56+00:00\",\"dateModified\":\"2022-09-07T21:06:57+00:00\",\"mainEntityOfPage\":{\"@id\":\"https:\/\/21panorama.com\/index.php\/2022\/09\/07\/promover-el-turismo-en-el-estado-de-mexico-esta-en-la-agenda-del-diputado-gustavo-cardenas\/\"},\"wordCount\":374,\"commentCount\":0,\"publisher\":{\"@id\":\"https:\/\/21panorama.com\/#organization\"},\"image\":{\"@id\":\"https:\/\/21panorama.com\/index.php\/2022\/09\/07\/promover-el-turismo-en-el-estado-de-mexico-esta-en-la-agenda-del-diputado-gustavo-cardenas\/#primaryimage\"},\"thumbnailUrl\":\"https:\/\/21panorama.com\/wp-content\/uploads\/2022\/09\/Gustavo-Cardenas-Secretaria-de-Turismo-070922-3.jpg\",\"keywords\":[\"EDOMEX\",\"GUSTAVO C\u00c1RDENAS\",\"PRI\"],\"articleSection\":[\"Econom\u00eda\",\"Politica\",\"Sociedad\"],\"inLanguage\":\"es\",\"potentialAction\":[{\"@type\":\"CommentAction\",\"name\":\"Comment\",\"target\":[\"https:\/\/21panorama.com\/index.php\/2022\/09\/07\/promover-el-turismo-en-el-estado-de-mexico-esta-en-la-agenda-del-diputado-gustavo-cardenas\/#respond\"]}]},{\"@type\":\"WebPage\",\"@id\":\"https:\/\/21panorama.com\/index.php\/2022\/09\/07\/promover-el-turismo-en-el-estado-de-mexico-esta-en-la-agenda-del-diputado-gustavo-cardenas\/\",\"url\":\"https:\/\/21panorama.com\/index.php\/2022\/09\/07\/promover-el-turismo-en-el-estado-de-mexico-esta-en-la-agenda-del-diputado-gustavo-cardenas\/\",\"name\":\"PROMOVER EL TURISMO EN EL ESTADO DE M\u00c9XICO EST\u00c1 EN LA AGENDA DEL DIPUTADO GUSTAVO C\u00c1RDENAS - 21 Panorama\",\"isPartOf\":{\"@id\":\"https:\/\/21panorama.com\/#website\"},\"primaryImageOfPage\":{\"@id\":\"https:\/\/21panorama.com\/index.php\/2022\/09\/07\/promover-el-turismo-en-el-estado-de-mexico-esta-en-la-agenda-del-diputado-gustavo-cardenas\/#primaryimage\"},\"image\":{\"@id\":\"https:\/\/21panorama.com\/index.php\/2022\/09\/07\/promover-el-turismo-en-el-estado-de-mexico-esta-en-la-agenda-del-diputado-gustavo-cardenas\/#primaryimage\"},\"thumbnailUrl\":\"https:\/\/21panorama.com\/wp-content\/uploads\/2022\/09\/Gustavo-Cardenas-Secretaria-de-Turismo-070922-3.jpg\",\"datePublished\":\"2022-09-07T21:06:56+00:00\",\"dateModified\":\"2022-09-07T21:06:57+00:00\",\"breadcrumb\":{\"@id\":\"https:\/\/21panorama.com\/index.php\/2022\/09\/07\/promover-el-turismo-en-el-estado-de-mexico-esta-en-la-agenda-del-diputado-gustavo-cardenas\/#breadcrumb\"},\"inLanguage\":\"es\",\"potentialAction\":[{\"@type\":\"ReadAction\",\"target\":[\"https:\/\/21panorama.com\/index.php\/2022\/09\/07\/promover-el-turismo-en-el-estado-de-mexico-esta-en-la-agenda-del-diputado-gustavo-cardenas\/\"]}]},{\"@type\":\"ImageObject\",\"inLanguage\":\"es\",\"@id\":\"https:\/\/21panorama.com\/index.php\/2022\/09\/07\/promover-el-turismo-en-el-estado-de-mexico-esta-en-la-agenda-del-diputado-gustavo-cardenas\/#primaryimage\",\"url\":\"https:\/\/21panorama.com\/wp-content\/uploads\/2022\/09\/Gustavo-Cardenas-Secretaria-de-Turismo-070922-3.jpg\",\"contentUrl\":\"https:\/\/21panorama.com\/wp-content\/uploads\/2022\/09\/Gustavo-Cardenas-Secretaria-de-Turismo-070922-3.jpg\",\"width\":960,\"height\":540},{\"@type\":\"BreadcrumbList\",\"@id\":\"https:\/\/21panorama.com\/index.php\/2022\/09\/07\/promover-el-turismo-en-el-estado-de-mexico-esta-en-la-agenda-del-diputado-gustavo-cardenas\/#breadcrumb\",\"itemListElement\":[{\"@type\":\"ListItem\",\"position\":1,\"name\":\"Inicio\",\"item\":\"https:\/\/21panorama.com\/\"},{\"@type\":\"ListItem\",\"position\":2,\"name\":\"PROMOVER EL TURISMO EN EL ESTADO DE M\u00c9XICO EST\u00c1 EN LA AGENDA DEL DIPUTADO GUSTAVO C\u00c1RDENAS\"}]},{\"@type\":\"WebSite\",\"@id\":\"https:\/\/21panorama.com\/#website\",\"url\":\"https:\/\/21panorama.com\/\",\"name\":\"21 Panorama\",\"description\":\"La construcci\u00f3n de la opini\u00f3n p\u00fablica merece un mejor Panorama en este siglo 21 para alcanzar una sociedad con mayor transparencia y sin corrupci\u00f3n.\",\"publisher\":{\"@id\":\"https:\/\/21panorama.com\/#organization\"},\"potentialAction\":[{\"@type\":\"SearchAction\",\"target\":{\"@type\":\"EntryPoint\",\"urlTemplate\":\"https:\/\/21panorama.com\/?s={search_term_string}\"},\"query-input\":{\"@type\":\"PropertyValueSpecification\",\"valueRequired\":true,\"valueName\":\"search_term_string\"}}],\"inLanguage\":\"es\"},{\"@type\":\"Organization\",\"@id\":\"https:\/\/21panorama.com\/#organization\",\"name\":\"21 Panorama\",\"url\":\"https:\/\/21panorama.com\/\",\"logo\":{\"@type\":\"ImageObject\",\"inLanguage\":\"es\",\"@id\":\"https:\/\/21panorama.com\/#\/schema\/logo\/image\/\",\"url\":\"https:\/\/21panorama.com\/wp-content\/uploads\/2019\/07\/cropped-Logo-Panorama-01.jpeg\",\"contentUrl\":\"https:\/\/21panorama.com\/wp-content\/uploads\/2019\/07\/cropped-Logo-Panorama-01.jpeg\",\"width\":290,\"height\":70,\"caption\":\"21 Panorama\"},\"image\":{\"@id\":\"https:\/\/21panorama.com\/#\/schema\/logo\/image\/\"}},{\"@type\":\"Person\",\"@id\":\"https:\/\/21panorama.com\/#\/schema\/person\/1afc291b96d5792a158768324287319f\",\"name\":\"admin\",\"image\":{\"@type\":\"ImageObject\",\"inLanguage\":\"es\",\"@id\":\"https:\/\/21panorama.com\/#\/schema\/person\/image\/\",\"url\":\"https:\/\/secure.gravatar.com\/avatar\/ad365d9d9f46719215b0d042cc3df92a5a8683e09ef13d102233e5491985f0f0?s=96&d=mm&r=g\",\"contentUrl\":\"https:\/\/secure.gravatar.com\/avatar\/ad365d9d9f46719215b0d042cc3df92a5a8683e09ef13d102233e5491985f0f0?s=96&d=mm&r=g\",\"caption\":\"admin\"},\"url\":\"https:\/\/21panorama.com\/index.php\/author\/admin\/\"}]}<\/script>\n<!-- \/ Yoast SEO plugin. -->","yoast_head_json":{"title":"PROMOVER EL TURISMO EN EL ESTADO DE M\u00c9XICO EST\u00c1 EN LA AGENDA DEL DIPUTADO GUSTAVO C\u00c1RDENAS - 21 Panorama","robots":{"index":"index","follow":"follow","max-snippet":"max-snippet:-1","max-image-preview":"max-image-preview:large","max-video-preview":"max-video-preview:-1"},"canonical":"https:\/\/21panorama.com\/index.php\/2022\/09\/07\/promover-el-turismo-en-el-estado-de-mexico-esta-en-la-agenda-del-diputado-gustavo-cardenas\/","og_locale":"es_MX","og_type":"article","og_title":"PROMOVER EL TURISMO EN EL ESTADO DE M\u00c9XICO EST\u00c1 EN LA AGENDA DEL DIPUTADO GUSTAVO C\u00c1RDENAS - 21 Panorama","og_description":"La zona norte del Estado de M\u00e9xico sigue impulsando el turismo, no solo como una fuente de ingresos que produce grandes derramas econ\u00f3micas. Tambi\u00e9n es una gran fuente de trabajo para los locales. Es por esto que el Diputado Federal Gustavo C\u00e1rdenas Monroy sostuvo una reuni\u00f3n con el Secretario de Turismo Federal, Miguel Torruco Marqu\u00e9s; el Diputado Local Iv\u00e1n Esquer Cruz y Alcaldes de la Regi\u00f3n Norte del Estado, Atlacomulco, Ixtlahuaca, Villa del Carb\u00f3n, El Oro, Jocotitl\u00e1n y Jiquipilco, con el prop\u00f3sito de coordinar acciones que fomenten e impulsen el turismo regional.","og_url":"https:\/\/21panorama.com\/index.php\/2022\/09\/07\/promover-el-turismo-en-el-estado-de-mexico-esta-en-la-agenda-del-diputado-gustavo-cardenas\/","og_site_name":"21 Panorama","article_published_time":"2022-09-07T21:06:56+00:00","article_modified_time":"2022-09-07T21:06:57+00:00","og_image":[{"width":960,"height":540,"url":"https:\/\/21panorama.com\/wp-content\/uploads\/2022\/09\/Gustavo-Cardenas-Secretaria-de-Turismo-070922-3.jpg","type":"image\/jpeg"}],"author":"admin","twitter_card":"summary_large_image","twitter_misc":{"Escrito por":"admin","Tiempo de lectura":"2 minutos"},"schema":{"@context":"https:\/\/schema.org","@graph":[{"@type":"Article","@id":"https:\/\/21panorama.com\/index.php\/2022\/09\/07\/promover-el-turismo-en-el-estado-de-mexico-esta-en-la-agenda-del-diputado-gustavo-cardenas\/#article","isPartOf":{"@id":"https:\/\/21panorama.com\/index.php\/2022\/09\/07\/promover-el-turismo-en-el-estado-de-mexico-esta-en-la-agenda-del-diputado-gustavo-cardenas\/"},"author":{"name":"admin","@id":"https:\/\/21panorama.com\/#\/schema\/person\/1afc291b96d5792a158768324287319f"},"headline":"PROMOVER EL TURISMO EN EL ESTADO DE M\u00c9XICO EST\u00c1 EN LA AGENDA DEL DIPUTADO GUSTAVO C\u00c1RDENAS","datePublished":"2022-09-07T21:06:56+00:00","dateModified":"2022-09-07T21:06:57+00:00","mainEntityOfPage":{"@id":"https:\/\/21panorama.com\/index.php\/2022\/09\/07\/promover-el-turismo-en-el-estado-de-mexico-esta-en-la-agenda-del-diputado-gustavo-cardenas\/"},"wordCount":374,"commentCount":0,"publisher":{"@id":"https:\/\/21panorama.com\/#organization"},"image":{"@id":"https:\/\/21panorama.com\/index.php\/2022\/09\/07\/promover-el-turismo-en-el-estado-de-mexico-esta-en-la-agenda-del-diputado-gustavo-cardenas\/#primaryimage"},"thumbnailUrl":"https:\/\/21panorama.com\/wp-content\/uploads\/2022\/09\/Gustavo-Cardenas-Secretaria-de-Turismo-070922-3.jpg","keywords":["EDOMEX","GUSTAVO C\u00c1RDENAS","PRI"],"articleSection":["Econom\u00eda","Politica","Sociedad"],"inLanguage":"es","potentialAction":[{"@type":"CommentAction","name":"Comment","target":["https:\/\/21panorama.com\/index.php\/2022\/09\/07\/promover-el-turismo-en-el-estado-de-mexico-esta-en-la-agenda-del-diputado-gustavo-cardenas\/#respond"]}]},{"@type":"WebPage","@id":"https:\/\/21panorama.com\/index.php\/2022\/09\/07\/promover-el-turismo-en-el-estado-de-mexico-esta-en-la-agenda-del-diputado-gustavo-cardenas\/","url":"https:\/\/21panorama.com\/index.php\/2022\/09\/07\/promover-el-turismo-en-el-estado-de-mexico-esta-en-la-agenda-del-diputado-gustavo-cardenas\/","name":"PROMOVER EL TURISMO EN EL ESTADO DE M\u00c9XICO EST\u00c1 EN LA AGENDA DEL DIPUTADO GUSTAVO C\u00c1RDENAS - 21 Panorama","isPartOf":{"@id":"https:\/\/21panorama.com\/#website"},"primaryImageOfPage":{"@id":"https:\/\/21panorama.com\/index.php\/2022\/09\/07\/promover-el-turismo-en-el-estado-de-mexico-esta-en-la-agenda-del-diputado-gustavo-cardenas\/#primaryimage"},"image":{"@id":"https:\/\/21panorama.com\/index.php\/2022\/09\/07\/promover-el-turismo-en-el-estado-de-mexico-esta-en-la-agenda-del-diputado-gustavo-cardenas\/#primaryimage"},"thumbnailUrl":"https:\/\/21panorama.com\/wp-content\/uploads\/2022\/09\/Gustavo-Cardenas-Secretaria-de-Turismo-070922-3.jpg","datePublished":"2022-09-07T21:06:56+00:00","dateModified":"2022-09-07T21:06:57+00:00","breadcrumb":{"@id":"https:\/\/21panorama.com\/index.php\/2022\/09\/07\/promover-el-turismo-en-el-estado-de-mexico-esta-en-la-agenda-del-diputado-gustavo-cardenas\/#breadcrumb"},"inLanguage":"es","potentialAction":[{"@type":"ReadAction","target":["https:\/\/21panorama.com\/index.php\/2022\/09\/07\/promover-el-turismo-en-el-estado-de-mexico-esta-en-la-agenda-del-diputado-gustavo-cardenas\/"]}]},{"@type":"ImageObject","inLanguage":"es","@id":"https:\/\/21panorama.com\/index.php\/2022\/09\/07\/promover-el-turismo-en-el-estado-de-mexico-esta-en-la-agenda-del-diputado-gustavo-cardenas\/#primaryimage","url":"https:\/\/21panorama.com\/wp-content\/uploads\/2022\/09\/Gustavo-Cardenas-Secretaria-de-Turismo-070922-3.jpg","contentUrl":"https:\/\/21panorama.com\/wp-content\/uploads\/2022\/09\/Gustavo-Cardenas-Secretaria-de-Turismo-070922-3.jpg","width":960,"height":540},{"@type":"BreadcrumbList","@id":"https:\/\/21panorama.com\/index.php\/2022\/09\/07\/promover-el-turismo-en-el-estado-de-mexico-esta-en-la-agenda-del-diputado-gustavo-cardenas\/#breadcrumb","itemListElement":[{"@type":"ListItem","position":1,"name":"Inicio","item":"https:\/\/21panorama.com\/"},{"@type":"ListItem","position":2,"name":"PROMOVER EL TURISMO EN EL ESTADO DE M\u00c9XICO EST\u00c1 EN LA AGENDA DEL DIPUTADO GUSTAVO C\u00c1RDENAS"}]},{"@type":"WebSite","@id":"https:\/\/21panorama.com\/#website","url":"https:\/\/21panorama.com\/","name":"21 Panorama","description":"La construcci\u00f3n de la opini\u00f3n p\u00fablica merece un mejor Panorama en este siglo 21 para alcanzar una sociedad con mayor transparencia y sin corrupci\u00f3n.","publisher":{"@id":"https:\/\/21panorama.com\/#organization"},"potentialAction":[{"@type":"SearchAction","target":{"@type":"EntryPoint","urlTemplate":"https:\/\/21panorama.com\/?s={search_term_string}"},"query-input":{"@type":"PropertyValueSpecification","valueRequired":true,"valueName":"search_term_string"}}],"inLanguage":"es"},{"@type":"Organization","@id":"https:\/\/21panorama.com\/#organization","name":"21 Panorama","url":"https:\/\/21panorama.com\/","logo":{"@type":"ImageObject","inLanguage":"es","@id":"https:\/\/21panorama.com\/#\/schema\/logo\/image\/","url":"https:\/\/21panorama.com\/wp-content\/uploads\/2019\/07\/cropped-Logo-Panorama-01.jpeg","contentUrl":"https:\/\/21panorama.com\/wp-content\/uploads\/2019\/07\/cropped-Logo-Panorama-01.jpeg","width":290,"height":70,"caption":"21 Panorama"},"image":{"@id":"https:\/\/21panorama.com\/#\/schema\/logo\/image\/"}},{"@type":"Person","@id":"https:\/\/21panorama.com\/#\/schema\/person\/1afc291b96d5792a158768324287319f","name":"admin","image":{"@type":"ImageObject","inLanguage":"es","@id":"https:\/\/21panorama.com\/#\/schema\/person\/image\/","url":"https:\/\/secure.gravatar.com\/avatar\/ad365d9d9f46719215b0d042cc3df92a5a8683e09ef13d102233e5491985f0f0?s=96&d=mm&r=g","contentUrl":"https:\/\/secure.gravatar.com\/avatar\/ad365d9d9f46719215b0d042cc3df92a5a8683e09ef13d102233e5491985f0f0?s=96&d=mm&r=g","caption":"admin"},"url":"https:\/\/21panorama.com\/index.php\/author\/admin\/"}]}},"_links":{"self":[{"href":"https:\/\/21panorama.com\/index.php\/wp-json\/wp\/v2\/posts\/4144","targetHints":{"allow":["GET"]}}],"collection":[{"href":"https:\/\/21panorama.com\/index.php\/wp-json\/wp\/v2\/posts"}],"about":[{"href":"https:\/\/21panorama.com\/index.php\/wp-json\/wp\/v2\/types\/post"}],"author":[{"embeddable":true,"href":"https:\/\/21panorama.com\/index.php\/wp-json\/wp\/v2\/users\/1"}],"replies":[{"embeddable":true,"href":"https:\/\/21panorama.com\/index.php\/wp-json\/wp\/v2\/comments?post=4144"}],"version-history":[{"count":1,"href":"https:\/\/21panorama.com\/index.php\/wp-json\/wp\/v2\/posts\/4144\/revisions"}],"predecessor-version":[{"id":4146,"href":"https:\/\/21panorama.com\/index.php\/wp-json\/wp\/v2\/posts\/4144\/revisions\/4146"}],"wp:featuredmedia":[{"embeddable":true,"href":"https:\/\/21panorama.com\/index.php\/wp-json\/wp\/v2\/media\/4145"}],"wp:attachment":[{"href":"https:\/\/21panorama.com\/index.php\/wp-json\/wp\/v2\/media?parent=4144"}],"wp:term":[{"taxonomy":"category","embeddable":true,"href":"https:\/\/21panorama.com\/index.php\/wp-json\/wp\/v2\/categories?post=4144"},{"taxonomy":"post_tag","embeddable":true,"href":"https:\/\/21panorama.com\/index.php\/wp-json\/wp\/v2\/tags?post=4144"}],"curies":[{"name":"wp","href":"https:\/\/api.w.org\/{rel}","templated":true}]}}