{"id":4131,"date":"2022-09-05T09:35:41","date_gmt":"2022-09-05T14:35:41","guid":{"rendered":"https:\/\/21panorama.com\/?p=4131"},"modified":"2022-09-05T09:35:42","modified_gmt":"2022-09-05T14:35:42","slug":"convoca-fernando-flores-a-7-mil-personas-en-entrega-de-canasta-alimentaria","status":"publish","type":"post","link":"https:\/\/21panorama.com\/index.php\/2022\/09\/05\/convoca-fernando-flores-a-7-mil-personas-en-entrega-de-canasta-alimentaria\/","title":{"rendered":"CONVOCA FERNANDO FLORES A 7 MIL PERSONAS EN ENTREGA DE CANASTA ALIMENTARIA"},"content":{"rendered":"\n<p><\/p>\n\n\n\n<p>\u2022 Ser\u00e1n 11 mil familias beneficiadas.<\/p>\n\n\n\n<p>El alcalde de Metepec, Fernando Flores Fern\u00e1ndez, encabez\u00f3 el inicio del programa de Canasta Social Alimentaria Familias Felices (CASAFF), la cual, beneficiar\u00e1 en primera instancia a 11 mil familias.<\/p>\n\n\n\n<p>Ante un auditorio de m\u00e1s de 7 mil personas reunidas en el recinto ferial, el alcalde asegur\u00f3 que hoy, los ciudadanos son los que verdaderamente est\u00e1n gobernando Metepec y que, atendiendo los requerimientos de la sociedad, inicia el programa alimentario.<\/p>\n\n\n\n<p>CASAFF, forma parte del programa social integral extraordinario del ayuntamiento de Metepec, que incluye las Becas Econ\u00f3micas para estudiantes; \u201cM\u00e9dico en tu Casa\u201d con servicio gratuito para los habitantes registrados que proporciona medicamentos en casos de enfermedades cr\u00f3nica degenerativas y ahora, el de nutrici\u00f3n con variedad de productos de la canasta b\u00e1sica.<\/p>\n\n\n\n<p>En un ambiente festivo, donde las 7 mil personas reunidas corearon el nombre de Fernando Flores, se dio paso a otro de los compromisos cumplidos del edil, que permitir\u00e1, en este caso, mejorar la calidad de vida de las personas a trav\u00e9s de la alimentaci\u00f3n.<\/p>\n\n\n\n<p>Se prev\u00e9 que a finales de este a\u00f1o se beneficie a un total de 16 mil familias y en el 2023 se incremente a 2 mil m\u00e1s.<\/p>\n\n\n\n<p>El presidente municipal, destac\u00f3 que su gobierno seguir\u00e1 trabajando todos los d\u00edas incluyendo fines de semana por el bien com\u00fan, otorgando apoyos y creando las condiciones para el desarrollo pleno de los habitantes de Metepec, el cual, brilla como nunca y es m\u00e1s de los metepequenses, as\u00ed como, dijo, continuar\u00e1 favoreciendo a las presentes y futuras generaciones y no pensando en las pr\u00f3ximas elecciones, esas que las disputen los pol\u00edticos, acot\u00f3.<\/p>\n","protected":false},"excerpt":{"rendered":"<p>El alcalde de Metepec, Fernando Flores Fern\u00e1ndez, encabez\u00f3 el inicio del programa de Canasta Social Alimentaria Familias Felices (CASAFF), la cual, beneficiar\u00e1 en primera instancia a 11 mil familias.<\/p>\n","protected":false},"author":1,"featured_media":4132,"comment_status":"open","ping_status":"open","sticky":false,"template":"","format":"standard","meta":{"footnotes":""},"categories":[3,12,1],"tags":[76,77],"class_list":["post-4131","post","type-post","status-publish","format-standard","has-post-thumbnail","hentry","category-ecomomia","category-politica","category-sociedad","tag-fernando-flores","tag-metepec"],"yoast_head":"<!-- This site is optimized with the Yoast SEO plugin v24.9 - https:\/\/yoast.com\/wordpress\/plugins\/seo\/ -->\n<title>CONVOCA FERNANDO FLORES A 7 MIL PERSONAS EN ENTREGA DE CANASTA ALIMENTARIA - 21 Panorama<\/title>\n<meta name=\"robots\" content=\"index, follow, max-snippet:-1, max-image-preview:large, max-video-preview:-1\" \/>\n<link rel=\"canonical\" href=\"https:\/\/21panorama.com\/index.php\/2022\/09\/05\/convoca-fernando-flores-a-7-mil-personas-en-entrega-de-canasta-alimentaria\/\" \/>\n<meta property=\"og:locale\" content=\"es_MX\" \/>\n<meta property=\"og:type\" content=\"article\" \/>\n<meta property=\"og:title\" content=\"CONVOCA FERNANDO FLORES A 7 MIL PERSONAS EN ENTREGA DE CANASTA ALIMENTARIA - 21 Panorama\" \/>\n<meta property=\"og:description\" content=\"El alcalde de Metepec, Fernando Flores Fern\u00e1ndez, encabez\u00f3 el inicio del programa de Canasta Social Alimentaria Familias Felices (CASAFF), la cual, beneficiar\u00e1 en primera instancia a 11 mil familias.\" \/>\n<meta property=\"og:url\" content=\"https:\/\/21panorama.com\/index.php\/2022\/09\/05\/convoca-fernando-flores-a-7-mil-personas-en-entrega-de-canasta-alimentaria\/\" \/>\n<meta property=\"og:site_name\" content=\"21 Panorama\" \/>\n<meta property=\"article:published_time\" content=\"2022-09-05T14:35:41+00:00\" \/>\n<meta property=\"article:modified_time\" content=\"2022-09-05T14:35:42+00:00\" \/>\n<meta property=\"og:image\" content=\"https:\/\/21panorama.com\/wp-content\/uploads\/2022\/09\/Metepec-Canasta-Alimentaria-300822-5.jpg\" \/>\n\t<meta property=\"og:image:width\" content=\"1024\" \/>\n\t<meta property=\"og:image:height\" content=\"683\" \/>\n\t<meta property=\"og:image:type\" content=\"image\/jpeg\" \/>\n<meta name=\"author\" content=\"admin\" \/>\n<meta name=\"twitter:card\" content=\"summary_large_image\" \/>\n<meta name=\"twitter:label1\" content=\"Escrito por\" \/>\n\t<meta name=\"twitter:data1\" content=\"admin\" \/>\n\t<meta name=\"twitter:label2\" content=\"Tiempo de lectura\" \/>\n\t<meta name=\"twitter:data2\" content=\"2 minutos\" \/>\n<script type=\"application\/ld+json\" class=\"yoast-schema-graph\">{\"@context\":\"https:\/\/schema.org\",\"@graph\":[{\"@type\":\"Article\",\"@id\":\"https:\/\/21panorama.com\/index.php\/2022\/09\/05\/convoca-fernando-flores-a-7-mil-personas-en-entrega-de-canasta-alimentaria\/#article\",\"isPartOf\":{\"@id\":\"https:\/\/21panorama.com\/index.php\/2022\/09\/05\/convoca-fernando-flores-a-7-mil-personas-en-entrega-de-canasta-alimentaria\/\"},\"author\":{\"name\":\"admin\",\"@id\":\"https:\/\/21panorama.com\/#\/schema\/person\/1afc291b96d5792a158768324287319f\"},\"headline\":\"CONVOCA FERNANDO FLORES A 7 MIL PERSONAS EN ENTREGA DE CANASTA ALIMENTARIA\",\"datePublished\":\"2022-09-05T14:35:41+00:00\",\"dateModified\":\"2022-09-05T14:35:42+00:00\",\"mainEntityOfPage\":{\"@id\":\"https:\/\/21panorama.com\/index.php\/2022\/09\/05\/convoca-fernando-flores-a-7-mil-personas-en-entrega-de-canasta-alimentaria\/\"},\"wordCount\":291,\"commentCount\":0,\"publisher\":{\"@id\":\"https:\/\/21panorama.com\/#organization\"},\"image\":{\"@id\":\"https:\/\/21panorama.com\/index.php\/2022\/09\/05\/convoca-fernando-flores-a-7-mil-personas-en-entrega-de-canasta-alimentaria\/#primaryimage\"},\"thumbnailUrl\":\"https:\/\/21panorama.com\/wp-content\/uploads\/2022\/09\/Metepec-Canasta-Alimentaria-300822-5.jpg\",\"keywords\":[\"Fernando Flores\",\"Metepec\"],\"articleSection\":[\"Econom\u00eda\",\"Politica\",\"Sociedad\"],\"inLanguage\":\"es\",\"potentialAction\":[{\"@type\":\"CommentAction\",\"name\":\"Comment\",\"target\":[\"https:\/\/21panorama.com\/index.php\/2022\/09\/05\/convoca-fernando-flores-a-7-mil-personas-en-entrega-de-canasta-alimentaria\/#respond\"]}]},{\"@type\":\"WebPage\",\"@id\":\"https:\/\/21panorama.com\/index.php\/2022\/09\/05\/convoca-fernando-flores-a-7-mil-personas-en-entrega-de-canasta-alimentaria\/\",\"url\":\"https:\/\/21panorama.com\/index.php\/2022\/09\/05\/convoca-fernando-flores-a-7-mil-personas-en-entrega-de-canasta-alimentaria\/\",\"name\":\"CONVOCA FERNANDO FLORES A 7 MIL PERSONAS EN ENTREGA DE CANASTA ALIMENTARIA - 21 Panorama\",\"isPartOf\":{\"@id\":\"https:\/\/21panorama.com\/#website\"},\"primaryImageOfPage\":{\"@id\":\"https:\/\/21panorama.com\/index.php\/2022\/09\/05\/convoca-fernando-flores-a-7-mil-personas-en-entrega-de-canasta-alimentaria\/#primaryimage\"},\"image\":{\"@id\":\"https:\/\/21panorama.com\/index.php\/2022\/09\/05\/convoca-fernando-flores-a-7-mil-personas-en-entrega-de-canasta-alimentaria\/#primaryimage\"},\"thumbnailUrl\":\"https:\/\/21panorama.com\/wp-content\/uploads\/2022\/09\/Metepec-Canasta-Alimentaria-300822-5.jpg\",\"datePublished\":\"2022-09-05T14:35:41+00:00\",\"dateModified\":\"2022-09-05T14:35:42+00:00\",\"breadcrumb\":{\"@id\":\"https:\/\/21panorama.com\/index.php\/2022\/09\/05\/convoca-fernando-flores-a-7-mil-personas-en-entrega-de-canasta-alimentaria\/#breadcrumb\"},\"inLanguage\":\"es\",\"potentialAction\":[{\"@type\":\"ReadAction\",\"target\":[\"https:\/\/21panorama.com\/index.php\/2022\/09\/05\/convoca-fernando-flores-a-7-mil-personas-en-entrega-de-canasta-alimentaria\/\"]}]},{\"@type\":\"ImageObject\",\"inLanguage\":\"es\",\"@id\":\"https:\/\/21panorama.com\/index.php\/2022\/09\/05\/convoca-fernando-flores-a-7-mil-personas-en-entrega-de-canasta-alimentaria\/#primaryimage\",\"url\":\"https:\/\/21panorama.com\/wp-content\/uploads\/2022\/09\/Metepec-Canasta-Alimentaria-300822-5.jpg\",\"contentUrl\":\"https:\/\/21panorama.com\/wp-content\/uploads\/2022\/09\/Metepec-Canasta-Alimentaria-300822-5.jpg\",\"width\":1024,\"height\":683},{\"@type\":\"BreadcrumbList\",\"@id\":\"https:\/\/21panorama.com\/index.php\/2022\/09\/05\/convoca-fernando-flores-a-7-mil-personas-en-entrega-de-canasta-alimentaria\/#breadcrumb\",\"itemListElement\":[{\"@type\":\"ListItem\",\"position\":1,\"name\":\"Inicio\",\"item\":\"https:\/\/21panorama.com\/\"},{\"@type\":\"ListItem\",\"position\":2,\"name\":\"CONVOCA FERNANDO FLORES A 7 MIL PERSONAS EN ENTREGA DE CANASTA ALIMENTARIA\"}]},{\"@type\":\"WebSite\",\"@id\":\"https:\/\/21panorama.com\/#website\",\"url\":\"https:\/\/21panorama.com\/\",\"name\":\"21 Panorama\",\"description\":\"La construcci\u00f3n de la opini\u00f3n p\u00fablica merece un mejor Panorama en este siglo 21 para alcanzar una sociedad con mayor transparencia y sin corrupci\u00f3n.\",\"publisher\":{\"@id\":\"https:\/\/21panorama.com\/#organization\"},\"potentialAction\":[{\"@type\":\"SearchAction\",\"target\":{\"@type\":\"EntryPoint\",\"urlTemplate\":\"https:\/\/21panorama.com\/?s={search_term_string}\"},\"query-input\":{\"@type\":\"PropertyValueSpecification\",\"valueRequired\":true,\"valueName\":\"search_term_string\"}}],\"inLanguage\":\"es\"},{\"@type\":\"Organization\",\"@id\":\"https:\/\/21panorama.com\/#organization\",\"name\":\"21 Panorama\",\"url\":\"https:\/\/21panorama.com\/\",\"logo\":{\"@type\":\"ImageObject\",\"inLanguage\":\"es\",\"@id\":\"https:\/\/21panorama.com\/#\/schema\/logo\/image\/\",\"url\":\"https:\/\/21panorama.com\/wp-content\/uploads\/2019\/07\/cropped-Logo-Panorama-01.jpeg\",\"contentUrl\":\"https:\/\/21panorama.com\/wp-content\/uploads\/2019\/07\/cropped-Logo-Panorama-01.jpeg\",\"width\":290,\"height\":70,\"caption\":\"21 Panorama\"},\"image\":{\"@id\":\"https:\/\/21panorama.com\/#\/schema\/logo\/image\/\"}},{\"@type\":\"Person\",\"@id\":\"https:\/\/21panorama.com\/#\/schema\/person\/1afc291b96d5792a158768324287319f\",\"name\":\"admin\",\"image\":{\"@type\":\"ImageObject\",\"inLanguage\":\"es\",\"@id\":\"https:\/\/21panorama.com\/#\/schema\/person\/image\/\",\"url\":\"https:\/\/secure.gravatar.com\/avatar\/ad365d9d9f46719215b0d042cc3df92a5a8683e09ef13d102233e5491985f0f0?s=96&d=mm&r=g\",\"contentUrl\":\"https:\/\/secure.gravatar.com\/avatar\/ad365d9d9f46719215b0d042cc3df92a5a8683e09ef13d102233e5491985f0f0?s=96&d=mm&r=g\",\"caption\":\"admin\"},\"url\":\"https:\/\/21panorama.com\/index.php\/author\/admin\/\"}]}<\/script>\n<!-- \/ Yoast SEO plugin. -->","yoast_head_json":{"title":"CONVOCA FERNANDO FLORES A 7 MIL PERSONAS EN ENTREGA DE CANASTA ALIMENTARIA - 21 Panorama","robots":{"index":"index","follow":"follow","max-snippet":"max-snippet:-1","max-image-preview":"max-image-preview:large","max-video-preview":"max-video-preview:-1"},"canonical":"https:\/\/21panorama.com\/index.php\/2022\/09\/05\/convoca-fernando-flores-a-7-mil-personas-en-entrega-de-canasta-alimentaria\/","og_locale":"es_MX","og_type":"article","og_title":"CONVOCA FERNANDO FLORES A 7 MIL PERSONAS EN ENTREGA DE CANASTA ALIMENTARIA - 21 Panorama","og_description":"El alcalde de Metepec, Fernando Flores Fern\u00e1ndez, encabez\u00f3 el inicio del programa de Canasta Social Alimentaria Familias Felices (CASAFF), la cual, beneficiar\u00e1 en primera instancia a 11 mil familias.","og_url":"https:\/\/21panorama.com\/index.php\/2022\/09\/05\/convoca-fernando-flores-a-7-mil-personas-en-entrega-de-canasta-alimentaria\/","og_site_name":"21 Panorama","article_published_time":"2022-09-05T14:35:41+00:00","article_modified_time":"2022-09-05T14:35:42+00:00","og_image":[{"width":1024,"height":683,"url":"https:\/\/21panorama.com\/wp-content\/uploads\/2022\/09\/Metepec-Canasta-Alimentaria-300822-5.jpg","type":"image\/jpeg"}],"author":"admin","twitter_card":"summary_large_image","twitter_misc":{"Escrito por":"admin","Tiempo de lectura":"2 minutos"},"schema":{"@context":"https:\/\/schema.org","@graph":[{"@type":"Article","@id":"https:\/\/21panorama.com\/index.php\/2022\/09\/05\/convoca-fernando-flores-a-7-mil-personas-en-entrega-de-canasta-alimentaria\/#article","isPartOf":{"@id":"https:\/\/21panorama.com\/index.php\/2022\/09\/05\/convoca-fernando-flores-a-7-mil-personas-en-entrega-de-canasta-alimentaria\/"},"author":{"name":"admin","@id":"https:\/\/21panorama.com\/#\/schema\/person\/1afc291b96d5792a158768324287319f"},"headline":"CONVOCA FERNANDO FLORES A 7 MIL PERSONAS EN ENTREGA DE CANASTA ALIMENTARIA","datePublished":"2022-09-05T14:35:41+00:00","dateModified":"2022-09-05T14:35:42+00:00","mainEntityOfPage":{"@id":"https:\/\/21panorama.com\/index.php\/2022\/09\/05\/convoca-fernando-flores-a-7-mil-personas-en-entrega-de-canasta-alimentaria\/"},"wordCount":291,"commentCount":0,"publisher":{"@id":"https:\/\/21panorama.com\/#organization"},"image":{"@id":"https:\/\/21panorama.com\/index.php\/2022\/09\/05\/convoca-fernando-flores-a-7-mil-personas-en-entrega-de-canasta-alimentaria\/#primaryimage"},"thumbnailUrl":"https:\/\/21panorama.com\/wp-content\/uploads\/2022\/09\/Metepec-Canasta-Alimentaria-300822-5.jpg","keywords":["Fernando Flores","Metepec"],"articleSection":["Econom\u00eda","Politica","Sociedad"],"inLanguage":"es","potentialAction":[{"@type":"CommentAction","name":"Comment","target":["https:\/\/21panorama.com\/index.php\/2022\/09\/05\/convoca-fernando-flores-a-7-mil-personas-en-entrega-de-canasta-alimentaria\/#respond"]}]},{"@type":"WebPage","@id":"https:\/\/21panorama.com\/index.php\/2022\/09\/05\/convoca-fernando-flores-a-7-mil-personas-en-entrega-de-canasta-alimentaria\/","url":"https:\/\/21panorama.com\/index.php\/2022\/09\/05\/convoca-fernando-flores-a-7-mil-personas-en-entrega-de-canasta-alimentaria\/","name":"CONVOCA FERNANDO FLORES A 7 MIL PERSONAS EN ENTREGA DE CANASTA ALIMENTARIA - 21 Panorama","isPartOf":{"@id":"https:\/\/21panorama.com\/#website"},"primaryImageOfPage":{"@id":"https:\/\/21panorama.com\/index.php\/2022\/09\/05\/convoca-fernando-flores-a-7-mil-personas-en-entrega-de-canasta-alimentaria\/#primaryimage"},"image":{"@id":"https:\/\/21panorama.com\/index.php\/2022\/09\/05\/convoca-fernando-flores-a-7-mil-personas-en-entrega-de-canasta-alimentaria\/#primaryimage"},"thumbnailUrl":"https:\/\/21panorama.com\/wp-content\/uploads\/2022\/09\/Metepec-Canasta-Alimentaria-300822-5.jpg","datePublished":"2022-09-05T14:35:41+00:00","dateModified":"2022-09-05T14:35:42+00:00","breadcrumb":{"@id":"https:\/\/21panorama.com\/index.php\/2022\/09\/05\/convoca-fernando-flores-a-7-mil-personas-en-entrega-de-canasta-alimentaria\/#breadcrumb"},"inLanguage":"es","potentialAction":[{"@type":"ReadAction","target":["https:\/\/21panorama.com\/index.php\/2022\/09\/05\/convoca-fernando-flores-a-7-mil-personas-en-entrega-de-canasta-alimentaria\/"]}]},{"@type":"ImageObject","inLanguage":"es","@id":"https:\/\/21panorama.com\/index.php\/2022\/09\/05\/convoca-fernando-flores-a-7-mil-personas-en-entrega-de-canasta-alimentaria\/#primaryimage","url":"https:\/\/21panorama.com\/wp-content\/uploads\/2022\/09\/Metepec-Canasta-Alimentaria-300822-5.jpg","contentUrl":"https:\/\/21panorama.com\/wp-content\/uploads\/2022\/09\/Metepec-Canasta-Alimentaria-300822-5.jpg","width":1024,"height":683},{"@type":"BreadcrumbList","@id":"https:\/\/21panorama.com\/index.php\/2022\/09\/05\/convoca-fernando-flores-a-7-mil-personas-en-entrega-de-canasta-alimentaria\/#breadcrumb","itemListElement":[{"@type":"ListItem","position":1,"name":"Inicio","item":"https:\/\/21panorama.com\/"},{"@type":"ListItem","position":2,"name":"CONVOCA FERNANDO FLORES A 7 MIL PERSONAS EN ENTREGA DE CANASTA ALIMENTARIA"}]},{"@type":"WebSite","@id":"https:\/\/21panorama.com\/#website","url":"https:\/\/21panorama.com\/","name":"21 Panorama","description":"La construcci\u00f3n de la opini\u00f3n p\u00fablica merece un mejor Panorama en este siglo 21 para alcanzar una sociedad con mayor transparencia y sin corrupci\u00f3n.","publisher":{"@id":"https:\/\/21panorama.com\/#organization"},"potentialAction":[{"@type":"SearchAction","target":{"@type":"EntryPoint","urlTemplate":"https:\/\/21panorama.com\/?s={search_term_string}"},"query-input":{"@type":"PropertyValueSpecification","valueRequired":true,"valueName":"search_term_string"}}],"inLanguage":"es"},{"@type":"Organization","@id":"https:\/\/21panorama.com\/#organization","name":"21 Panorama","url":"https:\/\/21panorama.com\/","logo":{"@type":"ImageObject","inLanguage":"es","@id":"https:\/\/21panorama.com\/#\/schema\/logo\/image\/","url":"https:\/\/21panorama.com\/wp-content\/uploads\/2019\/07\/cropped-Logo-Panorama-01.jpeg","contentUrl":"https:\/\/21panorama.com\/wp-content\/uploads\/2019\/07\/cropped-Logo-Panorama-01.jpeg","width":290,"height":70,"caption":"21 Panorama"},"image":{"@id":"https:\/\/21panorama.com\/#\/schema\/logo\/image\/"}},{"@type":"Person","@id":"https:\/\/21panorama.com\/#\/schema\/person\/1afc291b96d5792a158768324287319f","name":"admin","image":{"@type":"ImageObject","inLanguage":"es","@id":"https:\/\/21panorama.com\/#\/schema\/person\/image\/","url":"https:\/\/secure.gravatar.com\/avatar\/ad365d9d9f46719215b0d042cc3df92a5a8683e09ef13d102233e5491985f0f0?s=96&d=mm&r=g","contentUrl":"https:\/\/secure.gravatar.com\/avatar\/ad365d9d9f46719215b0d042cc3df92a5a8683e09ef13d102233e5491985f0f0?s=96&d=mm&r=g","caption":"admin"},"url":"https:\/\/21panorama.com\/index.php\/author\/admin\/"}]}},"_links":{"self":[{"href":"https:\/\/21panorama.com\/index.php\/wp-json\/wp\/v2\/posts\/4131","targetHints":{"allow":["GET"]}}],"collection":[{"href":"https:\/\/21panorama.com\/index.php\/wp-json\/wp\/v2\/posts"}],"about":[{"href":"https:\/\/21panorama.com\/index.php\/wp-json\/wp\/v2\/types\/post"}],"author":[{"embeddable":true,"href":"https:\/\/21panorama.com\/index.php\/wp-json\/wp\/v2\/users\/1"}],"replies":[{"embeddable":true,"href":"https:\/\/21panorama.com\/index.php\/wp-json\/wp\/v2\/comments?post=4131"}],"version-history":[{"count":1,"href":"https:\/\/21panorama.com\/index.php\/wp-json\/wp\/v2\/posts\/4131\/revisions"}],"predecessor-version":[{"id":4133,"href":"https:\/\/21panorama.com\/index.php\/wp-json\/wp\/v2\/posts\/4131\/revisions\/4133"}],"wp:featuredmedia":[{"embeddable":true,"href":"https:\/\/21panorama.com\/index.php\/wp-json\/wp\/v2\/media\/4132"}],"wp:attachment":[{"href":"https:\/\/21panorama.com\/index.php\/wp-json\/wp\/v2\/media?parent=4131"}],"wp:term":[{"taxonomy":"category","embeddable":true,"href":"https:\/\/21panorama.com\/index.php\/wp-json\/wp\/v2\/categories?post=4131"},{"taxonomy":"post_tag","embeddable":true,"href":"https:\/\/21panorama.com\/index.php\/wp-json\/wp\/v2\/tags?post=4131"}],"curies":[{"name":"wp","href":"https:\/\/api.w.org\/{rel}","templated":true}]}}