{"id":4094,"date":"2022-08-25T17:26:39","date_gmt":"2022-08-25T22:26:39","guid":{"rendered":"https:\/\/21panorama.com\/?p=4094"},"modified":"2022-08-25T17:26:41","modified_gmt":"2022-08-25T22:26:41","slug":"inscriben-fecha-por-logro-historico-de-la-uaemex-al-ubicarse-como-mejor-universidad-publica-estatal-del-pais","status":"publish","type":"post","link":"https:\/\/21panorama.com\/index.php\/2022\/08\/25\/inscriben-fecha-por-logro-historico-de-la-uaemex-al-ubicarse-como-mejor-universidad-publica-estatal-del-pais\/","title":{"rendered":"INSCRIBEN FECHA POR LOGRO HIST\u00d3RICO DE LA UAEM\u00c9X AL UBICARSE COMO MEJOR UNIVERSIDAD P\u00daBLICA ESTATAL DEL PA\u00cdS"},"content":{"rendered":"\n<p><\/p>\n\n\n\n<p>\u2022 El rector Carlos Eduardo Barrera D\u00edaz devel\u00f3 la inscripci\u00f3n con letras de bronce \u201c14 julio 2022\u201d en el friso de los arcos ponientes de la planta baja del Patio de los Naranjos del Edificio de Rector\u00eda.<\/p>\n\n\n\n<p>\u2022 Lo anterior, en conmemoraci\u00f3n a la fecha en que esta casa de estudios tuvo el logro hist\u00f3rico de ser reconocida, por primera vez, como la Mejor Universidad P\u00fablica Estatal de M\u00e9xico, de acuerdo con el Ranking de Universidades Latinoamericanas 2022 de THE.<\/p>\n\n\n\n<p>En conmemoraci\u00f3n a la fecha en que la Universidad Aut\u00f3noma del Estado de M\u00e9xico (UAEM\u00e9x) tuvo el logro hist\u00f3rico de ser reconocida, por primera vez, como la Mejor Universidad P\u00fablica Estatal de M\u00e9xico, de acuerdo con el Ranking de Universidades Latinoamericanas 2022 de Times Higher Education (THE), el rector Carlos Eduardo Barrera D\u00edaz devel\u00f3 la inscripci\u00f3n con letras de bronce \u201c14 julio 2022\u201d en el friso de los arcos ponientes de la planta baja del Patio de los Naranjos del Edificio de Rector\u00eda.<\/p>\n\n\n\n<p>Asimismo, acompa\u00f1ado por los integrantes del gabinete universitario y del Colegio de Directores de la UAEM\u00e9x, devel\u00f3 una placa en la que el gobernador mexiquense, Alfredo Del Mazo Maza, da testimonio de este logro acad\u00e9mico.<\/p>\n\n\n\n<p>En este acto tambi\u00e9n fue develada la placa del reconocimiento que la Comisi\u00f3n Permanente del H. Congreso de la Uni\u00f3n envi\u00f3, a trav\u00e9s de su secretaria, la senadora Lilia Margarita Valdez Mart\u00ednez, a la UAEM\u00e9x por su posici\u00f3n en el Ranking Quacquarelli Symonds (QS) 2023, en el que se le reconoce entre las 10 mejores IES del pa\u00eds, entre p\u00fablicas y privadas, destac\u00e1ndola a nivel nacional e internacional.<\/p>\n\n\n\n<p>Cabe destacar que THE realiza la evaluaci\u00f3n acad\u00e9mica de las Instituciones de Educaci\u00f3n Superior (IES) de acuerdo con diversas variables y los indicadores de calidad a los que hace alusi\u00f3n la Organizaci\u00f3n de las Naciones Unidas para la Educaci\u00f3n, la Ciencia y la Cultura (UNESCO), en el Art\u00edculo 11 de la Declaraci\u00f3n Mundial Sobre la Educaci\u00f3n Superior.<\/p>\n\n\n\n<p>La UNESCO refiere que los rankings adquieren relevancia porque constituyen m\u00e9tricas elaboradas por empresas privadas, las cuales formulan metodolog\u00edas especializadas en la evaluaci\u00f3n de la educaci\u00f3n superior, realizan una evaluaci\u00f3n con est\u00e1ndares internacionales, emiten listas comparativas de calidad de las IES, adem\u00e1s de tomar como referencia 12 indicadores: internacionalizaci\u00f3n, acreditaci\u00f3n de programas educativos, reputaci\u00f3n acad\u00e9mica, calidad de la educaci\u00f3n, investigaci\u00f3n, innovaci\u00f3n, empleabilidad, medio ambiente de aprendizaje, inclusi\u00f3n y responsabilidad social, sustentabilidad, recursos y redes globales de colaboraci\u00f3n cient\u00edfica y acad\u00e9mica.<\/p>\n\n\n\n<p>Los rankings universitarios internacionales son una tendencia y una consecuencia de la globalizaci\u00f3n y se han convertido en mecanismos, tanto cuantitativos como cualitativos, de visualizaci\u00f3n y competitividad para las universidades.<\/p>\n","protected":false},"excerpt":{"rendered":"<p>El rector Carlos Eduardo Barrera D\u00edaz devel\u00f3 la inscripci\u00f3n con letras de bronce \u201c14 julio 2022\u201d en el friso de los arcos ponientes de la planta baja del Patio de los Naranjos del Edificio de Rector\u00eda.<\/p>\n","protected":false},"author":1,"featured_media":4095,"comment_status":"open","ping_status":"open","sticky":false,"template":"","format":"standard","meta":{"footnotes":""},"categories":[5,1],"tags":[323,23],"class_list":["post-4094","post","type-post","status-publish","format-standard","has-post-thumbnail","hentry","category-cultura","category-sociedad","tag-carlos-eduardo-barrera-diaz","tag-uaemex"],"yoast_head":"<!-- This site is optimized with the Yoast SEO plugin v24.9 - https:\/\/yoast.com\/wordpress\/plugins\/seo\/ -->\n<title>INSCRIBEN FECHA POR LOGRO HIST\u00d3RICO DE LA UAEM\u00c9X AL UBICARSE COMO MEJOR UNIVERSIDAD P\u00daBLICA ESTATAL DEL PA\u00cdS - 21 Panorama<\/title>\n<meta name=\"robots\" content=\"index, follow, max-snippet:-1, max-image-preview:large, max-video-preview:-1\" \/>\n<link rel=\"canonical\" href=\"https:\/\/21panorama.com\/index.php\/2022\/08\/25\/inscriben-fecha-por-logro-historico-de-la-uaemex-al-ubicarse-como-mejor-universidad-publica-estatal-del-pais\/\" \/>\n<meta property=\"og:locale\" content=\"es_MX\" \/>\n<meta property=\"og:type\" content=\"article\" \/>\n<meta property=\"og:title\" content=\"INSCRIBEN FECHA POR LOGRO HIST\u00d3RICO DE LA UAEM\u00c9X AL UBICARSE COMO MEJOR UNIVERSIDAD P\u00daBLICA ESTATAL DEL PA\u00cdS - 21 Panorama\" \/>\n<meta property=\"og:description\" content=\"El rector Carlos Eduardo Barrera D\u00edaz devel\u00f3 la inscripci\u00f3n con letras de bronce \u201c14 julio 2022\u201d en el friso de los arcos ponientes de la planta baja del Patio de los Naranjos del Edificio de Rector\u00eda.\" \/>\n<meta property=\"og:url\" content=\"https:\/\/21panorama.com\/index.php\/2022\/08\/25\/inscriben-fecha-por-logro-historico-de-la-uaemex-al-ubicarse-como-mejor-universidad-publica-estatal-del-pais\/\" \/>\n<meta property=\"og:site_name\" content=\"21 Panorama\" \/>\n<meta property=\"article:published_time\" content=\"2022-08-25T22:26:39+00:00\" \/>\n<meta property=\"article:modified_time\" content=\"2022-08-25T22:26:41+00:00\" \/>\n<meta property=\"og:image\" content=\"https:\/\/21panorama.com\/wp-content\/uploads\/2022\/08\/UAEMex-Develan-Placa-250822-2.jpg\" \/>\n\t<meta property=\"og:image:width\" content=\"960\" \/>\n\t<meta property=\"og:image:height\" content=\"1440\" \/>\n\t<meta property=\"og:image:type\" content=\"image\/jpeg\" \/>\n<meta name=\"author\" content=\"admin\" \/>\n<meta name=\"twitter:card\" content=\"summary_large_image\" \/>\n<meta name=\"twitter:label1\" content=\"Escrito por\" \/>\n\t<meta name=\"twitter:data1\" content=\"admin\" \/>\n\t<meta name=\"twitter:label2\" content=\"Tiempo de lectura\" \/>\n\t<meta name=\"twitter:data2\" content=\"2 minutos\" \/>\n<script type=\"application\/ld+json\" class=\"yoast-schema-graph\">{\"@context\":\"https:\/\/schema.org\",\"@graph\":[{\"@type\":\"Article\",\"@id\":\"https:\/\/21panorama.com\/index.php\/2022\/08\/25\/inscriben-fecha-por-logro-historico-de-la-uaemex-al-ubicarse-como-mejor-universidad-publica-estatal-del-pais\/#article\",\"isPartOf\":{\"@id\":\"https:\/\/21panorama.com\/index.php\/2022\/08\/25\/inscriben-fecha-por-logro-historico-de-la-uaemex-al-ubicarse-como-mejor-universidad-publica-estatal-del-pais\/\"},\"author\":{\"name\":\"admin\",\"@id\":\"https:\/\/21panorama.com\/#\/schema\/person\/1afc291b96d5792a158768324287319f\"},\"headline\":\"INSCRIBEN FECHA POR LOGRO HIST\u00d3RICO DE LA UAEM\u00c9X AL UBICARSE COMO MEJOR UNIVERSIDAD P\u00daBLICA ESTATAL DEL PA\u00cdS\",\"datePublished\":\"2022-08-25T22:26:39+00:00\",\"dateModified\":\"2022-08-25T22:26:41+00:00\",\"mainEntityOfPage\":{\"@id\":\"https:\/\/21panorama.com\/index.php\/2022\/08\/25\/inscriben-fecha-por-logro-historico-de-la-uaemex-al-ubicarse-como-mejor-universidad-publica-estatal-del-pais\/\"},\"wordCount\":501,\"commentCount\":0,\"publisher\":{\"@id\":\"https:\/\/21panorama.com\/#organization\"},\"image\":{\"@id\":\"https:\/\/21panorama.com\/index.php\/2022\/08\/25\/inscriben-fecha-por-logro-historico-de-la-uaemex-al-ubicarse-como-mejor-universidad-publica-estatal-del-pais\/#primaryimage\"},\"thumbnailUrl\":\"https:\/\/21panorama.com\/wp-content\/uploads\/2022\/08\/UAEMex-Develan-Placa-250822-2.jpg\",\"keywords\":[\"Carlos Eduardo Barrera D\u00edaz\",\"UAEMex\"],\"articleSection\":[\"Cultura\",\"Sociedad\"],\"inLanguage\":\"es\",\"potentialAction\":[{\"@type\":\"CommentAction\",\"name\":\"Comment\",\"target\":[\"https:\/\/21panorama.com\/index.php\/2022\/08\/25\/inscriben-fecha-por-logro-historico-de-la-uaemex-al-ubicarse-como-mejor-universidad-publica-estatal-del-pais\/#respond\"]}]},{\"@type\":\"WebPage\",\"@id\":\"https:\/\/21panorama.com\/index.php\/2022\/08\/25\/inscriben-fecha-por-logro-historico-de-la-uaemex-al-ubicarse-como-mejor-universidad-publica-estatal-del-pais\/\",\"url\":\"https:\/\/21panorama.com\/index.php\/2022\/08\/25\/inscriben-fecha-por-logro-historico-de-la-uaemex-al-ubicarse-como-mejor-universidad-publica-estatal-del-pais\/\",\"name\":\"INSCRIBEN FECHA POR LOGRO HIST\u00d3RICO DE LA UAEM\u00c9X AL UBICARSE COMO MEJOR UNIVERSIDAD P\u00daBLICA ESTATAL DEL PA\u00cdS - 21 Panorama\",\"isPartOf\":{\"@id\":\"https:\/\/21panorama.com\/#website\"},\"primaryImageOfPage\":{\"@id\":\"https:\/\/21panorama.com\/index.php\/2022\/08\/25\/inscriben-fecha-por-logro-historico-de-la-uaemex-al-ubicarse-como-mejor-universidad-publica-estatal-del-pais\/#primaryimage\"},\"image\":{\"@id\":\"https:\/\/21panorama.com\/index.php\/2022\/08\/25\/inscriben-fecha-por-logro-historico-de-la-uaemex-al-ubicarse-como-mejor-universidad-publica-estatal-del-pais\/#primaryimage\"},\"thumbnailUrl\":\"https:\/\/21panorama.com\/wp-content\/uploads\/2022\/08\/UAEMex-Develan-Placa-250822-2.jpg\",\"datePublished\":\"2022-08-25T22:26:39+00:00\",\"dateModified\":\"2022-08-25T22:26:41+00:00\",\"breadcrumb\":{\"@id\":\"https:\/\/21panorama.com\/index.php\/2022\/08\/25\/inscriben-fecha-por-logro-historico-de-la-uaemex-al-ubicarse-como-mejor-universidad-publica-estatal-del-pais\/#breadcrumb\"},\"inLanguage\":\"es\",\"potentialAction\":[{\"@type\":\"ReadAction\",\"target\":[\"https:\/\/21panorama.com\/index.php\/2022\/08\/25\/inscriben-fecha-por-logro-historico-de-la-uaemex-al-ubicarse-como-mejor-universidad-publica-estatal-del-pais\/\"]}]},{\"@type\":\"ImageObject\",\"inLanguage\":\"es\",\"@id\":\"https:\/\/21panorama.com\/index.php\/2022\/08\/25\/inscriben-fecha-por-logro-historico-de-la-uaemex-al-ubicarse-como-mejor-universidad-publica-estatal-del-pais\/#primaryimage\",\"url\":\"https:\/\/21panorama.com\/wp-content\/uploads\/2022\/08\/UAEMex-Develan-Placa-250822-2.jpg\",\"contentUrl\":\"https:\/\/21panorama.com\/wp-content\/uploads\/2022\/08\/UAEMex-Develan-Placa-250822-2.jpg\",\"width\":960,\"height\":1440},{\"@type\":\"BreadcrumbList\",\"@id\":\"https:\/\/21panorama.com\/index.php\/2022\/08\/25\/inscriben-fecha-por-logro-historico-de-la-uaemex-al-ubicarse-como-mejor-universidad-publica-estatal-del-pais\/#breadcrumb\",\"itemListElement\":[{\"@type\":\"ListItem\",\"position\":1,\"name\":\"Inicio\",\"item\":\"https:\/\/21panorama.com\/\"},{\"@type\":\"ListItem\",\"position\":2,\"name\":\"INSCRIBEN FECHA POR LOGRO HIST\u00d3RICO DE LA UAEM\u00c9X AL UBICARSE COMO MEJOR UNIVERSIDAD P\u00daBLICA ESTATAL DEL PA\u00cdS\"}]},{\"@type\":\"WebSite\",\"@id\":\"https:\/\/21panorama.com\/#website\",\"url\":\"https:\/\/21panorama.com\/\",\"name\":\"21 Panorama\",\"description\":\"La construcci\u00f3n de la opini\u00f3n p\u00fablica merece un mejor Panorama en este siglo 21 para alcanzar una sociedad con mayor transparencia y sin corrupci\u00f3n.\",\"publisher\":{\"@id\":\"https:\/\/21panorama.com\/#organization\"},\"potentialAction\":[{\"@type\":\"SearchAction\",\"target\":{\"@type\":\"EntryPoint\",\"urlTemplate\":\"https:\/\/21panorama.com\/?s={search_term_string}\"},\"query-input\":{\"@type\":\"PropertyValueSpecification\",\"valueRequired\":true,\"valueName\":\"search_term_string\"}}],\"inLanguage\":\"es\"},{\"@type\":\"Organization\",\"@id\":\"https:\/\/21panorama.com\/#organization\",\"name\":\"21 Panorama\",\"url\":\"https:\/\/21panorama.com\/\",\"logo\":{\"@type\":\"ImageObject\",\"inLanguage\":\"es\",\"@id\":\"https:\/\/21panorama.com\/#\/schema\/logo\/image\/\",\"url\":\"https:\/\/21panorama.com\/wp-content\/uploads\/2019\/07\/cropped-Logo-Panorama-01.jpeg\",\"contentUrl\":\"https:\/\/21panorama.com\/wp-content\/uploads\/2019\/07\/cropped-Logo-Panorama-01.jpeg\",\"width\":290,\"height\":70,\"caption\":\"21 Panorama\"},\"image\":{\"@id\":\"https:\/\/21panorama.com\/#\/schema\/logo\/image\/\"}},{\"@type\":\"Person\",\"@id\":\"https:\/\/21panorama.com\/#\/schema\/person\/1afc291b96d5792a158768324287319f\",\"name\":\"admin\",\"image\":{\"@type\":\"ImageObject\",\"inLanguage\":\"es\",\"@id\":\"https:\/\/21panorama.com\/#\/schema\/person\/image\/\",\"url\":\"https:\/\/secure.gravatar.com\/avatar\/ad365d9d9f46719215b0d042cc3df92a5a8683e09ef13d102233e5491985f0f0?s=96&d=mm&r=g\",\"contentUrl\":\"https:\/\/secure.gravatar.com\/avatar\/ad365d9d9f46719215b0d042cc3df92a5a8683e09ef13d102233e5491985f0f0?s=96&d=mm&r=g\",\"caption\":\"admin\"},\"url\":\"https:\/\/21panorama.com\/index.php\/author\/admin\/\"}]}<\/script>\n<!-- \/ Yoast SEO plugin. -->","yoast_head_json":{"title":"INSCRIBEN FECHA POR LOGRO HIST\u00d3RICO DE LA UAEM\u00c9X AL UBICARSE COMO MEJOR UNIVERSIDAD P\u00daBLICA ESTATAL DEL PA\u00cdS - 21 Panorama","robots":{"index":"index","follow":"follow","max-snippet":"max-snippet:-1","max-image-preview":"max-image-preview:large","max-video-preview":"max-video-preview:-1"},"canonical":"https:\/\/21panorama.com\/index.php\/2022\/08\/25\/inscriben-fecha-por-logro-historico-de-la-uaemex-al-ubicarse-como-mejor-universidad-publica-estatal-del-pais\/","og_locale":"es_MX","og_type":"article","og_title":"INSCRIBEN FECHA POR LOGRO HIST\u00d3RICO DE LA UAEM\u00c9X AL UBICARSE COMO MEJOR UNIVERSIDAD P\u00daBLICA ESTATAL DEL PA\u00cdS - 21 Panorama","og_description":"El rector Carlos Eduardo Barrera D\u00edaz devel\u00f3 la inscripci\u00f3n con letras de bronce \u201c14 julio 2022\u201d en el friso de los arcos ponientes de la planta baja del Patio de los Naranjos del Edificio de Rector\u00eda.","og_url":"https:\/\/21panorama.com\/index.php\/2022\/08\/25\/inscriben-fecha-por-logro-historico-de-la-uaemex-al-ubicarse-como-mejor-universidad-publica-estatal-del-pais\/","og_site_name":"21 Panorama","article_published_time":"2022-08-25T22:26:39+00:00","article_modified_time":"2022-08-25T22:26:41+00:00","og_image":[{"width":960,"height":1440,"url":"https:\/\/21panorama.com\/wp-content\/uploads\/2022\/08\/UAEMex-Develan-Placa-250822-2.jpg","type":"image\/jpeg"}],"author":"admin","twitter_card":"summary_large_image","twitter_misc":{"Escrito por":"admin","Tiempo de lectura":"2 minutos"},"schema":{"@context":"https:\/\/schema.org","@graph":[{"@type":"Article","@id":"https:\/\/21panorama.com\/index.php\/2022\/08\/25\/inscriben-fecha-por-logro-historico-de-la-uaemex-al-ubicarse-como-mejor-universidad-publica-estatal-del-pais\/#article","isPartOf":{"@id":"https:\/\/21panorama.com\/index.php\/2022\/08\/25\/inscriben-fecha-por-logro-historico-de-la-uaemex-al-ubicarse-como-mejor-universidad-publica-estatal-del-pais\/"},"author":{"name":"admin","@id":"https:\/\/21panorama.com\/#\/schema\/person\/1afc291b96d5792a158768324287319f"},"headline":"INSCRIBEN FECHA POR LOGRO HIST\u00d3RICO DE LA UAEM\u00c9X AL UBICARSE COMO MEJOR UNIVERSIDAD P\u00daBLICA ESTATAL DEL PA\u00cdS","datePublished":"2022-08-25T22:26:39+00:00","dateModified":"2022-08-25T22:26:41+00:00","mainEntityOfPage":{"@id":"https:\/\/21panorama.com\/index.php\/2022\/08\/25\/inscriben-fecha-por-logro-historico-de-la-uaemex-al-ubicarse-como-mejor-universidad-publica-estatal-del-pais\/"},"wordCount":501,"commentCount":0,"publisher":{"@id":"https:\/\/21panorama.com\/#organization"},"image":{"@id":"https:\/\/21panorama.com\/index.php\/2022\/08\/25\/inscriben-fecha-por-logro-historico-de-la-uaemex-al-ubicarse-como-mejor-universidad-publica-estatal-del-pais\/#primaryimage"},"thumbnailUrl":"https:\/\/21panorama.com\/wp-content\/uploads\/2022\/08\/UAEMex-Develan-Placa-250822-2.jpg","keywords":["Carlos Eduardo Barrera D\u00edaz","UAEMex"],"articleSection":["Cultura","Sociedad"],"inLanguage":"es","potentialAction":[{"@type":"CommentAction","name":"Comment","target":["https:\/\/21panorama.com\/index.php\/2022\/08\/25\/inscriben-fecha-por-logro-historico-de-la-uaemex-al-ubicarse-como-mejor-universidad-publica-estatal-del-pais\/#respond"]}]},{"@type":"WebPage","@id":"https:\/\/21panorama.com\/index.php\/2022\/08\/25\/inscriben-fecha-por-logro-historico-de-la-uaemex-al-ubicarse-como-mejor-universidad-publica-estatal-del-pais\/","url":"https:\/\/21panorama.com\/index.php\/2022\/08\/25\/inscriben-fecha-por-logro-historico-de-la-uaemex-al-ubicarse-como-mejor-universidad-publica-estatal-del-pais\/","name":"INSCRIBEN FECHA POR LOGRO HIST\u00d3RICO DE LA UAEM\u00c9X AL UBICARSE COMO MEJOR UNIVERSIDAD P\u00daBLICA ESTATAL DEL PA\u00cdS - 21 Panorama","isPartOf":{"@id":"https:\/\/21panorama.com\/#website"},"primaryImageOfPage":{"@id":"https:\/\/21panorama.com\/index.php\/2022\/08\/25\/inscriben-fecha-por-logro-historico-de-la-uaemex-al-ubicarse-como-mejor-universidad-publica-estatal-del-pais\/#primaryimage"},"image":{"@id":"https:\/\/21panorama.com\/index.php\/2022\/08\/25\/inscriben-fecha-por-logro-historico-de-la-uaemex-al-ubicarse-como-mejor-universidad-publica-estatal-del-pais\/#primaryimage"},"thumbnailUrl":"https:\/\/21panorama.com\/wp-content\/uploads\/2022\/08\/UAEMex-Develan-Placa-250822-2.jpg","datePublished":"2022-08-25T22:26:39+00:00","dateModified":"2022-08-25T22:26:41+00:00","breadcrumb":{"@id":"https:\/\/21panorama.com\/index.php\/2022\/08\/25\/inscriben-fecha-por-logro-historico-de-la-uaemex-al-ubicarse-como-mejor-universidad-publica-estatal-del-pais\/#breadcrumb"},"inLanguage":"es","potentialAction":[{"@type":"ReadAction","target":["https:\/\/21panorama.com\/index.php\/2022\/08\/25\/inscriben-fecha-por-logro-historico-de-la-uaemex-al-ubicarse-como-mejor-universidad-publica-estatal-del-pais\/"]}]},{"@type":"ImageObject","inLanguage":"es","@id":"https:\/\/21panorama.com\/index.php\/2022\/08\/25\/inscriben-fecha-por-logro-historico-de-la-uaemex-al-ubicarse-como-mejor-universidad-publica-estatal-del-pais\/#primaryimage","url":"https:\/\/21panorama.com\/wp-content\/uploads\/2022\/08\/UAEMex-Develan-Placa-250822-2.jpg","contentUrl":"https:\/\/21panorama.com\/wp-content\/uploads\/2022\/08\/UAEMex-Develan-Placa-250822-2.jpg","width":960,"height":1440},{"@type":"BreadcrumbList","@id":"https:\/\/21panorama.com\/index.php\/2022\/08\/25\/inscriben-fecha-por-logro-historico-de-la-uaemex-al-ubicarse-como-mejor-universidad-publica-estatal-del-pais\/#breadcrumb","itemListElement":[{"@type":"ListItem","position":1,"name":"Inicio","item":"https:\/\/21panorama.com\/"},{"@type":"ListItem","position":2,"name":"INSCRIBEN FECHA POR LOGRO HIST\u00d3RICO DE LA UAEM\u00c9X AL UBICARSE COMO MEJOR UNIVERSIDAD P\u00daBLICA ESTATAL DEL PA\u00cdS"}]},{"@type":"WebSite","@id":"https:\/\/21panorama.com\/#website","url":"https:\/\/21panorama.com\/","name":"21 Panorama","description":"La construcci\u00f3n de la opini\u00f3n p\u00fablica merece un mejor Panorama en este siglo 21 para alcanzar una sociedad con mayor transparencia y sin corrupci\u00f3n.","publisher":{"@id":"https:\/\/21panorama.com\/#organization"},"potentialAction":[{"@type":"SearchAction","target":{"@type":"EntryPoint","urlTemplate":"https:\/\/21panorama.com\/?s={search_term_string}"},"query-input":{"@type":"PropertyValueSpecification","valueRequired":true,"valueName":"search_term_string"}}],"inLanguage":"es"},{"@type":"Organization","@id":"https:\/\/21panorama.com\/#organization","name":"21 Panorama","url":"https:\/\/21panorama.com\/","logo":{"@type":"ImageObject","inLanguage":"es","@id":"https:\/\/21panorama.com\/#\/schema\/logo\/image\/","url":"https:\/\/21panorama.com\/wp-content\/uploads\/2019\/07\/cropped-Logo-Panorama-01.jpeg","contentUrl":"https:\/\/21panorama.com\/wp-content\/uploads\/2019\/07\/cropped-Logo-Panorama-01.jpeg","width":290,"height":70,"caption":"21 Panorama"},"image":{"@id":"https:\/\/21panorama.com\/#\/schema\/logo\/image\/"}},{"@type":"Person","@id":"https:\/\/21panorama.com\/#\/schema\/person\/1afc291b96d5792a158768324287319f","name":"admin","image":{"@type":"ImageObject","inLanguage":"es","@id":"https:\/\/21panorama.com\/#\/schema\/person\/image\/","url":"https:\/\/secure.gravatar.com\/avatar\/ad365d9d9f46719215b0d042cc3df92a5a8683e09ef13d102233e5491985f0f0?s=96&d=mm&r=g","contentUrl":"https:\/\/secure.gravatar.com\/avatar\/ad365d9d9f46719215b0d042cc3df92a5a8683e09ef13d102233e5491985f0f0?s=96&d=mm&r=g","caption":"admin"},"url":"https:\/\/21panorama.com\/index.php\/author\/admin\/"}]}},"_links":{"self":[{"href":"https:\/\/21panorama.com\/index.php\/wp-json\/wp\/v2\/posts\/4094","targetHints":{"allow":["GET"]}}],"collection":[{"href":"https:\/\/21panorama.com\/index.php\/wp-json\/wp\/v2\/posts"}],"about":[{"href":"https:\/\/21panorama.com\/index.php\/wp-json\/wp\/v2\/types\/post"}],"author":[{"embeddable":true,"href":"https:\/\/21panorama.com\/index.php\/wp-json\/wp\/v2\/users\/1"}],"replies":[{"embeddable":true,"href":"https:\/\/21panorama.com\/index.php\/wp-json\/wp\/v2\/comments?post=4094"}],"version-history":[{"count":1,"href":"https:\/\/21panorama.com\/index.php\/wp-json\/wp\/v2\/posts\/4094\/revisions"}],"predecessor-version":[{"id":4096,"href":"https:\/\/21panorama.com\/index.php\/wp-json\/wp\/v2\/posts\/4094\/revisions\/4096"}],"wp:featuredmedia":[{"embeddable":true,"href":"https:\/\/21panorama.com\/index.php\/wp-json\/wp\/v2\/media\/4095"}],"wp:attachment":[{"href":"https:\/\/21panorama.com\/index.php\/wp-json\/wp\/v2\/media?parent=4094"}],"wp:term":[{"taxonomy":"category","embeddable":true,"href":"https:\/\/21panorama.com\/index.php\/wp-json\/wp\/v2\/categories?post=4094"},{"taxonomy":"post_tag","embeddable":true,"href":"https:\/\/21panorama.com\/index.php\/wp-json\/wp\/v2\/tags?post=4094"}],"curies":[{"name":"wp","href":"https:\/\/api.w.org\/{rel}","templated":true}]}}