{"id":4087,"date":"2022-08-15T10:29:00","date_gmt":"2022-08-15T15:29:00","guid":{"rendered":"https:\/\/21panorama.com\/?p=4087"},"modified":"2022-08-22T10:34:23","modified_gmt":"2022-08-22T15:34:23","slug":"comienza-la-jornada-de-mastografias-en-el-ceaps-de-jocotitlan","status":"publish","type":"post","link":"https:\/\/21panorama.com\/index.php\/2022\/08\/15\/comienza-la-jornada-de-mastografias-en-el-ceaps-de-jocotitlan\/","title":{"rendered":"COMIENZA LA JORNADA DE MASTOGRAF\u00cdAS EN EL CEAPS DE JOCOTITL\u00c1N"},"content":{"rendered":"\n<p><\/p>\n\n\n\n<p>El Presidente Municipal, Jes\u00fas Cedillo Gonz\u00e1lez dio inicio a la Jornada de Mastograf\u00edas en el CEAPS de Jocotitl\u00e1n, la cual estar\u00e1 disponible del 15 al 19 de Agosto de 9:00 a 13:00 horas., para mujeres de entre 40 y 69 a\u00f1os.<\/p>\n\n\n\n<p>Adem\u00e1s de realizar los estudios para prevenir o detectar el c\u00e1ncer de mama, tambi\u00e9n ofrecer\u00e1n otros servicios de salud, tales como la toma de presi\u00f3n arterial, medici\u00f3n de peso y talla, detecci\u00f3n de enfermedades cr\u00f3nicas degenerativas, tomas de glucosa y asesor\u00edas en salud.<\/p>\n\n\n\n<p>Tambi\u00e9n se ofrecer\u00e1n consultas m\u00e9dicas y la identificaci\u00f3n oportuna de enfermedades como diabetes o hipertensi\u00f3n. Habr\u00e1 orientaci\u00f3n sexual, apoyo psicol\u00f3gico y asistencia para quienes han sufrido violencia; habr\u00e1 pl\u00e1ticas de orientaci\u00f3n y prevenci\u00f3n en la salud y an\u00e1lisis a los adultos mayores.<\/p>\n\n\n\n<p>La importancia de estos programas de salud, radica en hacer esos trabajos preventivos, los que ayudar\u00e1n a reducir la tasa de enfermedades como el c\u00e1ncer.&nbsp; Se espera poder realizar estas jornadas en todo el Estado de M\u00e9xico, y ahora le toc\u00f3 a Jocotitl\u00e1n.<\/p>\n\n\n\n<p>Pueden hacerse una mastograf\u00eda las mujeres que: sean mayores de 40 a 69 a\u00f1os de edad; tengan m\u00e1s de 35 a\u00f1os con: antecedentes familiares de c\u00e1ncer de mama, patolog\u00eda de mama; hayan estado expuestas a radiaci\u00f3n por tratamiento. Pacientes que, aunque sean menores de 40 a\u00f1os tengan: sospecha de la enfermedad, cambios (color, tama\u00f1o, entre otros), en la parte del seno.<\/p>\n","protected":false},"excerpt":{"rendered":"<p>El Presidente Municipal, Jes\u00fas Cedillo Gonz\u00e1lez dio inicio a la Jornada de Mastograf\u00edas en el CEAPS de Jocotitl\u00e1n, la cual estar\u00e1 disponible del 15 al 19 de Agosto de 9:00 a 13:00 horas., para mujeres de entre 40 y 69 a\u00f1os.<\/p>\n","protected":false},"author":1,"featured_media":4088,"comment_status":"open","ping_status":"open","sticky":false,"template":"","format":"standard","meta":{"footnotes":""},"categories":[3,12,1],"tags":[325,42],"class_list":["post-4087","post","type-post","status-publish","format-standard","has-post-thumbnail","hentry","category-ecomomia","category-politica","category-sociedad","tag-jesus-cedillo-gonzalez","tag-jocotitlan"],"yoast_head":"<!-- This site is optimized with the Yoast SEO plugin v24.9 - https:\/\/yoast.com\/wordpress\/plugins\/seo\/ -->\n<title>COMIENZA LA JORNADA DE MASTOGRAF\u00cdAS EN EL CEAPS DE JOCOTITL\u00c1N - 21 Panorama<\/title>\n<meta name=\"robots\" content=\"index, follow, max-snippet:-1, max-image-preview:large, max-video-preview:-1\" \/>\n<link rel=\"canonical\" href=\"https:\/\/21panorama.com\/index.php\/2022\/08\/15\/comienza-la-jornada-de-mastografias-en-el-ceaps-de-jocotitlan\/\" \/>\n<meta property=\"og:locale\" content=\"es_MX\" \/>\n<meta property=\"og:type\" content=\"article\" \/>\n<meta property=\"og:title\" content=\"COMIENZA LA JORNADA DE MASTOGRAF\u00cdAS EN EL CEAPS DE JOCOTITL\u00c1N - 21 Panorama\" \/>\n<meta property=\"og:description\" content=\"El Presidente Municipal, Jes\u00fas Cedillo Gonz\u00e1lez dio inicio a la Jornada de Mastograf\u00edas en el CEAPS de Jocotitl\u00e1n, la cual estar\u00e1 disponible del 15 al 19 de Agosto de 9:00 a 13:00 horas., para mujeres de entre 40 y 69 a\u00f1os.\" \/>\n<meta property=\"og:url\" content=\"https:\/\/21panorama.com\/index.php\/2022\/08\/15\/comienza-la-jornada-de-mastografias-en-el-ceaps-de-jocotitlan\/\" \/>\n<meta property=\"og:site_name\" content=\"21 Panorama\" \/>\n<meta property=\"article:published_time\" content=\"2022-08-15T15:29:00+00:00\" \/>\n<meta property=\"article:modified_time\" content=\"2022-08-22T15:34:23+00:00\" \/>\n<meta property=\"og:image\" content=\"https:\/\/21panorama.com\/wp-content\/uploads\/2022\/08\/Jocotitlan-Mastografias-150822-3.jpg\" \/>\n\t<meta property=\"og:image:width\" content=\"1440\" \/>\n\t<meta property=\"og:image:height\" content=\"1080\" \/>\n\t<meta property=\"og:image:type\" content=\"image\/jpeg\" \/>\n<meta name=\"author\" content=\"admin\" \/>\n<meta name=\"twitter:card\" content=\"summary_large_image\" \/>\n<meta name=\"twitter:label1\" content=\"Escrito por\" \/>\n\t<meta name=\"twitter:data1\" content=\"admin\" \/>\n\t<meta name=\"twitter:label2\" content=\"Tiempo de lectura\" \/>\n\t<meta name=\"twitter:data2\" content=\"2 minutos\" \/>\n<script type=\"application\/ld+json\" class=\"yoast-schema-graph\">{\"@context\":\"https:\/\/schema.org\",\"@graph\":[{\"@type\":\"Article\",\"@id\":\"https:\/\/21panorama.com\/index.php\/2022\/08\/15\/comienza-la-jornada-de-mastografias-en-el-ceaps-de-jocotitlan\/#article\",\"isPartOf\":{\"@id\":\"https:\/\/21panorama.com\/index.php\/2022\/08\/15\/comienza-la-jornada-de-mastografias-en-el-ceaps-de-jocotitlan\/\"},\"author\":{\"name\":\"admin\",\"@id\":\"https:\/\/21panorama.com\/#\/schema\/person\/1afc291b96d5792a158768324287319f\"},\"headline\":\"COMIENZA LA JORNADA DE MASTOGRAF\u00cdAS EN EL CEAPS DE JOCOTITL\u00c1N\",\"datePublished\":\"2022-08-15T15:29:00+00:00\",\"dateModified\":\"2022-08-22T15:34:23+00:00\",\"mainEntityOfPage\":{\"@id\":\"https:\/\/21panorama.com\/index.php\/2022\/08\/15\/comienza-la-jornada-de-mastografias-en-el-ceaps-de-jocotitlan\/\"},\"wordCount\":271,\"commentCount\":0,\"publisher\":{\"@id\":\"https:\/\/21panorama.com\/#organization\"},\"image\":{\"@id\":\"https:\/\/21panorama.com\/index.php\/2022\/08\/15\/comienza-la-jornada-de-mastografias-en-el-ceaps-de-jocotitlan\/#primaryimage\"},\"thumbnailUrl\":\"https:\/\/21panorama.com\/wp-content\/uploads\/2022\/08\/Jocotitlan-Mastografias-150822-3.jpg\",\"keywords\":[\"Jes\u00fas Cedillo Gonz\u00e1lez\",\"Jocotitl\u00e1n\"],\"articleSection\":[\"Econom\u00eda\",\"Politica\",\"Sociedad\"],\"inLanguage\":\"es\",\"potentialAction\":[{\"@type\":\"CommentAction\",\"name\":\"Comment\",\"target\":[\"https:\/\/21panorama.com\/index.php\/2022\/08\/15\/comienza-la-jornada-de-mastografias-en-el-ceaps-de-jocotitlan\/#respond\"]}]},{\"@type\":\"WebPage\",\"@id\":\"https:\/\/21panorama.com\/index.php\/2022\/08\/15\/comienza-la-jornada-de-mastografias-en-el-ceaps-de-jocotitlan\/\",\"url\":\"https:\/\/21panorama.com\/index.php\/2022\/08\/15\/comienza-la-jornada-de-mastografias-en-el-ceaps-de-jocotitlan\/\",\"name\":\"COMIENZA LA JORNADA DE MASTOGRAF\u00cdAS EN EL CEAPS DE JOCOTITL\u00c1N - 21 Panorama\",\"isPartOf\":{\"@id\":\"https:\/\/21panorama.com\/#website\"},\"primaryImageOfPage\":{\"@id\":\"https:\/\/21panorama.com\/index.php\/2022\/08\/15\/comienza-la-jornada-de-mastografias-en-el-ceaps-de-jocotitlan\/#primaryimage\"},\"image\":{\"@id\":\"https:\/\/21panorama.com\/index.php\/2022\/08\/15\/comienza-la-jornada-de-mastografias-en-el-ceaps-de-jocotitlan\/#primaryimage\"},\"thumbnailUrl\":\"https:\/\/21panorama.com\/wp-content\/uploads\/2022\/08\/Jocotitlan-Mastografias-150822-3.jpg\",\"datePublished\":\"2022-08-15T15:29:00+00:00\",\"dateModified\":\"2022-08-22T15:34:23+00:00\",\"breadcrumb\":{\"@id\":\"https:\/\/21panorama.com\/index.php\/2022\/08\/15\/comienza-la-jornada-de-mastografias-en-el-ceaps-de-jocotitlan\/#breadcrumb\"},\"inLanguage\":\"es\",\"potentialAction\":[{\"@type\":\"ReadAction\",\"target\":[\"https:\/\/21panorama.com\/index.php\/2022\/08\/15\/comienza-la-jornada-de-mastografias-en-el-ceaps-de-jocotitlan\/\"]}]},{\"@type\":\"ImageObject\",\"inLanguage\":\"es\",\"@id\":\"https:\/\/21panorama.com\/index.php\/2022\/08\/15\/comienza-la-jornada-de-mastografias-en-el-ceaps-de-jocotitlan\/#primaryimage\",\"url\":\"https:\/\/21panorama.com\/wp-content\/uploads\/2022\/08\/Jocotitlan-Mastografias-150822-3.jpg\",\"contentUrl\":\"https:\/\/21panorama.com\/wp-content\/uploads\/2022\/08\/Jocotitlan-Mastografias-150822-3.jpg\",\"width\":1440,\"height\":1080},{\"@type\":\"BreadcrumbList\",\"@id\":\"https:\/\/21panorama.com\/index.php\/2022\/08\/15\/comienza-la-jornada-de-mastografias-en-el-ceaps-de-jocotitlan\/#breadcrumb\",\"itemListElement\":[{\"@type\":\"ListItem\",\"position\":1,\"name\":\"Inicio\",\"item\":\"https:\/\/21panorama.com\/\"},{\"@type\":\"ListItem\",\"position\":2,\"name\":\"COMIENZA LA JORNADA DE MASTOGRAF\u00cdAS EN EL CEAPS DE JOCOTITL\u00c1N\"}]},{\"@type\":\"WebSite\",\"@id\":\"https:\/\/21panorama.com\/#website\",\"url\":\"https:\/\/21panorama.com\/\",\"name\":\"21 Panorama\",\"description\":\"La construcci\u00f3n de la opini\u00f3n p\u00fablica merece un mejor Panorama en este siglo 21 para alcanzar una sociedad con mayor transparencia y sin corrupci\u00f3n.\",\"publisher\":{\"@id\":\"https:\/\/21panorama.com\/#organization\"},\"potentialAction\":[{\"@type\":\"SearchAction\",\"target\":{\"@type\":\"EntryPoint\",\"urlTemplate\":\"https:\/\/21panorama.com\/?s={search_term_string}\"},\"query-input\":{\"@type\":\"PropertyValueSpecification\",\"valueRequired\":true,\"valueName\":\"search_term_string\"}}],\"inLanguage\":\"es\"},{\"@type\":\"Organization\",\"@id\":\"https:\/\/21panorama.com\/#organization\",\"name\":\"21 Panorama\",\"url\":\"https:\/\/21panorama.com\/\",\"logo\":{\"@type\":\"ImageObject\",\"inLanguage\":\"es\",\"@id\":\"https:\/\/21panorama.com\/#\/schema\/logo\/image\/\",\"url\":\"https:\/\/21panorama.com\/wp-content\/uploads\/2019\/07\/cropped-Logo-Panorama-01.jpeg\",\"contentUrl\":\"https:\/\/21panorama.com\/wp-content\/uploads\/2019\/07\/cropped-Logo-Panorama-01.jpeg\",\"width\":290,\"height\":70,\"caption\":\"21 Panorama\"},\"image\":{\"@id\":\"https:\/\/21panorama.com\/#\/schema\/logo\/image\/\"}},{\"@type\":\"Person\",\"@id\":\"https:\/\/21panorama.com\/#\/schema\/person\/1afc291b96d5792a158768324287319f\",\"name\":\"admin\",\"image\":{\"@type\":\"ImageObject\",\"inLanguage\":\"es\",\"@id\":\"https:\/\/21panorama.com\/#\/schema\/person\/image\/\",\"url\":\"https:\/\/secure.gravatar.com\/avatar\/ad365d9d9f46719215b0d042cc3df92a5a8683e09ef13d102233e5491985f0f0?s=96&d=mm&r=g\",\"contentUrl\":\"https:\/\/secure.gravatar.com\/avatar\/ad365d9d9f46719215b0d042cc3df92a5a8683e09ef13d102233e5491985f0f0?s=96&d=mm&r=g\",\"caption\":\"admin\"},\"url\":\"https:\/\/21panorama.com\/index.php\/author\/admin\/\"}]}<\/script>\n<!-- \/ Yoast SEO plugin. -->","yoast_head_json":{"title":"COMIENZA LA JORNADA DE MASTOGRAF\u00cdAS EN EL CEAPS DE JOCOTITL\u00c1N - 21 Panorama","robots":{"index":"index","follow":"follow","max-snippet":"max-snippet:-1","max-image-preview":"max-image-preview:large","max-video-preview":"max-video-preview:-1"},"canonical":"https:\/\/21panorama.com\/index.php\/2022\/08\/15\/comienza-la-jornada-de-mastografias-en-el-ceaps-de-jocotitlan\/","og_locale":"es_MX","og_type":"article","og_title":"COMIENZA LA JORNADA DE MASTOGRAF\u00cdAS EN EL CEAPS DE JOCOTITL\u00c1N - 21 Panorama","og_description":"El Presidente Municipal, Jes\u00fas Cedillo Gonz\u00e1lez dio inicio a la Jornada de Mastograf\u00edas en el CEAPS de Jocotitl\u00e1n, la cual estar\u00e1 disponible del 15 al 19 de Agosto de 9:00 a 13:00 horas., para mujeres de entre 40 y 69 a\u00f1os.","og_url":"https:\/\/21panorama.com\/index.php\/2022\/08\/15\/comienza-la-jornada-de-mastografias-en-el-ceaps-de-jocotitlan\/","og_site_name":"21 Panorama","article_published_time":"2022-08-15T15:29:00+00:00","article_modified_time":"2022-08-22T15:34:23+00:00","og_image":[{"width":1440,"height":1080,"url":"https:\/\/21panorama.com\/wp-content\/uploads\/2022\/08\/Jocotitlan-Mastografias-150822-3.jpg","type":"image\/jpeg"}],"author":"admin","twitter_card":"summary_large_image","twitter_misc":{"Escrito por":"admin","Tiempo de lectura":"2 minutos"},"schema":{"@context":"https:\/\/schema.org","@graph":[{"@type":"Article","@id":"https:\/\/21panorama.com\/index.php\/2022\/08\/15\/comienza-la-jornada-de-mastografias-en-el-ceaps-de-jocotitlan\/#article","isPartOf":{"@id":"https:\/\/21panorama.com\/index.php\/2022\/08\/15\/comienza-la-jornada-de-mastografias-en-el-ceaps-de-jocotitlan\/"},"author":{"name":"admin","@id":"https:\/\/21panorama.com\/#\/schema\/person\/1afc291b96d5792a158768324287319f"},"headline":"COMIENZA LA JORNADA DE MASTOGRAF\u00cdAS EN EL CEAPS DE JOCOTITL\u00c1N","datePublished":"2022-08-15T15:29:00+00:00","dateModified":"2022-08-22T15:34:23+00:00","mainEntityOfPage":{"@id":"https:\/\/21panorama.com\/index.php\/2022\/08\/15\/comienza-la-jornada-de-mastografias-en-el-ceaps-de-jocotitlan\/"},"wordCount":271,"commentCount":0,"publisher":{"@id":"https:\/\/21panorama.com\/#organization"},"image":{"@id":"https:\/\/21panorama.com\/index.php\/2022\/08\/15\/comienza-la-jornada-de-mastografias-en-el-ceaps-de-jocotitlan\/#primaryimage"},"thumbnailUrl":"https:\/\/21panorama.com\/wp-content\/uploads\/2022\/08\/Jocotitlan-Mastografias-150822-3.jpg","keywords":["Jes\u00fas Cedillo Gonz\u00e1lez","Jocotitl\u00e1n"],"articleSection":["Econom\u00eda","Politica","Sociedad"],"inLanguage":"es","potentialAction":[{"@type":"CommentAction","name":"Comment","target":["https:\/\/21panorama.com\/index.php\/2022\/08\/15\/comienza-la-jornada-de-mastografias-en-el-ceaps-de-jocotitlan\/#respond"]}]},{"@type":"WebPage","@id":"https:\/\/21panorama.com\/index.php\/2022\/08\/15\/comienza-la-jornada-de-mastografias-en-el-ceaps-de-jocotitlan\/","url":"https:\/\/21panorama.com\/index.php\/2022\/08\/15\/comienza-la-jornada-de-mastografias-en-el-ceaps-de-jocotitlan\/","name":"COMIENZA LA JORNADA DE MASTOGRAF\u00cdAS EN EL CEAPS DE JOCOTITL\u00c1N - 21 Panorama","isPartOf":{"@id":"https:\/\/21panorama.com\/#website"},"primaryImageOfPage":{"@id":"https:\/\/21panorama.com\/index.php\/2022\/08\/15\/comienza-la-jornada-de-mastografias-en-el-ceaps-de-jocotitlan\/#primaryimage"},"image":{"@id":"https:\/\/21panorama.com\/index.php\/2022\/08\/15\/comienza-la-jornada-de-mastografias-en-el-ceaps-de-jocotitlan\/#primaryimage"},"thumbnailUrl":"https:\/\/21panorama.com\/wp-content\/uploads\/2022\/08\/Jocotitlan-Mastografias-150822-3.jpg","datePublished":"2022-08-15T15:29:00+00:00","dateModified":"2022-08-22T15:34:23+00:00","breadcrumb":{"@id":"https:\/\/21panorama.com\/index.php\/2022\/08\/15\/comienza-la-jornada-de-mastografias-en-el-ceaps-de-jocotitlan\/#breadcrumb"},"inLanguage":"es","potentialAction":[{"@type":"ReadAction","target":["https:\/\/21panorama.com\/index.php\/2022\/08\/15\/comienza-la-jornada-de-mastografias-en-el-ceaps-de-jocotitlan\/"]}]},{"@type":"ImageObject","inLanguage":"es","@id":"https:\/\/21panorama.com\/index.php\/2022\/08\/15\/comienza-la-jornada-de-mastografias-en-el-ceaps-de-jocotitlan\/#primaryimage","url":"https:\/\/21panorama.com\/wp-content\/uploads\/2022\/08\/Jocotitlan-Mastografias-150822-3.jpg","contentUrl":"https:\/\/21panorama.com\/wp-content\/uploads\/2022\/08\/Jocotitlan-Mastografias-150822-3.jpg","width":1440,"height":1080},{"@type":"BreadcrumbList","@id":"https:\/\/21panorama.com\/index.php\/2022\/08\/15\/comienza-la-jornada-de-mastografias-en-el-ceaps-de-jocotitlan\/#breadcrumb","itemListElement":[{"@type":"ListItem","position":1,"name":"Inicio","item":"https:\/\/21panorama.com\/"},{"@type":"ListItem","position":2,"name":"COMIENZA LA JORNADA DE MASTOGRAF\u00cdAS EN EL CEAPS DE JOCOTITL\u00c1N"}]},{"@type":"WebSite","@id":"https:\/\/21panorama.com\/#website","url":"https:\/\/21panorama.com\/","name":"21 Panorama","description":"La construcci\u00f3n de la opini\u00f3n p\u00fablica merece un mejor Panorama en este siglo 21 para alcanzar una sociedad con mayor transparencia y sin corrupci\u00f3n.","publisher":{"@id":"https:\/\/21panorama.com\/#organization"},"potentialAction":[{"@type":"SearchAction","target":{"@type":"EntryPoint","urlTemplate":"https:\/\/21panorama.com\/?s={search_term_string}"},"query-input":{"@type":"PropertyValueSpecification","valueRequired":true,"valueName":"search_term_string"}}],"inLanguage":"es"},{"@type":"Organization","@id":"https:\/\/21panorama.com\/#organization","name":"21 Panorama","url":"https:\/\/21panorama.com\/","logo":{"@type":"ImageObject","inLanguage":"es","@id":"https:\/\/21panorama.com\/#\/schema\/logo\/image\/","url":"https:\/\/21panorama.com\/wp-content\/uploads\/2019\/07\/cropped-Logo-Panorama-01.jpeg","contentUrl":"https:\/\/21panorama.com\/wp-content\/uploads\/2019\/07\/cropped-Logo-Panorama-01.jpeg","width":290,"height":70,"caption":"21 Panorama"},"image":{"@id":"https:\/\/21panorama.com\/#\/schema\/logo\/image\/"}},{"@type":"Person","@id":"https:\/\/21panorama.com\/#\/schema\/person\/1afc291b96d5792a158768324287319f","name":"admin","image":{"@type":"ImageObject","inLanguage":"es","@id":"https:\/\/21panorama.com\/#\/schema\/person\/image\/","url":"https:\/\/secure.gravatar.com\/avatar\/ad365d9d9f46719215b0d042cc3df92a5a8683e09ef13d102233e5491985f0f0?s=96&d=mm&r=g","contentUrl":"https:\/\/secure.gravatar.com\/avatar\/ad365d9d9f46719215b0d042cc3df92a5a8683e09ef13d102233e5491985f0f0?s=96&d=mm&r=g","caption":"admin"},"url":"https:\/\/21panorama.com\/index.php\/author\/admin\/"}]}},"_links":{"self":[{"href":"https:\/\/21panorama.com\/index.php\/wp-json\/wp\/v2\/posts\/4087","targetHints":{"allow":["GET"]}}],"collection":[{"href":"https:\/\/21panorama.com\/index.php\/wp-json\/wp\/v2\/posts"}],"about":[{"href":"https:\/\/21panorama.com\/index.php\/wp-json\/wp\/v2\/types\/post"}],"author":[{"embeddable":true,"href":"https:\/\/21panorama.com\/index.php\/wp-json\/wp\/v2\/users\/1"}],"replies":[{"embeddable":true,"href":"https:\/\/21panorama.com\/index.php\/wp-json\/wp\/v2\/comments?post=4087"}],"version-history":[{"count":1,"href":"https:\/\/21panorama.com\/index.php\/wp-json\/wp\/v2\/posts\/4087\/revisions"}],"predecessor-version":[{"id":4089,"href":"https:\/\/21panorama.com\/index.php\/wp-json\/wp\/v2\/posts\/4087\/revisions\/4089"}],"wp:featuredmedia":[{"embeddable":true,"href":"https:\/\/21panorama.com\/index.php\/wp-json\/wp\/v2\/media\/4088"}],"wp:attachment":[{"href":"https:\/\/21panorama.com\/index.php\/wp-json\/wp\/v2\/media?parent=4087"}],"wp:term":[{"taxonomy":"category","embeddable":true,"href":"https:\/\/21panorama.com\/index.php\/wp-json\/wp\/v2\/categories?post=4087"},{"taxonomy":"post_tag","embeddable":true,"href":"https:\/\/21panorama.com\/index.php\/wp-json\/wp\/v2\/tags?post=4087"}],"curies":[{"name":"wp","href":"https:\/\/api.w.org\/{rel}","templated":true}]}}