{"id":4070,"date":"2022-08-12T20:57:00","date_gmt":"2022-08-13T01:57:00","guid":{"rendered":"https:\/\/21panorama.com\/?p=4070"},"modified":"2022-08-21T21:02:21","modified_gmt":"2022-08-22T02:02:21","slug":"estamos-listos-para-ganar-gustavo-cardenas","status":"publish","type":"post","link":"https:\/\/21panorama.com\/index.php\/2022\/08\/12\/estamos-listos-para-ganar-gustavo-cardenas\/","title":{"rendered":"ESTAMOS LISTOS PARA GANAR: GUSTAVO CARDENAS"},"content":{"rendered":"\n<p><\/p>\n\n\n\n<p>\u201cNo nos amedrentan, estamos hechos para dar la pelea, para tomar las calles y acudir a las casas para hablar con la gente y convencer, eso es lo que hace diferente al priismo\u201d, afirm\u00f3 el l\u00edder priista, Eric Sevilla. El priismo mexiquense demostrar\u00e1 una vez m\u00e1s, que est\u00e1 preparado para enfrentar el proceso electoral que se presente y comprobar\u00e1 de manera certera que se puede seguir por el camino correcto.<\/p>\n\n\n\n<p>En la Entrega de Reconocimientos y Notas Laudatorias a la militancia de El Oro, Sevilla dej\u00f3 en claro que a su militancia no le espanta la competencia pol\u00edtica.<\/p>\n\n\n\n<p>En presencia del diputado federal Gustavo C\u00e1rdenas Monroy y la primer priista de El Oro, Ruth Salazar Garc\u00eda, el presidente del PRI asever\u00f3 que \u201cnos encontramos en un momento importante y trascendente donde vamos a decidir el futuro de nuestro pa\u00eds\u201d.<\/p>\n\n\n\n<p>El Diputado Federal Lic. Gustavo C\u00e1rdenas Monroy destac\u00f3 la fuerza del PRI y su militancia que integran estructuras s\u00f3lidas con causas sociales para enfrentar los desaf\u00edos del 2023.<\/p>\n\n\n\n<p>Con la presencia de la alcaldesa la Profesora Ruth Salazar Garc\u00eda, el legislador federal resalt\u00f3 que el Tres de Tres es una realidad que da resultados a la gente porque los diputados local y federal junto con la presidenta municipal le dan rumbo a la sociedad.&nbsp; El Oro es un municipio con gobierno revolucionario donde se promueve el desarrollo incluyente y con trabajo territorial de manera itinerante y que busca el acuerdo para mejorar condiciones de desarrollo, dijo.<\/p>\n","protected":false},"excerpt":{"rendered":"<p>\u201cNo nos amedrentan, estamos hechos para dar la pelea, para tomar las calles y acudir a las casas para hablar con la gente y convencer, eso es lo que hace diferente al priismo\u201d, afirm\u00f3 el l\u00edder priista, Eric Sevilla. El priismo mexiquense demostrar\u00e1 una vez m\u00e1s, que est\u00e1 preparado para enfrentar el proceso electoral que se presente y comprobar\u00e1 de manera certera que se puede seguir por el camino correcto.<\/p>\n","protected":false},"author":1,"featured_media":4071,"comment_status":"open","ping_status":"open","sticky":false,"template":"","format":"standard","meta":{"footnotes":""},"categories":[3,12,1],"tags":[318,315],"class_list":["post-4070","post","type-post","status-publish","format-standard","has-post-thumbnail","hentry","category-ecomomia","category-politica","category-sociedad","tag-el-oro","tag-gustavo-cardenas"],"yoast_head":"<!-- This site is optimized with the Yoast SEO plugin v24.9 - https:\/\/yoast.com\/wordpress\/plugins\/seo\/ -->\n<title>ESTAMOS LISTOS PARA GANAR: GUSTAVO CARDENAS - 21 Panorama<\/title>\n<meta name=\"robots\" content=\"index, follow, max-snippet:-1, max-image-preview:large, max-video-preview:-1\" \/>\n<link rel=\"canonical\" href=\"https:\/\/21panorama.com\/index.php\/2022\/08\/12\/estamos-listos-para-ganar-gustavo-cardenas\/\" \/>\n<meta property=\"og:locale\" content=\"es_MX\" \/>\n<meta property=\"og:type\" content=\"article\" \/>\n<meta property=\"og:title\" content=\"ESTAMOS LISTOS PARA GANAR: GUSTAVO CARDENAS - 21 Panorama\" \/>\n<meta property=\"og:description\" content=\"\u201cNo nos amedrentan, estamos hechos para dar la pelea, para tomar las calles y acudir a las casas para hablar con la gente y convencer, eso es lo que hace diferente al priismo\u201d, afirm\u00f3 el l\u00edder priista, Eric Sevilla. El priismo mexiquense demostrar\u00e1 una vez m\u00e1s, que est\u00e1 preparado para enfrentar el proceso electoral que se presente y comprobar\u00e1 de manera certera que se puede seguir por el camino correcto.\" \/>\n<meta property=\"og:url\" content=\"https:\/\/21panorama.com\/index.php\/2022\/08\/12\/estamos-listos-para-ganar-gustavo-cardenas\/\" \/>\n<meta property=\"og:site_name\" content=\"21 Panorama\" \/>\n<meta property=\"article:published_time\" content=\"2022-08-13T01:57:00+00:00\" \/>\n<meta property=\"article:modified_time\" content=\"2022-08-22T02:02:21+00:00\" \/>\n<meta property=\"og:image\" content=\"https:\/\/21panorama.com\/wp-content\/uploads\/2022\/08\/Gustavo-Cardenas-120822-3.jpg\" \/>\n\t<meta property=\"og:image:width\" content=\"960\" \/>\n\t<meta property=\"og:image:height\" content=\"541\" \/>\n\t<meta property=\"og:image:type\" content=\"image\/jpeg\" \/>\n<meta name=\"author\" content=\"admin\" \/>\n<meta name=\"twitter:card\" content=\"summary_large_image\" \/>\n<meta name=\"twitter:label1\" content=\"Escrito por\" \/>\n\t<meta name=\"twitter:data1\" content=\"admin\" \/>\n\t<meta name=\"twitter:label2\" content=\"Tiempo de lectura\" \/>\n\t<meta name=\"twitter:data2\" content=\"2 minutos\" \/>\n<script type=\"application\/ld+json\" class=\"yoast-schema-graph\">{\"@context\":\"https:\/\/schema.org\",\"@graph\":[{\"@type\":\"Article\",\"@id\":\"https:\/\/21panorama.com\/index.php\/2022\/08\/12\/estamos-listos-para-ganar-gustavo-cardenas\/#article\",\"isPartOf\":{\"@id\":\"https:\/\/21panorama.com\/index.php\/2022\/08\/12\/estamos-listos-para-ganar-gustavo-cardenas\/\"},\"author\":{\"name\":\"admin\",\"@id\":\"https:\/\/21panorama.com\/#\/schema\/person\/1afc291b96d5792a158768324287319f\"},\"headline\":\"ESTAMOS LISTOS PARA GANAR: GUSTAVO CARDENAS\",\"datePublished\":\"2022-08-13T01:57:00+00:00\",\"dateModified\":\"2022-08-22T02:02:21+00:00\",\"mainEntityOfPage\":{\"@id\":\"https:\/\/21panorama.com\/index.php\/2022\/08\/12\/estamos-listos-para-ganar-gustavo-cardenas\/\"},\"wordCount\":261,\"commentCount\":0,\"publisher\":{\"@id\":\"https:\/\/21panorama.com\/#organization\"},\"image\":{\"@id\":\"https:\/\/21panorama.com\/index.php\/2022\/08\/12\/estamos-listos-para-ganar-gustavo-cardenas\/#primaryimage\"},\"thumbnailUrl\":\"https:\/\/21panorama.com\/wp-content\/uploads\/2022\/08\/Gustavo-Cardenas-120822-3.jpg\",\"keywords\":[\"EL ORO\",\"GUSTAVO C\u00c1RDENAS\"],\"articleSection\":[\"Econom\u00eda\",\"Politica\",\"Sociedad\"],\"inLanguage\":\"es\",\"potentialAction\":[{\"@type\":\"CommentAction\",\"name\":\"Comment\",\"target\":[\"https:\/\/21panorama.com\/index.php\/2022\/08\/12\/estamos-listos-para-ganar-gustavo-cardenas\/#respond\"]}]},{\"@type\":\"WebPage\",\"@id\":\"https:\/\/21panorama.com\/index.php\/2022\/08\/12\/estamos-listos-para-ganar-gustavo-cardenas\/\",\"url\":\"https:\/\/21panorama.com\/index.php\/2022\/08\/12\/estamos-listos-para-ganar-gustavo-cardenas\/\",\"name\":\"ESTAMOS LISTOS PARA GANAR: GUSTAVO CARDENAS - 21 Panorama\",\"isPartOf\":{\"@id\":\"https:\/\/21panorama.com\/#website\"},\"primaryImageOfPage\":{\"@id\":\"https:\/\/21panorama.com\/index.php\/2022\/08\/12\/estamos-listos-para-ganar-gustavo-cardenas\/#primaryimage\"},\"image\":{\"@id\":\"https:\/\/21panorama.com\/index.php\/2022\/08\/12\/estamos-listos-para-ganar-gustavo-cardenas\/#primaryimage\"},\"thumbnailUrl\":\"https:\/\/21panorama.com\/wp-content\/uploads\/2022\/08\/Gustavo-Cardenas-120822-3.jpg\",\"datePublished\":\"2022-08-13T01:57:00+00:00\",\"dateModified\":\"2022-08-22T02:02:21+00:00\",\"breadcrumb\":{\"@id\":\"https:\/\/21panorama.com\/index.php\/2022\/08\/12\/estamos-listos-para-ganar-gustavo-cardenas\/#breadcrumb\"},\"inLanguage\":\"es\",\"potentialAction\":[{\"@type\":\"ReadAction\",\"target\":[\"https:\/\/21panorama.com\/index.php\/2022\/08\/12\/estamos-listos-para-ganar-gustavo-cardenas\/\"]}]},{\"@type\":\"ImageObject\",\"inLanguage\":\"es\",\"@id\":\"https:\/\/21panorama.com\/index.php\/2022\/08\/12\/estamos-listos-para-ganar-gustavo-cardenas\/#primaryimage\",\"url\":\"https:\/\/21panorama.com\/wp-content\/uploads\/2022\/08\/Gustavo-Cardenas-120822-3.jpg\",\"contentUrl\":\"https:\/\/21panorama.com\/wp-content\/uploads\/2022\/08\/Gustavo-Cardenas-120822-3.jpg\",\"width\":960,\"height\":541},{\"@type\":\"BreadcrumbList\",\"@id\":\"https:\/\/21panorama.com\/index.php\/2022\/08\/12\/estamos-listos-para-ganar-gustavo-cardenas\/#breadcrumb\",\"itemListElement\":[{\"@type\":\"ListItem\",\"position\":1,\"name\":\"Inicio\",\"item\":\"https:\/\/21panorama.com\/\"},{\"@type\":\"ListItem\",\"position\":2,\"name\":\"ESTAMOS LISTOS PARA GANAR: GUSTAVO CARDENAS\"}]},{\"@type\":\"WebSite\",\"@id\":\"https:\/\/21panorama.com\/#website\",\"url\":\"https:\/\/21panorama.com\/\",\"name\":\"21 Panorama\",\"description\":\"La construcci\u00f3n de la opini\u00f3n p\u00fablica merece un mejor Panorama en este siglo 21 para alcanzar una sociedad con mayor transparencia y sin corrupci\u00f3n.\",\"publisher\":{\"@id\":\"https:\/\/21panorama.com\/#organization\"},\"potentialAction\":[{\"@type\":\"SearchAction\",\"target\":{\"@type\":\"EntryPoint\",\"urlTemplate\":\"https:\/\/21panorama.com\/?s={search_term_string}\"},\"query-input\":{\"@type\":\"PropertyValueSpecification\",\"valueRequired\":true,\"valueName\":\"search_term_string\"}}],\"inLanguage\":\"es\"},{\"@type\":\"Organization\",\"@id\":\"https:\/\/21panorama.com\/#organization\",\"name\":\"21 Panorama\",\"url\":\"https:\/\/21panorama.com\/\",\"logo\":{\"@type\":\"ImageObject\",\"inLanguage\":\"es\",\"@id\":\"https:\/\/21panorama.com\/#\/schema\/logo\/image\/\",\"url\":\"https:\/\/21panorama.com\/wp-content\/uploads\/2019\/07\/cropped-Logo-Panorama-01.jpeg\",\"contentUrl\":\"https:\/\/21panorama.com\/wp-content\/uploads\/2019\/07\/cropped-Logo-Panorama-01.jpeg\",\"width\":290,\"height\":70,\"caption\":\"21 Panorama\"},\"image\":{\"@id\":\"https:\/\/21panorama.com\/#\/schema\/logo\/image\/\"}},{\"@type\":\"Person\",\"@id\":\"https:\/\/21panorama.com\/#\/schema\/person\/1afc291b96d5792a158768324287319f\",\"name\":\"admin\",\"image\":{\"@type\":\"ImageObject\",\"inLanguage\":\"es\",\"@id\":\"https:\/\/21panorama.com\/#\/schema\/person\/image\/\",\"url\":\"https:\/\/secure.gravatar.com\/avatar\/ad365d9d9f46719215b0d042cc3df92a5a8683e09ef13d102233e5491985f0f0?s=96&d=mm&r=g\",\"contentUrl\":\"https:\/\/secure.gravatar.com\/avatar\/ad365d9d9f46719215b0d042cc3df92a5a8683e09ef13d102233e5491985f0f0?s=96&d=mm&r=g\",\"caption\":\"admin\"},\"url\":\"https:\/\/21panorama.com\/index.php\/author\/admin\/\"}]}<\/script>\n<!-- \/ Yoast SEO plugin. -->","yoast_head_json":{"title":"ESTAMOS LISTOS PARA GANAR: GUSTAVO CARDENAS - 21 Panorama","robots":{"index":"index","follow":"follow","max-snippet":"max-snippet:-1","max-image-preview":"max-image-preview:large","max-video-preview":"max-video-preview:-1"},"canonical":"https:\/\/21panorama.com\/index.php\/2022\/08\/12\/estamos-listos-para-ganar-gustavo-cardenas\/","og_locale":"es_MX","og_type":"article","og_title":"ESTAMOS LISTOS PARA GANAR: GUSTAVO CARDENAS - 21 Panorama","og_description":"\u201cNo nos amedrentan, estamos hechos para dar la pelea, para tomar las calles y acudir a las casas para hablar con la gente y convencer, eso es lo que hace diferente al priismo\u201d, afirm\u00f3 el l\u00edder priista, Eric Sevilla. El priismo mexiquense demostrar\u00e1 una vez m\u00e1s, que est\u00e1 preparado para enfrentar el proceso electoral que se presente y comprobar\u00e1 de manera certera que se puede seguir por el camino correcto.","og_url":"https:\/\/21panorama.com\/index.php\/2022\/08\/12\/estamos-listos-para-ganar-gustavo-cardenas\/","og_site_name":"21 Panorama","article_published_time":"2022-08-13T01:57:00+00:00","article_modified_time":"2022-08-22T02:02:21+00:00","og_image":[{"width":960,"height":541,"url":"https:\/\/21panorama.com\/wp-content\/uploads\/2022\/08\/Gustavo-Cardenas-120822-3.jpg","type":"image\/jpeg"}],"author":"admin","twitter_card":"summary_large_image","twitter_misc":{"Escrito por":"admin","Tiempo de lectura":"2 minutos"},"schema":{"@context":"https:\/\/schema.org","@graph":[{"@type":"Article","@id":"https:\/\/21panorama.com\/index.php\/2022\/08\/12\/estamos-listos-para-ganar-gustavo-cardenas\/#article","isPartOf":{"@id":"https:\/\/21panorama.com\/index.php\/2022\/08\/12\/estamos-listos-para-ganar-gustavo-cardenas\/"},"author":{"name":"admin","@id":"https:\/\/21panorama.com\/#\/schema\/person\/1afc291b96d5792a158768324287319f"},"headline":"ESTAMOS LISTOS PARA GANAR: GUSTAVO CARDENAS","datePublished":"2022-08-13T01:57:00+00:00","dateModified":"2022-08-22T02:02:21+00:00","mainEntityOfPage":{"@id":"https:\/\/21panorama.com\/index.php\/2022\/08\/12\/estamos-listos-para-ganar-gustavo-cardenas\/"},"wordCount":261,"commentCount":0,"publisher":{"@id":"https:\/\/21panorama.com\/#organization"},"image":{"@id":"https:\/\/21panorama.com\/index.php\/2022\/08\/12\/estamos-listos-para-ganar-gustavo-cardenas\/#primaryimage"},"thumbnailUrl":"https:\/\/21panorama.com\/wp-content\/uploads\/2022\/08\/Gustavo-Cardenas-120822-3.jpg","keywords":["EL ORO","GUSTAVO C\u00c1RDENAS"],"articleSection":["Econom\u00eda","Politica","Sociedad"],"inLanguage":"es","potentialAction":[{"@type":"CommentAction","name":"Comment","target":["https:\/\/21panorama.com\/index.php\/2022\/08\/12\/estamos-listos-para-ganar-gustavo-cardenas\/#respond"]}]},{"@type":"WebPage","@id":"https:\/\/21panorama.com\/index.php\/2022\/08\/12\/estamos-listos-para-ganar-gustavo-cardenas\/","url":"https:\/\/21panorama.com\/index.php\/2022\/08\/12\/estamos-listos-para-ganar-gustavo-cardenas\/","name":"ESTAMOS LISTOS PARA GANAR: GUSTAVO CARDENAS - 21 Panorama","isPartOf":{"@id":"https:\/\/21panorama.com\/#website"},"primaryImageOfPage":{"@id":"https:\/\/21panorama.com\/index.php\/2022\/08\/12\/estamos-listos-para-ganar-gustavo-cardenas\/#primaryimage"},"image":{"@id":"https:\/\/21panorama.com\/index.php\/2022\/08\/12\/estamos-listos-para-ganar-gustavo-cardenas\/#primaryimage"},"thumbnailUrl":"https:\/\/21panorama.com\/wp-content\/uploads\/2022\/08\/Gustavo-Cardenas-120822-3.jpg","datePublished":"2022-08-13T01:57:00+00:00","dateModified":"2022-08-22T02:02:21+00:00","breadcrumb":{"@id":"https:\/\/21panorama.com\/index.php\/2022\/08\/12\/estamos-listos-para-ganar-gustavo-cardenas\/#breadcrumb"},"inLanguage":"es","potentialAction":[{"@type":"ReadAction","target":["https:\/\/21panorama.com\/index.php\/2022\/08\/12\/estamos-listos-para-ganar-gustavo-cardenas\/"]}]},{"@type":"ImageObject","inLanguage":"es","@id":"https:\/\/21panorama.com\/index.php\/2022\/08\/12\/estamos-listos-para-ganar-gustavo-cardenas\/#primaryimage","url":"https:\/\/21panorama.com\/wp-content\/uploads\/2022\/08\/Gustavo-Cardenas-120822-3.jpg","contentUrl":"https:\/\/21panorama.com\/wp-content\/uploads\/2022\/08\/Gustavo-Cardenas-120822-3.jpg","width":960,"height":541},{"@type":"BreadcrumbList","@id":"https:\/\/21panorama.com\/index.php\/2022\/08\/12\/estamos-listos-para-ganar-gustavo-cardenas\/#breadcrumb","itemListElement":[{"@type":"ListItem","position":1,"name":"Inicio","item":"https:\/\/21panorama.com\/"},{"@type":"ListItem","position":2,"name":"ESTAMOS LISTOS PARA GANAR: GUSTAVO CARDENAS"}]},{"@type":"WebSite","@id":"https:\/\/21panorama.com\/#website","url":"https:\/\/21panorama.com\/","name":"21 Panorama","description":"La construcci\u00f3n de la opini\u00f3n p\u00fablica merece un mejor Panorama en este siglo 21 para alcanzar una sociedad con mayor transparencia y sin corrupci\u00f3n.","publisher":{"@id":"https:\/\/21panorama.com\/#organization"},"potentialAction":[{"@type":"SearchAction","target":{"@type":"EntryPoint","urlTemplate":"https:\/\/21panorama.com\/?s={search_term_string}"},"query-input":{"@type":"PropertyValueSpecification","valueRequired":true,"valueName":"search_term_string"}}],"inLanguage":"es"},{"@type":"Organization","@id":"https:\/\/21panorama.com\/#organization","name":"21 Panorama","url":"https:\/\/21panorama.com\/","logo":{"@type":"ImageObject","inLanguage":"es","@id":"https:\/\/21panorama.com\/#\/schema\/logo\/image\/","url":"https:\/\/21panorama.com\/wp-content\/uploads\/2019\/07\/cropped-Logo-Panorama-01.jpeg","contentUrl":"https:\/\/21panorama.com\/wp-content\/uploads\/2019\/07\/cropped-Logo-Panorama-01.jpeg","width":290,"height":70,"caption":"21 Panorama"},"image":{"@id":"https:\/\/21panorama.com\/#\/schema\/logo\/image\/"}},{"@type":"Person","@id":"https:\/\/21panorama.com\/#\/schema\/person\/1afc291b96d5792a158768324287319f","name":"admin","image":{"@type":"ImageObject","inLanguage":"es","@id":"https:\/\/21panorama.com\/#\/schema\/person\/image\/","url":"https:\/\/secure.gravatar.com\/avatar\/ad365d9d9f46719215b0d042cc3df92a5a8683e09ef13d102233e5491985f0f0?s=96&d=mm&r=g","contentUrl":"https:\/\/secure.gravatar.com\/avatar\/ad365d9d9f46719215b0d042cc3df92a5a8683e09ef13d102233e5491985f0f0?s=96&d=mm&r=g","caption":"admin"},"url":"https:\/\/21panorama.com\/index.php\/author\/admin\/"}]}},"_links":{"self":[{"href":"https:\/\/21panorama.com\/index.php\/wp-json\/wp\/v2\/posts\/4070","targetHints":{"allow":["GET"]}}],"collection":[{"href":"https:\/\/21panorama.com\/index.php\/wp-json\/wp\/v2\/posts"}],"about":[{"href":"https:\/\/21panorama.com\/index.php\/wp-json\/wp\/v2\/types\/post"}],"author":[{"embeddable":true,"href":"https:\/\/21panorama.com\/index.php\/wp-json\/wp\/v2\/users\/1"}],"replies":[{"embeddable":true,"href":"https:\/\/21panorama.com\/index.php\/wp-json\/wp\/v2\/comments?post=4070"}],"version-history":[{"count":1,"href":"https:\/\/21panorama.com\/index.php\/wp-json\/wp\/v2\/posts\/4070\/revisions"}],"predecessor-version":[{"id":4072,"href":"https:\/\/21panorama.com\/index.php\/wp-json\/wp\/v2\/posts\/4070\/revisions\/4072"}],"wp:featuredmedia":[{"embeddable":true,"href":"https:\/\/21panorama.com\/index.php\/wp-json\/wp\/v2\/media\/4071"}],"wp:attachment":[{"href":"https:\/\/21panorama.com\/index.php\/wp-json\/wp\/v2\/media?parent=4070"}],"wp:term":[{"taxonomy":"category","embeddable":true,"href":"https:\/\/21panorama.com\/index.php\/wp-json\/wp\/v2\/categories?post=4070"},{"taxonomy":"post_tag","embeddable":true,"href":"https:\/\/21panorama.com\/index.php\/wp-json\/wp\/v2\/tags?post=4070"}],"curies":[{"name":"wp","href":"https:\/\/api.w.org\/{rel}","templated":true}]}}