{"id":4053,"date":"2022-07-20T22:13:00","date_gmt":"2022-07-21T03:13:00","guid":{"rendered":"https:\/\/21panorama.com\/?p=4053"},"modified":"2022-08-14T22:23:03","modified_gmt":"2022-08-15T03:23:03","slug":"reparacion-de-la-carretera-de-acceso-entre-tlalpujahua-y-el-oro","status":"publish","type":"post","link":"https:\/\/21panorama.com\/index.php\/2022\/07\/20\/reparacion-de-la-carretera-de-acceso-entre-tlalpujahua-y-el-oro\/","title":{"rendered":"REPARACI\u00d3N DE LA CARRETERA DE ACCESO ENTRE TLALPUJAHUA Y EL ORO"},"content":{"rendered":"\n<p><\/p>\n\n\n\n<p>El Diputado Federal Gustavo C\u00e1rdenas Monroy dio a conocer que gracias al esfuerzo de la Presidenta Municipal Ruth Salazar y la Junta de Caminos, lograron la reparaci\u00f3n de este tramo entre Tlalpujahua y El Oro, lo que permitir\u00e1 que el tr\u00e1nsito sea seguro y fluido, para los usuarios de esta carretera.<\/p>\n\n\n\n<p>En d\u00edas pasados, el acceso entre Tlalpujahua y El Oro, se vio interrumpido por el colapso de la carretera. De acuerdo con la informaci\u00f3n, el tramo carretero se vio afectado en ambos sentidos. Las autoridades se hicieron presentes con prontitud para garantizar la seguridad de los automovilistas. Realizaron los estudios pertinentes para calcular los da\u00f1os y as\u00ed poder repararlo en el menor tiempo posible.<\/p>\n\n\n\n<p>A pesar de se habilitaron alternativas al paso del tr\u00e1nsito ligero y pesado, hubo se\u00f1alamientos por parte de usuarios de esta carretera, principalmente de operadores de autotransporte. Su malestar radicaba en la complejidad para circular por los caminos alternos.<\/p>\n\n\n\n<p>Para satisfacci\u00f3n de los usuarios y de los habitantes locales, la carretera est\u00e1 funcionando al cien por ciento, logrando la movilidad fluida que est\u00e1n acostumbrados a tener.<\/p>\n","protected":false},"excerpt":{"rendered":"<p>El Diputado Federal Gustavo C\u00e1rdenas Monroy dio a conocer que gracias al esfuerzo de la Presidenta Municipal Ruth Salazar y la Junta de Caminos, lograron la reparaci\u00f3n de este tramo entre Tlalpujahua y El Oro, lo que permitir\u00e1 que el tr\u00e1nsito sea seguro y fluido, para los usuarios de esta carretera.<\/p>\n","protected":false},"author":1,"featured_media":4054,"comment_status":"open","ping_status":"open","sticky":false,"template":"","format":"standard","meta":{"footnotes":""},"categories":[12,1],"tags":[318,315],"class_list":["post-4053","post","type-post","status-publish","format-standard","has-post-thumbnail","hentry","category-politica","category-sociedad","tag-el-oro","tag-gustavo-cardenas"],"yoast_head":"<!-- This site is optimized with the Yoast SEO plugin v24.9 - https:\/\/yoast.com\/wordpress\/plugins\/seo\/ -->\n<title>REPARACI\u00d3N DE LA CARRETERA DE ACCESO ENTRE TLALPUJAHUA Y EL ORO - 21 Panorama<\/title>\n<meta name=\"robots\" content=\"index, follow, max-snippet:-1, max-image-preview:large, max-video-preview:-1\" \/>\n<link rel=\"canonical\" href=\"https:\/\/21panorama.com\/index.php\/2022\/07\/20\/reparacion-de-la-carretera-de-acceso-entre-tlalpujahua-y-el-oro\/\" \/>\n<meta property=\"og:locale\" content=\"es_MX\" \/>\n<meta property=\"og:type\" content=\"article\" \/>\n<meta property=\"og:title\" content=\"REPARACI\u00d3N DE LA CARRETERA DE ACCESO ENTRE TLALPUJAHUA Y EL ORO - 21 Panorama\" \/>\n<meta property=\"og:description\" content=\"El Diputado Federal Gustavo C\u00e1rdenas Monroy dio a conocer que gracias al esfuerzo de la Presidenta Municipal Ruth Salazar y la Junta de Caminos, lograron la reparaci\u00f3n de este tramo entre Tlalpujahua y El Oro, lo que permitir\u00e1 que el tr\u00e1nsito sea seguro y fluido, para los usuarios de esta carretera.\" \/>\n<meta property=\"og:url\" content=\"https:\/\/21panorama.com\/index.php\/2022\/07\/20\/reparacion-de-la-carretera-de-acceso-entre-tlalpujahua-y-el-oro\/\" \/>\n<meta property=\"og:site_name\" content=\"21 Panorama\" \/>\n<meta property=\"article:published_time\" content=\"2022-07-21T03:13:00+00:00\" \/>\n<meta property=\"article:modified_time\" content=\"2022-08-15T03:23:03+00:00\" \/>\n<meta property=\"og:image\" content=\"https:\/\/21panorama.com\/wp-content\/uploads\/2022\/08\/Gustavo-Cardenas-Carretera-200722-3.jpg\" \/>\n\t<meta property=\"og:image:width\" content=\"869\" \/>\n\t<meta property=\"og:image:height\" content=\"667\" \/>\n\t<meta property=\"og:image:type\" content=\"image\/jpeg\" \/>\n<meta name=\"author\" content=\"admin\" \/>\n<meta name=\"twitter:card\" content=\"summary_large_image\" \/>\n<meta name=\"twitter:label1\" content=\"Escrito por\" \/>\n\t<meta name=\"twitter:data1\" content=\"admin\" \/>\n\t<meta name=\"twitter:label2\" content=\"Tiempo de lectura\" \/>\n\t<meta name=\"twitter:data2\" content=\"1 minuto\" \/>\n<script type=\"application\/ld+json\" class=\"yoast-schema-graph\">{\"@context\":\"https:\/\/schema.org\",\"@graph\":[{\"@type\":\"Article\",\"@id\":\"https:\/\/21panorama.com\/index.php\/2022\/07\/20\/reparacion-de-la-carretera-de-acceso-entre-tlalpujahua-y-el-oro\/#article\",\"isPartOf\":{\"@id\":\"https:\/\/21panorama.com\/index.php\/2022\/07\/20\/reparacion-de-la-carretera-de-acceso-entre-tlalpujahua-y-el-oro\/\"},\"author\":{\"name\":\"admin\",\"@id\":\"https:\/\/21panorama.com\/#\/schema\/person\/1afc291b96d5792a158768324287319f\"},\"headline\":\"REPARACI\u00d3N DE LA CARRETERA DE ACCESO ENTRE TLALPUJAHUA Y EL ORO\",\"datePublished\":\"2022-07-21T03:13:00+00:00\",\"dateModified\":\"2022-08-15T03:23:03+00:00\",\"mainEntityOfPage\":{\"@id\":\"https:\/\/21panorama.com\/index.php\/2022\/07\/20\/reparacion-de-la-carretera-de-acceso-entre-tlalpujahua-y-el-oro\/\"},\"wordCount\":203,\"commentCount\":0,\"publisher\":{\"@id\":\"https:\/\/21panorama.com\/#organization\"},\"image\":{\"@id\":\"https:\/\/21panorama.com\/index.php\/2022\/07\/20\/reparacion-de-la-carretera-de-acceso-entre-tlalpujahua-y-el-oro\/#primaryimage\"},\"thumbnailUrl\":\"https:\/\/21panorama.com\/wp-content\/uploads\/2022\/08\/Gustavo-Cardenas-Carretera-200722-3.jpg\",\"keywords\":[\"EL ORO\",\"GUSTAVO C\u00c1RDENAS\"],\"articleSection\":[\"Politica\",\"Sociedad\"],\"inLanguage\":\"es\",\"potentialAction\":[{\"@type\":\"CommentAction\",\"name\":\"Comment\",\"target\":[\"https:\/\/21panorama.com\/index.php\/2022\/07\/20\/reparacion-de-la-carretera-de-acceso-entre-tlalpujahua-y-el-oro\/#respond\"]}]},{\"@type\":\"WebPage\",\"@id\":\"https:\/\/21panorama.com\/index.php\/2022\/07\/20\/reparacion-de-la-carretera-de-acceso-entre-tlalpujahua-y-el-oro\/\",\"url\":\"https:\/\/21panorama.com\/index.php\/2022\/07\/20\/reparacion-de-la-carretera-de-acceso-entre-tlalpujahua-y-el-oro\/\",\"name\":\"REPARACI\u00d3N DE LA CARRETERA DE ACCESO ENTRE TLALPUJAHUA Y EL ORO - 21 Panorama\",\"isPartOf\":{\"@id\":\"https:\/\/21panorama.com\/#website\"},\"primaryImageOfPage\":{\"@id\":\"https:\/\/21panorama.com\/index.php\/2022\/07\/20\/reparacion-de-la-carretera-de-acceso-entre-tlalpujahua-y-el-oro\/#primaryimage\"},\"image\":{\"@id\":\"https:\/\/21panorama.com\/index.php\/2022\/07\/20\/reparacion-de-la-carretera-de-acceso-entre-tlalpujahua-y-el-oro\/#primaryimage\"},\"thumbnailUrl\":\"https:\/\/21panorama.com\/wp-content\/uploads\/2022\/08\/Gustavo-Cardenas-Carretera-200722-3.jpg\",\"datePublished\":\"2022-07-21T03:13:00+00:00\",\"dateModified\":\"2022-08-15T03:23:03+00:00\",\"breadcrumb\":{\"@id\":\"https:\/\/21panorama.com\/index.php\/2022\/07\/20\/reparacion-de-la-carretera-de-acceso-entre-tlalpujahua-y-el-oro\/#breadcrumb\"},\"inLanguage\":\"es\",\"potentialAction\":[{\"@type\":\"ReadAction\",\"target\":[\"https:\/\/21panorama.com\/index.php\/2022\/07\/20\/reparacion-de-la-carretera-de-acceso-entre-tlalpujahua-y-el-oro\/\"]}]},{\"@type\":\"ImageObject\",\"inLanguage\":\"es\",\"@id\":\"https:\/\/21panorama.com\/index.php\/2022\/07\/20\/reparacion-de-la-carretera-de-acceso-entre-tlalpujahua-y-el-oro\/#primaryimage\",\"url\":\"https:\/\/21panorama.com\/wp-content\/uploads\/2022\/08\/Gustavo-Cardenas-Carretera-200722-3.jpg\",\"contentUrl\":\"https:\/\/21panorama.com\/wp-content\/uploads\/2022\/08\/Gustavo-Cardenas-Carretera-200722-3.jpg\",\"width\":869,\"height\":667},{\"@type\":\"BreadcrumbList\",\"@id\":\"https:\/\/21panorama.com\/index.php\/2022\/07\/20\/reparacion-de-la-carretera-de-acceso-entre-tlalpujahua-y-el-oro\/#breadcrumb\",\"itemListElement\":[{\"@type\":\"ListItem\",\"position\":1,\"name\":\"Inicio\",\"item\":\"https:\/\/21panorama.com\/\"},{\"@type\":\"ListItem\",\"position\":2,\"name\":\"REPARACI\u00d3N DE LA CARRETERA DE ACCESO ENTRE TLALPUJAHUA Y EL ORO\"}]},{\"@type\":\"WebSite\",\"@id\":\"https:\/\/21panorama.com\/#website\",\"url\":\"https:\/\/21panorama.com\/\",\"name\":\"21 Panorama\",\"description\":\"La construcci\u00f3n de la opini\u00f3n p\u00fablica merece un mejor Panorama en este siglo 21 para alcanzar una sociedad con mayor transparencia y sin corrupci\u00f3n.\",\"publisher\":{\"@id\":\"https:\/\/21panorama.com\/#organization\"},\"potentialAction\":[{\"@type\":\"SearchAction\",\"target\":{\"@type\":\"EntryPoint\",\"urlTemplate\":\"https:\/\/21panorama.com\/?s={search_term_string}\"},\"query-input\":{\"@type\":\"PropertyValueSpecification\",\"valueRequired\":true,\"valueName\":\"search_term_string\"}}],\"inLanguage\":\"es\"},{\"@type\":\"Organization\",\"@id\":\"https:\/\/21panorama.com\/#organization\",\"name\":\"21 Panorama\",\"url\":\"https:\/\/21panorama.com\/\",\"logo\":{\"@type\":\"ImageObject\",\"inLanguage\":\"es\",\"@id\":\"https:\/\/21panorama.com\/#\/schema\/logo\/image\/\",\"url\":\"https:\/\/21panorama.com\/wp-content\/uploads\/2019\/07\/cropped-Logo-Panorama-01.jpeg\",\"contentUrl\":\"https:\/\/21panorama.com\/wp-content\/uploads\/2019\/07\/cropped-Logo-Panorama-01.jpeg\",\"width\":290,\"height\":70,\"caption\":\"21 Panorama\"},\"image\":{\"@id\":\"https:\/\/21panorama.com\/#\/schema\/logo\/image\/\"}},{\"@type\":\"Person\",\"@id\":\"https:\/\/21panorama.com\/#\/schema\/person\/1afc291b96d5792a158768324287319f\",\"name\":\"admin\",\"image\":{\"@type\":\"ImageObject\",\"inLanguage\":\"es\",\"@id\":\"https:\/\/21panorama.com\/#\/schema\/person\/image\/\",\"url\":\"https:\/\/secure.gravatar.com\/avatar\/ad365d9d9f46719215b0d042cc3df92a5a8683e09ef13d102233e5491985f0f0?s=96&d=mm&r=g\",\"contentUrl\":\"https:\/\/secure.gravatar.com\/avatar\/ad365d9d9f46719215b0d042cc3df92a5a8683e09ef13d102233e5491985f0f0?s=96&d=mm&r=g\",\"caption\":\"admin\"},\"url\":\"https:\/\/21panorama.com\/index.php\/author\/admin\/\"}]}<\/script>\n<!-- \/ Yoast SEO plugin. -->","yoast_head_json":{"title":"REPARACI\u00d3N DE LA CARRETERA DE ACCESO ENTRE TLALPUJAHUA Y EL ORO - 21 Panorama","robots":{"index":"index","follow":"follow","max-snippet":"max-snippet:-1","max-image-preview":"max-image-preview:large","max-video-preview":"max-video-preview:-1"},"canonical":"https:\/\/21panorama.com\/index.php\/2022\/07\/20\/reparacion-de-la-carretera-de-acceso-entre-tlalpujahua-y-el-oro\/","og_locale":"es_MX","og_type":"article","og_title":"REPARACI\u00d3N DE LA CARRETERA DE ACCESO ENTRE TLALPUJAHUA Y EL ORO - 21 Panorama","og_description":"El Diputado Federal Gustavo C\u00e1rdenas Monroy dio a conocer que gracias al esfuerzo de la Presidenta Municipal Ruth Salazar y la Junta de Caminos, lograron la reparaci\u00f3n de este tramo entre Tlalpujahua y El Oro, lo que permitir\u00e1 que el tr\u00e1nsito sea seguro y fluido, para los usuarios de esta carretera.","og_url":"https:\/\/21panorama.com\/index.php\/2022\/07\/20\/reparacion-de-la-carretera-de-acceso-entre-tlalpujahua-y-el-oro\/","og_site_name":"21 Panorama","article_published_time":"2022-07-21T03:13:00+00:00","article_modified_time":"2022-08-15T03:23:03+00:00","og_image":[{"width":869,"height":667,"url":"https:\/\/21panorama.com\/wp-content\/uploads\/2022\/08\/Gustavo-Cardenas-Carretera-200722-3.jpg","type":"image\/jpeg"}],"author":"admin","twitter_card":"summary_large_image","twitter_misc":{"Escrito por":"admin","Tiempo de lectura":"1 minuto"},"schema":{"@context":"https:\/\/schema.org","@graph":[{"@type":"Article","@id":"https:\/\/21panorama.com\/index.php\/2022\/07\/20\/reparacion-de-la-carretera-de-acceso-entre-tlalpujahua-y-el-oro\/#article","isPartOf":{"@id":"https:\/\/21panorama.com\/index.php\/2022\/07\/20\/reparacion-de-la-carretera-de-acceso-entre-tlalpujahua-y-el-oro\/"},"author":{"name":"admin","@id":"https:\/\/21panorama.com\/#\/schema\/person\/1afc291b96d5792a158768324287319f"},"headline":"REPARACI\u00d3N DE LA CARRETERA DE ACCESO ENTRE TLALPUJAHUA Y EL ORO","datePublished":"2022-07-21T03:13:00+00:00","dateModified":"2022-08-15T03:23:03+00:00","mainEntityOfPage":{"@id":"https:\/\/21panorama.com\/index.php\/2022\/07\/20\/reparacion-de-la-carretera-de-acceso-entre-tlalpujahua-y-el-oro\/"},"wordCount":203,"commentCount":0,"publisher":{"@id":"https:\/\/21panorama.com\/#organization"},"image":{"@id":"https:\/\/21panorama.com\/index.php\/2022\/07\/20\/reparacion-de-la-carretera-de-acceso-entre-tlalpujahua-y-el-oro\/#primaryimage"},"thumbnailUrl":"https:\/\/21panorama.com\/wp-content\/uploads\/2022\/08\/Gustavo-Cardenas-Carretera-200722-3.jpg","keywords":["EL ORO","GUSTAVO C\u00c1RDENAS"],"articleSection":["Politica","Sociedad"],"inLanguage":"es","potentialAction":[{"@type":"CommentAction","name":"Comment","target":["https:\/\/21panorama.com\/index.php\/2022\/07\/20\/reparacion-de-la-carretera-de-acceso-entre-tlalpujahua-y-el-oro\/#respond"]}]},{"@type":"WebPage","@id":"https:\/\/21panorama.com\/index.php\/2022\/07\/20\/reparacion-de-la-carretera-de-acceso-entre-tlalpujahua-y-el-oro\/","url":"https:\/\/21panorama.com\/index.php\/2022\/07\/20\/reparacion-de-la-carretera-de-acceso-entre-tlalpujahua-y-el-oro\/","name":"REPARACI\u00d3N DE LA CARRETERA DE ACCESO ENTRE TLALPUJAHUA Y EL ORO - 21 Panorama","isPartOf":{"@id":"https:\/\/21panorama.com\/#website"},"primaryImageOfPage":{"@id":"https:\/\/21panorama.com\/index.php\/2022\/07\/20\/reparacion-de-la-carretera-de-acceso-entre-tlalpujahua-y-el-oro\/#primaryimage"},"image":{"@id":"https:\/\/21panorama.com\/index.php\/2022\/07\/20\/reparacion-de-la-carretera-de-acceso-entre-tlalpujahua-y-el-oro\/#primaryimage"},"thumbnailUrl":"https:\/\/21panorama.com\/wp-content\/uploads\/2022\/08\/Gustavo-Cardenas-Carretera-200722-3.jpg","datePublished":"2022-07-21T03:13:00+00:00","dateModified":"2022-08-15T03:23:03+00:00","breadcrumb":{"@id":"https:\/\/21panorama.com\/index.php\/2022\/07\/20\/reparacion-de-la-carretera-de-acceso-entre-tlalpujahua-y-el-oro\/#breadcrumb"},"inLanguage":"es","potentialAction":[{"@type":"ReadAction","target":["https:\/\/21panorama.com\/index.php\/2022\/07\/20\/reparacion-de-la-carretera-de-acceso-entre-tlalpujahua-y-el-oro\/"]}]},{"@type":"ImageObject","inLanguage":"es","@id":"https:\/\/21panorama.com\/index.php\/2022\/07\/20\/reparacion-de-la-carretera-de-acceso-entre-tlalpujahua-y-el-oro\/#primaryimage","url":"https:\/\/21panorama.com\/wp-content\/uploads\/2022\/08\/Gustavo-Cardenas-Carretera-200722-3.jpg","contentUrl":"https:\/\/21panorama.com\/wp-content\/uploads\/2022\/08\/Gustavo-Cardenas-Carretera-200722-3.jpg","width":869,"height":667},{"@type":"BreadcrumbList","@id":"https:\/\/21panorama.com\/index.php\/2022\/07\/20\/reparacion-de-la-carretera-de-acceso-entre-tlalpujahua-y-el-oro\/#breadcrumb","itemListElement":[{"@type":"ListItem","position":1,"name":"Inicio","item":"https:\/\/21panorama.com\/"},{"@type":"ListItem","position":2,"name":"REPARACI\u00d3N DE LA CARRETERA DE ACCESO ENTRE TLALPUJAHUA Y EL ORO"}]},{"@type":"WebSite","@id":"https:\/\/21panorama.com\/#website","url":"https:\/\/21panorama.com\/","name":"21 Panorama","description":"La construcci\u00f3n de la opini\u00f3n p\u00fablica merece un mejor Panorama en este siglo 21 para alcanzar una sociedad con mayor transparencia y sin corrupci\u00f3n.","publisher":{"@id":"https:\/\/21panorama.com\/#organization"},"potentialAction":[{"@type":"SearchAction","target":{"@type":"EntryPoint","urlTemplate":"https:\/\/21panorama.com\/?s={search_term_string}"},"query-input":{"@type":"PropertyValueSpecification","valueRequired":true,"valueName":"search_term_string"}}],"inLanguage":"es"},{"@type":"Organization","@id":"https:\/\/21panorama.com\/#organization","name":"21 Panorama","url":"https:\/\/21panorama.com\/","logo":{"@type":"ImageObject","inLanguage":"es","@id":"https:\/\/21panorama.com\/#\/schema\/logo\/image\/","url":"https:\/\/21panorama.com\/wp-content\/uploads\/2019\/07\/cropped-Logo-Panorama-01.jpeg","contentUrl":"https:\/\/21panorama.com\/wp-content\/uploads\/2019\/07\/cropped-Logo-Panorama-01.jpeg","width":290,"height":70,"caption":"21 Panorama"},"image":{"@id":"https:\/\/21panorama.com\/#\/schema\/logo\/image\/"}},{"@type":"Person","@id":"https:\/\/21panorama.com\/#\/schema\/person\/1afc291b96d5792a158768324287319f","name":"admin","image":{"@type":"ImageObject","inLanguage":"es","@id":"https:\/\/21panorama.com\/#\/schema\/person\/image\/","url":"https:\/\/secure.gravatar.com\/avatar\/ad365d9d9f46719215b0d042cc3df92a5a8683e09ef13d102233e5491985f0f0?s=96&d=mm&r=g","contentUrl":"https:\/\/secure.gravatar.com\/avatar\/ad365d9d9f46719215b0d042cc3df92a5a8683e09ef13d102233e5491985f0f0?s=96&d=mm&r=g","caption":"admin"},"url":"https:\/\/21panorama.com\/index.php\/author\/admin\/"}]}},"_links":{"self":[{"href":"https:\/\/21panorama.com\/index.php\/wp-json\/wp\/v2\/posts\/4053","targetHints":{"allow":["GET"]}}],"collection":[{"href":"https:\/\/21panorama.com\/index.php\/wp-json\/wp\/v2\/posts"}],"about":[{"href":"https:\/\/21panorama.com\/index.php\/wp-json\/wp\/v2\/types\/post"}],"author":[{"embeddable":true,"href":"https:\/\/21panorama.com\/index.php\/wp-json\/wp\/v2\/users\/1"}],"replies":[{"embeddable":true,"href":"https:\/\/21panorama.com\/index.php\/wp-json\/wp\/v2\/comments?post=4053"}],"version-history":[{"count":1,"href":"https:\/\/21panorama.com\/index.php\/wp-json\/wp\/v2\/posts\/4053\/revisions"}],"predecessor-version":[{"id":4055,"href":"https:\/\/21panorama.com\/index.php\/wp-json\/wp\/v2\/posts\/4053\/revisions\/4055"}],"wp:featuredmedia":[{"embeddable":true,"href":"https:\/\/21panorama.com\/index.php\/wp-json\/wp\/v2\/media\/4054"}],"wp:attachment":[{"href":"https:\/\/21panorama.com\/index.php\/wp-json\/wp\/v2\/media?parent=4053"}],"wp:term":[{"taxonomy":"category","embeddable":true,"href":"https:\/\/21panorama.com\/index.php\/wp-json\/wp\/v2\/categories?post=4053"},{"taxonomy":"post_tag","embeddable":true,"href":"https:\/\/21panorama.com\/index.php\/wp-json\/wp\/v2\/tags?post=4053"}],"curies":[{"name":"wp","href":"https:\/\/api.w.org\/{rel}","templated":true}]}}