{"id":4035,"date":"2022-08-13T14:46:25","date_gmt":"2022-08-13T19:46:25","guid":{"rendered":"https:\/\/21panorama.com\/?p=4035"},"modified":"2022-08-13T14:46:26","modified_gmt":"2022-08-13T19:46:26","slug":"expone-uaemex-muestra-fotografica-alas-de-libertad-aves-migratorias-en-homenaje-a-isidro-fabela","status":"publish","type":"post","link":"https:\/\/21panorama.com\/index.php\/2022\/08\/13\/expone-uaemex-muestra-fotografica-alas-de-libertad-aves-migratorias-en-homenaje-a-isidro-fabela\/","title":{"rendered":"EXPONE UAEM\u00c9X MUESTRA FOTOGR\u00c1FICA \u201cALAS DE LIBERTAD. AVES MIGRATORIAS&#8221; EN HOMENAJE A ISIDRO FABELA"},"content":{"rendered":"\n<p><\/p>\n\n\n\n<p>\u2022 En el marco de la velada solemne conmemorativa al 58 aniversario luctuoso de Fabela Alfaro, el rector inaugur\u00f3 esta muestra fotogr\u00e1fica de Celene Salgado y Edgardo Soriano, catedr\u00e1ticos e investigadores de la Facultad de Medicina Veterinaria y Zootecnia de la UAEM\u00e9x y fot\u00f3grafos.<\/p>\n\n\n\n<p>&nbsp;\u201cAlas de libertad. Aves migratorias\u201d, de Celene Salgado Miranda y Edgardo Soriano Vargas, es el nombre de la exposici\u00f3n fotogr\u00e1fica con la que la Universidad Aut\u00f3noma del Estado de M\u00e9xico (UAEM\u00e9x) rinde homenaje a Isidro Fabela Alfaro, con motivo de su 58 aniversario luctuoso.<\/p>\n\n\n\n<p>En el marco de la velada luctuosa realizada en la Casa Museo y Centro Regional de Cultura \u201cLic. Isidro Fabela Alfaro\u201d, en el municipio de Atlacomulco, el rector de la Aut\u00f3noma mexiquense, Carlos Eduardo Barrera D\u00edaz inaugur\u00f3 la muestra, conformada por una veintena de im\u00e1genes.<\/p>\n\n\n\n<p>Celene Salgado y Edgardo Soriano, docentes e investigadores de la Facultad de Medicina Veterinaria y Zootecnia de la UAEM\u00e9x y fot\u00f3grafos, explicaron que esta serie de im\u00e1genes de aves migratorias es resultado de su trabajo de investigaci\u00f3n.<\/p>\n\n\n\n<p>Adem\u00e1s, dijeron, son una alegor\u00eda de la libertad humana. \u201cEl majestuoso vuelo de las aves, sus rutas y perseverancia para sobrevivir a entornos cambiantes y climas adversos nos recuerdan la fuerza y liderazgo del ilustre Isidro Fabela, sus relaciones con el mundo, pero sobre todo el recordatorio siempre amado y presente de su tierra natal, a donde regresaba con su sensibilidad, mediante el recurso y la potencia de la palabra\u201d.<\/p>\n\n\n\n<p>No cabe duda, coincidieron, que la vida y obra de este gran personaje sigue siendo de gran motivaci\u00f3n para los mexicanos contempor\u00e1neos, donde su vigorosa mentalidad nos sigue impulsando para extender nuestras alas en busca de la libertad.<\/p>\n\n\n\n<p>Antes, durante la velada luctuosa, la secretaria t\u00e9cnica de la Rector\u00eda de la UAEM\u00e9x, Yolanda Ballesteros Sent\u00edes, record\u00f3 que, siendo gobernador del Estado de M\u00e9xico, fue Isidro Fabela el autor principal de la autonom\u00eda de esta casa de estudios, que despu\u00e9s de casi 10 a\u00f1os de lucha, se aprob\u00f3 por decreto el 31 de diciembre de 1943.<\/p>\n\n\n\n<p>De igual manera, resalt\u00f3 la autonom\u00eda universitaria como basti\u00f3n que expresa la naturaleza de la instituci\u00f3n, que de manera cr\u00edtica produce y transmite la cultura y el conocimiento por medio de la investigaci\u00f3n y la ense\u00f1anza, \u201cque ante la apertura a las necesidades del mundo contempor\u00e1neo nos exige disponer, para su esfuerzo docente e investigador, de una independencia moral y cient\u00edfica\u201d.<\/p>\n\n\n\n<p>En el inicio de esta ceremonia solemne, el rector Carlos Eduardo Barrera D\u00edaz encabez\u00f3 la colocaci\u00f3n de una ofrenda floral y guardia de honor en un retrato pict\u00f3rico de Isidro Fabela.<\/p>\n\n\n\n<p>Al acto acudieron la presidenta de esta demarcaci\u00f3n, Marisol del Socorro Arias Flores; la directora general de Patrimonio y Servicios Culturales de la Secretar\u00eda de Cultura y Turismo del Gobierno del Estado de M\u00e9xico, Ivett Tinoco Garc\u00eda; as\u00ed como la secretaria de Difusi\u00f3n Cultural de la UAEM\u00e9x, Mar\u00eda de las Mercedes Portilla Luja; y el director del Centro Universitario UAEM Atlacomulco, Nephtali Romero Navarrete.<\/p>\n","protected":false},"excerpt":{"rendered":"<p>En el marco de la velada solemne conmemorativa al 58 aniversario luctuoso de Fabela Alfaro, el rector inaugur\u00f3 esta muestra fotogr\u00e1fica de Celene Salgado y Edgardo Soriano, catedr\u00e1ticos e investigadores de la Facultad de Medicina Veterinaria y Zootecnia de la UAEM\u00e9x y fot\u00f3grafos.<\/p>\n","protected":false},"author":1,"featured_media":4036,"comment_status":"open","ping_status":"open","sticky":false,"template":"","format":"standard","meta":{"footnotes":""},"categories":[5,1],"tags":[323,23],"class_list":["post-4035","post","type-post","status-publish","format-standard","has-post-thumbnail","hentry","category-cultura","category-sociedad","tag-carlos-eduardo-barrera-diaz","tag-uaemex"],"yoast_head":"<!-- This site is optimized with the Yoast SEO plugin v24.9 - https:\/\/yoast.com\/wordpress\/plugins\/seo\/ -->\n<title>EXPONE UAEM\u00c9X MUESTRA FOTOGR\u00c1FICA \u201cALAS DE LIBERTAD. AVES MIGRATORIAS&quot; EN HOMENAJE A ISIDRO FABELA - 21 Panorama<\/title>\n<meta name=\"robots\" content=\"index, follow, max-snippet:-1, max-image-preview:large, max-video-preview:-1\" \/>\n<link rel=\"canonical\" href=\"https:\/\/21panorama.com\/index.php\/2022\/08\/13\/expone-uaemex-muestra-fotografica-alas-de-libertad-aves-migratorias-en-homenaje-a-isidro-fabela\/\" \/>\n<meta property=\"og:locale\" content=\"es_MX\" \/>\n<meta property=\"og:type\" content=\"article\" \/>\n<meta property=\"og:title\" content=\"EXPONE UAEM\u00c9X MUESTRA FOTOGR\u00c1FICA \u201cALAS DE LIBERTAD. AVES MIGRATORIAS&quot; EN HOMENAJE A ISIDRO FABELA - 21 Panorama\" \/>\n<meta property=\"og:description\" content=\"En el marco de la velada solemne conmemorativa al 58 aniversario luctuoso de Fabela Alfaro, el rector inaugur\u00f3 esta muestra fotogr\u00e1fica de Celene Salgado y Edgardo Soriano, catedr\u00e1ticos e investigadores de la Facultad de Medicina Veterinaria y Zootecnia de la UAEM\u00e9x y fot\u00f3grafos.\" \/>\n<meta property=\"og:url\" content=\"https:\/\/21panorama.com\/index.php\/2022\/08\/13\/expone-uaemex-muestra-fotografica-alas-de-libertad-aves-migratorias-en-homenaje-a-isidro-fabela\/\" \/>\n<meta property=\"og:site_name\" content=\"21 Panorama\" \/>\n<meta property=\"article:published_time\" content=\"2022-08-13T19:46:25+00:00\" \/>\n<meta property=\"article:modified_time\" content=\"2022-08-13T19:46:26+00:00\" \/>\n<meta property=\"og:image\" content=\"https:\/\/21panorama.com\/wp-content\/uploads\/2022\/08\/UAEMex-130822-3.jpg\" \/>\n\t<meta property=\"og:image:width\" content=\"1440\" \/>\n\t<meta property=\"og:image:height\" content=\"960\" \/>\n\t<meta property=\"og:image:type\" content=\"image\/jpeg\" \/>\n<meta name=\"author\" content=\"admin\" \/>\n<meta name=\"twitter:card\" content=\"summary_large_image\" \/>\n<meta name=\"twitter:label1\" content=\"Escrito por\" \/>\n\t<meta name=\"twitter:data1\" content=\"admin\" \/>\n\t<meta name=\"twitter:label2\" content=\"Tiempo de lectura\" \/>\n\t<meta name=\"twitter:data2\" content=\"3 minutos\" \/>\n<script type=\"application\/ld+json\" class=\"yoast-schema-graph\">{\"@context\":\"https:\/\/schema.org\",\"@graph\":[{\"@type\":\"Article\",\"@id\":\"https:\/\/21panorama.com\/index.php\/2022\/08\/13\/expone-uaemex-muestra-fotografica-alas-de-libertad-aves-migratorias-en-homenaje-a-isidro-fabela\/#article\",\"isPartOf\":{\"@id\":\"https:\/\/21panorama.com\/index.php\/2022\/08\/13\/expone-uaemex-muestra-fotografica-alas-de-libertad-aves-migratorias-en-homenaje-a-isidro-fabela\/\"},\"author\":{\"name\":\"admin\",\"@id\":\"https:\/\/21panorama.com\/#\/schema\/person\/1afc291b96d5792a158768324287319f\"},\"headline\":\"EXPONE UAEM\u00c9X MUESTRA FOTOGR\u00c1FICA \u201cALAS DE LIBERTAD. AVES MIGRATORIAS&#8221; EN HOMENAJE A ISIDRO FABELA\",\"datePublished\":\"2022-08-13T19:46:25+00:00\",\"dateModified\":\"2022-08-13T19:46:26+00:00\",\"mainEntityOfPage\":{\"@id\":\"https:\/\/21panorama.com\/index.php\/2022\/08\/13\/expone-uaemex-muestra-fotografica-alas-de-libertad-aves-migratorias-en-homenaje-a-isidro-fabela\/\"},\"wordCount\":548,\"commentCount\":0,\"publisher\":{\"@id\":\"https:\/\/21panorama.com\/#organization\"},\"image\":{\"@id\":\"https:\/\/21panorama.com\/index.php\/2022\/08\/13\/expone-uaemex-muestra-fotografica-alas-de-libertad-aves-migratorias-en-homenaje-a-isidro-fabela\/#primaryimage\"},\"thumbnailUrl\":\"https:\/\/21panorama.com\/wp-content\/uploads\/2022\/08\/UAEMex-130822-3.jpg\",\"keywords\":[\"Carlos Eduardo Barrera D\u00edaz\",\"UAEMex\"],\"articleSection\":[\"Cultura\",\"Sociedad\"],\"inLanguage\":\"es\",\"potentialAction\":[{\"@type\":\"CommentAction\",\"name\":\"Comment\",\"target\":[\"https:\/\/21panorama.com\/index.php\/2022\/08\/13\/expone-uaemex-muestra-fotografica-alas-de-libertad-aves-migratorias-en-homenaje-a-isidro-fabela\/#respond\"]}]},{\"@type\":\"WebPage\",\"@id\":\"https:\/\/21panorama.com\/index.php\/2022\/08\/13\/expone-uaemex-muestra-fotografica-alas-de-libertad-aves-migratorias-en-homenaje-a-isidro-fabela\/\",\"url\":\"https:\/\/21panorama.com\/index.php\/2022\/08\/13\/expone-uaemex-muestra-fotografica-alas-de-libertad-aves-migratorias-en-homenaje-a-isidro-fabela\/\",\"name\":\"EXPONE UAEM\u00c9X MUESTRA FOTOGR\u00c1FICA \u201cALAS DE LIBERTAD. AVES MIGRATORIAS\\\" EN HOMENAJE A ISIDRO FABELA - 21 Panorama\",\"isPartOf\":{\"@id\":\"https:\/\/21panorama.com\/#website\"},\"primaryImageOfPage\":{\"@id\":\"https:\/\/21panorama.com\/index.php\/2022\/08\/13\/expone-uaemex-muestra-fotografica-alas-de-libertad-aves-migratorias-en-homenaje-a-isidro-fabela\/#primaryimage\"},\"image\":{\"@id\":\"https:\/\/21panorama.com\/index.php\/2022\/08\/13\/expone-uaemex-muestra-fotografica-alas-de-libertad-aves-migratorias-en-homenaje-a-isidro-fabela\/#primaryimage\"},\"thumbnailUrl\":\"https:\/\/21panorama.com\/wp-content\/uploads\/2022\/08\/UAEMex-130822-3.jpg\",\"datePublished\":\"2022-08-13T19:46:25+00:00\",\"dateModified\":\"2022-08-13T19:46:26+00:00\",\"breadcrumb\":{\"@id\":\"https:\/\/21panorama.com\/index.php\/2022\/08\/13\/expone-uaemex-muestra-fotografica-alas-de-libertad-aves-migratorias-en-homenaje-a-isidro-fabela\/#breadcrumb\"},\"inLanguage\":\"es\",\"potentialAction\":[{\"@type\":\"ReadAction\",\"target\":[\"https:\/\/21panorama.com\/index.php\/2022\/08\/13\/expone-uaemex-muestra-fotografica-alas-de-libertad-aves-migratorias-en-homenaje-a-isidro-fabela\/\"]}]},{\"@type\":\"ImageObject\",\"inLanguage\":\"es\",\"@id\":\"https:\/\/21panorama.com\/index.php\/2022\/08\/13\/expone-uaemex-muestra-fotografica-alas-de-libertad-aves-migratorias-en-homenaje-a-isidro-fabela\/#primaryimage\",\"url\":\"https:\/\/21panorama.com\/wp-content\/uploads\/2022\/08\/UAEMex-130822-3.jpg\",\"contentUrl\":\"https:\/\/21panorama.com\/wp-content\/uploads\/2022\/08\/UAEMex-130822-3.jpg\",\"width\":1440,\"height\":960},{\"@type\":\"BreadcrumbList\",\"@id\":\"https:\/\/21panorama.com\/index.php\/2022\/08\/13\/expone-uaemex-muestra-fotografica-alas-de-libertad-aves-migratorias-en-homenaje-a-isidro-fabela\/#breadcrumb\",\"itemListElement\":[{\"@type\":\"ListItem\",\"position\":1,\"name\":\"Inicio\",\"item\":\"https:\/\/21panorama.com\/\"},{\"@type\":\"ListItem\",\"position\":2,\"name\":\"EXPONE UAEM\u00c9X MUESTRA FOTOGR\u00c1FICA \u201cALAS DE LIBERTAD. AVES MIGRATORIAS&#8221; EN HOMENAJE A ISIDRO FABELA\"}]},{\"@type\":\"WebSite\",\"@id\":\"https:\/\/21panorama.com\/#website\",\"url\":\"https:\/\/21panorama.com\/\",\"name\":\"21 Panorama\",\"description\":\"La construcci\u00f3n de la opini\u00f3n p\u00fablica merece un mejor Panorama en este siglo 21 para alcanzar una sociedad con mayor transparencia y sin corrupci\u00f3n.\",\"publisher\":{\"@id\":\"https:\/\/21panorama.com\/#organization\"},\"potentialAction\":[{\"@type\":\"SearchAction\",\"target\":{\"@type\":\"EntryPoint\",\"urlTemplate\":\"https:\/\/21panorama.com\/?s={search_term_string}\"},\"query-input\":{\"@type\":\"PropertyValueSpecification\",\"valueRequired\":true,\"valueName\":\"search_term_string\"}}],\"inLanguage\":\"es\"},{\"@type\":\"Organization\",\"@id\":\"https:\/\/21panorama.com\/#organization\",\"name\":\"21 Panorama\",\"url\":\"https:\/\/21panorama.com\/\",\"logo\":{\"@type\":\"ImageObject\",\"inLanguage\":\"es\",\"@id\":\"https:\/\/21panorama.com\/#\/schema\/logo\/image\/\",\"url\":\"https:\/\/21panorama.com\/wp-content\/uploads\/2019\/07\/cropped-Logo-Panorama-01.jpeg\",\"contentUrl\":\"https:\/\/21panorama.com\/wp-content\/uploads\/2019\/07\/cropped-Logo-Panorama-01.jpeg\",\"width\":290,\"height\":70,\"caption\":\"21 Panorama\"},\"image\":{\"@id\":\"https:\/\/21panorama.com\/#\/schema\/logo\/image\/\"}},{\"@type\":\"Person\",\"@id\":\"https:\/\/21panorama.com\/#\/schema\/person\/1afc291b96d5792a158768324287319f\",\"name\":\"admin\",\"image\":{\"@type\":\"ImageObject\",\"inLanguage\":\"es\",\"@id\":\"https:\/\/21panorama.com\/#\/schema\/person\/image\/\",\"url\":\"https:\/\/secure.gravatar.com\/avatar\/ad365d9d9f46719215b0d042cc3df92a5a8683e09ef13d102233e5491985f0f0?s=96&d=mm&r=g\",\"contentUrl\":\"https:\/\/secure.gravatar.com\/avatar\/ad365d9d9f46719215b0d042cc3df92a5a8683e09ef13d102233e5491985f0f0?s=96&d=mm&r=g\",\"caption\":\"admin\"},\"url\":\"https:\/\/21panorama.com\/index.php\/author\/admin\/\"}]}<\/script>\n<!-- \/ Yoast SEO plugin. -->","yoast_head_json":{"title":"EXPONE UAEM\u00c9X MUESTRA FOTOGR\u00c1FICA \u201cALAS DE LIBERTAD. AVES MIGRATORIAS\" EN HOMENAJE A ISIDRO FABELA - 21 Panorama","robots":{"index":"index","follow":"follow","max-snippet":"max-snippet:-1","max-image-preview":"max-image-preview:large","max-video-preview":"max-video-preview:-1"},"canonical":"https:\/\/21panorama.com\/index.php\/2022\/08\/13\/expone-uaemex-muestra-fotografica-alas-de-libertad-aves-migratorias-en-homenaje-a-isidro-fabela\/","og_locale":"es_MX","og_type":"article","og_title":"EXPONE UAEM\u00c9X MUESTRA FOTOGR\u00c1FICA \u201cALAS DE LIBERTAD. AVES MIGRATORIAS\" EN HOMENAJE A ISIDRO FABELA - 21 Panorama","og_description":"En el marco de la velada solemne conmemorativa al 58 aniversario luctuoso de Fabela Alfaro, el rector inaugur\u00f3 esta muestra fotogr\u00e1fica de Celene Salgado y Edgardo Soriano, catedr\u00e1ticos e investigadores de la Facultad de Medicina Veterinaria y Zootecnia de la UAEM\u00e9x y fot\u00f3grafos.","og_url":"https:\/\/21panorama.com\/index.php\/2022\/08\/13\/expone-uaemex-muestra-fotografica-alas-de-libertad-aves-migratorias-en-homenaje-a-isidro-fabela\/","og_site_name":"21 Panorama","article_published_time":"2022-08-13T19:46:25+00:00","article_modified_time":"2022-08-13T19:46:26+00:00","og_image":[{"width":1440,"height":960,"url":"https:\/\/21panorama.com\/wp-content\/uploads\/2022\/08\/UAEMex-130822-3.jpg","type":"image\/jpeg"}],"author":"admin","twitter_card":"summary_large_image","twitter_misc":{"Escrito por":"admin","Tiempo de lectura":"3 minutos"},"schema":{"@context":"https:\/\/schema.org","@graph":[{"@type":"Article","@id":"https:\/\/21panorama.com\/index.php\/2022\/08\/13\/expone-uaemex-muestra-fotografica-alas-de-libertad-aves-migratorias-en-homenaje-a-isidro-fabela\/#article","isPartOf":{"@id":"https:\/\/21panorama.com\/index.php\/2022\/08\/13\/expone-uaemex-muestra-fotografica-alas-de-libertad-aves-migratorias-en-homenaje-a-isidro-fabela\/"},"author":{"name":"admin","@id":"https:\/\/21panorama.com\/#\/schema\/person\/1afc291b96d5792a158768324287319f"},"headline":"EXPONE UAEM\u00c9X MUESTRA FOTOGR\u00c1FICA \u201cALAS DE LIBERTAD. AVES MIGRATORIAS&#8221; EN HOMENAJE A ISIDRO FABELA","datePublished":"2022-08-13T19:46:25+00:00","dateModified":"2022-08-13T19:46:26+00:00","mainEntityOfPage":{"@id":"https:\/\/21panorama.com\/index.php\/2022\/08\/13\/expone-uaemex-muestra-fotografica-alas-de-libertad-aves-migratorias-en-homenaje-a-isidro-fabela\/"},"wordCount":548,"commentCount":0,"publisher":{"@id":"https:\/\/21panorama.com\/#organization"},"image":{"@id":"https:\/\/21panorama.com\/index.php\/2022\/08\/13\/expone-uaemex-muestra-fotografica-alas-de-libertad-aves-migratorias-en-homenaje-a-isidro-fabela\/#primaryimage"},"thumbnailUrl":"https:\/\/21panorama.com\/wp-content\/uploads\/2022\/08\/UAEMex-130822-3.jpg","keywords":["Carlos Eduardo Barrera D\u00edaz","UAEMex"],"articleSection":["Cultura","Sociedad"],"inLanguage":"es","potentialAction":[{"@type":"CommentAction","name":"Comment","target":["https:\/\/21panorama.com\/index.php\/2022\/08\/13\/expone-uaemex-muestra-fotografica-alas-de-libertad-aves-migratorias-en-homenaje-a-isidro-fabela\/#respond"]}]},{"@type":"WebPage","@id":"https:\/\/21panorama.com\/index.php\/2022\/08\/13\/expone-uaemex-muestra-fotografica-alas-de-libertad-aves-migratorias-en-homenaje-a-isidro-fabela\/","url":"https:\/\/21panorama.com\/index.php\/2022\/08\/13\/expone-uaemex-muestra-fotografica-alas-de-libertad-aves-migratorias-en-homenaje-a-isidro-fabela\/","name":"EXPONE UAEM\u00c9X MUESTRA FOTOGR\u00c1FICA \u201cALAS DE LIBERTAD. AVES MIGRATORIAS\" EN HOMENAJE A ISIDRO FABELA - 21 Panorama","isPartOf":{"@id":"https:\/\/21panorama.com\/#website"},"primaryImageOfPage":{"@id":"https:\/\/21panorama.com\/index.php\/2022\/08\/13\/expone-uaemex-muestra-fotografica-alas-de-libertad-aves-migratorias-en-homenaje-a-isidro-fabela\/#primaryimage"},"image":{"@id":"https:\/\/21panorama.com\/index.php\/2022\/08\/13\/expone-uaemex-muestra-fotografica-alas-de-libertad-aves-migratorias-en-homenaje-a-isidro-fabela\/#primaryimage"},"thumbnailUrl":"https:\/\/21panorama.com\/wp-content\/uploads\/2022\/08\/UAEMex-130822-3.jpg","datePublished":"2022-08-13T19:46:25+00:00","dateModified":"2022-08-13T19:46:26+00:00","breadcrumb":{"@id":"https:\/\/21panorama.com\/index.php\/2022\/08\/13\/expone-uaemex-muestra-fotografica-alas-de-libertad-aves-migratorias-en-homenaje-a-isidro-fabela\/#breadcrumb"},"inLanguage":"es","potentialAction":[{"@type":"ReadAction","target":["https:\/\/21panorama.com\/index.php\/2022\/08\/13\/expone-uaemex-muestra-fotografica-alas-de-libertad-aves-migratorias-en-homenaje-a-isidro-fabela\/"]}]},{"@type":"ImageObject","inLanguage":"es","@id":"https:\/\/21panorama.com\/index.php\/2022\/08\/13\/expone-uaemex-muestra-fotografica-alas-de-libertad-aves-migratorias-en-homenaje-a-isidro-fabela\/#primaryimage","url":"https:\/\/21panorama.com\/wp-content\/uploads\/2022\/08\/UAEMex-130822-3.jpg","contentUrl":"https:\/\/21panorama.com\/wp-content\/uploads\/2022\/08\/UAEMex-130822-3.jpg","width":1440,"height":960},{"@type":"BreadcrumbList","@id":"https:\/\/21panorama.com\/index.php\/2022\/08\/13\/expone-uaemex-muestra-fotografica-alas-de-libertad-aves-migratorias-en-homenaje-a-isidro-fabela\/#breadcrumb","itemListElement":[{"@type":"ListItem","position":1,"name":"Inicio","item":"https:\/\/21panorama.com\/"},{"@type":"ListItem","position":2,"name":"EXPONE UAEM\u00c9X MUESTRA FOTOGR\u00c1FICA \u201cALAS DE LIBERTAD. AVES MIGRATORIAS&#8221; EN HOMENAJE A ISIDRO FABELA"}]},{"@type":"WebSite","@id":"https:\/\/21panorama.com\/#website","url":"https:\/\/21panorama.com\/","name":"21 Panorama","description":"La construcci\u00f3n de la opini\u00f3n p\u00fablica merece un mejor Panorama en este siglo 21 para alcanzar una sociedad con mayor transparencia y sin corrupci\u00f3n.","publisher":{"@id":"https:\/\/21panorama.com\/#organization"},"potentialAction":[{"@type":"SearchAction","target":{"@type":"EntryPoint","urlTemplate":"https:\/\/21panorama.com\/?s={search_term_string}"},"query-input":{"@type":"PropertyValueSpecification","valueRequired":true,"valueName":"search_term_string"}}],"inLanguage":"es"},{"@type":"Organization","@id":"https:\/\/21panorama.com\/#organization","name":"21 Panorama","url":"https:\/\/21panorama.com\/","logo":{"@type":"ImageObject","inLanguage":"es","@id":"https:\/\/21panorama.com\/#\/schema\/logo\/image\/","url":"https:\/\/21panorama.com\/wp-content\/uploads\/2019\/07\/cropped-Logo-Panorama-01.jpeg","contentUrl":"https:\/\/21panorama.com\/wp-content\/uploads\/2019\/07\/cropped-Logo-Panorama-01.jpeg","width":290,"height":70,"caption":"21 Panorama"},"image":{"@id":"https:\/\/21panorama.com\/#\/schema\/logo\/image\/"}},{"@type":"Person","@id":"https:\/\/21panorama.com\/#\/schema\/person\/1afc291b96d5792a158768324287319f","name":"admin","image":{"@type":"ImageObject","inLanguage":"es","@id":"https:\/\/21panorama.com\/#\/schema\/person\/image\/","url":"https:\/\/secure.gravatar.com\/avatar\/ad365d9d9f46719215b0d042cc3df92a5a8683e09ef13d102233e5491985f0f0?s=96&d=mm&r=g","contentUrl":"https:\/\/secure.gravatar.com\/avatar\/ad365d9d9f46719215b0d042cc3df92a5a8683e09ef13d102233e5491985f0f0?s=96&d=mm&r=g","caption":"admin"},"url":"https:\/\/21panorama.com\/index.php\/author\/admin\/"}]}},"_links":{"self":[{"href":"https:\/\/21panorama.com\/index.php\/wp-json\/wp\/v2\/posts\/4035","targetHints":{"allow":["GET"]}}],"collection":[{"href":"https:\/\/21panorama.com\/index.php\/wp-json\/wp\/v2\/posts"}],"about":[{"href":"https:\/\/21panorama.com\/index.php\/wp-json\/wp\/v2\/types\/post"}],"author":[{"embeddable":true,"href":"https:\/\/21panorama.com\/index.php\/wp-json\/wp\/v2\/users\/1"}],"replies":[{"embeddable":true,"href":"https:\/\/21panorama.com\/index.php\/wp-json\/wp\/v2\/comments?post=4035"}],"version-history":[{"count":1,"href":"https:\/\/21panorama.com\/index.php\/wp-json\/wp\/v2\/posts\/4035\/revisions"}],"predecessor-version":[{"id":4037,"href":"https:\/\/21panorama.com\/index.php\/wp-json\/wp\/v2\/posts\/4035\/revisions\/4037"}],"wp:featuredmedia":[{"embeddable":true,"href":"https:\/\/21panorama.com\/index.php\/wp-json\/wp\/v2\/media\/4036"}],"wp:attachment":[{"href":"https:\/\/21panorama.com\/index.php\/wp-json\/wp\/v2\/media?parent=4035"}],"wp:term":[{"taxonomy":"category","embeddable":true,"href":"https:\/\/21panorama.com\/index.php\/wp-json\/wp\/v2\/categories?post=4035"},{"taxonomy":"post_tag","embeddable":true,"href":"https:\/\/21panorama.com\/index.php\/wp-json\/wp\/v2\/tags?post=4035"}],"curies":[{"name":"wp","href":"https:\/\/api.w.org\/{rel}","templated":true}]}}