{"id":4025,"date":"2022-08-09T19:20:50","date_gmt":"2022-08-10T00:20:50","guid":{"rendered":"https:\/\/21panorama.com\/?p=4025"},"modified":"2022-08-09T19:20:51","modified_gmt":"2022-08-10T00:20:51","slug":"el-dr-pedro-zenteno-santaella-asistio-al-lanzamiento-de-prevenimss-y-la-campana-date-tiempo-checate-en-prevenimss","status":"publish","type":"post","link":"https:\/\/21panorama.com\/index.php\/2022\/08\/09\/el-dr-pedro-zenteno-santaella-asistio-al-lanzamiento-de-prevenimss-y-la-campana-date-tiempo-checate-en-prevenimss\/","title":{"rendered":"EL DR. PEDRO ZENTENO SANTAELLA ASISTI\u00d3 AL LANZAMIENTO DE PREVENIMSS+ Y LA CAMPA\u00d1A \u201cDATE TIEMPO, CH\u00c9CATE EN PREVENIMSS\u201d"},"content":{"rendered":"\n<p><\/p>\n\n\n\n<p>El director general, Pedro Zenteno Santaella, asisti\u00f3 al lanzamiento PREVENIMSS+ y Campa\u00f1a &#8220;Date tiempo, ch\u00e9cate en PREVENIMSS&#8221;, en donde destac\u00f3 que la integraci\u00f3n del sector salud permitir\u00e1 avanzar en la generaci\u00f3n de pol\u00edticas p\u00fablicas que impulsen mejores condiciones de vida a las y los mexicanos a corto y mediano plazo, sobre todo en materia de prevenci\u00f3n en la atenci\u00f3n primaria.<\/p>\n\n\n\n<p>Este lanzamiento cont\u00f3 con la presencia del Director General del IMSS, Mtro. Zo\u00e9 Robledo Aburto, y representantes del sector Salud, como el Director del ISSSTE, Dr. Pedro Zenteno; el Secretario General del Sindicato de Trabajadores del Seguro Social, Arturo Olivares Cerda; el Director General del Centro Nacional de Programas Preventivos y Control de Enfermedades, Dr. Ruy L\u00f3pez Ridaura; entre otros representantes internacionales.<\/p>\n\n\n\n<p>Durante la intervenci\u00f3n del Dr. Zenteno, se\u00f1al\u00f3 que, la integraci\u00f3n de sectores es un tema fundamental en la atenci\u00f3n primaria de la salud en el pa\u00eds. Es un punto de partida importante para mejorar la atenci\u00f3n, la promoci\u00f3n a la salud, y el resultado en conjunto de todo ello ser\u00eda la prevenci\u00f3n.<\/p>\n\n\n\n<p>En Palabras del Dr. Zenteno, la pandemia dejo una ense\u00f1anza muy clara: entre mejor integrados estemos, el resultado ser\u00e1 mucho mejor para ellos; y las pol\u00edticas p\u00fablicas en salud, en la integraci\u00f3n del primer nivel de atenci\u00f3n son primordiales. En una visi\u00f3n de Estado tiene que permear en todas las instituciones y la presencia aqu\u00ed del ISSSTE, tiene que ver con ello, con ese gran inter\u00e9s de la integraci\u00f3n del sector y sobre todo en este primer nivel que es la atenci\u00f3n primaria.<\/p>\n\n\n\n<p>El 80% de los derechohabientes llegan a este primer nivel, y es aqu\u00ed donde radica la importancia de la implementaci\u00f3n de este Programa. El ISSSTE ha hecho lo propio, acondicionando el Programa PREVENISSSTE, YA LA HICISTE.<\/p>\n\n\n\n<p>El Director del ISSSTE manifest\u00f3 su desacuerdo con lo declarado por la OMS, en donde solo el 18% de su presupuesto tiene que ver con los estados, el resto con privados. Con este dato se puede reflexionar, en manos de qui\u00e9n est\u00e1n las pol\u00edticas p\u00fablicas de salud a nivel mundial. Si los privados van a dictar las pol\u00edticas p\u00fablicas, es necesario hacer notar que es grave y se tendr\u00eda que hacer un esfuerzo para que los estados est\u00e9n presentes e intervenir con acciones.<\/p>\n\n\n\n<p>El estado mexicano, como primer paso, est\u00e1 obligado a mantener la salud de la poblaci\u00f3n, es su primera responsabilidad. Y para ello, este tipo de acciones, en conjunto, de integraci\u00f3n, son fundamentales, ya que, a partir de ah\u00ed, se dar\u00e1 el derrotero en M\u00e9xico, para que se pueda hablar de prevenci\u00f3n. Cada d\u00eda m\u00e1s cercanos a la poblaci\u00f3n, lograr cambiar el estilo de vida de la poblaci\u00f3n y as\u00ed mejorar el futuro en materia de salud, de todos los mexicanos y las mexicanas.<\/p>\n","protected":false},"excerpt":{"rendered":"<p>El director general, Pedro Zenteno Santaella, asisti\u00f3 al lanzamiento PREVENIMSS+ y Campa\u00f1a &#8220;Date tiempo, ch\u00e9cate en PREVENIMSS&#8221;, en donde destac\u00f3 que la integraci\u00f3n del sector salud permitir\u00e1 avanzar en la generaci\u00f3n de pol\u00edticas p\u00fablicas que impulsen mejores condiciones de vida a las y los mexicanos a corto y mediano plazo, sobre todo en materia de prevenci\u00f3n en la atenci\u00f3n primaria.<\/p>\n","protected":false},"author":1,"featured_media":4026,"comment_status":"open","ping_status":"open","sticky":false,"template":"","format":"standard","meta":{"footnotes":""},"categories":[6,5,1],"tags":[344,345,346],"class_list":["post-4025","post","type-post","status-publish","format-standard","has-post-thumbnail","hentry","category-cienciaysalud","category-cultura","category-sociedad","tag-issste","tag-pedro-zenteno","tag-prevenimss"],"yoast_head":"<!-- This site is optimized with the Yoast SEO plugin v24.9 - https:\/\/yoast.com\/wordpress\/plugins\/seo\/ -->\n<title>EL DR. PEDRO ZENTENO SANTAELLA ASISTI\u00d3 AL LANZAMIENTO DE PREVENIMSS+ Y LA CAMPA\u00d1A \u201cDATE TIEMPO, CH\u00c9CATE EN PREVENIMSS\u201d - 21 Panorama<\/title>\n<meta name=\"robots\" content=\"index, follow, max-snippet:-1, max-image-preview:large, max-video-preview:-1\" \/>\n<link rel=\"canonical\" href=\"https:\/\/21panorama.com\/index.php\/2022\/08\/09\/el-dr-pedro-zenteno-santaella-asistio-al-lanzamiento-de-prevenimss-y-la-campana-date-tiempo-checate-en-prevenimss\/\" \/>\n<meta property=\"og:locale\" content=\"es_MX\" \/>\n<meta property=\"og:type\" content=\"article\" \/>\n<meta property=\"og:title\" content=\"EL DR. PEDRO ZENTENO SANTAELLA ASISTI\u00d3 AL LANZAMIENTO DE PREVENIMSS+ Y LA CAMPA\u00d1A \u201cDATE TIEMPO, CH\u00c9CATE EN PREVENIMSS\u201d - 21 Panorama\" \/>\n<meta property=\"og:description\" content=\"El director general, Pedro Zenteno Santaella, asisti\u00f3 al lanzamiento PREVENIMSS+ y Campa\u00f1a &quot;Date tiempo, ch\u00e9cate en PREVENIMSS&quot;, en donde destac\u00f3 que la integraci\u00f3n del sector salud permitir\u00e1 avanzar en la generaci\u00f3n de pol\u00edticas p\u00fablicas que impulsen mejores condiciones de vida a las y los mexicanos a corto y mediano plazo, sobre todo en materia de prevenci\u00f3n en la atenci\u00f3n primaria.\" \/>\n<meta property=\"og:url\" content=\"https:\/\/21panorama.com\/index.php\/2022\/08\/09\/el-dr-pedro-zenteno-santaella-asistio-al-lanzamiento-de-prevenimss-y-la-campana-date-tiempo-checate-en-prevenimss\/\" \/>\n<meta property=\"og:site_name\" content=\"21 Panorama\" \/>\n<meta property=\"article:published_time\" content=\"2022-08-10T00:20:50+00:00\" \/>\n<meta property=\"article:modified_time\" content=\"2022-08-10T00:20:51+00:00\" \/>\n<meta property=\"og:image\" content=\"https:\/\/21panorama.com\/wp-content\/uploads\/2022\/08\/ISSSTE-Lanzamiento-de-PREVENIMSS-090822-3.jpg\" \/>\n\t<meta property=\"og:image:width\" content=\"859\" \/>\n\t<meta property=\"og:image:height\" content=\"678\" \/>\n\t<meta property=\"og:image:type\" content=\"image\/jpeg\" \/>\n<meta name=\"author\" content=\"admin\" \/>\n<meta name=\"twitter:card\" content=\"summary_large_image\" \/>\n<meta name=\"twitter:label1\" content=\"Escrito por\" \/>\n\t<meta name=\"twitter:data1\" content=\"admin\" \/>\n\t<meta name=\"twitter:label2\" content=\"Tiempo de lectura\" \/>\n\t<meta name=\"twitter:data2\" content=\"3 minutos\" \/>\n<script type=\"application\/ld+json\" class=\"yoast-schema-graph\">{\"@context\":\"https:\/\/schema.org\",\"@graph\":[{\"@type\":\"Article\",\"@id\":\"https:\/\/21panorama.com\/index.php\/2022\/08\/09\/el-dr-pedro-zenteno-santaella-asistio-al-lanzamiento-de-prevenimss-y-la-campana-date-tiempo-checate-en-prevenimss\/#article\",\"isPartOf\":{\"@id\":\"https:\/\/21panorama.com\/index.php\/2022\/08\/09\/el-dr-pedro-zenteno-santaella-asistio-al-lanzamiento-de-prevenimss-y-la-campana-date-tiempo-checate-en-prevenimss\/\"},\"author\":{\"name\":\"admin\",\"@id\":\"https:\/\/21panorama.com\/#\/schema\/person\/1afc291b96d5792a158768324287319f\"},\"headline\":\"EL DR. PEDRO ZENTENO SANTAELLA ASISTI\u00d3 AL LANZAMIENTO DE PREVENIMSS+ Y LA CAMPA\u00d1A \u201cDATE TIEMPO, CH\u00c9CATE EN PREVENIMSS\u201d\",\"datePublished\":\"2022-08-10T00:20:50+00:00\",\"dateModified\":\"2022-08-10T00:20:51+00:00\",\"mainEntityOfPage\":{\"@id\":\"https:\/\/21panorama.com\/index.php\/2022\/08\/09\/el-dr-pedro-zenteno-santaella-asistio-al-lanzamiento-de-prevenimss-y-la-campana-date-tiempo-checate-en-prevenimss\/\"},\"wordCount\":521,\"commentCount\":0,\"publisher\":{\"@id\":\"https:\/\/21panorama.com\/#organization\"},\"image\":{\"@id\":\"https:\/\/21panorama.com\/index.php\/2022\/08\/09\/el-dr-pedro-zenteno-santaella-asistio-al-lanzamiento-de-prevenimss-y-la-campana-date-tiempo-checate-en-prevenimss\/#primaryimage\"},\"thumbnailUrl\":\"https:\/\/21panorama.com\/wp-content\/uploads\/2022\/08\/ISSSTE-Lanzamiento-de-PREVENIMSS-090822-3.jpg\",\"keywords\":[\"ISSSTE\",\"Pedro Zenteno\",\"PREVENIMSS\"],\"articleSection\":[\"Ciencia y Salud\",\"Cultura\",\"Sociedad\"],\"inLanguage\":\"es\",\"potentialAction\":[{\"@type\":\"CommentAction\",\"name\":\"Comment\",\"target\":[\"https:\/\/21panorama.com\/index.php\/2022\/08\/09\/el-dr-pedro-zenteno-santaella-asistio-al-lanzamiento-de-prevenimss-y-la-campana-date-tiempo-checate-en-prevenimss\/#respond\"]}]},{\"@type\":\"WebPage\",\"@id\":\"https:\/\/21panorama.com\/index.php\/2022\/08\/09\/el-dr-pedro-zenteno-santaella-asistio-al-lanzamiento-de-prevenimss-y-la-campana-date-tiempo-checate-en-prevenimss\/\",\"url\":\"https:\/\/21panorama.com\/index.php\/2022\/08\/09\/el-dr-pedro-zenteno-santaella-asistio-al-lanzamiento-de-prevenimss-y-la-campana-date-tiempo-checate-en-prevenimss\/\",\"name\":\"EL DR. PEDRO ZENTENO SANTAELLA ASISTI\u00d3 AL LANZAMIENTO DE PREVENIMSS+ Y LA CAMPA\u00d1A \u201cDATE TIEMPO, CH\u00c9CATE EN PREVENIMSS\u201d - 21 Panorama\",\"isPartOf\":{\"@id\":\"https:\/\/21panorama.com\/#website\"},\"primaryImageOfPage\":{\"@id\":\"https:\/\/21panorama.com\/index.php\/2022\/08\/09\/el-dr-pedro-zenteno-santaella-asistio-al-lanzamiento-de-prevenimss-y-la-campana-date-tiempo-checate-en-prevenimss\/#primaryimage\"},\"image\":{\"@id\":\"https:\/\/21panorama.com\/index.php\/2022\/08\/09\/el-dr-pedro-zenteno-santaella-asistio-al-lanzamiento-de-prevenimss-y-la-campana-date-tiempo-checate-en-prevenimss\/#primaryimage\"},\"thumbnailUrl\":\"https:\/\/21panorama.com\/wp-content\/uploads\/2022\/08\/ISSSTE-Lanzamiento-de-PREVENIMSS-090822-3.jpg\",\"datePublished\":\"2022-08-10T00:20:50+00:00\",\"dateModified\":\"2022-08-10T00:20:51+00:00\",\"breadcrumb\":{\"@id\":\"https:\/\/21panorama.com\/index.php\/2022\/08\/09\/el-dr-pedro-zenteno-santaella-asistio-al-lanzamiento-de-prevenimss-y-la-campana-date-tiempo-checate-en-prevenimss\/#breadcrumb\"},\"inLanguage\":\"es\",\"potentialAction\":[{\"@type\":\"ReadAction\",\"target\":[\"https:\/\/21panorama.com\/index.php\/2022\/08\/09\/el-dr-pedro-zenteno-santaella-asistio-al-lanzamiento-de-prevenimss-y-la-campana-date-tiempo-checate-en-prevenimss\/\"]}]},{\"@type\":\"ImageObject\",\"inLanguage\":\"es\",\"@id\":\"https:\/\/21panorama.com\/index.php\/2022\/08\/09\/el-dr-pedro-zenteno-santaella-asistio-al-lanzamiento-de-prevenimss-y-la-campana-date-tiempo-checate-en-prevenimss\/#primaryimage\",\"url\":\"https:\/\/21panorama.com\/wp-content\/uploads\/2022\/08\/ISSSTE-Lanzamiento-de-PREVENIMSS-090822-3.jpg\",\"contentUrl\":\"https:\/\/21panorama.com\/wp-content\/uploads\/2022\/08\/ISSSTE-Lanzamiento-de-PREVENIMSS-090822-3.jpg\",\"width\":859,\"height\":678},{\"@type\":\"BreadcrumbList\",\"@id\":\"https:\/\/21panorama.com\/index.php\/2022\/08\/09\/el-dr-pedro-zenteno-santaella-asistio-al-lanzamiento-de-prevenimss-y-la-campana-date-tiempo-checate-en-prevenimss\/#breadcrumb\",\"itemListElement\":[{\"@type\":\"ListItem\",\"position\":1,\"name\":\"Inicio\",\"item\":\"https:\/\/21panorama.com\/\"},{\"@type\":\"ListItem\",\"position\":2,\"name\":\"EL DR. PEDRO ZENTENO SANTAELLA ASISTI\u00d3 AL LANZAMIENTO DE PREVENIMSS+ Y LA CAMPA\u00d1A \u201cDATE TIEMPO, CH\u00c9CATE EN PREVENIMSS\u201d\"}]},{\"@type\":\"WebSite\",\"@id\":\"https:\/\/21panorama.com\/#website\",\"url\":\"https:\/\/21panorama.com\/\",\"name\":\"21 Panorama\",\"description\":\"La construcci\u00f3n de la opini\u00f3n p\u00fablica merece un mejor Panorama en este siglo 21 para alcanzar una sociedad con mayor transparencia y sin corrupci\u00f3n.\",\"publisher\":{\"@id\":\"https:\/\/21panorama.com\/#organization\"},\"potentialAction\":[{\"@type\":\"SearchAction\",\"target\":{\"@type\":\"EntryPoint\",\"urlTemplate\":\"https:\/\/21panorama.com\/?s={search_term_string}\"},\"query-input\":{\"@type\":\"PropertyValueSpecification\",\"valueRequired\":true,\"valueName\":\"search_term_string\"}}],\"inLanguage\":\"es\"},{\"@type\":\"Organization\",\"@id\":\"https:\/\/21panorama.com\/#organization\",\"name\":\"21 Panorama\",\"url\":\"https:\/\/21panorama.com\/\",\"logo\":{\"@type\":\"ImageObject\",\"inLanguage\":\"es\",\"@id\":\"https:\/\/21panorama.com\/#\/schema\/logo\/image\/\",\"url\":\"https:\/\/21panorama.com\/wp-content\/uploads\/2019\/07\/cropped-Logo-Panorama-01.jpeg\",\"contentUrl\":\"https:\/\/21panorama.com\/wp-content\/uploads\/2019\/07\/cropped-Logo-Panorama-01.jpeg\",\"width\":290,\"height\":70,\"caption\":\"21 Panorama\"},\"image\":{\"@id\":\"https:\/\/21panorama.com\/#\/schema\/logo\/image\/\"}},{\"@type\":\"Person\",\"@id\":\"https:\/\/21panorama.com\/#\/schema\/person\/1afc291b96d5792a158768324287319f\",\"name\":\"admin\",\"image\":{\"@type\":\"ImageObject\",\"inLanguage\":\"es\",\"@id\":\"https:\/\/21panorama.com\/#\/schema\/person\/image\/\",\"url\":\"https:\/\/secure.gravatar.com\/avatar\/ad365d9d9f46719215b0d042cc3df92a5a8683e09ef13d102233e5491985f0f0?s=96&d=mm&r=g\",\"contentUrl\":\"https:\/\/secure.gravatar.com\/avatar\/ad365d9d9f46719215b0d042cc3df92a5a8683e09ef13d102233e5491985f0f0?s=96&d=mm&r=g\",\"caption\":\"admin\"},\"url\":\"https:\/\/21panorama.com\/index.php\/author\/admin\/\"}]}<\/script>\n<!-- \/ Yoast SEO plugin. -->","yoast_head_json":{"title":"EL DR. PEDRO ZENTENO SANTAELLA ASISTI\u00d3 AL LANZAMIENTO DE PREVENIMSS+ Y LA CAMPA\u00d1A \u201cDATE TIEMPO, CH\u00c9CATE EN PREVENIMSS\u201d - 21 Panorama","robots":{"index":"index","follow":"follow","max-snippet":"max-snippet:-1","max-image-preview":"max-image-preview:large","max-video-preview":"max-video-preview:-1"},"canonical":"https:\/\/21panorama.com\/index.php\/2022\/08\/09\/el-dr-pedro-zenteno-santaella-asistio-al-lanzamiento-de-prevenimss-y-la-campana-date-tiempo-checate-en-prevenimss\/","og_locale":"es_MX","og_type":"article","og_title":"EL DR. PEDRO ZENTENO SANTAELLA ASISTI\u00d3 AL LANZAMIENTO DE PREVENIMSS+ Y LA CAMPA\u00d1A \u201cDATE TIEMPO, CH\u00c9CATE EN PREVENIMSS\u201d - 21 Panorama","og_description":"El director general, Pedro Zenteno Santaella, asisti\u00f3 al lanzamiento PREVENIMSS+ y Campa\u00f1a \"Date tiempo, ch\u00e9cate en PREVENIMSS\", en donde destac\u00f3 que la integraci\u00f3n del sector salud permitir\u00e1 avanzar en la generaci\u00f3n de pol\u00edticas p\u00fablicas que impulsen mejores condiciones de vida a las y los mexicanos a corto y mediano plazo, sobre todo en materia de prevenci\u00f3n en la atenci\u00f3n primaria.","og_url":"https:\/\/21panorama.com\/index.php\/2022\/08\/09\/el-dr-pedro-zenteno-santaella-asistio-al-lanzamiento-de-prevenimss-y-la-campana-date-tiempo-checate-en-prevenimss\/","og_site_name":"21 Panorama","article_published_time":"2022-08-10T00:20:50+00:00","article_modified_time":"2022-08-10T00:20:51+00:00","og_image":[{"width":859,"height":678,"url":"https:\/\/21panorama.com\/wp-content\/uploads\/2022\/08\/ISSSTE-Lanzamiento-de-PREVENIMSS-090822-3.jpg","type":"image\/jpeg"}],"author":"admin","twitter_card":"summary_large_image","twitter_misc":{"Escrito por":"admin","Tiempo de lectura":"3 minutos"},"schema":{"@context":"https:\/\/schema.org","@graph":[{"@type":"Article","@id":"https:\/\/21panorama.com\/index.php\/2022\/08\/09\/el-dr-pedro-zenteno-santaella-asistio-al-lanzamiento-de-prevenimss-y-la-campana-date-tiempo-checate-en-prevenimss\/#article","isPartOf":{"@id":"https:\/\/21panorama.com\/index.php\/2022\/08\/09\/el-dr-pedro-zenteno-santaella-asistio-al-lanzamiento-de-prevenimss-y-la-campana-date-tiempo-checate-en-prevenimss\/"},"author":{"name":"admin","@id":"https:\/\/21panorama.com\/#\/schema\/person\/1afc291b96d5792a158768324287319f"},"headline":"EL DR. PEDRO ZENTENO SANTAELLA ASISTI\u00d3 AL LANZAMIENTO DE PREVENIMSS+ Y LA CAMPA\u00d1A \u201cDATE TIEMPO, CH\u00c9CATE EN PREVENIMSS\u201d","datePublished":"2022-08-10T00:20:50+00:00","dateModified":"2022-08-10T00:20:51+00:00","mainEntityOfPage":{"@id":"https:\/\/21panorama.com\/index.php\/2022\/08\/09\/el-dr-pedro-zenteno-santaella-asistio-al-lanzamiento-de-prevenimss-y-la-campana-date-tiempo-checate-en-prevenimss\/"},"wordCount":521,"commentCount":0,"publisher":{"@id":"https:\/\/21panorama.com\/#organization"},"image":{"@id":"https:\/\/21panorama.com\/index.php\/2022\/08\/09\/el-dr-pedro-zenteno-santaella-asistio-al-lanzamiento-de-prevenimss-y-la-campana-date-tiempo-checate-en-prevenimss\/#primaryimage"},"thumbnailUrl":"https:\/\/21panorama.com\/wp-content\/uploads\/2022\/08\/ISSSTE-Lanzamiento-de-PREVENIMSS-090822-3.jpg","keywords":["ISSSTE","Pedro Zenteno","PREVENIMSS"],"articleSection":["Ciencia y Salud","Cultura","Sociedad"],"inLanguage":"es","potentialAction":[{"@type":"CommentAction","name":"Comment","target":["https:\/\/21panorama.com\/index.php\/2022\/08\/09\/el-dr-pedro-zenteno-santaella-asistio-al-lanzamiento-de-prevenimss-y-la-campana-date-tiempo-checate-en-prevenimss\/#respond"]}]},{"@type":"WebPage","@id":"https:\/\/21panorama.com\/index.php\/2022\/08\/09\/el-dr-pedro-zenteno-santaella-asistio-al-lanzamiento-de-prevenimss-y-la-campana-date-tiempo-checate-en-prevenimss\/","url":"https:\/\/21panorama.com\/index.php\/2022\/08\/09\/el-dr-pedro-zenteno-santaella-asistio-al-lanzamiento-de-prevenimss-y-la-campana-date-tiempo-checate-en-prevenimss\/","name":"EL DR. PEDRO ZENTENO SANTAELLA ASISTI\u00d3 AL LANZAMIENTO DE PREVENIMSS+ Y LA CAMPA\u00d1A \u201cDATE TIEMPO, CH\u00c9CATE EN PREVENIMSS\u201d - 21 Panorama","isPartOf":{"@id":"https:\/\/21panorama.com\/#website"},"primaryImageOfPage":{"@id":"https:\/\/21panorama.com\/index.php\/2022\/08\/09\/el-dr-pedro-zenteno-santaella-asistio-al-lanzamiento-de-prevenimss-y-la-campana-date-tiempo-checate-en-prevenimss\/#primaryimage"},"image":{"@id":"https:\/\/21panorama.com\/index.php\/2022\/08\/09\/el-dr-pedro-zenteno-santaella-asistio-al-lanzamiento-de-prevenimss-y-la-campana-date-tiempo-checate-en-prevenimss\/#primaryimage"},"thumbnailUrl":"https:\/\/21panorama.com\/wp-content\/uploads\/2022\/08\/ISSSTE-Lanzamiento-de-PREVENIMSS-090822-3.jpg","datePublished":"2022-08-10T00:20:50+00:00","dateModified":"2022-08-10T00:20:51+00:00","breadcrumb":{"@id":"https:\/\/21panorama.com\/index.php\/2022\/08\/09\/el-dr-pedro-zenteno-santaella-asistio-al-lanzamiento-de-prevenimss-y-la-campana-date-tiempo-checate-en-prevenimss\/#breadcrumb"},"inLanguage":"es","potentialAction":[{"@type":"ReadAction","target":["https:\/\/21panorama.com\/index.php\/2022\/08\/09\/el-dr-pedro-zenteno-santaella-asistio-al-lanzamiento-de-prevenimss-y-la-campana-date-tiempo-checate-en-prevenimss\/"]}]},{"@type":"ImageObject","inLanguage":"es","@id":"https:\/\/21panorama.com\/index.php\/2022\/08\/09\/el-dr-pedro-zenteno-santaella-asistio-al-lanzamiento-de-prevenimss-y-la-campana-date-tiempo-checate-en-prevenimss\/#primaryimage","url":"https:\/\/21panorama.com\/wp-content\/uploads\/2022\/08\/ISSSTE-Lanzamiento-de-PREVENIMSS-090822-3.jpg","contentUrl":"https:\/\/21panorama.com\/wp-content\/uploads\/2022\/08\/ISSSTE-Lanzamiento-de-PREVENIMSS-090822-3.jpg","width":859,"height":678},{"@type":"BreadcrumbList","@id":"https:\/\/21panorama.com\/index.php\/2022\/08\/09\/el-dr-pedro-zenteno-santaella-asistio-al-lanzamiento-de-prevenimss-y-la-campana-date-tiempo-checate-en-prevenimss\/#breadcrumb","itemListElement":[{"@type":"ListItem","position":1,"name":"Inicio","item":"https:\/\/21panorama.com\/"},{"@type":"ListItem","position":2,"name":"EL DR. PEDRO ZENTENO SANTAELLA ASISTI\u00d3 AL LANZAMIENTO DE PREVENIMSS+ Y LA CAMPA\u00d1A \u201cDATE TIEMPO, CH\u00c9CATE EN PREVENIMSS\u201d"}]},{"@type":"WebSite","@id":"https:\/\/21panorama.com\/#website","url":"https:\/\/21panorama.com\/","name":"21 Panorama","description":"La construcci\u00f3n de la opini\u00f3n p\u00fablica merece un mejor Panorama en este siglo 21 para alcanzar una sociedad con mayor transparencia y sin corrupci\u00f3n.","publisher":{"@id":"https:\/\/21panorama.com\/#organization"},"potentialAction":[{"@type":"SearchAction","target":{"@type":"EntryPoint","urlTemplate":"https:\/\/21panorama.com\/?s={search_term_string}"},"query-input":{"@type":"PropertyValueSpecification","valueRequired":true,"valueName":"search_term_string"}}],"inLanguage":"es"},{"@type":"Organization","@id":"https:\/\/21panorama.com\/#organization","name":"21 Panorama","url":"https:\/\/21panorama.com\/","logo":{"@type":"ImageObject","inLanguage":"es","@id":"https:\/\/21panorama.com\/#\/schema\/logo\/image\/","url":"https:\/\/21panorama.com\/wp-content\/uploads\/2019\/07\/cropped-Logo-Panorama-01.jpeg","contentUrl":"https:\/\/21panorama.com\/wp-content\/uploads\/2019\/07\/cropped-Logo-Panorama-01.jpeg","width":290,"height":70,"caption":"21 Panorama"},"image":{"@id":"https:\/\/21panorama.com\/#\/schema\/logo\/image\/"}},{"@type":"Person","@id":"https:\/\/21panorama.com\/#\/schema\/person\/1afc291b96d5792a158768324287319f","name":"admin","image":{"@type":"ImageObject","inLanguage":"es","@id":"https:\/\/21panorama.com\/#\/schema\/person\/image\/","url":"https:\/\/secure.gravatar.com\/avatar\/ad365d9d9f46719215b0d042cc3df92a5a8683e09ef13d102233e5491985f0f0?s=96&d=mm&r=g","contentUrl":"https:\/\/secure.gravatar.com\/avatar\/ad365d9d9f46719215b0d042cc3df92a5a8683e09ef13d102233e5491985f0f0?s=96&d=mm&r=g","caption":"admin"},"url":"https:\/\/21panorama.com\/index.php\/author\/admin\/"}]}},"_links":{"self":[{"href":"https:\/\/21panorama.com\/index.php\/wp-json\/wp\/v2\/posts\/4025","targetHints":{"allow":["GET"]}}],"collection":[{"href":"https:\/\/21panorama.com\/index.php\/wp-json\/wp\/v2\/posts"}],"about":[{"href":"https:\/\/21panorama.com\/index.php\/wp-json\/wp\/v2\/types\/post"}],"author":[{"embeddable":true,"href":"https:\/\/21panorama.com\/index.php\/wp-json\/wp\/v2\/users\/1"}],"replies":[{"embeddable":true,"href":"https:\/\/21panorama.com\/index.php\/wp-json\/wp\/v2\/comments?post=4025"}],"version-history":[{"count":1,"href":"https:\/\/21panorama.com\/index.php\/wp-json\/wp\/v2\/posts\/4025\/revisions"}],"predecessor-version":[{"id":4027,"href":"https:\/\/21panorama.com\/index.php\/wp-json\/wp\/v2\/posts\/4025\/revisions\/4027"}],"wp:featuredmedia":[{"embeddable":true,"href":"https:\/\/21panorama.com\/index.php\/wp-json\/wp\/v2\/media\/4026"}],"wp:attachment":[{"href":"https:\/\/21panorama.com\/index.php\/wp-json\/wp\/v2\/media?parent=4025"}],"wp:term":[{"taxonomy":"category","embeddable":true,"href":"https:\/\/21panorama.com\/index.php\/wp-json\/wp\/v2\/categories?post=4025"},{"taxonomy":"post_tag","embeddable":true,"href":"https:\/\/21panorama.com\/index.php\/wp-json\/wp\/v2\/tags?post=4025"}],"curies":[{"name":"wp","href":"https:\/\/api.w.org\/{rel}","templated":true}]}}