{"id":4013,"date":"2022-08-09T15:00:05","date_gmt":"2022-08-09T20:00:05","guid":{"rendered":"https:\/\/21panorama.com\/?p=4013"},"modified":"2022-08-09T15:00:07","modified_gmt":"2022-08-09T20:00:07","slug":"fortalecen-uaemex-y-comecyt-colaboracion-a-favor-de-la-investigacion-firman-dos-convenios","status":"publish","type":"post","link":"https:\/\/21panorama.com\/index.php\/2022\/08\/09\/fortalecen-uaemex-y-comecyt-colaboracion-a-favor-de-la-investigacion-firman-dos-convenios\/","title":{"rendered":"FORTALECEN UAEM\u00c9X Y COMECYT COLABORACI\u00d3N A FAVOR DE LA INVESTIGACI\u00d3N; FIRMAN DOS CONVENIOS"},"content":{"rendered":"\n<p><\/p>\n\n\n\n<p>\u2022 El rector de la UAEM\u00e9x, Carlos Eduardo Barrera D\u00edaz y el director general del COMECyT, Bernardo Jorge Almaraz, firmaron dos convenios en beneficio de la comunidad universitaria.<\/p>\n\n\n\n<p>\u2022 A trav\u00e9s del convenio Programa de Investigadoras e Investigadores UAEM-COMECyT 2022, 71 posgraduados de doctorado y maestr\u00eda de la UAEM\u00e9x son beneficiados con financiamiento anual para realizar c\u00e1tedra o estancias de investigaci\u00f3n.<\/p>\n\n\n\n<p>\u2022 Con el convenio Asignaci\u00f3n de Recursos del Fondo para la Investigaci\u00f3n Cient\u00edfica y Desarrollo Tecnol\u00f3gico del Estado de M\u00e9xico se destinan recursos para el Laboratorio de Realidad Virtual y Edici\u00f3n Digital.<\/p>\n\n\n\n<p>La Universidad Aut\u00f3noma del Estado de M\u00e9xico (UAEM\u00e9x) es semillero de una nueva generaci\u00f3n de investigadoras, investigadores y docentes altamente especializados, asegur\u00f3 el rector Carlos Eduardo Barrera D\u00edaz tras la firma de dos convenios con el director general del Consejo Mexiquense de Ciencia y Tecnolog\u00eda (COMECyT), Bernardo Jorge Almaraz Calder\u00f3n.<\/p>\n\n\n\n<p>El convenio Programa de Investigadoras e Investigadores UAEM-COMECyT 2022, en esta edici\u00f3n, beneficia a 71 posgraduados de maestr\u00eda y doctorado de la UAEM\u00e9x de los cuales, 48 har\u00e1n proyectos de c\u00e1tedra y 23 estancias de investigaci\u00f3n, contar\u00e1n durante un a\u00f1o con financiamiento por parte del gobierno de la entidad para realizar sus propuestas que tienen como caracter\u00edstica en com\u00fan que son de inter\u00e9s y beneficio para el crecimiento y desarrollo del Estado de M\u00e9xico.<\/p>\n\n\n\n<p>En la Sala de Consejo Universitario \u201cBenito Ju\u00e1rez Garc\u00eda\u201d del Edificio de Rector\u00eda, Barrera D\u00edaz reconoci\u00f3 a las y los ganadores de una estancia o c\u00e1tedra al definirlos como posgraduados deseosos de abrir nuevos senderos de desarrollo para la ciencia, para la UAEM\u00e9x y para la sociedad mexiquense.<\/p>\n\n\n\n<p>Asimismo, suscribieron el convenio de Asignaci\u00f3n de Recursos del Fondo para la Investigaci\u00f3n Cient\u00edfica y Desarrollo Tecnol\u00f3gico del Estado de M\u00e9xico con el que se edifica el Laboratorio de Realidad Virtual y Edici\u00f3n Digital que tiene una inversi\u00f3n de ocho millones de pesos por parte de COMECyT y dos millones de la UAEM\u00e9x.<\/p>\n\n\n\n<p>En su oportunidad, Almaraz Calder\u00f3n explic\u00f3 que el Programa de Investigadoras e Investigadores tiene como prop\u00f3sito fortalecer y reforzar el talento de j\u00f3venes como los 200 posgraduados beneficiados, de los cuales m\u00e1s del 30 por ciento son de la UAEM\u00e9x.<\/p>\n\n\n\n<p>El director del COMECyT detall\u00f3 que para los 71 beneficiados por el Programa hay una inversi\u00f3n de 18.5 millones de pesos, de los cuales 14.4 millones son para quienes realizar\u00e1n c\u00e1tedras y 4.1 millones para las 23 estancias.<\/p>\n\n\n\n<p>Los 71 apoyos para c\u00e1tedras y estancias son para investigadoras e investigadores de 26 municipios de la entidad quienes realizar\u00e1n sus proyectos en dos institutos de investigaci\u00f3n, 15 facultades, cinco centros universitarios, una unidad acad\u00e9mica y cuatro centros de investigaci\u00f3n de la UAEM\u00e9x.<\/p>\n","protected":false},"excerpt":{"rendered":"<p>El rector de la UAEM\u00e9x, Carlos Eduardo Barrera D\u00edaz y el director general del COMECyT, Bernardo Jorge Almaraz, firmaron dos convenios en beneficio de la comunidad universitaria.<\/p>\n","protected":false},"author":1,"featured_media":4014,"comment_status":"open","ping_status":"open","sticky":false,"template":"","format":"standard","meta":{"footnotes":""},"categories":[6,1,4],"tags":[323,341,23],"class_list":["post-4013","post","type-post","status-publish","format-standard","has-post-thumbnail","hentry","category-cienciaysalud","category-sociedad","category-tecnologia","tag-carlos-eduardo-barrera-diaz","tag-comecyt","tag-uaemex"],"yoast_head":"<!-- This site is optimized with the Yoast SEO plugin v24.9 - https:\/\/yoast.com\/wordpress\/plugins\/seo\/ -->\n<title>FORTALECEN UAEM\u00c9X Y COMECYT COLABORACI\u00d3N A FAVOR DE LA INVESTIGACI\u00d3N; FIRMAN DOS CONVENIOS - 21 Panorama<\/title>\n<meta name=\"robots\" content=\"index, follow, max-snippet:-1, max-image-preview:large, max-video-preview:-1\" \/>\n<link rel=\"canonical\" href=\"https:\/\/21panorama.com\/index.php\/2022\/08\/09\/fortalecen-uaemex-y-comecyt-colaboracion-a-favor-de-la-investigacion-firman-dos-convenios\/\" \/>\n<meta property=\"og:locale\" content=\"es_MX\" \/>\n<meta property=\"og:type\" content=\"article\" \/>\n<meta property=\"og:title\" content=\"FORTALECEN UAEM\u00c9X Y COMECYT COLABORACI\u00d3N A FAVOR DE LA INVESTIGACI\u00d3N; FIRMAN DOS CONVENIOS - 21 Panorama\" \/>\n<meta property=\"og:description\" content=\"El rector de la UAEM\u00e9x, Carlos Eduardo Barrera D\u00edaz y el director general del COMECyT, Bernardo Jorge Almaraz, firmaron dos convenios en beneficio de la comunidad universitaria.\" \/>\n<meta property=\"og:url\" content=\"https:\/\/21panorama.com\/index.php\/2022\/08\/09\/fortalecen-uaemex-y-comecyt-colaboracion-a-favor-de-la-investigacion-firman-dos-convenios\/\" \/>\n<meta property=\"og:site_name\" content=\"21 Panorama\" \/>\n<meta property=\"article:published_time\" content=\"2022-08-09T20:00:05+00:00\" \/>\n<meta property=\"article:modified_time\" content=\"2022-08-09T20:00:07+00:00\" \/>\n<meta property=\"og:image\" content=\"https:\/\/21panorama.com\/wp-content\/uploads\/2022\/08\/UAEMex-Firma-de-Convenio-090822-3.jpg\" \/>\n\t<meta property=\"og:image:width\" content=\"1440\" \/>\n\t<meta property=\"og:image:height\" content=\"960\" \/>\n\t<meta property=\"og:image:type\" content=\"image\/jpeg\" \/>\n<meta name=\"author\" content=\"admin\" \/>\n<meta name=\"twitter:card\" content=\"summary_large_image\" \/>\n<meta name=\"twitter:label1\" content=\"Escrito por\" \/>\n\t<meta name=\"twitter:data1\" content=\"admin\" \/>\n\t<meta name=\"twitter:label2\" content=\"Tiempo de lectura\" \/>\n\t<meta name=\"twitter:data2\" content=\"3 minutos\" \/>\n<script type=\"application\/ld+json\" class=\"yoast-schema-graph\">{\"@context\":\"https:\/\/schema.org\",\"@graph\":[{\"@type\":\"Article\",\"@id\":\"https:\/\/21panorama.com\/index.php\/2022\/08\/09\/fortalecen-uaemex-y-comecyt-colaboracion-a-favor-de-la-investigacion-firman-dos-convenios\/#article\",\"isPartOf\":{\"@id\":\"https:\/\/21panorama.com\/index.php\/2022\/08\/09\/fortalecen-uaemex-y-comecyt-colaboracion-a-favor-de-la-investigacion-firman-dos-convenios\/\"},\"author\":{\"name\":\"admin\",\"@id\":\"https:\/\/21panorama.com\/#\/schema\/person\/1afc291b96d5792a158768324287319f\"},\"headline\":\"FORTALECEN UAEM\u00c9X Y COMECYT COLABORACI\u00d3N A FAVOR DE LA INVESTIGACI\u00d3N; FIRMAN DOS CONVENIOS\",\"datePublished\":\"2022-08-09T20:00:05+00:00\",\"dateModified\":\"2022-08-09T20:00:07+00:00\",\"mainEntityOfPage\":{\"@id\":\"https:\/\/21panorama.com\/index.php\/2022\/08\/09\/fortalecen-uaemex-y-comecyt-colaboracion-a-favor-de-la-investigacion-firman-dos-convenios\/\"},\"wordCount\":496,\"commentCount\":0,\"publisher\":{\"@id\":\"https:\/\/21panorama.com\/#organization\"},\"image\":{\"@id\":\"https:\/\/21panorama.com\/index.php\/2022\/08\/09\/fortalecen-uaemex-y-comecyt-colaboracion-a-favor-de-la-investigacion-firman-dos-convenios\/#primaryimage\"},\"thumbnailUrl\":\"https:\/\/21panorama.com\/wp-content\/uploads\/2022\/08\/UAEMex-Firma-de-Convenio-090822-3.jpg\",\"keywords\":[\"Carlos Eduardo Barrera D\u00edaz\",\"COMECyT\",\"UAEMex\"],\"articleSection\":[\"Ciencia y Salud\",\"Sociedad\",\"Tecnolog\u00eda\"],\"inLanguage\":\"es\",\"potentialAction\":[{\"@type\":\"CommentAction\",\"name\":\"Comment\",\"target\":[\"https:\/\/21panorama.com\/index.php\/2022\/08\/09\/fortalecen-uaemex-y-comecyt-colaboracion-a-favor-de-la-investigacion-firman-dos-convenios\/#respond\"]}]},{\"@type\":\"WebPage\",\"@id\":\"https:\/\/21panorama.com\/index.php\/2022\/08\/09\/fortalecen-uaemex-y-comecyt-colaboracion-a-favor-de-la-investigacion-firman-dos-convenios\/\",\"url\":\"https:\/\/21panorama.com\/index.php\/2022\/08\/09\/fortalecen-uaemex-y-comecyt-colaboracion-a-favor-de-la-investigacion-firman-dos-convenios\/\",\"name\":\"FORTALECEN UAEM\u00c9X Y COMECYT COLABORACI\u00d3N A FAVOR DE LA INVESTIGACI\u00d3N; FIRMAN DOS CONVENIOS - 21 Panorama\",\"isPartOf\":{\"@id\":\"https:\/\/21panorama.com\/#website\"},\"primaryImageOfPage\":{\"@id\":\"https:\/\/21panorama.com\/index.php\/2022\/08\/09\/fortalecen-uaemex-y-comecyt-colaboracion-a-favor-de-la-investigacion-firman-dos-convenios\/#primaryimage\"},\"image\":{\"@id\":\"https:\/\/21panorama.com\/index.php\/2022\/08\/09\/fortalecen-uaemex-y-comecyt-colaboracion-a-favor-de-la-investigacion-firman-dos-convenios\/#primaryimage\"},\"thumbnailUrl\":\"https:\/\/21panorama.com\/wp-content\/uploads\/2022\/08\/UAEMex-Firma-de-Convenio-090822-3.jpg\",\"datePublished\":\"2022-08-09T20:00:05+00:00\",\"dateModified\":\"2022-08-09T20:00:07+00:00\",\"breadcrumb\":{\"@id\":\"https:\/\/21panorama.com\/index.php\/2022\/08\/09\/fortalecen-uaemex-y-comecyt-colaboracion-a-favor-de-la-investigacion-firman-dos-convenios\/#breadcrumb\"},\"inLanguage\":\"es\",\"potentialAction\":[{\"@type\":\"ReadAction\",\"target\":[\"https:\/\/21panorama.com\/index.php\/2022\/08\/09\/fortalecen-uaemex-y-comecyt-colaboracion-a-favor-de-la-investigacion-firman-dos-convenios\/\"]}]},{\"@type\":\"ImageObject\",\"inLanguage\":\"es\",\"@id\":\"https:\/\/21panorama.com\/index.php\/2022\/08\/09\/fortalecen-uaemex-y-comecyt-colaboracion-a-favor-de-la-investigacion-firman-dos-convenios\/#primaryimage\",\"url\":\"https:\/\/21panorama.com\/wp-content\/uploads\/2022\/08\/UAEMex-Firma-de-Convenio-090822-3.jpg\",\"contentUrl\":\"https:\/\/21panorama.com\/wp-content\/uploads\/2022\/08\/UAEMex-Firma-de-Convenio-090822-3.jpg\",\"width\":1440,\"height\":960},{\"@type\":\"BreadcrumbList\",\"@id\":\"https:\/\/21panorama.com\/index.php\/2022\/08\/09\/fortalecen-uaemex-y-comecyt-colaboracion-a-favor-de-la-investigacion-firman-dos-convenios\/#breadcrumb\",\"itemListElement\":[{\"@type\":\"ListItem\",\"position\":1,\"name\":\"Inicio\",\"item\":\"https:\/\/21panorama.com\/\"},{\"@type\":\"ListItem\",\"position\":2,\"name\":\"FORTALECEN UAEM\u00c9X Y COMECYT COLABORACI\u00d3N A FAVOR DE LA INVESTIGACI\u00d3N; FIRMAN DOS CONVENIOS\"}]},{\"@type\":\"WebSite\",\"@id\":\"https:\/\/21panorama.com\/#website\",\"url\":\"https:\/\/21panorama.com\/\",\"name\":\"21 Panorama\",\"description\":\"La construcci\u00f3n de la opini\u00f3n p\u00fablica merece un mejor Panorama en este siglo 21 para alcanzar una sociedad con mayor transparencia y sin corrupci\u00f3n.\",\"publisher\":{\"@id\":\"https:\/\/21panorama.com\/#organization\"},\"potentialAction\":[{\"@type\":\"SearchAction\",\"target\":{\"@type\":\"EntryPoint\",\"urlTemplate\":\"https:\/\/21panorama.com\/?s={search_term_string}\"},\"query-input\":{\"@type\":\"PropertyValueSpecification\",\"valueRequired\":true,\"valueName\":\"search_term_string\"}}],\"inLanguage\":\"es\"},{\"@type\":\"Organization\",\"@id\":\"https:\/\/21panorama.com\/#organization\",\"name\":\"21 Panorama\",\"url\":\"https:\/\/21panorama.com\/\",\"logo\":{\"@type\":\"ImageObject\",\"inLanguage\":\"es\",\"@id\":\"https:\/\/21panorama.com\/#\/schema\/logo\/image\/\",\"url\":\"https:\/\/21panorama.com\/wp-content\/uploads\/2019\/07\/cropped-Logo-Panorama-01.jpeg\",\"contentUrl\":\"https:\/\/21panorama.com\/wp-content\/uploads\/2019\/07\/cropped-Logo-Panorama-01.jpeg\",\"width\":290,\"height\":70,\"caption\":\"21 Panorama\"},\"image\":{\"@id\":\"https:\/\/21panorama.com\/#\/schema\/logo\/image\/\"}},{\"@type\":\"Person\",\"@id\":\"https:\/\/21panorama.com\/#\/schema\/person\/1afc291b96d5792a158768324287319f\",\"name\":\"admin\",\"image\":{\"@type\":\"ImageObject\",\"inLanguage\":\"es\",\"@id\":\"https:\/\/21panorama.com\/#\/schema\/person\/image\/\",\"url\":\"https:\/\/secure.gravatar.com\/avatar\/ad365d9d9f46719215b0d042cc3df92a5a8683e09ef13d102233e5491985f0f0?s=96&d=mm&r=g\",\"contentUrl\":\"https:\/\/secure.gravatar.com\/avatar\/ad365d9d9f46719215b0d042cc3df92a5a8683e09ef13d102233e5491985f0f0?s=96&d=mm&r=g\",\"caption\":\"admin\"},\"url\":\"https:\/\/21panorama.com\/index.php\/author\/admin\/\"}]}<\/script>\n<!-- \/ Yoast SEO plugin. -->","yoast_head_json":{"title":"FORTALECEN UAEM\u00c9X Y COMECYT COLABORACI\u00d3N A FAVOR DE LA INVESTIGACI\u00d3N; FIRMAN DOS CONVENIOS - 21 Panorama","robots":{"index":"index","follow":"follow","max-snippet":"max-snippet:-1","max-image-preview":"max-image-preview:large","max-video-preview":"max-video-preview:-1"},"canonical":"https:\/\/21panorama.com\/index.php\/2022\/08\/09\/fortalecen-uaemex-y-comecyt-colaboracion-a-favor-de-la-investigacion-firman-dos-convenios\/","og_locale":"es_MX","og_type":"article","og_title":"FORTALECEN UAEM\u00c9X Y COMECYT COLABORACI\u00d3N A FAVOR DE LA INVESTIGACI\u00d3N; FIRMAN DOS CONVENIOS - 21 Panorama","og_description":"El rector de la UAEM\u00e9x, Carlos Eduardo Barrera D\u00edaz y el director general del COMECyT, Bernardo Jorge Almaraz, firmaron dos convenios en beneficio de la comunidad universitaria.","og_url":"https:\/\/21panorama.com\/index.php\/2022\/08\/09\/fortalecen-uaemex-y-comecyt-colaboracion-a-favor-de-la-investigacion-firman-dos-convenios\/","og_site_name":"21 Panorama","article_published_time":"2022-08-09T20:00:05+00:00","article_modified_time":"2022-08-09T20:00:07+00:00","og_image":[{"width":1440,"height":960,"url":"https:\/\/21panorama.com\/wp-content\/uploads\/2022\/08\/UAEMex-Firma-de-Convenio-090822-3.jpg","type":"image\/jpeg"}],"author":"admin","twitter_card":"summary_large_image","twitter_misc":{"Escrito por":"admin","Tiempo de lectura":"3 minutos"},"schema":{"@context":"https:\/\/schema.org","@graph":[{"@type":"Article","@id":"https:\/\/21panorama.com\/index.php\/2022\/08\/09\/fortalecen-uaemex-y-comecyt-colaboracion-a-favor-de-la-investigacion-firman-dos-convenios\/#article","isPartOf":{"@id":"https:\/\/21panorama.com\/index.php\/2022\/08\/09\/fortalecen-uaemex-y-comecyt-colaboracion-a-favor-de-la-investigacion-firman-dos-convenios\/"},"author":{"name":"admin","@id":"https:\/\/21panorama.com\/#\/schema\/person\/1afc291b96d5792a158768324287319f"},"headline":"FORTALECEN UAEM\u00c9X Y COMECYT COLABORACI\u00d3N A FAVOR DE LA INVESTIGACI\u00d3N; FIRMAN DOS CONVENIOS","datePublished":"2022-08-09T20:00:05+00:00","dateModified":"2022-08-09T20:00:07+00:00","mainEntityOfPage":{"@id":"https:\/\/21panorama.com\/index.php\/2022\/08\/09\/fortalecen-uaemex-y-comecyt-colaboracion-a-favor-de-la-investigacion-firman-dos-convenios\/"},"wordCount":496,"commentCount":0,"publisher":{"@id":"https:\/\/21panorama.com\/#organization"},"image":{"@id":"https:\/\/21panorama.com\/index.php\/2022\/08\/09\/fortalecen-uaemex-y-comecyt-colaboracion-a-favor-de-la-investigacion-firman-dos-convenios\/#primaryimage"},"thumbnailUrl":"https:\/\/21panorama.com\/wp-content\/uploads\/2022\/08\/UAEMex-Firma-de-Convenio-090822-3.jpg","keywords":["Carlos Eduardo Barrera D\u00edaz","COMECyT","UAEMex"],"articleSection":["Ciencia y Salud","Sociedad","Tecnolog\u00eda"],"inLanguage":"es","potentialAction":[{"@type":"CommentAction","name":"Comment","target":["https:\/\/21panorama.com\/index.php\/2022\/08\/09\/fortalecen-uaemex-y-comecyt-colaboracion-a-favor-de-la-investigacion-firman-dos-convenios\/#respond"]}]},{"@type":"WebPage","@id":"https:\/\/21panorama.com\/index.php\/2022\/08\/09\/fortalecen-uaemex-y-comecyt-colaboracion-a-favor-de-la-investigacion-firman-dos-convenios\/","url":"https:\/\/21panorama.com\/index.php\/2022\/08\/09\/fortalecen-uaemex-y-comecyt-colaboracion-a-favor-de-la-investigacion-firman-dos-convenios\/","name":"FORTALECEN UAEM\u00c9X Y COMECYT COLABORACI\u00d3N A FAVOR DE LA INVESTIGACI\u00d3N; FIRMAN DOS CONVENIOS - 21 Panorama","isPartOf":{"@id":"https:\/\/21panorama.com\/#website"},"primaryImageOfPage":{"@id":"https:\/\/21panorama.com\/index.php\/2022\/08\/09\/fortalecen-uaemex-y-comecyt-colaboracion-a-favor-de-la-investigacion-firman-dos-convenios\/#primaryimage"},"image":{"@id":"https:\/\/21panorama.com\/index.php\/2022\/08\/09\/fortalecen-uaemex-y-comecyt-colaboracion-a-favor-de-la-investigacion-firman-dos-convenios\/#primaryimage"},"thumbnailUrl":"https:\/\/21panorama.com\/wp-content\/uploads\/2022\/08\/UAEMex-Firma-de-Convenio-090822-3.jpg","datePublished":"2022-08-09T20:00:05+00:00","dateModified":"2022-08-09T20:00:07+00:00","breadcrumb":{"@id":"https:\/\/21panorama.com\/index.php\/2022\/08\/09\/fortalecen-uaemex-y-comecyt-colaboracion-a-favor-de-la-investigacion-firman-dos-convenios\/#breadcrumb"},"inLanguage":"es","potentialAction":[{"@type":"ReadAction","target":["https:\/\/21panorama.com\/index.php\/2022\/08\/09\/fortalecen-uaemex-y-comecyt-colaboracion-a-favor-de-la-investigacion-firman-dos-convenios\/"]}]},{"@type":"ImageObject","inLanguage":"es","@id":"https:\/\/21panorama.com\/index.php\/2022\/08\/09\/fortalecen-uaemex-y-comecyt-colaboracion-a-favor-de-la-investigacion-firman-dos-convenios\/#primaryimage","url":"https:\/\/21panorama.com\/wp-content\/uploads\/2022\/08\/UAEMex-Firma-de-Convenio-090822-3.jpg","contentUrl":"https:\/\/21panorama.com\/wp-content\/uploads\/2022\/08\/UAEMex-Firma-de-Convenio-090822-3.jpg","width":1440,"height":960},{"@type":"BreadcrumbList","@id":"https:\/\/21panorama.com\/index.php\/2022\/08\/09\/fortalecen-uaemex-y-comecyt-colaboracion-a-favor-de-la-investigacion-firman-dos-convenios\/#breadcrumb","itemListElement":[{"@type":"ListItem","position":1,"name":"Inicio","item":"https:\/\/21panorama.com\/"},{"@type":"ListItem","position":2,"name":"FORTALECEN UAEM\u00c9X Y COMECYT COLABORACI\u00d3N A FAVOR DE LA INVESTIGACI\u00d3N; FIRMAN DOS CONVENIOS"}]},{"@type":"WebSite","@id":"https:\/\/21panorama.com\/#website","url":"https:\/\/21panorama.com\/","name":"21 Panorama","description":"La construcci\u00f3n de la opini\u00f3n p\u00fablica merece un mejor Panorama en este siglo 21 para alcanzar una sociedad con mayor transparencia y sin corrupci\u00f3n.","publisher":{"@id":"https:\/\/21panorama.com\/#organization"},"potentialAction":[{"@type":"SearchAction","target":{"@type":"EntryPoint","urlTemplate":"https:\/\/21panorama.com\/?s={search_term_string}"},"query-input":{"@type":"PropertyValueSpecification","valueRequired":true,"valueName":"search_term_string"}}],"inLanguage":"es"},{"@type":"Organization","@id":"https:\/\/21panorama.com\/#organization","name":"21 Panorama","url":"https:\/\/21panorama.com\/","logo":{"@type":"ImageObject","inLanguage":"es","@id":"https:\/\/21panorama.com\/#\/schema\/logo\/image\/","url":"https:\/\/21panorama.com\/wp-content\/uploads\/2019\/07\/cropped-Logo-Panorama-01.jpeg","contentUrl":"https:\/\/21panorama.com\/wp-content\/uploads\/2019\/07\/cropped-Logo-Panorama-01.jpeg","width":290,"height":70,"caption":"21 Panorama"},"image":{"@id":"https:\/\/21panorama.com\/#\/schema\/logo\/image\/"}},{"@type":"Person","@id":"https:\/\/21panorama.com\/#\/schema\/person\/1afc291b96d5792a158768324287319f","name":"admin","image":{"@type":"ImageObject","inLanguage":"es","@id":"https:\/\/21panorama.com\/#\/schema\/person\/image\/","url":"https:\/\/secure.gravatar.com\/avatar\/ad365d9d9f46719215b0d042cc3df92a5a8683e09ef13d102233e5491985f0f0?s=96&d=mm&r=g","contentUrl":"https:\/\/secure.gravatar.com\/avatar\/ad365d9d9f46719215b0d042cc3df92a5a8683e09ef13d102233e5491985f0f0?s=96&d=mm&r=g","caption":"admin"},"url":"https:\/\/21panorama.com\/index.php\/author\/admin\/"}]}},"_links":{"self":[{"href":"https:\/\/21panorama.com\/index.php\/wp-json\/wp\/v2\/posts\/4013","targetHints":{"allow":["GET"]}}],"collection":[{"href":"https:\/\/21panorama.com\/index.php\/wp-json\/wp\/v2\/posts"}],"about":[{"href":"https:\/\/21panorama.com\/index.php\/wp-json\/wp\/v2\/types\/post"}],"author":[{"embeddable":true,"href":"https:\/\/21panorama.com\/index.php\/wp-json\/wp\/v2\/users\/1"}],"replies":[{"embeddable":true,"href":"https:\/\/21panorama.com\/index.php\/wp-json\/wp\/v2\/comments?post=4013"}],"version-history":[{"count":1,"href":"https:\/\/21panorama.com\/index.php\/wp-json\/wp\/v2\/posts\/4013\/revisions"}],"predecessor-version":[{"id":4015,"href":"https:\/\/21panorama.com\/index.php\/wp-json\/wp\/v2\/posts\/4013\/revisions\/4015"}],"wp:featuredmedia":[{"embeddable":true,"href":"https:\/\/21panorama.com\/index.php\/wp-json\/wp\/v2\/media\/4014"}],"wp:attachment":[{"href":"https:\/\/21panorama.com\/index.php\/wp-json\/wp\/v2\/media?parent=4013"}],"wp:term":[{"taxonomy":"category","embeddable":true,"href":"https:\/\/21panorama.com\/index.php\/wp-json\/wp\/v2\/categories?post=4013"},{"taxonomy":"post_tag","embeddable":true,"href":"https:\/\/21panorama.com\/index.php\/wp-json\/wp\/v2\/tags?post=4013"}],"curies":[{"name":"wp","href":"https:\/\/api.w.org\/{rel}","templated":true}]}}