{"id":4007,"date":"2022-08-05T16:37:18","date_gmt":"2022-08-05T21:37:18","guid":{"rendered":"https:\/\/21panorama.com\/?p=4007"},"modified":"2022-08-05T16:37:19","modified_gmt":"2022-08-05T21:37:19","slug":"metepec-con-la-mejor-evaluacion-financiera-del-estado-y-de-las-primeras-en-el-pais-hr-ratings","status":"publish","type":"post","link":"https:\/\/21panorama.com\/index.php\/2022\/08\/05\/metepec-con-la-mejor-evaluacion-financiera-del-estado-y-de-las-primeras-en-el-pais-hr-ratings\/","title":{"rendered":"METEPEC CON LA MEJOR EVALUACI\u00d3N FINANCIERA DEL ESTADO Y DE LAS PRIMERAS EN EL PA\u00cdS: HR RATINGS"},"content":{"rendered":"\n<p><\/p>\n\n\n\n<p>Gracias al buen manejo y equilibrio de las finanzas p\u00fablicas, de manera transparente y puntual; al cumplimiento oportuno de compromisos y deuda adquirida por gobiernos anteriores; as\u00ed como autonom\u00eda financiera derivada de la buena recaudaci\u00f3n fiscal, el municipio mexiquense de Metepec, alcanz\u00f3 la m\u00e1xima calificaci\u00f3n crediticia por parte de la agencia internacional HR Ratings.<\/p>\n\n\n\n<p>La conducci\u00f3n eficiente y responsable del gasto por parte de la administraci\u00f3n que preside el alcalde Fernando Flores Fern\u00e1ndez, deriv\u00f3 que, en la reciente evaluaci\u00f3n, Metepec, junto con las demarcaciones de San Pedro Garza Garc\u00eda, Nuevo Le\u00f3n; Aguascalientes, Aguascalientes y Chihuahua, Chihuahua, alcanzaran la calificaci\u00f3n HR AAA, la m\u00e1s alta, que corrobora el buen actuar, en este caso del municipio mexiquense, \u00fanico en la entidad con dicha distinci\u00f3n.<\/p>\n\n\n\n<p>La casa calificadora internacional HR Ratings, que analiza y eval\u00faa la informaci\u00f3n financiera de instituciones p\u00fablicas, confirma la calificaci\u00f3n destacada a Metepec por el nivel de endeudamiento y consecuente disminuci\u00f3n de riesgo, adem\u00e1s, por la excelente conducci\u00f3n de recursos p\u00fablicos, cumpliendo as\u00ed con los preceptos del gobierno municipal de Cercan\u00eda, Eficacia y Honradez.<\/p>\n\n\n\n<p>Destacar que, Metepec una vez m\u00e1s se ubica a la vanguardia, en esta ocasi\u00f3n, corroborando el an\u00e1lisis din\u00e1mico que evalu\u00f3 la calidad crediticia basado en la situaci\u00f3n actual y futura, con base en el contexto econ\u00f3mico y diversos escenarios; informaci\u00f3n relevante que permite tomar eficientes decisiones de inversi\u00f3n en el lugar, entre otros beneficios.<\/p>\n","protected":false},"excerpt":{"rendered":"<p>Gracias al buen manejo y equilibrio de las finanzas p\u00fablicas, de manera transparente y puntual; al cumplimiento oportuno de compromisos y deuda adquirida por gobiernos anteriores; as\u00ed como autonom\u00eda financiera derivada de la buena recaudaci\u00f3n fiscal, el municipio mexiquense de Metepec, alcanz\u00f3 la m\u00e1xima calificaci\u00f3n crediticia por parte de la agencia internacional HR Ratings.<\/p>\n","protected":false},"author":1,"featured_media":4008,"comment_status":"open","ping_status":"open","sticky":false,"template":"","format":"standard","meta":{"footnotes":""},"categories":[3,1],"tags":[76,339,77],"class_list":["post-4007","post","type-post","status-publish","format-standard","has-post-thumbnail","hentry","category-ecomomia","category-sociedad","tag-fernando-flores","tag-finanzas","tag-metepec"],"yoast_head":"<!-- This site is optimized with the Yoast SEO plugin v24.9 - https:\/\/yoast.com\/wordpress\/plugins\/seo\/ -->\n<title>METEPEC CON LA MEJOR EVALUACI\u00d3N FINANCIERA DEL ESTADO Y DE LAS PRIMERAS EN EL PA\u00cdS: HR RATINGS - 21 Panorama<\/title>\n<meta name=\"robots\" content=\"index, follow, max-snippet:-1, max-image-preview:large, max-video-preview:-1\" \/>\n<link rel=\"canonical\" href=\"https:\/\/21panorama.com\/index.php\/2022\/08\/05\/metepec-con-la-mejor-evaluacion-financiera-del-estado-y-de-las-primeras-en-el-pais-hr-ratings\/\" \/>\n<meta property=\"og:locale\" content=\"es_MX\" \/>\n<meta property=\"og:type\" content=\"article\" \/>\n<meta property=\"og:title\" content=\"METEPEC CON LA MEJOR EVALUACI\u00d3N FINANCIERA DEL ESTADO Y DE LAS PRIMERAS EN EL PA\u00cdS: HR RATINGS - 21 Panorama\" \/>\n<meta property=\"og:description\" content=\"Gracias al buen manejo y equilibrio de las finanzas p\u00fablicas, de manera transparente y puntual; al cumplimiento oportuno de compromisos y deuda adquirida por gobiernos anteriores; as\u00ed como autonom\u00eda financiera derivada de la buena recaudaci\u00f3n fiscal, el municipio mexiquense de Metepec, alcanz\u00f3 la m\u00e1xima calificaci\u00f3n crediticia por parte de la agencia internacional HR Ratings.\" \/>\n<meta property=\"og:url\" content=\"https:\/\/21panorama.com\/index.php\/2022\/08\/05\/metepec-con-la-mejor-evaluacion-financiera-del-estado-y-de-las-primeras-en-el-pais-hr-ratings\/\" \/>\n<meta property=\"og:site_name\" content=\"21 Panorama\" \/>\n<meta property=\"article:published_time\" content=\"2022-08-05T21:37:18+00:00\" \/>\n<meta property=\"article:modified_time\" content=\"2022-08-05T21:37:19+00:00\" \/>\n<meta property=\"og:image\" content=\"https:\/\/21panorama.com\/wp-content\/uploads\/2022\/08\/Metepec-la-mejor-evaluacion-financiera-040822-4.jpg\" \/>\n\t<meta property=\"og:image:width\" content=\"1280\" \/>\n\t<meta property=\"og:image:height\" content=\"853\" \/>\n\t<meta property=\"og:image:type\" content=\"image\/jpeg\" \/>\n<meta name=\"author\" content=\"admin\" \/>\n<meta name=\"twitter:card\" content=\"summary_large_image\" \/>\n<meta name=\"twitter:label1\" content=\"Escrito por\" \/>\n\t<meta name=\"twitter:data1\" content=\"admin\" \/>\n\t<meta name=\"twitter:label2\" content=\"Tiempo de lectura\" \/>\n\t<meta name=\"twitter:data2\" content=\"2 minutos\" \/>\n<script type=\"application\/ld+json\" class=\"yoast-schema-graph\">{\"@context\":\"https:\/\/schema.org\",\"@graph\":[{\"@type\":\"Article\",\"@id\":\"https:\/\/21panorama.com\/index.php\/2022\/08\/05\/metepec-con-la-mejor-evaluacion-financiera-del-estado-y-de-las-primeras-en-el-pais-hr-ratings\/#article\",\"isPartOf\":{\"@id\":\"https:\/\/21panorama.com\/index.php\/2022\/08\/05\/metepec-con-la-mejor-evaluacion-financiera-del-estado-y-de-las-primeras-en-el-pais-hr-ratings\/\"},\"author\":{\"name\":\"admin\",\"@id\":\"https:\/\/21panorama.com\/#\/schema\/person\/1afc291b96d5792a158768324287319f\"},\"headline\":\"METEPEC CON LA MEJOR EVALUACI\u00d3N FINANCIERA DEL ESTADO Y DE LAS PRIMERAS EN EL PA\u00cdS: HR RATINGS\",\"datePublished\":\"2022-08-05T21:37:18+00:00\",\"dateModified\":\"2022-08-05T21:37:19+00:00\",\"mainEntityOfPage\":{\"@id\":\"https:\/\/21panorama.com\/index.php\/2022\/08\/05\/metepec-con-la-mejor-evaluacion-financiera-del-estado-y-de-las-primeras-en-el-pais-hr-ratings\/\"},\"wordCount\":279,\"commentCount\":0,\"publisher\":{\"@id\":\"https:\/\/21panorama.com\/#organization\"},\"image\":{\"@id\":\"https:\/\/21panorama.com\/index.php\/2022\/08\/05\/metepec-con-la-mejor-evaluacion-financiera-del-estado-y-de-las-primeras-en-el-pais-hr-ratings\/#primaryimage\"},\"thumbnailUrl\":\"https:\/\/21panorama.com\/wp-content\/uploads\/2022\/08\/Metepec-la-mejor-evaluacion-financiera-040822-4.jpg\",\"keywords\":[\"Fernando Flores\",\"Finanzas\",\"Metepec\"],\"articleSection\":[\"Econom\u00eda\",\"Sociedad\"],\"inLanguage\":\"es\",\"potentialAction\":[{\"@type\":\"CommentAction\",\"name\":\"Comment\",\"target\":[\"https:\/\/21panorama.com\/index.php\/2022\/08\/05\/metepec-con-la-mejor-evaluacion-financiera-del-estado-y-de-las-primeras-en-el-pais-hr-ratings\/#respond\"]}]},{\"@type\":\"WebPage\",\"@id\":\"https:\/\/21panorama.com\/index.php\/2022\/08\/05\/metepec-con-la-mejor-evaluacion-financiera-del-estado-y-de-las-primeras-en-el-pais-hr-ratings\/\",\"url\":\"https:\/\/21panorama.com\/index.php\/2022\/08\/05\/metepec-con-la-mejor-evaluacion-financiera-del-estado-y-de-las-primeras-en-el-pais-hr-ratings\/\",\"name\":\"METEPEC CON LA MEJOR EVALUACI\u00d3N FINANCIERA DEL ESTADO Y DE LAS PRIMERAS EN EL PA\u00cdS: HR RATINGS - 21 Panorama\",\"isPartOf\":{\"@id\":\"https:\/\/21panorama.com\/#website\"},\"primaryImageOfPage\":{\"@id\":\"https:\/\/21panorama.com\/index.php\/2022\/08\/05\/metepec-con-la-mejor-evaluacion-financiera-del-estado-y-de-las-primeras-en-el-pais-hr-ratings\/#primaryimage\"},\"image\":{\"@id\":\"https:\/\/21panorama.com\/index.php\/2022\/08\/05\/metepec-con-la-mejor-evaluacion-financiera-del-estado-y-de-las-primeras-en-el-pais-hr-ratings\/#primaryimage\"},\"thumbnailUrl\":\"https:\/\/21panorama.com\/wp-content\/uploads\/2022\/08\/Metepec-la-mejor-evaluacion-financiera-040822-4.jpg\",\"datePublished\":\"2022-08-05T21:37:18+00:00\",\"dateModified\":\"2022-08-05T21:37:19+00:00\",\"breadcrumb\":{\"@id\":\"https:\/\/21panorama.com\/index.php\/2022\/08\/05\/metepec-con-la-mejor-evaluacion-financiera-del-estado-y-de-las-primeras-en-el-pais-hr-ratings\/#breadcrumb\"},\"inLanguage\":\"es\",\"potentialAction\":[{\"@type\":\"ReadAction\",\"target\":[\"https:\/\/21panorama.com\/index.php\/2022\/08\/05\/metepec-con-la-mejor-evaluacion-financiera-del-estado-y-de-las-primeras-en-el-pais-hr-ratings\/\"]}]},{\"@type\":\"ImageObject\",\"inLanguage\":\"es\",\"@id\":\"https:\/\/21panorama.com\/index.php\/2022\/08\/05\/metepec-con-la-mejor-evaluacion-financiera-del-estado-y-de-las-primeras-en-el-pais-hr-ratings\/#primaryimage\",\"url\":\"https:\/\/21panorama.com\/wp-content\/uploads\/2022\/08\/Metepec-la-mejor-evaluacion-financiera-040822-4.jpg\",\"contentUrl\":\"https:\/\/21panorama.com\/wp-content\/uploads\/2022\/08\/Metepec-la-mejor-evaluacion-financiera-040822-4.jpg\",\"width\":1280,\"height\":853},{\"@type\":\"BreadcrumbList\",\"@id\":\"https:\/\/21panorama.com\/index.php\/2022\/08\/05\/metepec-con-la-mejor-evaluacion-financiera-del-estado-y-de-las-primeras-en-el-pais-hr-ratings\/#breadcrumb\",\"itemListElement\":[{\"@type\":\"ListItem\",\"position\":1,\"name\":\"Inicio\",\"item\":\"https:\/\/21panorama.com\/\"},{\"@type\":\"ListItem\",\"position\":2,\"name\":\"METEPEC CON LA MEJOR EVALUACI\u00d3N FINANCIERA DEL ESTADO Y DE LAS PRIMERAS EN EL PA\u00cdS: HR RATINGS\"}]},{\"@type\":\"WebSite\",\"@id\":\"https:\/\/21panorama.com\/#website\",\"url\":\"https:\/\/21panorama.com\/\",\"name\":\"21 Panorama\",\"description\":\"La construcci\u00f3n de la opini\u00f3n p\u00fablica merece un mejor Panorama en este siglo 21 para alcanzar una sociedad con mayor transparencia y sin corrupci\u00f3n.\",\"publisher\":{\"@id\":\"https:\/\/21panorama.com\/#organization\"},\"potentialAction\":[{\"@type\":\"SearchAction\",\"target\":{\"@type\":\"EntryPoint\",\"urlTemplate\":\"https:\/\/21panorama.com\/?s={search_term_string}\"},\"query-input\":{\"@type\":\"PropertyValueSpecification\",\"valueRequired\":true,\"valueName\":\"search_term_string\"}}],\"inLanguage\":\"es\"},{\"@type\":\"Organization\",\"@id\":\"https:\/\/21panorama.com\/#organization\",\"name\":\"21 Panorama\",\"url\":\"https:\/\/21panorama.com\/\",\"logo\":{\"@type\":\"ImageObject\",\"inLanguage\":\"es\",\"@id\":\"https:\/\/21panorama.com\/#\/schema\/logo\/image\/\",\"url\":\"https:\/\/21panorama.com\/wp-content\/uploads\/2019\/07\/cropped-Logo-Panorama-01.jpeg\",\"contentUrl\":\"https:\/\/21panorama.com\/wp-content\/uploads\/2019\/07\/cropped-Logo-Panorama-01.jpeg\",\"width\":290,\"height\":70,\"caption\":\"21 Panorama\"},\"image\":{\"@id\":\"https:\/\/21panorama.com\/#\/schema\/logo\/image\/\"}},{\"@type\":\"Person\",\"@id\":\"https:\/\/21panorama.com\/#\/schema\/person\/1afc291b96d5792a158768324287319f\",\"name\":\"admin\",\"image\":{\"@type\":\"ImageObject\",\"inLanguage\":\"es\",\"@id\":\"https:\/\/21panorama.com\/#\/schema\/person\/image\/\",\"url\":\"https:\/\/secure.gravatar.com\/avatar\/ad365d9d9f46719215b0d042cc3df92a5a8683e09ef13d102233e5491985f0f0?s=96&d=mm&r=g\",\"contentUrl\":\"https:\/\/secure.gravatar.com\/avatar\/ad365d9d9f46719215b0d042cc3df92a5a8683e09ef13d102233e5491985f0f0?s=96&d=mm&r=g\",\"caption\":\"admin\"},\"url\":\"https:\/\/21panorama.com\/index.php\/author\/admin\/\"}]}<\/script>\n<!-- \/ Yoast SEO plugin. -->","yoast_head_json":{"title":"METEPEC CON LA MEJOR EVALUACI\u00d3N FINANCIERA DEL ESTADO Y DE LAS PRIMERAS EN EL PA\u00cdS: HR RATINGS - 21 Panorama","robots":{"index":"index","follow":"follow","max-snippet":"max-snippet:-1","max-image-preview":"max-image-preview:large","max-video-preview":"max-video-preview:-1"},"canonical":"https:\/\/21panorama.com\/index.php\/2022\/08\/05\/metepec-con-la-mejor-evaluacion-financiera-del-estado-y-de-las-primeras-en-el-pais-hr-ratings\/","og_locale":"es_MX","og_type":"article","og_title":"METEPEC CON LA MEJOR EVALUACI\u00d3N FINANCIERA DEL ESTADO Y DE LAS PRIMERAS EN EL PA\u00cdS: HR RATINGS - 21 Panorama","og_description":"Gracias al buen manejo y equilibrio de las finanzas p\u00fablicas, de manera transparente y puntual; al cumplimiento oportuno de compromisos y deuda adquirida por gobiernos anteriores; as\u00ed como autonom\u00eda financiera derivada de la buena recaudaci\u00f3n fiscal, el municipio mexiquense de Metepec, alcanz\u00f3 la m\u00e1xima calificaci\u00f3n crediticia por parte de la agencia internacional HR Ratings.","og_url":"https:\/\/21panorama.com\/index.php\/2022\/08\/05\/metepec-con-la-mejor-evaluacion-financiera-del-estado-y-de-las-primeras-en-el-pais-hr-ratings\/","og_site_name":"21 Panorama","article_published_time":"2022-08-05T21:37:18+00:00","article_modified_time":"2022-08-05T21:37:19+00:00","og_image":[{"width":1280,"height":853,"url":"https:\/\/21panorama.com\/wp-content\/uploads\/2022\/08\/Metepec-la-mejor-evaluacion-financiera-040822-4.jpg","type":"image\/jpeg"}],"author":"admin","twitter_card":"summary_large_image","twitter_misc":{"Escrito por":"admin","Tiempo de lectura":"2 minutos"},"schema":{"@context":"https:\/\/schema.org","@graph":[{"@type":"Article","@id":"https:\/\/21panorama.com\/index.php\/2022\/08\/05\/metepec-con-la-mejor-evaluacion-financiera-del-estado-y-de-las-primeras-en-el-pais-hr-ratings\/#article","isPartOf":{"@id":"https:\/\/21panorama.com\/index.php\/2022\/08\/05\/metepec-con-la-mejor-evaluacion-financiera-del-estado-y-de-las-primeras-en-el-pais-hr-ratings\/"},"author":{"name":"admin","@id":"https:\/\/21panorama.com\/#\/schema\/person\/1afc291b96d5792a158768324287319f"},"headline":"METEPEC CON LA MEJOR EVALUACI\u00d3N FINANCIERA DEL ESTADO Y DE LAS PRIMERAS EN EL PA\u00cdS: HR RATINGS","datePublished":"2022-08-05T21:37:18+00:00","dateModified":"2022-08-05T21:37:19+00:00","mainEntityOfPage":{"@id":"https:\/\/21panorama.com\/index.php\/2022\/08\/05\/metepec-con-la-mejor-evaluacion-financiera-del-estado-y-de-las-primeras-en-el-pais-hr-ratings\/"},"wordCount":279,"commentCount":0,"publisher":{"@id":"https:\/\/21panorama.com\/#organization"},"image":{"@id":"https:\/\/21panorama.com\/index.php\/2022\/08\/05\/metepec-con-la-mejor-evaluacion-financiera-del-estado-y-de-las-primeras-en-el-pais-hr-ratings\/#primaryimage"},"thumbnailUrl":"https:\/\/21panorama.com\/wp-content\/uploads\/2022\/08\/Metepec-la-mejor-evaluacion-financiera-040822-4.jpg","keywords":["Fernando Flores","Finanzas","Metepec"],"articleSection":["Econom\u00eda","Sociedad"],"inLanguage":"es","potentialAction":[{"@type":"CommentAction","name":"Comment","target":["https:\/\/21panorama.com\/index.php\/2022\/08\/05\/metepec-con-la-mejor-evaluacion-financiera-del-estado-y-de-las-primeras-en-el-pais-hr-ratings\/#respond"]}]},{"@type":"WebPage","@id":"https:\/\/21panorama.com\/index.php\/2022\/08\/05\/metepec-con-la-mejor-evaluacion-financiera-del-estado-y-de-las-primeras-en-el-pais-hr-ratings\/","url":"https:\/\/21panorama.com\/index.php\/2022\/08\/05\/metepec-con-la-mejor-evaluacion-financiera-del-estado-y-de-las-primeras-en-el-pais-hr-ratings\/","name":"METEPEC CON LA MEJOR EVALUACI\u00d3N FINANCIERA DEL ESTADO Y DE LAS PRIMERAS EN EL PA\u00cdS: HR RATINGS - 21 Panorama","isPartOf":{"@id":"https:\/\/21panorama.com\/#website"},"primaryImageOfPage":{"@id":"https:\/\/21panorama.com\/index.php\/2022\/08\/05\/metepec-con-la-mejor-evaluacion-financiera-del-estado-y-de-las-primeras-en-el-pais-hr-ratings\/#primaryimage"},"image":{"@id":"https:\/\/21panorama.com\/index.php\/2022\/08\/05\/metepec-con-la-mejor-evaluacion-financiera-del-estado-y-de-las-primeras-en-el-pais-hr-ratings\/#primaryimage"},"thumbnailUrl":"https:\/\/21panorama.com\/wp-content\/uploads\/2022\/08\/Metepec-la-mejor-evaluacion-financiera-040822-4.jpg","datePublished":"2022-08-05T21:37:18+00:00","dateModified":"2022-08-05T21:37:19+00:00","breadcrumb":{"@id":"https:\/\/21panorama.com\/index.php\/2022\/08\/05\/metepec-con-la-mejor-evaluacion-financiera-del-estado-y-de-las-primeras-en-el-pais-hr-ratings\/#breadcrumb"},"inLanguage":"es","potentialAction":[{"@type":"ReadAction","target":["https:\/\/21panorama.com\/index.php\/2022\/08\/05\/metepec-con-la-mejor-evaluacion-financiera-del-estado-y-de-las-primeras-en-el-pais-hr-ratings\/"]}]},{"@type":"ImageObject","inLanguage":"es","@id":"https:\/\/21panorama.com\/index.php\/2022\/08\/05\/metepec-con-la-mejor-evaluacion-financiera-del-estado-y-de-las-primeras-en-el-pais-hr-ratings\/#primaryimage","url":"https:\/\/21panorama.com\/wp-content\/uploads\/2022\/08\/Metepec-la-mejor-evaluacion-financiera-040822-4.jpg","contentUrl":"https:\/\/21panorama.com\/wp-content\/uploads\/2022\/08\/Metepec-la-mejor-evaluacion-financiera-040822-4.jpg","width":1280,"height":853},{"@type":"BreadcrumbList","@id":"https:\/\/21panorama.com\/index.php\/2022\/08\/05\/metepec-con-la-mejor-evaluacion-financiera-del-estado-y-de-las-primeras-en-el-pais-hr-ratings\/#breadcrumb","itemListElement":[{"@type":"ListItem","position":1,"name":"Inicio","item":"https:\/\/21panorama.com\/"},{"@type":"ListItem","position":2,"name":"METEPEC CON LA MEJOR EVALUACI\u00d3N FINANCIERA DEL ESTADO Y DE LAS PRIMERAS EN EL PA\u00cdS: HR RATINGS"}]},{"@type":"WebSite","@id":"https:\/\/21panorama.com\/#website","url":"https:\/\/21panorama.com\/","name":"21 Panorama","description":"La construcci\u00f3n de la opini\u00f3n p\u00fablica merece un mejor Panorama en este siglo 21 para alcanzar una sociedad con mayor transparencia y sin corrupci\u00f3n.","publisher":{"@id":"https:\/\/21panorama.com\/#organization"},"potentialAction":[{"@type":"SearchAction","target":{"@type":"EntryPoint","urlTemplate":"https:\/\/21panorama.com\/?s={search_term_string}"},"query-input":{"@type":"PropertyValueSpecification","valueRequired":true,"valueName":"search_term_string"}}],"inLanguage":"es"},{"@type":"Organization","@id":"https:\/\/21panorama.com\/#organization","name":"21 Panorama","url":"https:\/\/21panorama.com\/","logo":{"@type":"ImageObject","inLanguage":"es","@id":"https:\/\/21panorama.com\/#\/schema\/logo\/image\/","url":"https:\/\/21panorama.com\/wp-content\/uploads\/2019\/07\/cropped-Logo-Panorama-01.jpeg","contentUrl":"https:\/\/21panorama.com\/wp-content\/uploads\/2019\/07\/cropped-Logo-Panorama-01.jpeg","width":290,"height":70,"caption":"21 Panorama"},"image":{"@id":"https:\/\/21panorama.com\/#\/schema\/logo\/image\/"}},{"@type":"Person","@id":"https:\/\/21panorama.com\/#\/schema\/person\/1afc291b96d5792a158768324287319f","name":"admin","image":{"@type":"ImageObject","inLanguage":"es","@id":"https:\/\/21panorama.com\/#\/schema\/person\/image\/","url":"https:\/\/secure.gravatar.com\/avatar\/ad365d9d9f46719215b0d042cc3df92a5a8683e09ef13d102233e5491985f0f0?s=96&d=mm&r=g","contentUrl":"https:\/\/secure.gravatar.com\/avatar\/ad365d9d9f46719215b0d042cc3df92a5a8683e09ef13d102233e5491985f0f0?s=96&d=mm&r=g","caption":"admin"},"url":"https:\/\/21panorama.com\/index.php\/author\/admin\/"}]}},"_links":{"self":[{"href":"https:\/\/21panorama.com\/index.php\/wp-json\/wp\/v2\/posts\/4007","targetHints":{"allow":["GET"]}}],"collection":[{"href":"https:\/\/21panorama.com\/index.php\/wp-json\/wp\/v2\/posts"}],"about":[{"href":"https:\/\/21panorama.com\/index.php\/wp-json\/wp\/v2\/types\/post"}],"author":[{"embeddable":true,"href":"https:\/\/21panorama.com\/index.php\/wp-json\/wp\/v2\/users\/1"}],"replies":[{"embeddable":true,"href":"https:\/\/21panorama.com\/index.php\/wp-json\/wp\/v2\/comments?post=4007"}],"version-history":[{"count":1,"href":"https:\/\/21panorama.com\/index.php\/wp-json\/wp\/v2\/posts\/4007\/revisions"}],"predecessor-version":[{"id":4009,"href":"https:\/\/21panorama.com\/index.php\/wp-json\/wp\/v2\/posts\/4007\/revisions\/4009"}],"wp:featuredmedia":[{"embeddable":true,"href":"https:\/\/21panorama.com\/index.php\/wp-json\/wp\/v2\/media\/4008"}],"wp:attachment":[{"href":"https:\/\/21panorama.com\/index.php\/wp-json\/wp\/v2\/media?parent=4007"}],"wp:term":[{"taxonomy":"category","embeddable":true,"href":"https:\/\/21panorama.com\/index.php\/wp-json\/wp\/v2\/categories?post=4007"},{"taxonomy":"post_tag","embeddable":true,"href":"https:\/\/21panorama.com\/index.php\/wp-json\/wp\/v2\/tags?post=4007"}],"curies":[{"name":"wp","href":"https:\/\/api.w.org\/{rel}","templated":true}]}}