{"id":3997,"date":"2022-07-12T16:01:00","date_gmt":"2022-07-12T21:01:00","guid":{"rendered":"https:\/\/21panorama.com\/?p=3997"},"modified":"2022-08-04T17:51:11","modified_gmt":"2022-08-04T22:51:11","slug":"uaemex-celebra-el-dia-del-abogado-y-el-rector-otorga-reconocimientos-a-profesionales-destacados-por-sus-meritos","status":"publish","type":"post","link":"https:\/\/21panorama.com\/index.php\/2022\/07\/12\/uaemex-celebra-el-dia-del-abogado-y-el-rector-otorga-reconocimientos-a-profesionales-destacados-por-sus-meritos\/","title":{"rendered":"UAEMEX CELEBRA EL DIA DEL ABOGADO Y EL RECTOR OTORGA RECONOCIMIENTOS A PROFESIONALES DESTACADOS POR SUS M\u00c9RITOS"},"content":{"rendered":"\n<p><\/p>\n\n\n\n<p>La figura del abogado resulta fundamental por cuanto es el int\u00e9rprete de la ley y el intermediario entre la verdad del precepto y la verdad del individuo. El abogado moderno se ve obligado a rejuvenecer cada d\u00eda su vocaci\u00f3n y principios en el estudio de la ley, en la actualizaci\u00f3n met\u00f3dica de sus herramientas t\u00e9cnicas e intelectivas y en el an\u00e1lisis cr\u00edtico de la evoluci\u00f3n humana.<\/p>\n\n\n\n<p>As\u00ed, el rector Carlos Eduardo Barrera D\u00edaz hizo la entrega de reconocimientos a profesionales destacados por sus m\u00e9ritos, en el marco del D\u00eda de la Abogada y el Abogado; acompa\u00f1ado por el magistrado presidente del Poder Judicial del Estado de M\u00e9xico, Ricardo Sodi Cuellar.<\/p>\n\n\n\n<p>Para adecuarse con \u00e9xito a la globalidad y modernizaci\u00f3n, la abogac\u00eda debe asumirse agente del cambio social y reivindicar el imperio de la ley para beneficio de individuos, comunidades y naciones. En el Aula Magna del Edificio de Rector\u00eda, Barrera D\u00edaz, acompa\u00f1ado de importantes representantes de la ley, record\u00f3 que la abogac\u00eda ha tenido como objeto el uso de la palabra y la raz\u00f3n, pero tambi\u00e9n de la \u00e9tica para buscar soluciones justas a todos los conflictos.<\/p>\n\n\n\n<p>\u201cEl prestigio de un abogado se construye con la honradez, la honestidad y el apego a los c\u00f3digos deontol\u00f3gicos en el ejercicio pr\u00e1ctico de la profesi\u00f3n. De este modo, las y los abogados no se sirven a s\u00ed mismos, sino a una funci\u00f3n social que trasciende\u201d, expres\u00f3.<\/p>\n\n\n\n<p>En representaci\u00f3n de los galardonados, el magistrado presidente del Tribunal Superior de Justicia y del Consejo de la Judicatura estatal, Ricardo Sodi Cu\u00e9llar refiri\u00f3 que la digitalizaci\u00f3n y el mundo cibern\u00e9tico conllevan nuevos retos y los abogados deben estar preparados para responder a las necesidades de la sociedad en este \u00e1mbito en el que se desenvuelven.<\/p>\n\n\n\n<p>\u201cEs tiempo de que el Poder Judicial se renueve y est\u00e9 a la vanguardia de las necesidades de la sociedad contempor\u00e1nea, una sociedad que le va a exigir a los abogados tener conocimientos muy particulares, sobre todo de desarrollo y avances tecnol\u00f3gicos\u201d, refiri\u00f3.<\/p>\n\n\n\n<p>A la ceremonia acudieron integrantes del gabinete universitario, del Tribunal Superior de Justicia estatal, de la Secretar\u00eda del Trabajo, del Tribunal de Justicia Administrativa y del Colegio de Abogados, catedr\u00e1ticos y ex directores de la Facultad de Derecho de la UAEM\u00e9x, as\u00ed como comunidad universitaria en general.<\/p>\n","protected":false},"excerpt":{"rendered":"<p>La figura del abogado resulta fundamental por cuanto es el int\u00e9rprete de la ley y el intermediario entre la verdad del precepto y la verdad del individuo. El abogado moderno se ve obligado a rejuvenecer cada d\u00eda su vocaci\u00f3n y principios en el estudio de la ley, en la actualizaci\u00f3n met\u00f3dica de sus herramientas t\u00e9cnicas e intelectivas y en el an\u00e1lisis cr\u00edtico de la evoluci\u00f3n humana.<\/p>\n","protected":false},"author":1,"featured_media":3998,"comment_status":"open","ping_status":"open","sticky":false,"template":"","format":"standard","meta":{"footnotes":""},"categories":[5,12,1],"tags":[323,23],"class_list":["post-3997","post","type-post","status-publish","format-standard","has-post-thumbnail","hentry","category-cultura","category-politica","category-sociedad","tag-carlos-eduardo-barrera-diaz","tag-uaemex"],"yoast_head":"<!-- This site is optimized with the Yoast SEO plugin v24.9 - https:\/\/yoast.com\/wordpress\/plugins\/seo\/ -->\n<title>UAEMEX CELEBRA EL DIA DEL ABOGADO Y EL RECTOR OTORGA RECONOCIMIENTOS A PROFESIONALES DESTACADOS POR SUS M\u00c9RITOS - 21 Panorama<\/title>\n<meta name=\"robots\" content=\"index, follow, max-snippet:-1, max-image-preview:large, max-video-preview:-1\" \/>\n<link rel=\"canonical\" href=\"https:\/\/21panorama.com\/index.php\/2022\/07\/12\/uaemex-celebra-el-dia-del-abogado-y-el-rector-otorga-reconocimientos-a-profesionales-destacados-por-sus-meritos\/\" \/>\n<meta property=\"og:locale\" content=\"es_MX\" \/>\n<meta property=\"og:type\" content=\"article\" \/>\n<meta property=\"og:title\" content=\"UAEMEX CELEBRA EL DIA DEL ABOGADO Y EL RECTOR OTORGA RECONOCIMIENTOS A PROFESIONALES DESTACADOS POR SUS M\u00c9RITOS - 21 Panorama\" \/>\n<meta property=\"og:description\" content=\"La figura del abogado resulta fundamental por cuanto es el int\u00e9rprete de la ley y el intermediario entre la verdad del precepto y la verdad del individuo. El abogado moderno se ve obligado a rejuvenecer cada d\u00eda su vocaci\u00f3n y principios en el estudio de la ley, en la actualizaci\u00f3n met\u00f3dica de sus herramientas t\u00e9cnicas e intelectivas y en el an\u00e1lisis cr\u00edtico de la evoluci\u00f3n humana.\" \/>\n<meta property=\"og:url\" content=\"https:\/\/21panorama.com\/index.php\/2022\/07\/12\/uaemex-celebra-el-dia-del-abogado-y-el-rector-otorga-reconocimientos-a-profesionales-destacados-por-sus-meritos\/\" \/>\n<meta property=\"og:site_name\" content=\"21 Panorama\" \/>\n<meta property=\"article:published_time\" content=\"2022-07-12T21:01:00+00:00\" \/>\n<meta property=\"article:modified_time\" content=\"2022-08-04T22:51:11+00:00\" \/>\n<meta property=\"og:image\" content=\"https:\/\/21panorama.com\/wp-content\/uploads\/2022\/08\/UAEMex-dia-del-abogado-120722-3.jpg\" \/>\n\t<meta property=\"og:image:width\" content=\"2048\" \/>\n\t<meta property=\"og:image:height\" content=\"1365\" \/>\n\t<meta property=\"og:image:type\" content=\"image\/jpeg\" \/>\n<meta name=\"author\" content=\"admin\" \/>\n<meta name=\"twitter:card\" content=\"summary_large_image\" \/>\n<meta name=\"twitter:label1\" content=\"Escrito por\" \/>\n\t<meta name=\"twitter:data1\" content=\"admin\" \/>\n\t<meta name=\"twitter:label2\" content=\"Tiempo de lectura\" \/>\n\t<meta name=\"twitter:data2\" content=\"2 minutos\" \/>\n<script type=\"application\/ld+json\" class=\"yoast-schema-graph\">{\"@context\":\"https:\/\/schema.org\",\"@graph\":[{\"@type\":\"Article\",\"@id\":\"https:\/\/21panorama.com\/index.php\/2022\/07\/12\/uaemex-celebra-el-dia-del-abogado-y-el-rector-otorga-reconocimientos-a-profesionales-destacados-por-sus-meritos\/#article\",\"isPartOf\":{\"@id\":\"https:\/\/21panorama.com\/index.php\/2022\/07\/12\/uaemex-celebra-el-dia-del-abogado-y-el-rector-otorga-reconocimientos-a-profesionales-destacados-por-sus-meritos\/\"},\"author\":{\"name\":\"admin\",\"@id\":\"https:\/\/21panorama.com\/#\/schema\/person\/1afc291b96d5792a158768324287319f\"},\"headline\":\"UAEMEX CELEBRA EL DIA DEL ABOGADO Y EL RECTOR OTORGA RECONOCIMIENTOS A PROFESIONALES DESTACADOS POR SUS M\u00c9RITOS\",\"datePublished\":\"2022-07-12T21:01:00+00:00\",\"dateModified\":\"2022-08-04T22:51:11+00:00\",\"mainEntityOfPage\":{\"@id\":\"https:\/\/21panorama.com\/index.php\/2022\/07\/12\/uaemex-celebra-el-dia-del-abogado-y-el-rector-otorga-reconocimientos-a-profesionales-destacados-por-sus-meritos\/\"},\"wordCount\":434,\"commentCount\":0,\"publisher\":{\"@id\":\"https:\/\/21panorama.com\/#organization\"},\"image\":{\"@id\":\"https:\/\/21panorama.com\/index.php\/2022\/07\/12\/uaemex-celebra-el-dia-del-abogado-y-el-rector-otorga-reconocimientos-a-profesionales-destacados-por-sus-meritos\/#primaryimage\"},\"thumbnailUrl\":\"https:\/\/21panorama.com\/wp-content\/uploads\/2022\/08\/UAEMex-dia-del-abogado-120722-3.jpg\",\"keywords\":[\"Carlos Eduardo Barrera D\u00edaz\",\"UAEMex\"],\"articleSection\":[\"Cultura\",\"Politica\",\"Sociedad\"],\"inLanguage\":\"es\",\"potentialAction\":[{\"@type\":\"CommentAction\",\"name\":\"Comment\",\"target\":[\"https:\/\/21panorama.com\/index.php\/2022\/07\/12\/uaemex-celebra-el-dia-del-abogado-y-el-rector-otorga-reconocimientos-a-profesionales-destacados-por-sus-meritos\/#respond\"]}]},{\"@type\":\"WebPage\",\"@id\":\"https:\/\/21panorama.com\/index.php\/2022\/07\/12\/uaemex-celebra-el-dia-del-abogado-y-el-rector-otorga-reconocimientos-a-profesionales-destacados-por-sus-meritos\/\",\"url\":\"https:\/\/21panorama.com\/index.php\/2022\/07\/12\/uaemex-celebra-el-dia-del-abogado-y-el-rector-otorga-reconocimientos-a-profesionales-destacados-por-sus-meritos\/\",\"name\":\"UAEMEX CELEBRA EL DIA DEL ABOGADO Y EL RECTOR OTORGA RECONOCIMIENTOS A PROFESIONALES DESTACADOS POR SUS M\u00c9RITOS - 21 Panorama\",\"isPartOf\":{\"@id\":\"https:\/\/21panorama.com\/#website\"},\"primaryImageOfPage\":{\"@id\":\"https:\/\/21panorama.com\/index.php\/2022\/07\/12\/uaemex-celebra-el-dia-del-abogado-y-el-rector-otorga-reconocimientos-a-profesionales-destacados-por-sus-meritos\/#primaryimage\"},\"image\":{\"@id\":\"https:\/\/21panorama.com\/index.php\/2022\/07\/12\/uaemex-celebra-el-dia-del-abogado-y-el-rector-otorga-reconocimientos-a-profesionales-destacados-por-sus-meritos\/#primaryimage\"},\"thumbnailUrl\":\"https:\/\/21panorama.com\/wp-content\/uploads\/2022\/08\/UAEMex-dia-del-abogado-120722-3.jpg\",\"datePublished\":\"2022-07-12T21:01:00+00:00\",\"dateModified\":\"2022-08-04T22:51:11+00:00\",\"breadcrumb\":{\"@id\":\"https:\/\/21panorama.com\/index.php\/2022\/07\/12\/uaemex-celebra-el-dia-del-abogado-y-el-rector-otorga-reconocimientos-a-profesionales-destacados-por-sus-meritos\/#breadcrumb\"},\"inLanguage\":\"es\",\"potentialAction\":[{\"@type\":\"ReadAction\",\"target\":[\"https:\/\/21panorama.com\/index.php\/2022\/07\/12\/uaemex-celebra-el-dia-del-abogado-y-el-rector-otorga-reconocimientos-a-profesionales-destacados-por-sus-meritos\/\"]}]},{\"@type\":\"ImageObject\",\"inLanguage\":\"es\",\"@id\":\"https:\/\/21panorama.com\/index.php\/2022\/07\/12\/uaemex-celebra-el-dia-del-abogado-y-el-rector-otorga-reconocimientos-a-profesionales-destacados-por-sus-meritos\/#primaryimage\",\"url\":\"https:\/\/21panorama.com\/wp-content\/uploads\/2022\/08\/UAEMex-dia-del-abogado-120722-3.jpg\",\"contentUrl\":\"https:\/\/21panorama.com\/wp-content\/uploads\/2022\/08\/UAEMex-dia-del-abogado-120722-3.jpg\",\"width\":2048,\"height\":1365},{\"@type\":\"BreadcrumbList\",\"@id\":\"https:\/\/21panorama.com\/index.php\/2022\/07\/12\/uaemex-celebra-el-dia-del-abogado-y-el-rector-otorga-reconocimientos-a-profesionales-destacados-por-sus-meritos\/#breadcrumb\",\"itemListElement\":[{\"@type\":\"ListItem\",\"position\":1,\"name\":\"Inicio\",\"item\":\"https:\/\/21panorama.com\/\"},{\"@type\":\"ListItem\",\"position\":2,\"name\":\"UAEMEX CELEBRA EL DIA DEL ABOGADO Y EL RECTOR OTORGA RECONOCIMIENTOS A PROFESIONALES DESTACADOS POR SUS M\u00c9RITOS\"}]},{\"@type\":\"WebSite\",\"@id\":\"https:\/\/21panorama.com\/#website\",\"url\":\"https:\/\/21panorama.com\/\",\"name\":\"21 Panorama\",\"description\":\"La construcci\u00f3n de la opini\u00f3n p\u00fablica merece un mejor Panorama en este siglo 21 para alcanzar una sociedad con mayor transparencia y sin corrupci\u00f3n.\",\"publisher\":{\"@id\":\"https:\/\/21panorama.com\/#organization\"},\"potentialAction\":[{\"@type\":\"SearchAction\",\"target\":{\"@type\":\"EntryPoint\",\"urlTemplate\":\"https:\/\/21panorama.com\/?s={search_term_string}\"},\"query-input\":{\"@type\":\"PropertyValueSpecification\",\"valueRequired\":true,\"valueName\":\"search_term_string\"}}],\"inLanguage\":\"es\"},{\"@type\":\"Organization\",\"@id\":\"https:\/\/21panorama.com\/#organization\",\"name\":\"21 Panorama\",\"url\":\"https:\/\/21panorama.com\/\",\"logo\":{\"@type\":\"ImageObject\",\"inLanguage\":\"es\",\"@id\":\"https:\/\/21panorama.com\/#\/schema\/logo\/image\/\",\"url\":\"https:\/\/21panorama.com\/wp-content\/uploads\/2019\/07\/cropped-Logo-Panorama-01.jpeg\",\"contentUrl\":\"https:\/\/21panorama.com\/wp-content\/uploads\/2019\/07\/cropped-Logo-Panorama-01.jpeg\",\"width\":290,\"height\":70,\"caption\":\"21 Panorama\"},\"image\":{\"@id\":\"https:\/\/21panorama.com\/#\/schema\/logo\/image\/\"}},{\"@type\":\"Person\",\"@id\":\"https:\/\/21panorama.com\/#\/schema\/person\/1afc291b96d5792a158768324287319f\",\"name\":\"admin\",\"image\":{\"@type\":\"ImageObject\",\"inLanguage\":\"es\",\"@id\":\"https:\/\/21panorama.com\/#\/schema\/person\/image\/\",\"url\":\"https:\/\/secure.gravatar.com\/avatar\/ad365d9d9f46719215b0d042cc3df92a5a8683e09ef13d102233e5491985f0f0?s=96&d=mm&r=g\",\"contentUrl\":\"https:\/\/secure.gravatar.com\/avatar\/ad365d9d9f46719215b0d042cc3df92a5a8683e09ef13d102233e5491985f0f0?s=96&d=mm&r=g\",\"caption\":\"admin\"},\"url\":\"https:\/\/21panorama.com\/index.php\/author\/admin\/\"}]}<\/script>\n<!-- \/ Yoast SEO plugin. -->","yoast_head_json":{"title":"UAEMEX CELEBRA EL DIA DEL ABOGADO Y EL RECTOR OTORGA RECONOCIMIENTOS A PROFESIONALES DESTACADOS POR SUS M\u00c9RITOS - 21 Panorama","robots":{"index":"index","follow":"follow","max-snippet":"max-snippet:-1","max-image-preview":"max-image-preview:large","max-video-preview":"max-video-preview:-1"},"canonical":"https:\/\/21panorama.com\/index.php\/2022\/07\/12\/uaemex-celebra-el-dia-del-abogado-y-el-rector-otorga-reconocimientos-a-profesionales-destacados-por-sus-meritos\/","og_locale":"es_MX","og_type":"article","og_title":"UAEMEX CELEBRA EL DIA DEL ABOGADO Y EL RECTOR OTORGA RECONOCIMIENTOS A PROFESIONALES DESTACADOS POR SUS M\u00c9RITOS - 21 Panorama","og_description":"La figura del abogado resulta fundamental por cuanto es el int\u00e9rprete de la ley y el intermediario entre la verdad del precepto y la verdad del individuo. El abogado moderno se ve obligado a rejuvenecer cada d\u00eda su vocaci\u00f3n y principios en el estudio de la ley, en la actualizaci\u00f3n met\u00f3dica de sus herramientas t\u00e9cnicas e intelectivas y en el an\u00e1lisis cr\u00edtico de la evoluci\u00f3n humana.","og_url":"https:\/\/21panorama.com\/index.php\/2022\/07\/12\/uaemex-celebra-el-dia-del-abogado-y-el-rector-otorga-reconocimientos-a-profesionales-destacados-por-sus-meritos\/","og_site_name":"21 Panorama","article_published_time":"2022-07-12T21:01:00+00:00","article_modified_time":"2022-08-04T22:51:11+00:00","og_image":[{"width":2048,"height":1365,"url":"https:\/\/21panorama.com\/wp-content\/uploads\/2022\/08\/UAEMex-dia-del-abogado-120722-3.jpg","type":"image\/jpeg"}],"author":"admin","twitter_card":"summary_large_image","twitter_misc":{"Escrito por":"admin","Tiempo de lectura":"2 minutos"},"schema":{"@context":"https:\/\/schema.org","@graph":[{"@type":"Article","@id":"https:\/\/21panorama.com\/index.php\/2022\/07\/12\/uaemex-celebra-el-dia-del-abogado-y-el-rector-otorga-reconocimientos-a-profesionales-destacados-por-sus-meritos\/#article","isPartOf":{"@id":"https:\/\/21panorama.com\/index.php\/2022\/07\/12\/uaemex-celebra-el-dia-del-abogado-y-el-rector-otorga-reconocimientos-a-profesionales-destacados-por-sus-meritos\/"},"author":{"name":"admin","@id":"https:\/\/21panorama.com\/#\/schema\/person\/1afc291b96d5792a158768324287319f"},"headline":"UAEMEX CELEBRA EL DIA DEL ABOGADO Y EL RECTOR OTORGA RECONOCIMIENTOS A PROFESIONALES DESTACADOS POR SUS M\u00c9RITOS","datePublished":"2022-07-12T21:01:00+00:00","dateModified":"2022-08-04T22:51:11+00:00","mainEntityOfPage":{"@id":"https:\/\/21panorama.com\/index.php\/2022\/07\/12\/uaemex-celebra-el-dia-del-abogado-y-el-rector-otorga-reconocimientos-a-profesionales-destacados-por-sus-meritos\/"},"wordCount":434,"commentCount":0,"publisher":{"@id":"https:\/\/21panorama.com\/#organization"},"image":{"@id":"https:\/\/21panorama.com\/index.php\/2022\/07\/12\/uaemex-celebra-el-dia-del-abogado-y-el-rector-otorga-reconocimientos-a-profesionales-destacados-por-sus-meritos\/#primaryimage"},"thumbnailUrl":"https:\/\/21panorama.com\/wp-content\/uploads\/2022\/08\/UAEMex-dia-del-abogado-120722-3.jpg","keywords":["Carlos Eduardo Barrera D\u00edaz","UAEMex"],"articleSection":["Cultura","Politica","Sociedad"],"inLanguage":"es","potentialAction":[{"@type":"CommentAction","name":"Comment","target":["https:\/\/21panorama.com\/index.php\/2022\/07\/12\/uaemex-celebra-el-dia-del-abogado-y-el-rector-otorga-reconocimientos-a-profesionales-destacados-por-sus-meritos\/#respond"]}]},{"@type":"WebPage","@id":"https:\/\/21panorama.com\/index.php\/2022\/07\/12\/uaemex-celebra-el-dia-del-abogado-y-el-rector-otorga-reconocimientos-a-profesionales-destacados-por-sus-meritos\/","url":"https:\/\/21panorama.com\/index.php\/2022\/07\/12\/uaemex-celebra-el-dia-del-abogado-y-el-rector-otorga-reconocimientos-a-profesionales-destacados-por-sus-meritos\/","name":"UAEMEX CELEBRA EL DIA DEL ABOGADO Y EL RECTOR OTORGA RECONOCIMIENTOS A PROFESIONALES DESTACADOS POR SUS M\u00c9RITOS - 21 Panorama","isPartOf":{"@id":"https:\/\/21panorama.com\/#website"},"primaryImageOfPage":{"@id":"https:\/\/21panorama.com\/index.php\/2022\/07\/12\/uaemex-celebra-el-dia-del-abogado-y-el-rector-otorga-reconocimientos-a-profesionales-destacados-por-sus-meritos\/#primaryimage"},"image":{"@id":"https:\/\/21panorama.com\/index.php\/2022\/07\/12\/uaemex-celebra-el-dia-del-abogado-y-el-rector-otorga-reconocimientos-a-profesionales-destacados-por-sus-meritos\/#primaryimage"},"thumbnailUrl":"https:\/\/21panorama.com\/wp-content\/uploads\/2022\/08\/UAEMex-dia-del-abogado-120722-3.jpg","datePublished":"2022-07-12T21:01:00+00:00","dateModified":"2022-08-04T22:51:11+00:00","breadcrumb":{"@id":"https:\/\/21panorama.com\/index.php\/2022\/07\/12\/uaemex-celebra-el-dia-del-abogado-y-el-rector-otorga-reconocimientos-a-profesionales-destacados-por-sus-meritos\/#breadcrumb"},"inLanguage":"es","potentialAction":[{"@type":"ReadAction","target":["https:\/\/21panorama.com\/index.php\/2022\/07\/12\/uaemex-celebra-el-dia-del-abogado-y-el-rector-otorga-reconocimientos-a-profesionales-destacados-por-sus-meritos\/"]}]},{"@type":"ImageObject","inLanguage":"es","@id":"https:\/\/21panorama.com\/index.php\/2022\/07\/12\/uaemex-celebra-el-dia-del-abogado-y-el-rector-otorga-reconocimientos-a-profesionales-destacados-por-sus-meritos\/#primaryimage","url":"https:\/\/21panorama.com\/wp-content\/uploads\/2022\/08\/UAEMex-dia-del-abogado-120722-3.jpg","contentUrl":"https:\/\/21panorama.com\/wp-content\/uploads\/2022\/08\/UAEMex-dia-del-abogado-120722-3.jpg","width":2048,"height":1365},{"@type":"BreadcrumbList","@id":"https:\/\/21panorama.com\/index.php\/2022\/07\/12\/uaemex-celebra-el-dia-del-abogado-y-el-rector-otorga-reconocimientos-a-profesionales-destacados-por-sus-meritos\/#breadcrumb","itemListElement":[{"@type":"ListItem","position":1,"name":"Inicio","item":"https:\/\/21panorama.com\/"},{"@type":"ListItem","position":2,"name":"UAEMEX CELEBRA EL DIA DEL ABOGADO Y EL RECTOR OTORGA RECONOCIMIENTOS A PROFESIONALES DESTACADOS POR SUS M\u00c9RITOS"}]},{"@type":"WebSite","@id":"https:\/\/21panorama.com\/#website","url":"https:\/\/21panorama.com\/","name":"21 Panorama","description":"La construcci\u00f3n de la opini\u00f3n p\u00fablica merece un mejor Panorama en este siglo 21 para alcanzar una sociedad con mayor transparencia y sin corrupci\u00f3n.","publisher":{"@id":"https:\/\/21panorama.com\/#organization"},"potentialAction":[{"@type":"SearchAction","target":{"@type":"EntryPoint","urlTemplate":"https:\/\/21panorama.com\/?s={search_term_string}"},"query-input":{"@type":"PropertyValueSpecification","valueRequired":true,"valueName":"search_term_string"}}],"inLanguage":"es"},{"@type":"Organization","@id":"https:\/\/21panorama.com\/#organization","name":"21 Panorama","url":"https:\/\/21panorama.com\/","logo":{"@type":"ImageObject","inLanguage":"es","@id":"https:\/\/21panorama.com\/#\/schema\/logo\/image\/","url":"https:\/\/21panorama.com\/wp-content\/uploads\/2019\/07\/cropped-Logo-Panorama-01.jpeg","contentUrl":"https:\/\/21panorama.com\/wp-content\/uploads\/2019\/07\/cropped-Logo-Panorama-01.jpeg","width":290,"height":70,"caption":"21 Panorama"},"image":{"@id":"https:\/\/21panorama.com\/#\/schema\/logo\/image\/"}},{"@type":"Person","@id":"https:\/\/21panorama.com\/#\/schema\/person\/1afc291b96d5792a158768324287319f","name":"admin","image":{"@type":"ImageObject","inLanguage":"es","@id":"https:\/\/21panorama.com\/#\/schema\/person\/image\/","url":"https:\/\/secure.gravatar.com\/avatar\/ad365d9d9f46719215b0d042cc3df92a5a8683e09ef13d102233e5491985f0f0?s=96&d=mm&r=g","contentUrl":"https:\/\/secure.gravatar.com\/avatar\/ad365d9d9f46719215b0d042cc3df92a5a8683e09ef13d102233e5491985f0f0?s=96&d=mm&r=g","caption":"admin"},"url":"https:\/\/21panorama.com\/index.php\/author\/admin\/"}]}},"_links":{"self":[{"href":"https:\/\/21panorama.com\/index.php\/wp-json\/wp\/v2\/posts\/3997","targetHints":{"allow":["GET"]}}],"collection":[{"href":"https:\/\/21panorama.com\/index.php\/wp-json\/wp\/v2\/posts"}],"about":[{"href":"https:\/\/21panorama.com\/index.php\/wp-json\/wp\/v2\/types\/post"}],"author":[{"embeddable":true,"href":"https:\/\/21panorama.com\/index.php\/wp-json\/wp\/v2\/users\/1"}],"replies":[{"embeddable":true,"href":"https:\/\/21panorama.com\/index.php\/wp-json\/wp\/v2\/comments?post=3997"}],"version-history":[{"count":1,"href":"https:\/\/21panorama.com\/index.php\/wp-json\/wp\/v2\/posts\/3997\/revisions"}],"predecessor-version":[{"id":3999,"href":"https:\/\/21panorama.com\/index.php\/wp-json\/wp\/v2\/posts\/3997\/revisions\/3999"}],"wp:featuredmedia":[{"embeddable":true,"href":"https:\/\/21panorama.com\/index.php\/wp-json\/wp\/v2\/media\/3998"}],"wp:attachment":[{"href":"https:\/\/21panorama.com\/index.php\/wp-json\/wp\/v2\/media?parent=3997"}],"wp:term":[{"taxonomy":"category","embeddable":true,"href":"https:\/\/21panorama.com\/index.php\/wp-json\/wp\/v2\/categories?post=3997"},{"taxonomy":"post_tag","embeddable":true,"href":"https:\/\/21panorama.com\/index.php\/wp-json\/wp\/v2\/tags?post=3997"}],"curies":[{"name":"wp","href":"https:\/\/api.w.org\/{rel}","templated":true}]}}