{"id":3991,"date":"2022-07-19T14:45:00","date_gmt":"2022-07-19T19:45:00","guid":{"rendered":"https:\/\/21panorama.com\/?p=3991"},"modified":"2022-08-04T15:43:42","modified_gmt":"2022-08-04T20:43:42","slug":"homenaje-al-licenciado-benito-juarez-garcia-con-una-velada-solemne-conmemorativa-a-su-150-aniversario-luctuoso","status":"publish","type":"post","link":"https:\/\/21panorama.com\/index.php\/2022\/07\/19\/homenaje-al-licenciado-benito-juarez-garcia-con-una-velada-solemne-conmemorativa-a-su-150-aniversario-luctuoso\/","title":{"rendered":"HOMENAJE AL LICENCIADO BENITO JU\u00c1REZ GARC\u00cdA CON UNA VELADA SOLEMNE CONMEMORATIVA A SU 150 ANIVERSARIO LUCTUOSO"},"content":{"rendered":"\n<p><\/p>\n\n\n\n<p>La comunidad universitaria honr\u00f3 la memoria de Benito Ju\u00e1rez Garc\u00eda, el &#8220;Benem\u00e9rito de las Am\u00e9ricas&#8221;, en su 150 Aniversario Luctuoso con una Velada Solmene Conmemorativa.<\/p>\n\n\n\n<p>La remembranza del Benem\u00e9rito de las Am\u00e9ricas, se debe a que en julio se evoca su aniversario luctuoso. Abogado y pol\u00edtico de origen zapoteco, cambi\u00f3 el rumbo de nuestro pa\u00eds en muchos aspectos, hasta consolidarlo como una rep\u00fablica.<\/p>\n\n\n\n<p>Don Benito Ju\u00e1rez, presidente constitucional de los Estados Unidos Mexicanos, fallece el 18 de julio de 1872, a los 66 a\u00f1os en la Ciudad de M\u00e9xico. Figura que se convirti\u00f3 en el s\u00edmbolo de las instituciones republicanas y del Estado de Derecho.&nbsp;<\/p>\n\n\n\n<p>Hijo de Marcelino Ju\u00e1rez y Br\u00edgida Garc\u00eda; naci\u00f3 en la localidad San Pablo de Guelatao, en el estado de Oaxaca el 21 de marzo de 1806. Benito Ju\u00e1rez, tambi\u00e9n conocido como el \u201cBenem\u00e9rito de las Am\u00e9ricas\u201d, vivi\u00f3 una ni\u00f1ez dif\u00edcil, la situaci\u00f3n econ\u00f3mica familiar era precaria y qued\u00f3 hu\u00e9rfano a una edad muy corta.<\/p>\n\n\n\n<p>En el curso de los 15 a\u00f1os que estuvo al frente de la presidencia, super\u00f3 diversos acontecimientos que marcaron su mandato. Entre ellos, la segunda intervenci\u00f3n francesa de 1861, controlada por la buena gesti\u00f3n de Ignacio Zaragoza al contenerla en la fortaleza de Loreto y Guadalupe, Puebla.<\/p>\n\n\n\n<p>Se le reconoce tambi\u00e9n, la determinaci\u00f3n que tuvo su administraci\u00f3n en la lucha que emprendi\u00f3 con apoyo de tropas estadounidenses para evitar la instauraci\u00f3n del II Imperio Mexicano con Maximiliano de Habsburgo.<\/p>\n\n\n\n<p>Precursor de la desamortizaci\u00f3n de los bienes de la iglesia, es decir, la nacionalizaci\u00f3n de los bienes del clero, la supresi\u00f3n de cofrad\u00edas y \u00f3rdenes regulares y la libertad de culto en M\u00e9xico. Esto marc\u00f3 la separaci\u00f3n del estado-iglesia con lo que esta \u00faltima dej\u00f3 de intervenir en las decisiones del pa\u00eds.<\/p>\n","protected":false},"excerpt":{"rendered":"<p>La comunidad universitaria honr\u00f3 la memoria de Benito Ju\u00e1rez Garc\u00eda, el &#8220;Benem\u00e9rito de las Am\u00e9ricas&#8221;, en su 150 Aniversario Luctuoso con una Velada Solmene Conmemorativa.<\/p>\n","protected":false},"author":1,"featured_media":3993,"comment_status":"open","ping_status":"open","sticky":false,"template":"","format":"standard","meta":{"footnotes":""},"categories":[5,12,1],"tags":[323,23],"class_list":["post-3991","post","type-post","status-publish","format-standard","has-post-thumbnail","hentry","category-cultura","category-politica","category-sociedad","tag-carlos-eduardo-barrera-diaz","tag-uaemex"],"yoast_head":"<!-- This site is optimized with the Yoast SEO plugin v24.9 - https:\/\/yoast.com\/wordpress\/plugins\/seo\/ -->\n<title>HOMENAJE AL LICENCIADO BENITO JU\u00c1REZ GARC\u00cdA CON UNA VELADA SOLEMNE CONMEMORATIVA A SU 150 ANIVERSARIO LUCTUOSO - 21 Panorama<\/title>\n<meta name=\"robots\" content=\"index, follow, max-snippet:-1, max-image-preview:large, max-video-preview:-1\" \/>\n<link rel=\"canonical\" href=\"https:\/\/21panorama.com\/index.php\/2022\/07\/19\/homenaje-al-licenciado-benito-juarez-garcia-con-una-velada-solemne-conmemorativa-a-su-150-aniversario-luctuoso\/\" \/>\n<meta property=\"og:locale\" content=\"es_MX\" \/>\n<meta property=\"og:type\" content=\"article\" \/>\n<meta property=\"og:title\" content=\"HOMENAJE AL LICENCIADO BENITO JU\u00c1REZ GARC\u00cdA CON UNA VELADA SOLEMNE CONMEMORATIVA A SU 150 ANIVERSARIO LUCTUOSO - 21 Panorama\" \/>\n<meta property=\"og:description\" content=\"La comunidad universitaria honr\u00f3 la memoria de Benito Ju\u00e1rez Garc\u00eda, el &quot;Benem\u00e9rito de las Am\u00e9ricas&quot;, en su 150 Aniversario Luctuoso con una Velada Solmene Conmemorativa.\" \/>\n<meta property=\"og:url\" content=\"https:\/\/21panorama.com\/index.php\/2022\/07\/19\/homenaje-al-licenciado-benito-juarez-garcia-con-una-velada-solemne-conmemorativa-a-su-150-aniversario-luctuoso\/\" \/>\n<meta property=\"og:site_name\" content=\"21 Panorama\" \/>\n<meta property=\"article:published_time\" content=\"2022-07-19T19:45:00+00:00\" \/>\n<meta property=\"article:modified_time\" content=\"2022-08-04T20:43:42+00:00\" \/>\n<meta property=\"og:image\" content=\"https:\/\/21panorama.com\/wp-content\/uploads\/2022\/07\/UAEMex-Benito-Juarez-Aniversario-Luctuoso-180722-3.jpg\" \/>\n\t<meta property=\"og:image:width\" content=\"2048\" \/>\n\t<meta property=\"og:image:height\" content=\"1365\" \/>\n\t<meta property=\"og:image:type\" content=\"image\/jpeg\" \/>\n<meta name=\"author\" content=\"admin\" \/>\n<meta name=\"twitter:card\" content=\"summary_large_image\" \/>\n<meta name=\"twitter:label1\" content=\"Escrito por\" \/>\n\t<meta name=\"twitter:data1\" content=\"admin\" \/>\n\t<meta name=\"twitter:label2\" content=\"Tiempo de lectura\" \/>\n\t<meta name=\"twitter:data2\" content=\"2 minutos\" \/>\n<script type=\"application\/ld+json\" class=\"yoast-schema-graph\">{\"@context\":\"https:\/\/schema.org\",\"@graph\":[{\"@type\":\"Article\",\"@id\":\"https:\/\/21panorama.com\/index.php\/2022\/07\/19\/homenaje-al-licenciado-benito-juarez-garcia-con-una-velada-solemne-conmemorativa-a-su-150-aniversario-luctuoso\/#article\",\"isPartOf\":{\"@id\":\"https:\/\/21panorama.com\/index.php\/2022\/07\/19\/homenaje-al-licenciado-benito-juarez-garcia-con-una-velada-solemne-conmemorativa-a-su-150-aniversario-luctuoso\/\"},\"author\":{\"name\":\"admin\",\"@id\":\"https:\/\/21panorama.com\/#\/schema\/person\/1afc291b96d5792a158768324287319f\"},\"headline\":\"HOMENAJE AL LICENCIADO BENITO JU\u00c1REZ GARC\u00cdA CON UNA VELADA SOLEMNE CONMEMORATIVA A SU 150 ANIVERSARIO LUCTUOSO\",\"datePublished\":\"2022-07-19T19:45:00+00:00\",\"dateModified\":\"2022-08-04T20:43:42+00:00\",\"mainEntityOfPage\":{\"@id\":\"https:\/\/21panorama.com\/index.php\/2022\/07\/19\/homenaje-al-licenciado-benito-juarez-garcia-con-una-velada-solemne-conmemorativa-a-su-150-aniversario-luctuoso\/\"},\"wordCount\":339,\"commentCount\":0,\"publisher\":{\"@id\":\"https:\/\/21panorama.com\/#organization\"},\"image\":{\"@id\":\"https:\/\/21panorama.com\/index.php\/2022\/07\/19\/homenaje-al-licenciado-benito-juarez-garcia-con-una-velada-solemne-conmemorativa-a-su-150-aniversario-luctuoso\/#primaryimage\"},\"thumbnailUrl\":\"https:\/\/21panorama.com\/wp-content\/uploads\/2022\/07\/UAEMex-Benito-Juarez-Aniversario-Luctuoso-180722-3.jpg\",\"keywords\":[\"Carlos Eduardo Barrera D\u00edaz\",\"UAEMex\"],\"articleSection\":[\"Cultura\",\"Politica\",\"Sociedad\"],\"inLanguage\":\"es\",\"potentialAction\":[{\"@type\":\"CommentAction\",\"name\":\"Comment\",\"target\":[\"https:\/\/21panorama.com\/index.php\/2022\/07\/19\/homenaje-al-licenciado-benito-juarez-garcia-con-una-velada-solemne-conmemorativa-a-su-150-aniversario-luctuoso\/#respond\"]}]},{\"@type\":\"WebPage\",\"@id\":\"https:\/\/21panorama.com\/index.php\/2022\/07\/19\/homenaje-al-licenciado-benito-juarez-garcia-con-una-velada-solemne-conmemorativa-a-su-150-aniversario-luctuoso\/\",\"url\":\"https:\/\/21panorama.com\/index.php\/2022\/07\/19\/homenaje-al-licenciado-benito-juarez-garcia-con-una-velada-solemne-conmemorativa-a-su-150-aniversario-luctuoso\/\",\"name\":\"HOMENAJE AL LICENCIADO BENITO JU\u00c1REZ GARC\u00cdA CON UNA VELADA SOLEMNE CONMEMORATIVA A SU 150 ANIVERSARIO LUCTUOSO - 21 Panorama\",\"isPartOf\":{\"@id\":\"https:\/\/21panorama.com\/#website\"},\"primaryImageOfPage\":{\"@id\":\"https:\/\/21panorama.com\/index.php\/2022\/07\/19\/homenaje-al-licenciado-benito-juarez-garcia-con-una-velada-solemne-conmemorativa-a-su-150-aniversario-luctuoso\/#primaryimage\"},\"image\":{\"@id\":\"https:\/\/21panorama.com\/index.php\/2022\/07\/19\/homenaje-al-licenciado-benito-juarez-garcia-con-una-velada-solemne-conmemorativa-a-su-150-aniversario-luctuoso\/#primaryimage\"},\"thumbnailUrl\":\"https:\/\/21panorama.com\/wp-content\/uploads\/2022\/07\/UAEMex-Benito-Juarez-Aniversario-Luctuoso-180722-3.jpg\",\"datePublished\":\"2022-07-19T19:45:00+00:00\",\"dateModified\":\"2022-08-04T20:43:42+00:00\",\"breadcrumb\":{\"@id\":\"https:\/\/21panorama.com\/index.php\/2022\/07\/19\/homenaje-al-licenciado-benito-juarez-garcia-con-una-velada-solemne-conmemorativa-a-su-150-aniversario-luctuoso\/#breadcrumb\"},\"inLanguage\":\"es\",\"potentialAction\":[{\"@type\":\"ReadAction\",\"target\":[\"https:\/\/21panorama.com\/index.php\/2022\/07\/19\/homenaje-al-licenciado-benito-juarez-garcia-con-una-velada-solemne-conmemorativa-a-su-150-aniversario-luctuoso\/\"]}]},{\"@type\":\"ImageObject\",\"inLanguage\":\"es\",\"@id\":\"https:\/\/21panorama.com\/index.php\/2022\/07\/19\/homenaje-al-licenciado-benito-juarez-garcia-con-una-velada-solemne-conmemorativa-a-su-150-aniversario-luctuoso\/#primaryimage\",\"url\":\"https:\/\/21panorama.com\/wp-content\/uploads\/2022\/07\/UAEMex-Benito-Juarez-Aniversario-Luctuoso-180722-3.jpg\",\"contentUrl\":\"https:\/\/21panorama.com\/wp-content\/uploads\/2022\/07\/UAEMex-Benito-Juarez-Aniversario-Luctuoso-180722-3.jpg\",\"width\":2048,\"height\":1365},{\"@type\":\"BreadcrumbList\",\"@id\":\"https:\/\/21panorama.com\/index.php\/2022\/07\/19\/homenaje-al-licenciado-benito-juarez-garcia-con-una-velada-solemne-conmemorativa-a-su-150-aniversario-luctuoso\/#breadcrumb\",\"itemListElement\":[{\"@type\":\"ListItem\",\"position\":1,\"name\":\"Inicio\",\"item\":\"https:\/\/21panorama.com\/\"},{\"@type\":\"ListItem\",\"position\":2,\"name\":\"HOMENAJE AL LICENCIADO BENITO JU\u00c1REZ GARC\u00cdA CON UNA VELADA SOLEMNE CONMEMORATIVA A SU 150 ANIVERSARIO LUCTUOSO\"}]},{\"@type\":\"WebSite\",\"@id\":\"https:\/\/21panorama.com\/#website\",\"url\":\"https:\/\/21panorama.com\/\",\"name\":\"21 Panorama\",\"description\":\"La construcci\u00f3n de la opini\u00f3n p\u00fablica merece un mejor Panorama en este siglo 21 para alcanzar una sociedad con mayor transparencia y sin corrupci\u00f3n.\",\"publisher\":{\"@id\":\"https:\/\/21panorama.com\/#organization\"},\"potentialAction\":[{\"@type\":\"SearchAction\",\"target\":{\"@type\":\"EntryPoint\",\"urlTemplate\":\"https:\/\/21panorama.com\/?s={search_term_string}\"},\"query-input\":{\"@type\":\"PropertyValueSpecification\",\"valueRequired\":true,\"valueName\":\"search_term_string\"}}],\"inLanguage\":\"es\"},{\"@type\":\"Organization\",\"@id\":\"https:\/\/21panorama.com\/#organization\",\"name\":\"21 Panorama\",\"url\":\"https:\/\/21panorama.com\/\",\"logo\":{\"@type\":\"ImageObject\",\"inLanguage\":\"es\",\"@id\":\"https:\/\/21panorama.com\/#\/schema\/logo\/image\/\",\"url\":\"https:\/\/21panorama.com\/wp-content\/uploads\/2019\/07\/cropped-Logo-Panorama-01.jpeg\",\"contentUrl\":\"https:\/\/21panorama.com\/wp-content\/uploads\/2019\/07\/cropped-Logo-Panorama-01.jpeg\",\"width\":290,\"height\":70,\"caption\":\"21 Panorama\"},\"image\":{\"@id\":\"https:\/\/21panorama.com\/#\/schema\/logo\/image\/\"}},{\"@type\":\"Person\",\"@id\":\"https:\/\/21panorama.com\/#\/schema\/person\/1afc291b96d5792a158768324287319f\",\"name\":\"admin\",\"image\":{\"@type\":\"ImageObject\",\"inLanguage\":\"es\",\"@id\":\"https:\/\/21panorama.com\/#\/schema\/person\/image\/\",\"url\":\"https:\/\/secure.gravatar.com\/avatar\/ad365d9d9f46719215b0d042cc3df92a5a8683e09ef13d102233e5491985f0f0?s=96&d=mm&r=g\",\"contentUrl\":\"https:\/\/secure.gravatar.com\/avatar\/ad365d9d9f46719215b0d042cc3df92a5a8683e09ef13d102233e5491985f0f0?s=96&d=mm&r=g\",\"caption\":\"admin\"},\"url\":\"https:\/\/21panorama.com\/index.php\/author\/admin\/\"}]}<\/script>\n<!-- \/ Yoast SEO plugin. -->","yoast_head_json":{"title":"HOMENAJE AL LICENCIADO BENITO JU\u00c1REZ GARC\u00cdA CON UNA VELADA SOLEMNE CONMEMORATIVA A SU 150 ANIVERSARIO LUCTUOSO - 21 Panorama","robots":{"index":"index","follow":"follow","max-snippet":"max-snippet:-1","max-image-preview":"max-image-preview:large","max-video-preview":"max-video-preview:-1"},"canonical":"https:\/\/21panorama.com\/index.php\/2022\/07\/19\/homenaje-al-licenciado-benito-juarez-garcia-con-una-velada-solemne-conmemorativa-a-su-150-aniversario-luctuoso\/","og_locale":"es_MX","og_type":"article","og_title":"HOMENAJE AL LICENCIADO BENITO JU\u00c1REZ GARC\u00cdA CON UNA VELADA SOLEMNE CONMEMORATIVA A SU 150 ANIVERSARIO LUCTUOSO - 21 Panorama","og_description":"La comunidad universitaria honr\u00f3 la memoria de Benito Ju\u00e1rez Garc\u00eda, el \"Benem\u00e9rito de las Am\u00e9ricas\", en su 150 Aniversario Luctuoso con una Velada Solmene Conmemorativa.","og_url":"https:\/\/21panorama.com\/index.php\/2022\/07\/19\/homenaje-al-licenciado-benito-juarez-garcia-con-una-velada-solemne-conmemorativa-a-su-150-aniversario-luctuoso\/","og_site_name":"21 Panorama","article_published_time":"2022-07-19T19:45:00+00:00","article_modified_time":"2022-08-04T20:43:42+00:00","og_image":[{"width":2048,"height":1365,"url":"https:\/\/21panorama.com\/wp-content\/uploads\/2022\/07\/UAEMex-Benito-Juarez-Aniversario-Luctuoso-180722-3.jpg","type":"image\/jpeg"}],"author":"admin","twitter_card":"summary_large_image","twitter_misc":{"Escrito por":"admin","Tiempo de lectura":"2 minutos"},"schema":{"@context":"https:\/\/schema.org","@graph":[{"@type":"Article","@id":"https:\/\/21panorama.com\/index.php\/2022\/07\/19\/homenaje-al-licenciado-benito-juarez-garcia-con-una-velada-solemne-conmemorativa-a-su-150-aniversario-luctuoso\/#article","isPartOf":{"@id":"https:\/\/21panorama.com\/index.php\/2022\/07\/19\/homenaje-al-licenciado-benito-juarez-garcia-con-una-velada-solemne-conmemorativa-a-su-150-aniversario-luctuoso\/"},"author":{"name":"admin","@id":"https:\/\/21panorama.com\/#\/schema\/person\/1afc291b96d5792a158768324287319f"},"headline":"HOMENAJE AL LICENCIADO BENITO JU\u00c1REZ GARC\u00cdA CON UNA VELADA SOLEMNE CONMEMORATIVA A SU 150 ANIVERSARIO LUCTUOSO","datePublished":"2022-07-19T19:45:00+00:00","dateModified":"2022-08-04T20:43:42+00:00","mainEntityOfPage":{"@id":"https:\/\/21panorama.com\/index.php\/2022\/07\/19\/homenaje-al-licenciado-benito-juarez-garcia-con-una-velada-solemne-conmemorativa-a-su-150-aniversario-luctuoso\/"},"wordCount":339,"commentCount":0,"publisher":{"@id":"https:\/\/21panorama.com\/#organization"},"image":{"@id":"https:\/\/21panorama.com\/index.php\/2022\/07\/19\/homenaje-al-licenciado-benito-juarez-garcia-con-una-velada-solemne-conmemorativa-a-su-150-aniversario-luctuoso\/#primaryimage"},"thumbnailUrl":"https:\/\/21panorama.com\/wp-content\/uploads\/2022\/07\/UAEMex-Benito-Juarez-Aniversario-Luctuoso-180722-3.jpg","keywords":["Carlos Eduardo Barrera D\u00edaz","UAEMex"],"articleSection":["Cultura","Politica","Sociedad"],"inLanguage":"es","potentialAction":[{"@type":"CommentAction","name":"Comment","target":["https:\/\/21panorama.com\/index.php\/2022\/07\/19\/homenaje-al-licenciado-benito-juarez-garcia-con-una-velada-solemne-conmemorativa-a-su-150-aniversario-luctuoso\/#respond"]}]},{"@type":"WebPage","@id":"https:\/\/21panorama.com\/index.php\/2022\/07\/19\/homenaje-al-licenciado-benito-juarez-garcia-con-una-velada-solemne-conmemorativa-a-su-150-aniversario-luctuoso\/","url":"https:\/\/21panorama.com\/index.php\/2022\/07\/19\/homenaje-al-licenciado-benito-juarez-garcia-con-una-velada-solemne-conmemorativa-a-su-150-aniversario-luctuoso\/","name":"HOMENAJE AL LICENCIADO BENITO JU\u00c1REZ GARC\u00cdA CON UNA VELADA SOLEMNE CONMEMORATIVA A SU 150 ANIVERSARIO LUCTUOSO - 21 Panorama","isPartOf":{"@id":"https:\/\/21panorama.com\/#website"},"primaryImageOfPage":{"@id":"https:\/\/21panorama.com\/index.php\/2022\/07\/19\/homenaje-al-licenciado-benito-juarez-garcia-con-una-velada-solemne-conmemorativa-a-su-150-aniversario-luctuoso\/#primaryimage"},"image":{"@id":"https:\/\/21panorama.com\/index.php\/2022\/07\/19\/homenaje-al-licenciado-benito-juarez-garcia-con-una-velada-solemne-conmemorativa-a-su-150-aniversario-luctuoso\/#primaryimage"},"thumbnailUrl":"https:\/\/21panorama.com\/wp-content\/uploads\/2022\/07\/UAEMex-Benito-Juarez-Aniversario-Luctuoso-180722-3.jpg","datePublished":"2022-07-19T19:45:00+00:00","dateModified":"2022-08-04T20:43:42+00:00","breadcrumb":{"@id":"https:\/\/21panorama.com\/index.php\/2022\/07\/19\/homenaje-al-licenciado-benito-juarez-garcia-con-una-velada-solemne-conmemorativa-a-su-150-aniversario-luctuoso\/#breadcrumb"},"inLanguage":"es","potentialAction":[{"@type":"ReadAction","target":["https:\/\/21panorama.com\/index.php\/2022\/07\/19\/homenaje-al-licenciado-benito-juarez-garcia-con-una-velada-solemne-conmemorativa-a-su-150-aniversario-luctuoso\/"]}]},{"@type":"ImageObject","inLanguage":"es","@id":"https:\/\/21panorama.com\/index.php\/2022\/07\/19\/homenaje-al-licenciado-benito-juarez-garcia-con-una-velada-solemne-conmemorativa-a-su-150-aniversario-luctuoso\/#primaryimage","url":"https:\/\/21panorama.com\/wp-content\/uploads\/2022\/07\/UAEMex-Benito-Juarez-Aniversario-Luctuoso-180722-3.jpg","contentUrl":"https:\/\/21panorama.com\/wp-content\/uploads\/2022\/07\/UAEMex-Benito-Juarez-Aniversario-Luctuoso-180722-3.jpg","width":2048,"height":1365},{"@type":"BreadcrumbList","@id":"https:\/\/21panorama.com\/index.php\/2022\/07\/19\/homenaje-al-licenciado-benito-juarez-garcia-con-una-velada-solemne-conmemorativa-a-su-150-aniversario-luctuoso\/#breadcrumb","itemListElement":[{"@type":"ListItem","position":1,"name":"Inicio","item":"https:\/\/21panorama.com\/"},{"@type":"ListItem","position":2,"name":"HOMENAJE AL LICENCIADO BENITO JU\u00c1REZ GARC\u00cdA CON UNA VELADA SOLEMNE CONMEMORATIVA A SU 150 ANIVERSARIO LUCTUOSO"}]},{"@type":"WebSite","@id":"https:\/\/21panorama.com\/#website","url":"https:\/\/21panorama.com\/","name":"21 Panorama","description":"La construcci\u00f3n de la opini\u00f3n p\u00fablica merece un mejor Panorama en este siglo 21 para alcanzar una sociedad con mayor transparencia y sin corrupci\u00f3n.","publisher":{"@id":"https:\/\/21panorama.com\/#organization"},"potentialAction":[{"@type":"SearchAction","target":{"@type":"EntryPoint","urlTemplate":"https:\/\/21panorama.com\/?s={search_term_string}"},"query-input":{"@type":"PropertyValueSpecification","valueRequired":true,"valueName":"search_term_string"}}],"inLanguage":"es"},{"@type":"Organization","@id":"https:\/\/21panorama.com\/#organization","name":"21 Panorama","url":"https:\/\/21panorama.com\/","logo":{"@type":"ImageObject","inLanguage":"es","@id":"https:\/\/21panorama.com\/#\/schema\/logo\/image\/","url":"https:\/\/21panorama.com\/wp-content\/uploads\/2019\/07\/cropped-Logo-Panorama-01.jpeg","contentUrl":"https:\/\/21panorama.com\/wp-content\/uploads\/2019\/07\/cropped-Logo-Panorama-01.jpeg","width":290,"height":70,"caption":"21 Panorama"},"image":{"@id":"https:\/\/21panorama.com\/#\/schema\/logo\/image\/"}},{"@type":"Person","@id":"https:\/\/21panorama.com\/#\/schema\/person\/1afc291b96d5792a158768324287319f","name":"admin","image":{"@type":"ImageObject","inLanguage":"es","@id":"https:\/\/21panorama.com\/#\/schema\/person\/image\/","url":"https:\/\/secure.gravatar.com\/avatar\/ad365d9d9f46719215b0d042cc3df92a5a8683e09ef13d102233e5491985f0f0?s=96&d=mm&r=g","contentUrl":"https:\/\/secure.gravatar.com\/avatar\/ad365d9d9f46719215b0d042cc3df92a5a8683e09ef13d102233e5491985f0f0?s=96&d=mm&r=g","caption":"admin"},"url":"https:\/\/21panorama.com\/index.php\/author\/admin\/"}]}},"_links":{"self":[{"href":"https:\/\/21panorama.com\/index.php\/wp-json\/wp\/v2\/posts\/3991","targetHints":{"allow":["GET"]}}],"collection":[{"href":"https:\/\/21panorama.com\/index.php\/wp-json\/wp\/v2\/posts"}],"about":[{"href":"https:\/\/21panorama.com\/index.php\/wp-json\/wp\/v2\/types\/post"}],"author":[{"embeddable":true,"href":"https:\/\/21panorama.com\/index.php\/wp-json\/wp\/v2\/users\/1"}],"replies":[{"embeddable":true,"href":"https:\/\/21panorama.com\/index.php\/wp-json\/wp\/v2\/comments?post=3991"}],"version-history":[{"count":1,"href":"https:\/\/21panorama.com\/index.php\/wp-json\/wp\/v2\/posts\/3991\/revisions"}],"predecessor-version":[{"id":3992,"href":"https:\/\/21panorama.com\/index.php\/wp-json\/wp\/v2\/posts\/3991\/revisions\/3992"}],"wp:featuredmedia":[{"embeddable":true,"href":"https:\/\/21panorama.com\/index.php\/wp-json\/wp\/v2\/media\/3993"}],"wp:attachment":[{"href":"https:\/\/21panorama.com\/index.php\/wp-json\/wp\/v2\/media?parent=3991"}],"wp:term":[{"taxonomy":"category","embeddable":true,"href":"https:\/\/21panorama.com\/index.php\/wp-json\/wp\/v2\/categories?post=3991"},{"taxonomy":"post_tag","embeddable":true,"href":"https:\/\/21panorama.com\/index.php\/wp-json\/wp\/v2\/tags?post=3991"}],"curies":[{"name":"wp","href":"https:\/\/api.w.org\/{rel}","templated":true}]}}